{"id":744877,"date":"2024-08-15T13:05:24","date_gmt":"2024-08-15T09:05:24","guid":{"rendered":"https:\/\/arantv.az\/?p=744877"},"modified":"2024-08-15T13:05:24","modified_gmt":"2024-08-15T09:05:24","slug":"abseronda-birinci-qarabag-muharib%c9%99sinin-dord-s%c9%99hidi-d%c9%99fn-edilib","status":"publish","type":"post","link":"https:\/\/arantv.az\/?p=744877","title":{"rendered":"Ab\u015feronda Birinci Qaraba\u011f m\u00fcharib\u0259sinin d\u00f6rd \u015f\u0259hidi d\u0259fn edilib"},"content":{"rendered":"<p>Qal\u0131qlar\u0131 a\u015fkar edil\u0259n Birinci Qaraba\u011f m\u00fcharib\u0259sind\u0259 itkin d\u00fc\u015fm\u00fc\u015f hesab olunan \u015f\u0259hidl\u0259r Elman H\u00fcseyn o\u011flu Camalov, \u018fb\u00fclf\u0259z \u018fb\u00fclf\u0259t o\u011flu \u018fbilov, Cavan\u015fir \u018fr\u015fad o\u011flu H\u00fcseynov v\u0259 Tahir \u015eirin o\u011flu \u015eirinovla Ab\u015feron rayonunda ke\u00e7iril\u0259n vida m\u0259rasimi ba\u015fa \u00e7at\u0131b.<\/p>\n<p>\u201cReport\u201dun yerli b\u00fcrosunun m\u0259lumat\u0131na g\u00f6r\u0259, \u015f\u0259hidl\u0259rin n\u0259\u015fi Mehdiabad q\u0259s\u0259b\u0259si \u015e\u0259hidl\u0259r xiyaban\u0131nda d\u0259fn olunub.<\/p>\n<p>&nbsp;<\/p>\n<p>D\u0259fn m\u0259rasimind\u0259 \u015f\u0259hidl\u0259rin do\u011fmalar\u0131, Ab\u015feron Rayon \u0130cra Hakimiyy\u0259tinin v\u0259zif\u0259li \u015f\u0259xsl\u0259ri, rayon h\u00fcquq-m\u00fchafiz\u0259 orqanlar\u0131n\u0131n \u0259m\u0259kda\u015flar\u0131, h\u0259rb\u00e7il\u0259r v\u0259 ictimaiyy\u0259t n\u00fcmay\u0259nd\u0259l\u0259ri i\u015ftirak edibl\u0259r.<\/p>\n<p>Qeyd ed\u0259k ki, Elman Camalov 1970-ci il iyunun 23-d\u0259 anadan olub. O, 1992-ci il yanvar\u0131n 26-da Da\u015falt\u0131 k\u0259ndind\u0259 itkin d\u00fc\u015f\u00fcb. \u015e\u0259hidin qal\u0131qlar\u0131 Da\u015falt\u0131 k\u0259ndind\u0259ki k\u00fctl\u0259vi m\u0259zarl\u0131qda a\u015fkar edilib.<\/p>\n<p>\u018fb\u00fclf\u0259z \u018fbilov 1961-ci il fevral\u0131n 12-d\u0259 anadan olub. O, 1994-c\u00fc il yanvar\u0131n 19-da F\u00fczuli rayonunun A\u015fa\u011f\u0131 Seyid\u0259hm\u0259dli k\u0259ndind\u0259 itkin d\u00fc\u015f\u00fcb. \u018f.\u018fbilovun qal\u0131qlar\u0131 F\u00fczuli rayonunun Yuxar\u0131 Seyid\u0259hm\u0259dli k\u0259ndind\u0259ki k\u00fctl\u0259vi m\u0259zarl\u0131qda a\u015fkar olunub.<\/p>\n<p>Cavan\u015fir H\u00fcseynov 1960-c\u0131 il iyulun 15-d\u0259 anadan olub. O, 1993-c\u00fc il oktyabr\u0131n 23-d\u0259 F\u00fczuli rayonunun \u015e\u00fck\u00fcrb\u0259yli k\u0259ndind\u0259 itkin d\u00fc\u015f\u00fcb. \u015e\u0259hidin qal\u0131qlar\u0131 F\u00fczuli rayonunun Bala B\u0259hm\u0259nli k\u0259ndind\u0259ki k\u00fctl\u0259vi m\u0259zarl\u0131qda a\u015fkar edilib.<\/p>\n<p>Tahir \u015eirinov 1959-cu il avqustun 23-d\u0259 anadan olub. T.\u015eirinov 1993-c\u00fc il oktyabr\u0131n 23-d\u0259 F\u00fczuli rayonunun \u015e\u00fck\u00fcrb\u0259yli k\u0259ndind\u0259 itkin d\u00fc\u015f\u00fcb. Onun qal\u0131qlar\u0131 F\u00fczuli rayonunun Bala B\u0259hm\u0259nli k\u0259ndind\u0259ki k\u00fctl\u0259vi m\u0259zarl\u0131qda a\u015fkar olunub.<\/p>\n<p>E.Camalov, \u018f.\u018fbilov, C.H\u00fcseynov v\u0259 T.\u015eirinov Mehdiabad q\u0259s\u0259b\u0259si \u015e\u0259hidl\u0259r xiyaban\u0131nda d\u0259fn olunacaq.<\/p>\n","protected":false},"excerpt":{"rendered":"<p>Qal\u0131qlar\u0131 a\u015fkar edil\u0259n Birinci Qaraba\u011f m\u00fcharib\u0259sind\u0259 itkin d\u00fc\u015fm\u00fc\u015f hesab olunan \u015f\u0259hidl\u0259r Elman H\u00fcseyn o\u011flu Camalov, \u018fb\u00fclf\u0259z \u018fb\u00fclf\u0259t o\u011flu \u018fbilov, Cavan\u015fir \u018fr\u015fad o\u011flu H\u00fcseynov v\u0259 Tahir \u015eirin o\u011flu \u015eirinovla Ab\u015feron rayonunda ke\u00e7iril\u0259n vida m\u0259rasimi ba\u015fa \u00e7at\u0131b. \u201cReport\u201dun yerli b\u00fcrosunun m\u0259lumat\u0131na g\u00f6r\u0259, \u015f\u0259hidl\u0259rin n\u0259\u015fi Mehdiabad q\u0259s\u0259b\u0259si \u015e\u0259hidl\u0259r xiyaban\u0131nda d\u0259fn olunub. &nbsp; D\u0259fn m\u0259rasimind\u0259 \u015f\u0259hidl\u0259rin do\u011fmalar\u0131, Ab\u015feron Rayon \u0130cra Hakimiyy\u0259tinin v\u0259zif\u0259li \u015f\u0259xsl\u0259ri, rayon h\u00fcquq-m\u00fchafiz\u0259 orqanlar\u0131n\u0131n \u0259m\u0259kda\u015flar\u0131, h\u0259rb\u00e7il\u0259r v\u0259 ictimaiyy\u0259t n\u00fcmay\u0259nd\u0259l\u0259ri i\u015ftirak edibl\u0259r. Qeyd ed\u0259k ki, Elman Camalov 1970-ci il iyunun 23-d\u0259 anadan olub. O, 1992-ci il yanvar\u0131n 26-da Da\u015falt\u0131 k\u0259ndind\u0259 itkin d\u00fc\u015f\u00fcb. \u015e\u0259hidin&hellip;<\/p>\n","protected":false},"author":2,"featured_media":744878,"comment_status":"closed","ping_status":"closed","sticky":false,"template":"","format":"standard","meta":{"om_disable_all_campaigns":false,"_monsterinsights_skip_tracking":false,"_monsterinsights_sitenote_active":false,"_monsterinsights_sitenote_note":"","_monsterinsights_sitenote_category":0},"categories":[1],"tags":[],"aioseo_notices":[],"gutentor_comment":0,"rttpg_featured_image_url":{"full":["https:\/\/arantv.az\/wp-content\/uploads\/2024\/08\/1723709856_83aee340-aeb3-3a7b-aa27-11bde7d62437.jpg",770,415,false],"landscape":["https:\/\/arantv.az\/wp-content\/uploads\/2024\/08\/1723709856_83aee340-aeb3-3a7b-aa27-11bde7d62437.jpg",770,415,false],"portraits":["https:\/\/arantv.az\/wp-content\/uploads\/2024\/08\/1723709856_83aee340-aeb3-3a7b-aa27-11bde7d62437.jpg",770,415,false],"thumbnail":["https:\/\/arantv.az\/wp-content\/uploads\/2024\/08\/1723709856_83aee340-aeb3-3a7b-aa27-11bde7d62437-500x280.jpg",500,280,true],"medium":["https:\/\/arantv.az\/wp-content\/uploads\/2024\/08\/1723709856_83aee340-aeb3-3a7b-aa27-11bde7d62437-660x356.jpg",660,356,true],"large":["https:\/\/arantv.az\/wp-content\/uploads\/2024\/08\/1723709856_83aee340-aeb3-3a7b-aa27-11bde7d62437.jpg",640,345,false],"1536x1536":["https:\/\/arantv.az\/wp-content\/uploads\/2024\/08\/1723709856_83aee340-aeb3-3a7b-aa27-11bde7d62437.jpg",770,415,false],"2048x2048":["https:\/\/arantv.az\/wp-content\/uploads\/2024\/08\/1723709856_83aee340-aeb3-3a7b-aa27-11bde7d62437.jpg",770,415,false],"post-thumbnail":["https:\/\/arantv.az\/wp-content\/uploads\/2024\/08\/1723709856_83aee340-aeb3-3a7b-aa27-11bde7d62437-240x172.jpg",240,172,true],"advps-thumb-one":["https:\/\/arantv.az\/wp-content\/uploads\/2024\/08\/1723709856_83aee340-aeb3-3a7b-aa27-11bde7d62437.jpg",770,415,false]},"rttpg_author":{"display_name":"V\u00fcsal Rafiqo\u011flu","author_link":"https:\/\/arantv.az\/?author=2"},"rttpg_comment":0,"rttpg_category":"<a href=\"https:\/\/arantv.az\/?cat=1\" rel=\"category\">C\u0259miyy\u0259t<\/a>","rttpg_excerpt":"Qal\u0131qlar\u0131 a\u015fkar edil\u0259n Birinci Qaraba\u011f m\u00fcharib\u0259sind\u0259 itkin d\u00fc\u015fm\u00fc\u015f hesab olunan \u015f\u0259hidl\u0259r Elman H\u00fcseyn o\u011flu Camalov, \u018fb\u00fclf\u0259z \u018fb\u00fclf\u0259t o\u011flu \u018fbilov, Cavan\u015fir \u018fr\u015fad o\u011flu H\u00fcseynov v\u0259 Tahir \u015eirin o\u011flu \u015eirinovla Ab\u015feron rayonunda ke\u00e7iril\u0259n vida m\u0259rasimi ba\u015fa \u00e7at\u0131b. \u201cReport\u201dun yerli b\u00fcrosunun m\u0259lumat\u0131na g\u00f6r\u0259, \u015f\u0259hidl\u0259rin n\u0259\u015fi Mehdiabad q\u0259s\u0259b\u0259si \u015e\u0259hidl\u0259r xiyaban\u0131nda d\u0259fn olunub. &nbsp; D\u0259fn m\u0259rasimind\u0259 \u015f\u0259hidl\u0259rin do\u011fmalar\u0131, Ab\u015feron Rayon&hellip;","_links":{"self":[{"href":"https:\/\/arantv.az\/index.php?rest_route=\/wp\/v2\/posts\/744877"}],"collection":[{"href":"https:\/\/arantv.az\/index.php?rest_route=\/wp\/v2\/posts"}],"about":[{"href":"https:\/\/arantv.az\/index.php?rest_route=\/wp\/v2\/types\/post"}],"author":[{"embeddable":true,"href":"https:\/\/arantv.az\/index.php?rest_route=\/wp\/v2\/users\/2"}],"replies":[{"embeddable":true,"href":"https:\/\/arantv.az\/index.php?rest_route=%2Fwp%2Fv2%2Fcomments&post=744877"}],"version-history":[{"count":1,"href":"https:\/\/arantv.az\/index.php?rest_route=\/wp\/v2\/posts\/744877\/revisions"}],"predecessor-version":[{"id":744879,"href":"https:\/\/arantv.az\/index.php?rest_route=\/wp\/v2\/posts\/744877\/revisions\/744879"}],"wp:featuredmedia":[{"embeddable":true,"href":"https:\/\/arantv.az\/index.php?rest_route=\/wp\/v2\/media\/744878"}],"wp:attachment":[{"href":"https:\/\/arantv.az\/index.php?rest_route=%2Fwp%2Fv2%2Fmedia&parent=744877"}],"wp:term":[{"taxonomy":"category","embeddable":true,"href":"https:\/\/arantv.az\/index.php?rest_route=%2Fwp%2Fv2%2Fcategories&post=744877"},{"taxonomy":"post_tag","embeddable":true,"href":"https:\/\/arantv.az\/index.php?rest_route=%2Fwp%2Fv2%2Ftags&post=744877"}],"curies":[{"name":"wp","href":"https:\/\/api.w.org\/{rel}","templated":true}]}}