{"id":744923,"date":"2024-08-15T16:29:49","date_gmt":"2024-08-15T12:29:49","guid":{"rendered":"https:\/\/arantv.az\/?p=744923"},"modified":"2024-08-15T16:29:49","modified_gmt":"2024-08-15T12:29:49","slug":"bu-nazirliyin-s%c9%99lahiyy%c9%99tl%c9%99ri-artirildi","status":"publish","type":"post","link":"https:\/\/arantv.az\/?p=744923","title":{"rendered":"Bu nazirliyin s\u0259lahiyy\u0259tl\u0259ri ARTIRILDI"},"content":{"rendered":"<p><strong>Prezident \u0130lham \u018fliyev 6 iyun 2024-c\u00fc il tarixli f\u0259rman\u0131 il\u0259 t\u0259sdiql\u0259nmi\u015f \u201cR\u0259q\u0259msal \u0130nki\u015faf v\u0259 N\u0259qliyyat Nazirliyi haqq\u0131nda \u018fsasnam\u0259\u201dd\u0259 d\u0259yi\u015fiklik edib.<\/strong><\/p>\n<p><strong>ARANTV.AZ <\/strong>\u00a0x\u0259b\u0259r verir ki, bununla ba\u011fl\u0131 d\u00f6vl\u0259t ba\u015f\u00e7\u0131s\u0131 yeni f\u0259rman imzalay\u0131b.<\/p>\n<p>F\u0259rmana \u0259sas\u0259n, nazirliy\u0259 a\u015fa\u011f\u0131dak\u0131 yeni s\u0259lahyy\u0259tl\u0259r verilib:<\/p>\n<p>&#8211; tabeliyind\u0259 olan qurum vasit\u0259sil\u0259 yol h\u0259r\u0259k\u0259tinin v\u0259 piyada-yol infrastrukturunun t\u0259\u015fkilind\u0259 i\u015ftirak etm\u0259k, h\u0259m\u00e7inin aidiyy\u0259ti qurumlarla birlikd\u0259 n\u0259qliyyat ax\u0131n\u0131n\u0131n t\u0259nziml\u0259nm\u0259sini t\u0259min etm\u0259k;<\/p>\n<p>&#8211; Bak\u0131 \u015f\u0259h\u0259rinin inzibati \u0259razisind\u0259 parklanma yerl\u0259rind\u0259 n\u0259qliyyat vasit\u0259l\u0259rinin parklanmas\u0131na dair t\u0259l\u0259bl\u0259r\u0259 \u0259m\u0259l olunmas\u0131na n\u0259zar\u0259ti t\u0259min etm\u0259k;<\/p>\n<p>&#8211; ya\u015fay\u0131\u015f m\u0259nt\u0259q\u0259l\u0259ri \u0259razil\u0259rinin v\u0259 ya \u0259razi hiss\u0259l\u0259rinin planla\u015fd\u0131r\u0131lmas\u0131 \u00e7\u0259r\u00e7iv\u0259sind\u0259 haz\u0131rlanan m\u00fcf\u0259ss\u0259l planlar\u0131n layih\u0259l\u0259rin\u0259 insanlar\u0131n v\u0259 y\u00fckl\u0259rin da\u015f\u0131nmas\u0131 (yax\u0131n m\u0259saf\u0259l\u0259r\u0259 da\u015f\u0131malar\u0131 h\u0259yata ke\u00e7ir\u0259n \u00fcmumi istifad\u0259d\u0259 olan n\u0259qliyyat vasit\u0259l\u0259ri il\u0259 da\u015f\u0131malar da daxil olmaqla), o c\u00fcml\u0259d\u0259n insanlar\u0131n (piyada v\u0259 n\u0259qliyyatla) h\u0259r\u0259k\u0259t \u00e7evikliyi il\u0259 ba\u011fl\u0131 t\u0259l\u0259bl\u0259rin t\u0259min olunmas\u0131 bax\u0131m\u0131ndan r\u0259y verilm\u0259sini t\u0259min etm\u0259k;<\/p>\n<p>&#8211; avtomobil yollar\u0131n\u0131n, avtova\u011fzallar\u0131n (avtostansiyalar\u0131n), yeralt\u0131 ke\u00e7idl\u0259rin, metro \u00e7\u0131x\u0131\u015flar\u0131n\u0131n, velosiped zolaqlar\u0131n\u0131n in\u015fas\u0131na, \u0259sasl\u0131 t\u0259mirin\u0259, yenid\u0259n qurulmas\u0131na v\u0259 b\u0259rpas\u0131na dair layih\u0259l\u0259r\u0259 yolun burax\u0131c\u0131l\u0131q qabiliyy\u0259ti v\u0259 \u0259razinin yol-n\u0259qliyyat infrastrukturuna uy\u011funluq g\u00f6st\u0259ricil\u0259ri n\u0259z\u0259r\u0259 al\u0131nmaqla r\u0259y verilm\u0259sini t\u0259min etm\u0259k.<\/p>\n","protected":false},"excerpt":{"rendered":"<p>Prezident \u0130lham \u018fliyev 6 iyun 2024-c\u00fc il tarixli f\u0259rman\u0131 il\u0259 t\u0259sdiql\u0259nmi\u015f \u201cR\u0259q\u0259msal \u0130nki\u015faf v\u0259 N\u0259qliyyat Nazirliyi haqq\u0131nda \u018fsasnam\u0259\u201dd\u0259 d\u0259yi\u015fiklik edib. ARANTV.AZ \u00a0x\u0259b\u0259r verir ki, bununla ba\u011fl\u0131 d\u00f6vl\u0259t ba\u015f\u00e7\u0131s\u0131 yeni f\u0259rman imzalay\u0131b. F\u0259rmana \u0259sas\u0259n, nazirliy\u0259 a\u015fa\u011f\u0131dak\u0131 yeni s\u0259lahyy\u0259tl\u0259r verilib: &#8211; tabeliyind\u0259 olan qurum vasit\u0259sil\u0259 yol h\u0259r\u0259k\u0259tinin v\u0259 piyada-yol infrastrukturunun t\u0259\u015fkilind\u0259 i\u015ftirak etm\u0259k, h\u0259m\u00e7inin aidiyy\u0259ti qurumlarla birlikd\u0259 n\u0259qliyyat ax\u0131n\u0131n\u0131n t\u0259nziml\u0259nm\u0259sini t\u0259min etm\u0259k; &#8211; Bak\u0131 \u015f\u0259h\u0259rinin inzibati \u0259razisind\u0259 parklanma yerl\u0259rind\u0259 n\u0259qliyyat vasit\u0259l\u0259rinin parklanmas\u0131na dair t\u0259l\u0259bl\u0259r\u0259 \u0259m\u0259l olunmas\u0131na n\u0259zar\u0259ti t\u0259min etm\u0259k; &#8211; ya\u015fay\u0131\u015f m\u0259nt\u0259q\u0259l\u0259ri \u0259razil\u0259rinin v\u0259 ya \u0259razi hiss\u0259l\u0259rinin planla\u015fd\u0131r\u0131lmas\u0131 \u00e7\u0259r\u00e7iv\u0259sind\u0259 haz\u0131rlanan m\u00fcf\u0259ss\u0259l planlar\u0131n&hellip;<\/p>\n","protected":false},"author":2,"featured_media":744924,"comment_status":"closed","ping_status":"closed","sticky":false,"template":"","format":"standard","meta":{"om_disable_all_campaigns":false,"_monsterinsights_skip_tracking":false,"_monsterinsights_sitenote_active":false,"_monsterinsights_sitenote_note":"","_monsterinsights_sitenote_category":0},"categories":[4],"tags":[],"aioseo_notices":[],"gutentor_comment":0,"rttpg_featured_image_url":{"full":["https:\/\/arantv.az\/wp-content\/uploads\/2024\/08\/0f41e4c8e7a889deecf1fe12a6d9d6ab.jpg",620,413,false],"landscape":["https:\/\/arantv.az\/wp-content\/uploads\/2024\/08\/0f41e4c8e7a889deecf1fe12a6d9d6ab.jpg",620,413,false],"portraits":["https:\/\/arantv.az\/wp-content\/uploads\/2024\/08\/0f41e4c8e7a889deecf1fe12a6d9d6ab.jpg",620,413,false],"thumbnail":["https:\/\/arantv.az\/wp-content\/uploads\/2024\/08\/0f41e4c8e7a889deecf1fe12a6d9d6ab-500x280.jpg",500,280,true],"medium":["https:\/\/arantv.az\/wp-content\/uploads\/2024\/08\/0f41e4c8e7a889deecf1fe12a6d9d6ab-548x365.jpg",548,365,true],"large":["https:\/\/arantv.az\/wp-content\/uploads\/2024\/08\/0f41e4c8e7a889deecf1fe12a6d9d6ab.jpg",620,413,false],"1536x1536":["https:\/\/arantv.az\/wp-content\/uploads\/2024\/08\/0f41e4c8e7a889deecf1fe12a6d9d6ab.jpg",620,413,false],"2048x2048":["https:\/\/arantv.az\/wp-content\/uploads\/2024\/08\/0f41e4c8e7a889deecf1fe12a6d9d6ab.jpg",620,413,false],"post-thumbnail":["https:\/\/arantv.az\/wp-content\/uploads\/2024\/08\/0f41e4c8e7a889deecf1fe12a6d9d6ab-240x172.jpg",240,172,true],"advps-thumb-one":["https:\/\/arantv.az\/wp-content\/uploads\/2024\/08\/0f41e4c8e7a889deecf1fe12a6d9d6ab.jpg",620,413,false]},"rttpg_author":{"display_name":"V\u00fcsal Rafiqo\u011flu","author_link":"https:\/\/arantv.az\/?author=2"},"rttpg_comment":0,"rttpg_category":"<a href=\"https:\/\/arantv.az\/?cat=4\" rel=\"category\">Siyas\u0259t<\/a>","rttpg_excerpt":"Prezident \u0130lham \u018fliyev 6 iyun 2024-c\u00fc il tarixli f\u0259rman\u0131 il\u0259 t\u0259sdiql\u0259nmi\u015f \u201cR\u0259q\u0259msal \u0130nki\u015faf v\u0259 N\u0259qliyyat Nazirliyi haqq\u0131nda \u018fsasnam\u0259\u201dd\u0259 d\u0259yi\u015fiklik edib. ARANTV.AZ \u00a0x\u0259b\u0259r verir ki, bununla ba\u011fl\u0131 d\u00f6vl\u0259t ba\u015f\u00e7\u0131s\u0131 yeni f\u0259rman imzalay\u0131b. F\u0259rmana \u0259sas\u0259n, nazirliy\u0259 a\u015fa\u011f\u0131dak\u0131 yeni s\u0259lahyy\u0259tl\u0259r verilib: &#8211; tabeliyind\u0259 olan qurum vasit\u0259sil\u0259 yol h\u0259r\u0259k\u0259tinin v\u0259 piyada-yol infrastrukturunun t\u0259\u015fkilind\u0259 i\u015ftirak etm\u0259k, h\u0259m\u00e7inin aidiyy\u0259ti qurumlarla birlikd\u0259&hellip;","_links":{"self":[{"href":"https:\/\/arantv.az\/index.php?rest_route=\/wp\/v2\/posts\/744923"}],"collection":[{"href":"https:\/\/arantv.az\/index.php?rest_route=\/wp\/v2\/posts"}],"about":[{"href":"https:\/\/arantv.az\/index.php?rest_route=\/wp\/v2\/types\/post"}],"author":[{"embeddable":true,"href":"https:\/\/arantv.az\/index.php?rest_route=\/wp\/v2\/users\/2"}],"replies":[{"embeddable":true,"href":"https:\/\/arantv.az\/index.php?rest_route=%2Fwp%2Fv2%2Fcomments&post=744923"}],"version-history":[{"count":1,"href":"https:\/\/arantv.az\/index.php?rest_route=\/wp\/v2\/posts\/744923\/revisions"}],"predecessor-version":[{"id":744925,"href":"https:\/\/arantv.az\/index.php?rest_route=\/wp\/v2\/posts\/744923\/revisions\/744925"}],"wp:featuredmedia":[{"embeddable":true,"href":"https:\/\/arantv.az\/index.php?rest_route=\/wp\/v2\/media\/744924"}],"wp:attachment":[{"href":"https:\/\/arantv.az\/index.php?rest_route=%2Fwp%2Fv2%2Fmedia&parent=744923"}],"wp:term":[{"taxonomy":"category","embeddable":true,"href":"https:\/\/arantv.az\/index.php?rest_route=%2Fwp%2Fv2%2Fcategories&post=744923"},{"taxonomy":"post_tag","embeddable":true,"href":"https:\/\/arantv.az\/index.php?rest_route=%2Fwp%2Fv2%2Ftags&post=744923"}],"curies":[{"name":"wp","href":"https:\/\/api.w.org\/{rel}","templated":true}]}}