{"id":744929,"date":"2024-08-15T16:33:39","date_gmt":"2024-08-15T12:33:39","guid":{"rendered":"https:\/\/arantv.az\/?p=744929"},"modified":"2024-08-15T16:33:39","modified_gmt":"2024-08-15T12:33:39","slug":"ilham-%c9%99liyev-muhum-f%c9%99rman-imzaladi-2","status":"publish","type":"post","link":"https:\/\/arantv.az\/?p=744929","title":{"rendered":"\u0130lham \u018fliyev M\u00dcH\u00dcM F\u018fRMAN imzalad\u0131"},"content":{"rendered":"<p><strong>Audiovizual yer\u00fcst\u00fc yay\u0131m h\u0259yata ke\u00e7ir\u0259n d\u00f6vl\u0259t orqanlar\u0131n\u0131n siyah\u0131s\u0131na d\u0259yi\u015fiklik edilib.<\/strong><\/p>\n<p><b>ARANTV.AZ-\u0131<\/b>n x\u0259b\u0259rin\u0259 g\u00f6r\u0259, Prezident \u0130lham \u018fliyev bununla ba\u011fl\u0131 \u201cAudiovizual yer\u00fcst\u00fc yay\u0131m h\u0259yata ke\u00e7ir\u0259n d\u00f6vl\u0259t orqanlar\u0131n\u0131n (qurumlar\u0131n\u0131n) Siyah\u0131s\u0131\u201dnda d\u0259yi\u015fiklik edilm\u0259si haqq\u0131nda F\u0259rman imzalay\u0131b.<\/p>\n<p><strong>F\u0259rmanla audiovizual yer\u00fcst\u00fc yay\u0131m h\u0259yata ke\u00e7ir\u0259n d\u00f6vl\u0259t orqanlar\u0131n\u0131n siyah\u0131s\u0131na a\u015fa\u011f\u0131dak\u0131 qurumlar \u0259lav\u0259 edilib:<\/strong><\/p>\n<p>&#8211; \u201cNax\u00e7\u0131van Muxtar Respublikas\u0131 Televiziya v\u0259 Radio Verili\u015fl\u0259ri\u201d Qapal\u0131 S\u0259hmdar C\u0259miyy\u0259ti \u2013 \u201cNax\u00e7\u0131van TV\u201d televiziya yay\u0131m\u00e7\u0131s\u0131;<\/p>\n<p>&#8211; \u201cNax\u00e7\u0131van Muxtar Respublikas\u0131 Televiziya v\u0259 Radio Verili\u015fl\u0259ri\u201d Qapal\u0131 S\u0259hmdar C\u0259miyy\u0259ti \u2013 \u201cNax\u00e7\u0131van Radiosu\u201d radio yay\u0131m\u00e7\u0131s\u0131\u201d.<\/p>\n","protected":false},"excerpt":{"rendered":"<p>Audiovizual yer\u00fcst\u00fc yay\u0131m h\u0259yata ke\u00e7ir\u0259n d\u00f6vl\u0259t orqanlar\u0131n\u0131n siyah\u0131s\u0131na d\u0259yi\u015fiklik edilib. ARANTV.AZ-\u0131n x\u0259b\u0259rin\u0259 g\u00f6r\u0259, Prezident \u0130lham \u018fliyev bununla ba\u011fl\u0131 \u201cAudiovizual yer\u00fcst\u00fc yay\u0131m h\u0259yata ke\u00e7ir\u0259n d\u00f6vl\u0259t orqanlar\u0131n\u0131n (qurumlar\u0131n\u0131n) Siyah\u0131s\u0131\u201dnda d\u0259yi\u015fiklik edilm\u0259si haqq\u0131nda F\u0259rman imzalay\u0131b. F\u0259rmanla audiovizual yer\u00fcst\u00fc yay\u0131m h\u0259yata ke\u00e7ir\u0259n d\u00f6vl\u0259t orqanlar\u0131n\u0131n siyah\u0131s\u0131na a\u015fa\u011f\u0131dak\u0131 qurumlar \u0259lav\u0259 edilib: &#8211; \u201cNax\u00e7\u0131van Muxtar Respublikas\u0131 Televiziya v\u0259 Radio Verili\u015fl\u0259ri\u201d Qapal\u0131 S\u0259hmdar C\u0259miyy\u0259ti \u2013 \u201cNax\u00e7\u0131van TV\u201d televiziya yay\u0131m\u00e7\u0131s\u0131; &#8211; \u201cNax\u00e7\u0131van Muxtar Respublikas\u0131 Televiziya v\u0259 Radio Verili\u015fl\u0259ri\u201d Qapal\u0131 S\u0259hmdar C\u0259miyy\u0259ti \u2013 \u201cNax\u00e7\u0131van Radiosu\u201d radio yay\u0131m\u00e7\u0131s\u0131\u201d.<\/p>\n","protected":false},"author":2,"featured_media":744930,"comment_status":"closed","ping_status":"closed","sticky":false,"template":"","format":"standard","meta":{"om_disable_all_campaigns":false,"_monsterinsights_skip_tracking":false,"_monsterinsights_sitenote_active":false,"_monsterinsights_sitenote_note":"","_monsterinsights_sitenote_category":0},"categories":[4],"tags":[],"aioseo_notices":[],"gutentor_comment":0,"rttpg_featured_image_url":{"full":["https:\/\/arantv.az\/wp-content\/uploads\/2024\/08\/6a7d1ef724a93c0451b318d957b73b71.jpg",850,500,false],"landscape":["https:\/\/arantv.az\/wp-content\/uploads\/2024\/08\/6a7d1ef724a93c0451b318d957b73b71.jpg",850,500,false],"portraits":["https:\/\/arantv.az\/wp-content\/uploads\/2024\/08\/6a7d1ef724a93c0451b318d957b73b71.jpg",850,500,false],"thumbnail":["https:\/\/arantv.az\/wp-content\/uploads\/2024\/08\/6a7d1ef724a93c0451b318d957b73b71-500x280.jpg",500,280,true],"medium":["https:\/\/arantv.az\/wp-content\/uploads\/2024\/08\/6a7d1ef724a93c0451b318d957b73b71-621x365.jpg",621,365,true],"large":["https:\/\/arantv.az\/wp-content\/uploads\/2024\/08\/6a7d1ef724a93c0451b318d957b73b71-840x494.jpg",640,376,true],"1536x1536":["https:\/\/arantv.az\/wp-content\/uploads\/2024\/08\/6a7d1ef724a93c0451b318d957b73b71.jpg",850,500,false],"2048x2048":["https:\/\/arantv.az\/wp-content\/uploads\/2024\/08\/6a7d1ef724a93c0451b318d957b73b71.jpg",850,500,false],"post-thumbnail":["https:\/\/arantv.az\/wp-content\/uploads\/2024\/08\/6a7d1ef724a93c0451b318d957b73b71-240x172.jpg",240,172,true],"advps-thumb-one":["https:\/\/arantv.az\/wp-content\/uploads\/2024\/08\/6a7d1ef724a93c0451b318d957b73b71.jpg",850,500,false]},"rttpg_author":{"display_name":"V\u00fcsal Rafiqo\u011flu","author_link":"https:\/\/arantv.az\/?author=2"},"rttpg_comment":0,"rttpg_category":"<a href=\"https:\/\/arantv.az\/?cat=4\" rel=\"category\">Siyas\u0259t<\/a>","rttpg_excerpt":"Audiovizual yer\u00fcst\u00fc yay\u0131m h\u0259yata ke\u00e7ir\u0259n d\u00f6vl\u0259t orqanlar\u0131n\u0131n siyah\u0131s\u0131na d\u0259yi\u015fiklik edilib. ARANTV.AZ-\u0131n x\u0259b\u0259rin\u0259 g\u00f6r\u0259, Prezident \u0130lham \u018fliyev bununla ba\u011fl\u0131 \u201cAudiovizual yer\u00fcst\u00fc yay\u0131m h\u0259yata ke\u00e7ir\u0259n d\u00f6vl\u0259t orqanlar\u0131n\u0131n (qurumlar\u0131n\u0131n) Siyah\u0131s\u0131\u201dnda d\u0259yi\u015fiklik edilm\u0259si haqq\u0131nda F\u0259rman imzalay\u0131b. F\u0259rmanla audiovizual yer\u00fcst\u00fc yay\u0131m h\u0259yata ke\u00e7ir\u0259n d\u00f6vl\u0259t orqanlar\u0131n\u0131n siyah\u0131s\u0131na a\u015fa\u011f\u0131dak\u0131 qurumlar \u0259lav\u0259 edilib: &#8211; \u201cNax\u00e7\u0131van Muxtar Respublikas\u0131 Televiziya v\u0259 Radio Verili\u015fl\u0259ri\u201d Qapal\u0131 S\u0259hmdar&hellip;","_links":{"self":[{"href":"https:\/\/arantv.az\/index.php?rest_route=\/wp\/v2\/posts\/744929"}],"collection":[{"href":"https:\/\/arantv.az\/index.php?rest_route=\/wp\/v2\/posts"}],"about":[{"href":"https:\/\/arantv.az\/index.php?rest_route=\/wp\/v2\/types\/post"}],"author":[{"embeddable":true,"href":"https:\/\/arantv.az\/index.php?rest_route=\/wp\/v2\/users\/2"}],"replies":[{"embeddable":true,"href":"https:\/\/arantv.az\/index.php?rest_route=%2Fwp%2Fv2%2Fcomments&post=744929"}],"version-history":[{"count":2,"href":"https:\/\/arantv.az\/index.php?rest_route=\/wp\/v2\/posts\/744929\/revisions"}],"predecessor-version":[{"id":744932,"href":"https:\/\/arantv.az\/index.php?rest_route=\/wp\/v2\/posts\/744929\/revisions\/744932"}],"wp:featuredmedia":[{"embeddable":true,"href":"https:\/\/arantv.az\/index.php?rest_route=\/wp\/v2\/media\/744930"}],"wp:attachment":[{"href":"https:\/\/arantv.az\/index.php?rest_route=%2Fwp%2Fv2%2Fmedia&parent=744929"}],"wp:term":[{"taxonomy":"category","embeddable":true,"href":"https:\/\/arantv.az\/index.php?rest_route=%2Fwp%2Fv2%2Fcategories&post=744929"},{"taxonomy":"post_tag","embeddable":true,"href":"https:\/\/arantv.az\/index.php?rest_route=%2Fwp%2Fv2%2Ftags&post=744929"}],"curies":[{"name":"wp","href":"https:\/\/api.w.org\/{rel}","templated":true}]}}