{"id":744933,"date":"2024-08-15T16:35:22","date_gmt":"2024-08-15T12:35:22","guid":{"rendered":"https:\/\/arantv.az\/?p=744933"},"modified":"2024-08-15T16:35:22","modified_gmt":"2024-08-15T12:35:22","slug":"prezident-bu-s%c9%99n%c9%99di-t%c9%99sdiql%c9%99di","status":"publish","type":"post","link":"https:\/\/arantv.az\/?p=744933","title":{"rendered":"Prezident bu s\u0259n\u0259di T\u018fSD\u0130QL\u018fD\u0130"},"content":{"rendered":"<p><strong>\u201cAz\u0259rbaycan Respublikas\u0131 H\u00f6kum\u0259ti v\u0259 \u00c7in Xalq Respublikas\u0131 H\u00f6kum\u0259ti aras\u0131nda \u00c7in-Avropa D\u0259miryolu Ekspresi \u00fc\u00e7\u00fcn Transx\u0259z\u0259r Beyn\u0259lxalq N\u0259qliyyat Mar\u015frutlar\u0131n\u0131n inki\u015faf\u0131 haqq\u0131nda Anla\u015fma Memorandumu\u201d t\u0259sdiql\u0259nib.<\/strong><\/p>\n<p><b>ARANTV.AZ-\u0131<\/b>n x\u0259b\u0259rin\u0259 g\u00f6r\u0259, Prezident \u0130lham \u018fliyev bununla ba\u011fl\u0131 m\u00fcvafiq F\u0259rman imzalay\u0131n.<\/p>\n<p>F\u0259rmanda g\u00f6st\u0259ril\u0259n Anla\u015fma Memorandumu q\u00fcvv\u0259y\u0259 mindikd\u0259n sonra R\u0259q\u0259msal \u0130nki\u015faf v\u0259 N\u0259qliyyat Nazirliyi onun m\u00fcdd\u0259alar\u0131n\u0131n h\u0259yata ke\u00e7irilm\u0259sini t\u0259min etm\u0259lidir.<\/p>\n<p>Az\u0259rbaycan Xarici \u0130\u015fl\u0259r Nazirliyi Anla\u015fma Memorandumunun q\u00fcvv\u0259y\u0259 minm\u0259si \u00fc\u00e7\u00fcn z\u0259ruri olan d\u00f6vl\u0259tdaxili prosedurlar\u0131n yerin\u0259 yetirildiyi bar\u0259d\u0259 \u00c7in Xalq Respublikas\u0131 H\u00f6kum\u0259tin\u0259 bildiri\u015f g\u00f6nd\u0259rm\u0259lidir.<\/p>\n","protected":false},"excerpt":{"rendered":"<p>\u201cAz\u0259rbaycan Respublikas\u0131 H\u00f6kum\u0259ti v\u0259 \u00c7in Xalq Respublikas\u0131 H\u00f6kum\u0259ti aras\u0131nda \u00c7in-Avropa D\u0259miryolu Ekspresi \u00fc\u00e7\u00fcn Transx\u0259z\u0259r Beyn\u0259lxalq N\u0259qliyyat Mar\u015frutlar\u0131n\u0131n inki\u015faf\u0131 haqq\u0131nda Anla\u015fma Memorandumu\u201d t\u0259sdiql\u0259nib. ARANTV.AZ-\u0131n x\u0259b\u0259rin\u0259 g\u00f6r\u0259, Prezident \u0130lham \u018fliyev bununla ba\u011fl\u0131 m\u00fcvafiq F\u0259rman imzalay\u0131n. F\u0259rmanda g\u00f6st\u0259ril\u0259n Anla\u015fma Memorandumu q\u00fcvv\u0259y\u0259 mindikd\u0259n sonra R\u0259q\u0259msal \u0130nki\u015faf v\u0259 N\u0259qliyyat Nazirliyi onun m\u00fcdd\u0259alar\u0131n\u0131n h\u0259yata ke\u00e7irilm\u0259sini t\u0259min etm\u0259lidir. Az\u0259rbaycan Xarici \u0130\u015fl\u0259r Nazirliyi Anla\u015fma Memorandumunun q\u00fcvv\u0259y\u0259 minm\u0259si \u00fc\u00e7\u00fcn z\u0259ruri olan d\u00f6vl\u0259tdaxili prosedurlar\u0131n yerin\u0259 yetirildiyi bar\u0259d\u0259 \u00c7in Xalq Respublikas\u0131 H\u00f6kum\u0259tin\u0259 bildiri\u015f g\u00f6nd\u0259rm\u0259lidir.<\/p>\n","protected":false},"author":2,"featured_media":744934,"comment_status":"closed","ping_status":"closed","sticky":false,"template":"","format":"standard","meta":{"om_disable_all_campaigns":false,"_monsterinsights_skip_tracking":false,"_monsterinsights_sitenote_active":false,"_monsterinsights_sitenote_note":"","_monsterinsights_sitenote_category":0},"categories":[4],"tags":[],"aioseo_notices":[],"gutentor_comment":0,"rttpg_featured_image_url":{"full":["https:\/\/arantv.az\/wp-content\/uploads\/2024\/08\/042a6a7e5a49caa8cbb91598900066a6.jpg",850,500,false],"landscape":["https:\/\/arantv.az\/wp-content\/uploads\/2024\/08\/042a6a7e5a49caa8cbb91598900066a6.jpg",850,500,false],"portraits":["https:\/\/arantv.az\/wp-content\/uploads\/2024\/08\/042a6a7e5a49caa8cbb91598900066a6.jpg",850,500,false],"thumbnail":["https:\/\/arantv.az\/wp-content\/uploads\/2024\/08\/042a6a7e5a49caa8cbb91598900066a6-500x280.jpg",500,280,true],"medium":["https:\/\/arantv.az\/wp-content\/uploads\/2024\/08\/042a6a7e5a49caa8cbb91598900066a6-621x365.jpg",621,365,true],"large":["https:\/\/arantv.az\/wp-content\/uploads\/2024\/08\/042a6a7e5a49caa8cbb91598900066a6-840x494.jpg",640,376,true],"1536x1536":["https:\/\/arantv.az\/wp-content\/uploads\/2024\/08\/042a6a7e5a49caa8cbb91598900066a6.jpg",850,500,false],"2048x2048":["https:\/\/arantv.az\/wp-content\/uploads\/2024\/08\/042a6a7e5a49caa8cbb91598900066a6.jpg",850,500,false],"post-thumbnail":["https:\/\/arantv.az\/wp-content\/uploads\/2024\/08\/042a6a7e5a49caa8cbb91598900066a6-240x172.jpg",240,172,true],"advps-thumb-one":["https:\/\/arantv.az\/wp-content\/uploads\/2024\/08\/042a6a7e5a49caa8cbb91598900066a6.jpg",850,500,false]},"rttpg_author":{"display_name":"V\u00fcsal Rafiqo\u011flu","author_link":"https:\/\/arantv.az\/?author=2"},"rttpg_comment":0,"rttpg_category":"<a href=\"https:\/\/arantv.az\/?cat=4\" rel=\"category\">Siyas\u0259t<\/a>","rttpg_excerpt":"\u201cAz\u0259rbaycan Respublikas\u0131 H\u00f6kum\u0259ti v\u0259 \u00c7in Xalq Respublikas\u0131 H\u00f6kum\u0259ti aras\u0131nda \u00c7in-Avropa D\u0259miryolu Ekspresi \u00fc\u00e7\u00fcn Transx\u0259z\u0259r Beyn\u0259lxalq N\u0259qliyyat Mar\u015frutlar\u0131n\u0131n inki\u015faf\u0131 haqq\u0131nda Anla\u015fma Memorandumu\u201d t\u0259sdiql\u0259nib. ARANTV.AZ-\u0131n x\u0259b\u0259rin\u0259 g\u00f6r\u0259, Prezident \u0130lham \u018fliyev bununla ba\u011fl\u0131 m\u00fcvafiq F\u0259rman imzalay\u0131n. F\u0259rmanda g\u00f6st\u0259ril\u0259n Anla\u015fma Memorandumu q\u00fcvv\u0259y\u0259 mindikd\u0259n sonra R\u0259q\u0259msal \u0130nki\u015faf v\u0259 N\u0259qliyyat Nazirliyi onun m\u00fcdd\u0259alar\u0131n\u0131n h\u0259yata ke\u00e7irilm\u0259sini t\u0259min etm\u0259lidir. Az\u0259rbaycan Xarici \u0130\u015fl\u0259r Nazirliyi&hellip;","_links":{"self":[{"href":"https:\/\/arantv.az\/index.php?rest_route=\/wp\/v2\/posts\/744933"}],"collection":[{"href":"https:\/\/arantv.az\/index.php?rest_route=\/wp\/v2\/posts"}],"about":[{"href":"https:\/\/arantv.az\/index.php?rest_route=\/wp\/v2\/types\/post"}],"author":[{"embeddable":true,"href":"https:\/\/arantv.az\/index.php?rest_route=\/wp\/v2\/users\/2"}],"replies":[{"embeddable":true,"href":"https:\/\/arantv.az\/index.php?rest_route=%2Fwp%2Fv2%2Fcomments&post=744933"}],"version-history":[{"count":2,"href":"https:\/\/arantv.az\/index.php?rest_route=\/wp\/v2\/posts\/744933\/revisions"}],"predecessor-version":[{"id":744936,"href":"https:\/\/arantv.az\/index.php?rest_route=\/wp\/v2\/posts\/744933\/revisions\/744936"}],"wp:featuredmedia":[{"embeddable":true,"href":"https:\/\/arantv.az\/index.php?rest_route=\/wp\/v2\/media\/744934"}],"wp:attachment":[{"href":"https:\/\/arantv.az\/index.php?rest_route=%2Fwp%2Fv2%2Fmedia&parent=744933"}],"wp:term":[{"taxonomy":"category","embeddable":true,"href":"https:\/\/arantv.az\/index.php?rest_route=%2Fwp%2Fv2%2Fcategories&post=744933"},{"taxonomy":"post_tag","embeddable":true,"href":"https:\/\/arantv.az\/index.php?rest_route=%2Fwp%2Fv2%2Ftags&post=744933"}],"curies":[{"name":"wp","href":"https:\/\/api.w.org\/{rel}","templated":true}]}}