{"id":744940,"date":"2024-08-15T16:41:15","date_gmt":"2024-08-15T12:41:15","guid":{"rendered":"https:\/\/arantv.az\/?p=744940"},"modified":"2024-08-15T16:41:15","modified_gmt":"2024-08-15T12:41:15","slug":"rusiyada-yasayan-h%c9%99myerlil%c9%99rimizin-n%c9%99z%c9%99rin%c9%99","status":"publish","type":"post","link":"https:\/\/arantv.az\/?p=744940","title":{"rendered":"Rusiyada ya\u015fayan h\u0259myerlil\u0259rimizin N\u018fZ\u018fR\u0130N\u018f"},"content":{"rendered":"<p>&#8220;Miqrantlar\u0131n cinay\u0259t t\u00f6r\u0259tdikd\u0259n v\u0259 deportasiya edildikd\u0259n sonra s\u0259n\u0259dl\u0259rini v\u0259 ya soyadlar\u0131n\u0131n yaz\u0131l\u0131\u015f\u0131ndak\u0131 h\u0259rfl\u0259ri d\u0259yi\u015fdir\u0259r\u0259k yenid\u0259n Rusiya Federasiyas\u0131na g\u0259lm\u0259l\u0259ri presedentl\u0259ri var. S\u0259rh\u0259dd\u0259 biometrik m\u0259lumatlar\u0131n t\u0259qdim edilm\u0259si bu hallar\u0131 aradan qald\u0131racaq&#8221;.<\/p>\n<p>Milli.Az bildirir ki, bu s\u00f6zl\u0259ri Deputat Mironov deyib.<\/p>\n<p>Rusiyada miqrantlar \u00fcz\u0259rind\u0259 biometrik n\u0259zar\u0259t t\u0259tbiq etm\u0259k ist\u0259yirl\u0259r.<\/p>\n<p>Qanun layih\u0259si D\u00f6vl\u0259t Dumas\u0131na avqustun 14-d\u0259 t\u0259qdim edilib.<\/p>\n","protected":false},"excerpt":{"rendered":"<p>&#8220;Miqrantlar\u0131n cinay\u0259t t\u00f6r\u0259tdikd\u0259n v\u0259 deportasiya edildikd\u0259n sonra s\u0259n\u0259dl\u0259rini v\u0259 ya soyadlar\u0131n\u0131n yaz\u0131l\u0131\u015f\u0131ndak\u0131 h\u0259rfl\u0259ri d\u0259yi\u015fdir\u0259r\u0259k yenid\u0259n Rusiya Federasiyas\u0131na g\u0259lm\u0259l\u0259ri presedentl\u0259ri var. S\u0259rh\u0259dd\u0259 biometrik m\u0259lumatlar\u0131n t\u0259qdim edilm\u0259si bu hallar\u0131 aradan qald\u0131racaq&#8221;. Milli.Az bildirir ki, bu s\u00f6zl\u0259ri Deputat Mironov deyib. Rusiyada miqrantlar \u00fcz\u0259rind\u0259 biometrik n\u0259zar\u0259t t\u0259tbiq etm\u0259k ist\u0259yirl\u0259r. Qanun layih\u0259si D\u00f6vl\u0259t Dumas\u0131na avqustun 14-d\u0259 t\u0259qdim edilib.<\/p>\n","protected":false},"author":2,"featured_media":744941,"comment_status":"closed","ping_status":"closed","sticky":false,"template":"","format":"standard","meta":{"om_disable_all_campaigns":false,"_monsterinsights_skip_tracking":false,"_monsterinsights_sitenote_active":false,"_monsterinsights_sitenote_note":"","_monsterinsights_sitenote_category":0},"categories":[19],"tags":[],"aioseo_notices":[],"gutentor_comment":0,"rttpg_featured_image_url":{"full":["https:\/\/arantv.az\/wp-content\/uploads\/2024\/08\/88898e7f0f8217185d68e614c031768c.jpg",760,442,false],"landscape":["https:\/\/arantv.az\/wp-content\/uploads\/2024\/08\/88898e7f0f8217185d68e614c031768c.jpg",760,442,false],"portraits":["https:\/\/arantv.az\/wp-content\/uploads\/2024\/08\/88898e7f0f8217185d68e614c031768c.jpg",760,442,false],"thumbnail":["https:\/\/arantv.az\/wp-content\/uploads\/2024\/08\/88898e7f0f8217185d68e614c031768c-500x280.jpg",500,280,true],"medium":["https:\/\/arantv.az\/wp-content\/uploads\/2024\/08\/88898e7f0f8217185d68e614c031768c-628x365.jpg",628,365,true],"large":["https:\/\/arantv.az\/wp-content\/uploads\/2024\/08\/88898e7f0f8217185d68e614c031768c.jpg",640,372,false],"1536x1536":["https:\/\/arantv.az\/wp-content\/uploads\/2024\/08\/88898e7f0f8217185d68e614c031768c.jpg",760,442,false],"2048x2048":["https:\/\/arantv.az\/wp-content\/uploads\/2024\/08\/88898e7f0f8217185d68e614c031768c.jpg",760,442,false],"post-thumbnail":["https:\/\/arantv.az\/wp-content\/uploads\/2024\/08\/88898e7f0f8217185d68e614c031768c-240x172.jpg",240,172,true],"advps-thumb-one":["https:\/\/arantv.az\/wp-content\/uploads\/2024\/08\/88898e7f0f8217185d68e614c031768c.jpg",760,442,false]},"rttpg_author":{"display_name":"V\u00fcsal Rafiqo\u011flu","author_link":"https:\/\/arantv.az\/?author=2"},"rttpg_comment":0,"rttpg_category":"<a href=\"https:\/\/arantv.az\/?cat=19\" rel=\"category\">G\u00fcnd\u0259m<\/a>","rttpg_excerpt":"&#8220;Miqrantlar\u0131n cinay\u0259t t\u00f6r\u0259tdikd\u0259n v\u0259 deportasiya edildikd\u0259n sonra s\u0259n\u0259dl\u0259rini v\u0259 ya soyadlar\u0131n\u0131n yaz\u0131l\u0131\u015f\u0131ndak\u0131 h\u0259rfl\u0259ri d\u0259yi\u015fdir\u0259r\u0259k yenid\u0259n Rusiya Federasiyas\u0131na g\u0259lm\u0259l\u0259ri presedentl\u0259ri var. S\u0259rh\u0259dd\u0259 biometrik m\u0259lumatlar\u0131n t\u0259qdim edilm\u0259si bu hallar\u0131 aradan qald\u0131racaq&#8221;. Milli.Az bildirir ki, bu s\u00f6zl\u0259ri Deputat Mironov deyib. Rusiyada miqrantlar \u00fcz\u0259rind\u0259 biometrik n\u0259zar\u0259t t\u0259tbiq etm\u0259k ist\u0259yirl\u0259r. Qanun layih\u0259si D\u00f6vl\u0259t Dumas\u0131na avqustun 14-d\u0259 t\u0259qdim edilib.","_links":{"self":[{"href":"https:\/\/arantv.az\/index.php?rest_route=\/wp\/v2\/posts\/744940"}],"collection":[{"href":"https:\/\/arantv.az\/index.php?rest_route=\/wp\/v2\/posts"}],"about":[{"href":"https:\/\/arantv.az\/index.php?rest_route=\/wp\/v2\/types\/post"}],"author":[{"embeddable":true,"href":"https:\/\/arantv.az\/index.php?rest_route=\/wp\/v2\/users\/2"}],"replies":[{"embeddable":true,"href":"https:\/\/arantv.az\/index.php?rest_route=%2Fwp%2Fv2%2Fcomments&post=744940"}],"version-history":[{"count":1,"href":"https:\/\/arantv.az\/index.php?rest_route=\/wp\/v2\/posts\/744940\/revisions"}],"predecessor-version":[{"id":744942,"href":"https:\/\/arantv.az\/index.php?rest_route=\/wp\/v2\/posts\/744940\/revisions\/744942"}],"wp:featuredmedia":[{"embeddable":true,"href":"https:\/\/arantv.az\/index.php?rest_route=\/wp\/v2\/media\/744941"}],"wp:attachment":[{"href":"https:\/\/arantv.az\/index.php?rest_route=%2Fwp%2Fv2%2Fmedia&parent=744940"}],"wp:term":[{"taxonomy":"category","embeddable":true,"href":"https:\/\/arantv.az\/index.php?rest_route=%2Fwp%2Fv2%2Fcategories&post=744940"},{"taxonomy":"post_tag","embeddable":true,"href":"https:\/\/arantv.az\/index.php?rest_route=%2Fwp%2Fv2%2Ftags&post=744940"}],"curies":[{"name":"wp","href":"https:\/\/api.w.org\/{rel}","templated":true}]}}