{"id":744943,"date":"2024-08-15T16:45:13","date_gmt":"2024-08-15T12:45:13","guid":{"rendered":"https:\/\/arantv.az\/?p=744943"},"modified":"2024-08-15T16:45:13","modified_gmt":"2024-08-15T12:45:13","slug":"olk%c9%99miz-ucun-yeni-perspektivl%c9%99r-yaranib","status":"publish","type":"post","link":"https:\/\/arantv.az\/?p=744943","title":{"rendered":"\u00d6lk\u0259miz \u00fc\u00e7\u00fcn yeni perspektivl\u0259r yaran\u0131b"},"content":{"rendered":"<p>Sentyabr\u0131n 1-d\u0259 Az\u0259rbaycan Respublikas\u0131 Milli M\u0259clisin\u0259 ke\u00e7iril\u0259c\u0259k n\u00f6vb\u0259d\u0259nk\u0259nar se\u00e7kil\u0259rin t\u0259\u015fviqat m\u0259rh\u0259l\u0259si \u00e7\u0259r\u00e7iv\u0259sind\u0259 Yeni Az\u0259rbaycan Partiyas\u0131 (YAP) t\u0259r\u0259find\u0259n 99 sayl\u0131 B\u0259rd\u0259 se\u00e7ki dair\u0259sind\u0259n deputatl\u0131\u011fa namiz\u0259dliyi ir\u0259li s\u00fcr\u00fclm\u00fc\u015f Fatma Y\u0131ld\u0131r\u0131m\u0131n YAP B\u0259rd\u0259 rayon t\u0259\u015fkilat\u0131n\u0131n q\u0259rargah\u0131nda, h\u0259m\u00e7inin rayonun Yeni Da\u015fk\u0259nd v\u0259 \u015eat\u0131rl\u0131 k\u0259ndl\u0259rind\u0259 se\u00e7icil\u0259rl\u0259 g\u00f6r\u00fc\u015fl\u0259ri ke\u00e7irilib.<\/p>\n<p>G\u00f6r\u00fc\u015fl\u0259rd\u0259 Ulu \u00d6nd\u0259r Heyd\u0259r \u018fliyevin v\u0259 \u00f6lk\u0259mizin \u0259razi b\u00fct\u00f6vl\u00fcy\u00fc v\u0259 suverenliyi u\u011frunda h\u0259lak olmu\u015f \u015f\u0259hidl\u0259rimizin \u0259ziz xatir\u0259si ehtiramla yad edilib.<\/p>\n<p>YAP B\u0259rd\u0259 rayon t\u0259\u015fkilat\u0131n\u0131n s\u0259dri Faq\u0259t \u015eadlinskaya qeyd edib ki, Az\u0259rbaycan\u0131n qazand\u0131\u011f\u0131 q\u0259l\u0259b\u0259l\u0259r yeni h\u0259d\u0259fl\u0259rin realla\u015fd\u0131r\u0131lmas\u0131n\u0131n, g\u0259l\u0259c\u0259k u\u011furlar\u0131n ba\u015flan\u011f\u0131c\u0131d\u0131r. O, Yeni Az\u0259rbaycan Partiyas\u0131n\u0131n parlament se\u00e7kil\u0259rind\u0259 m\u00f6ht\u0259\u015f\u0259m q\u0259l\u0259b\u0259 qazanaca\u011f\u0131na inam\u0131n\u0131 ifad\u0259 edib.<\/p>\n<p>Deputatl\u0131\u011fa namiz\u0259d Fatma Y\u0131ld\u0131r\u0131m YAP-\u0131n se\u00e7ki platformas\u0131 haqq\u0131nda \u0259trafl\u0131 m\u0259lumat ver\u0259r\u0259k bildirib ki, Yeni Az\u0259rbaycan Partiyas\u0131 yenilikl\u0259r v\u0259 q\u0259l\u0259b\u0259l\u0259r partiyas\u0131d\u0131r. Az\u0259rbaycan\u0131n tarixi Z\u0259f\u0259r\u0259 imza atmas\u0131, \u0259razi b\u00fct\u00f6vl\u00fcy\u00fc v\u0259 suverenliyini tam b\u0259rpa etm\u0259si, B\u00f6y\u00fck Qay\u0131d\u0131\u015f Proqram\u0131n\u0131n u\u011furla icra edilm\u0259si v\u0259 dig\u0259r m\u00fch\u00fcm amill\u0259r \u00f6lk\u0259miz \u00fc\u00e7\u00fcn yeni perspektivl\u0259r yarad\u0131b.<\/p>\n<p>G\u00f6r\u00fc\u015fl\u0259rd\u0259, h\u0259m\u00e7inin t\u0259bli\u011fat qrupunun \u00fczvl\u0259ri &#8211; \u015f\u0259hid analar\u0131 \u0130sb\u0259t H\u0259t\u0259mova, Xuraman Mirz\u0259yeva \u00e7\u0131x\u0131\u015f ed\u0259r\u0259k Prezident, M\u00fcz\u0259ff\u0259r Ali Ba\u015f Komandan \u0130lham \u018fliyevin xalq\u0131m\u0131za Z\u0259f\u0259r sevinci ya\u015fatmas\u0131ndan q\u00fcrurla b\u0259hs edibl\u0259r.<\/p>\n<p>\u00c7\u0131x\u0131\u015f ed\u0259n se\u00e7icil\u0259r YAP-\u0131n namiz\u0259din\u0259 s\u0259s ver\u0259c\u0259kl\u0259rini vur\u011fulay\u0131blar.<\/p>\n<p><img loading=\"lazy\" class=\"alignnone size-full wp-image-744944\" src=\"https:\/\/arantv.az\/wp-content\/uploads\/2024\/08\/thumb-88.jpg\" alt=\"\" width=\"360\" height=\"162\" \/> <img loading=\"lazy\" class=\"alignnone size-medium wp-image-744945\" src=\"https:\/\/arantv.az\/wp-content\/uploads\/2024\/08\/thumb-89.jpg\" alt=\"\" width=\"188\" height=\"120\" \/> <img loading=\"lazy\" class=\"alignnone size-medium wp-image-744946\" src=\"https:\/\/arantv.az\/wp-content\/uploads\/2024\/08\/thumb-90.jpg\" alt=\"\" width=\"188\" height=\"120\" \/> <img loading=\"lazy\" class=\"alignnone size-medium wp-image-744947\" src=\"https:\/\/arantv.az\/wp-content\/uploads\/2024\/08\/thumb-91.jpg\" alt=\"\" width=\"188\" height=\"120\" \/> <img loading=\"lazy\" class=\"alignnone size-medium wp-image-744948\" src=\"https:\/\/arantv.az\/wp-content\/uploads\/2024\/08\/thumb-92.jpg\" alt=\"\" width=\"188\" height=\"120\" \/> <img loading=\"lazy\" class=\"alignnone size-medium wp-image-744949\" src=\"https:\/\/arantv.az\/wp-content\/uploads\/2024\/08\/thumb-93.jpg\" alt=\"\" width=\"188\" height=\"120\" \/> <img loading=\"lazy\" class=\"alignnone size-medium wp-image-744950\" src=\"https:\/\/arantv.az\/wp-content\/uploads\/2024\/08\/thumb-94.jpg\" alt=\"\" width=\"188\" height=\"120\" \/> <img loading=\"lazy\" class=\"alignnone size-medium wp-image-744951\" src=\"https:\/\/arantv.az\/wp-content\/uploads\/2024\/08\/thumb-95.jpg\" alt=\"\" width=\"188\" height=\"120\" \/> <img loading=\"lazy\" class=\"alignnone size-medium wp-image-744952\" src=\"https:\/\/arantv.az\/wp-content\/uploads\/2024\/08\/thumb-96.jpg\" alt=\"\" width=\"188\" height=\"120\" \/> <img loading=\"lazy\" class=\"alignnone size-medium wp-image-744953\" src=\"https:\/\/arantv.az\/wp-content\/uploads\/2024\/08\/thumb-97.jpg\" alt=\"\" width=\"188\" height=\"120\" \/> <img loading=\"lazy\" class=\"alignnone size-medium wp-image-744954\" src=\"https:\/\/arantv.az\/wp-content\/uploads\/2024\/08\/thumb-98.jpg\" alt=\"\" width=\"188\" height=\"120\" \/> <img loading=\"lazy\" class=\"alignnone size-medium wp-image-744955\" src=\"https:\/\/arantv.az\/wp-content\/uploads\/2024\/08\/thumb-99.jpg\" alt=\"\" width=\"188\" height=\"120\" \/> <img loading=\"lazy\" class=\"alignnone size-medium wp-image-744956\" src=\"https:\/\/arantv.az\/wp-content\/uploads\/2024\/08\/thumb-100.jpg\" alt=\"\" width=\"188\" height=\"120\" \/><\/p>\n","protected":false},"excerpt":{"rendered":"<p>Sentyabr\u0131n 1-d\u0259 Az\u0259rbaycan Respublikas\u0131 Milli M\u0259clisin\u0259 ke\u00e7iril\u0259c\u0259k n\u00f6vb\u0259d\u0259nk\u0259nar se\u00e7kil\u0259rin t\u0259\u015fviqat m\u0259rh\u0259l\u0259si \u00e7\u0259r\u00e7iv\u0259sind\u0259 Yeni Az\u0259rbaycan Partiyas\u0131 (YAP) t\u0259r\u0259find\u0259n 99 sayl\u0131 B\u0259rd\u0259 se\u00e7ki dair\u0259sind\u0259n deputatl\u0131\u011fa namiz\u0259dliyi ir\u0259li s\u00fcr\u00fclm\u00fc\u015f Fatma Y\u0131ld\u0131r\u0131m\u0131n YAP B\u0259rd\u0259 rayon t\u0259\u015fkilat\u0131n\u0131n q\u0259rargah\u0131nda, h\u0259m\u00e7inin rayonun Yeni Da\u015fk\u0259nd v\u0259 \u015eat\u0131rl\u0131 k\u0259ndl\u0259rind\u0259 se\u00e7icil\u0259rl\u0259 g\u00f6r\u00fc\u015fl\u0259ri ke\u00e7irilib. G\u00f6r\u00fc\u015fl\u0259rd\u0259 Ulu \u00d6nd\u0259r Heyd\u0259r \u018fliyevin v\u0259 \u00f6lk\u0259mizin \u0259razi b\u00fct\u00f6vl\u00fcy\u00fc v\u0259 suverenliyi u\u011frunda h\u0259lak olmu\u015f \u015f\u0259hidl\u0259rimizin \u0259ziz xatir\u0259si ehtiramla yad edilib. YAP B\u0259rd\u0259 rayon t\u0259\u015fkilat\u0131n\u0131n s\u0259dri Faq\u0259t \u015eadlinskaya qeyd edib ki, Az\u0259rbaycan\u0131n qazand\u0131\u011f\u0131 q\u0259l\u0259b\u0259l\u0259r yeni h\u0259d\u0259fl\u0259rin realla\u015fd\u0131r\u0131lmas\u0131n\u0131n, g\u0259l\u0259c\u0259k u\u011furlar\u0131n ba\u015flan\u011f\u0131c\u0131d\u0131r. O, Yeni Az\u0259rbaycan Partiyas\u0131n\u0131n parlament se\u00e7kil\u0259rind\u0259 m\u00f6ht\u0259\u015f\u0259m q\u0259l\u0259b\u0259&hellip;<\/p>\n","protected":false},"author":2,"featured_media":744944,"comment_status":"closed","ping_status":"closed","sticky":false,"template":"","format":"standard","meta":{"om_disable_all_campaigns":false,"_monsterinsights_skip_tracking":false,"_monsterinsights_sitenote_active":false,"_monsterinsights_sitenote_note":"","_monsterinsights_sitenote_category":0},"categories":[2],"tags":[],"aioseo_notices":[],"gutentor_comment":0,"rttpg_featured_image_url":{"full":["https:\/\/arantv.az\/wp-content\/uploads\/2024\/08\/thumb-88.jpg",360,162,false],"landscape":["https:\/\/arantv.az\/wp-content\/uploads\/2024\/08\/thumb-88.jpg",360,162,false],"portraits":["https:\/\/arantv.az\/wp-content\/uploads\/2024\/08\/thumb-88.jpg",360,162,false],"thumbnail":["https:\/\/arantv.az\/wp-content\/uploads\/2024\/08\/thumb-88.jpg",360,162,false],"medium":["https:\/\/arantv.az\/wp-content\/uploads\/2024\/08\/thumb-88.jpg",360,162,false],"large":["https:\/\/arantv.az\/wp-content\/uploads\/2024\/08\/thumb-88.jpg",360,162,false],"1536x1536":["https:\/\/arantv.az\/wp-content\/uploads\/2024\/08\/thumb-88.jpg",360,162,false],"2048x2048":["https:\/\/arantv.az\/wp-content\/uploads\/2024\/08\/thumb-88.jpg",360,162,false],"post-thumbnail":["https:\/\/arantv.az\/wp-content\/uploads\/2024\/08\/thumb-88-240x162.jpg",240,162,true],"advps-thumb-one":["https:\/\/arantv.az\/wp-content\/uploads\/2024\/08\/thumb-88.jpg",360,162,false]},"rttpg_author":{"display_name":"V\u00fcsal Rafiqo\u011flu","author_link":"https:\/\/arantv.az\/?author=2"},"rttpg_comment":0,"rttpg_category":"<a href=\"https:\/\/arantv.az\/?cat=2\" rel=\"category\">Region X\u0259b\u0259rl\u0259ri<\/a>","rttpg_excerpt":"Sentyabr\u0131n 1-d\u0259 Az\u0259rbaycan Respublikas\u0131 Milli M\u0259clisin\u0259 ke\u00e7iril\u0259c\u0259k n\u00f6vb\u0259d\u0259nk\u0259nar se\u00e7kil\u0259rin t\u0259\u015fviqat m\u0259rh\u0259l\u0259si \u00e7\u0259r\u00e7iv\u0259sind\u0259 Yeni Az\u0259rbaycan Partiyas\u0131 (YAP) t\u0259r\u0259find\u0259n 99 sayl\u0131 B\u0259rd\u0259 se\u00e7ki dair\u0259sind\u0259n deputatl\u0131\u011fa namiz\u0259dliyi ir\u0259li s\u00fcr\u00fclm\u00fc\u015f Fatma Y\u0131ld\u0131r\u0131m\u0131n YAP B\u0259rd\u0259 rayon t\u0259\u015fkilat\u0131n\u0131n q\u0259rargah\u0131nda, h\u0259m\u00e7inin rayonun Yeni Da\u015fk\u0259nd v\u0259 \u015eat\u0131rl\u0131 k\u0259ndl\u0259rind\u0259 se\u00e7icil\u0259rl\u0259 g\u00f6r\u00fc\u015fl\u0259ri ke\u00e7irilib. G\u00f6r\u00fc\u015fl\u0259rd\u0259 Ulu \u00d6nd\u0259r Heyd\u0259r \u018fliyevin v\u0259 \u00f6lk\u0259mizin \u0259razi b\u00fct\u00f6vl\u00fcy\u00fc v\u0259 suverenliyi u\u011frunda&hellip;","_links":{"self":[{"href":"https:\/\/arantv.az\/index.php?rest_route=\/wp\/v2\/posts\/744943"}],"collection":[{"href":"https:\/\/arantv.az\/index.php?rest_route=\/wp\/v2\/posts"}],"about":[{"href":"https:\/\/arantv.az\/index.php?rest_route=\/wp\/v2\/types\/post"}],"author":[{"embeddable":true,"href":"https:\/\/arantv.az\/index.php?rest_route=\/wp\/v2\/users\/2"}],"replies":[{"embeddable":true,"href":"https:\/\/arantv.az\/index.php?rest_route=%2Fwp%2Fv2%2Fcomments&post=744943"}],"version-history":[{"count":1,"href":"https:\/\/arantv.az\/index.php?rest_route=\/wp\/v2\/posts\/744943\/revisions"}],"predecessor-version":[{"id":744957,"href":"https:\/\/arantv.az\/index.php?rest_route=\/wp\/v2\/posts\/744943\/revisions\/744957"}],"wp:featuredmedia":[{"embeddable":true,"href":"https:\/\/arantv.az\/index.php?rest_route=\/wp\/v2\/media\/744944"}],"wp:attachment":[{"href":"https:\/\/arantv.az\/index.php?rest_route=%2Fwp%2Fv2%2Fmedia&parent=744943"}],"wp:term":[{"taxonomy":"category","embeddable":true,"href":"https:\/\/arantv.az\/index.php?rest_route=%2Fwp%2Fv2%2Fcategories&post=744943"},{"taxonomy":"post_tag","embeddable":true,"href":"https:\/\/arantv.az\/index.php?rest_route=%2Fwp%2Fv2%2Ftags&post=744943"}],"curies":[{"name":"wp","href":"https:\/\/api.w.org\/{rel}","templated":true}]}}