{"id":744959,"date":"2024-08-15T16:54:11","date_gmt":"2024-08-15T12:54:11","guid":{"rendered":"https:\/\/arantv.az\/?p=744959"},"modified":"2024-08-15T16:55:34","modified_gmt":"2024-08-15T12:55:34","slug":"davamli-q%c9%99l%c9%99b%c9%99l%c9%99r-namin%c9%99-yap-in-namiz%c9%99dl%c9%99rin%c9%99-s%c9%99s-ver%c9%99k","status":"publish","type":"post","link":"https:\/\/arantv.az\/?p=744959","title":{"rendered":"\u201cDavaml\u0131 q\u0259l\u0259b\u0259l\u0259r namin\u0259 YAP-\u0131n namiz\u0259dl\u0259rin\u0259 s\u0259s ver\u0259k!\u201d"},"content":{"rendered":"<p>2024-c\u00fc il sentyabr\u0131n 1-d\u0259 Az\u0259rbaycan Respublikas\u0131 Milli M\u0259clisin\u0259 ke\u00e7iril\u0259c\u0259k n\u00f6vb\u0259d\u0259nk\u0259nar se\u00e7kil\u0259rin t\u0259\u015fviqat m\u0259rh\u0259l\u0259si \u00e7\u0259r\u00e7iv\u0259sind\u0259 Yeni Az\u0259rbaycan Partiyas\u0131 (YAP) t\u0259r\u0259find\u0259n 98 sayl\u0131 B\u0259rd\u0259-T\u0259rt\u0259r se\u00e7ki dair\u0259sind\u0259n deputatl\u0131\u011fa namiz\u0259dliyi ir\u0259li s\u00fcr\u00fclm\u00fc\u015f Xanlar F\u0259tiyevin T\u0259rt\u0259r rayonunun Mam\u0131rl\u0131 v\u0259 H\u00fcseynli k\u0259ndl\u0259rind\u0259 se\u00e7icil\u0259rl\u0259 g\u00f6r\u00fc\u015fl\u0259ri ke\u00e7irilib.<\/p>\n<p>\u018fvv\u0259lc\u0259 Ulu \u00d6nd\u0259r Heyd\u0259r \u018fliyevin v\u0259 Az\u0259rbaycan\u0131n \u0259razi b\u00fct\u00f6vl\u00fcy\u00fc v\u0259 suverenliyi u\u011frunda canlar\u0131n\u0131 qurban vermi\u015f \u015f\u0259hidl\u0259rimizin \u0259ziz xatir\u0259si ehtiramla yad edilib.<\/p>\n<p>YAP B\u0259rd\u0259 rayon t\u0259\u015fkilat\u0131n\u0131n s\u0259dri Faq\u0259t \u015eadlinskaya \u00e7oxsayl\u0131 q\u0259l\u0259b\u0259l\u0259rin \u0259ld\u0259 olunmas\u0131nda \u00fcmumxalq partiyas\u0131 olan YAP-\u0131n b\u00f6y\u00fck rola malik oldu\u011funu bildirib. \u201cHaz\u0131rda qar\u015f\u0131m\u0131zda duran ba\u015fl\u0131ca m\u0259qs\u0259d yeni q\u0259l\u0259b\u0259l\u0259r\u0259 nail olmaqd\u0131r\u201d, &#8211; dey\u0259n F. \u015eadlinskaya v\u0259t\u0259nda\u015flar\u0131 se\u00e7ki prosesind\u0259 f\u0259al i\u015ftirak etm\u0259y\u0259 v\u0259 YAP-\u0131n namiz\u0259din\u0259 s\u0259s verm\u0259y\u0259 \u00e7a\u011f\u0131r\u0131b: \u201cDavaml\u0131 q\u0259l\u0259b\u0259l\u0259r namin\u0259 YAP-\u0131n namiz\u0259dl\u0259rin\u0259 s\u0259s ver\u0259k!\u201d.<\/p>\n<p>Deputatl\u0131\u011fa namiz\u0259d Xanlar F\u0259tiyev YAP-\u0131n se\u00e7ki platformas\u0131 bar\u0259d\u0259 m\u0259lumat verib. O, Az\u0259rbaycan\u0131n m\u00fcasir d\u00f6vl\u0259t\u00e7ilik tarixinin m\u00fch\u00fcm nailiyy\u0259tl\u0259rl\u0259 z\u0259ngin olan \u015f\u0259r\u0259fli bir d\u00f6n\u0259min\u0259 yekun vuraraq yeni d\u00f6vr\u0259 q\u0259d\u0259m qoydu\u011funu qeyd edib. Bildirib ki, se\u00e7kil\u0259rin b\u00fct\u00fcn \u00f6lk\u0259 \u0259razisind\u0259 ke\u00e7irilm\u0259si m\u00fcasir d\u00f6vl\u0259t\u00e7ilik tariximizin q\u00fcrurverici s\u0259hif\u0259sidir.<\/p>\n<p>G\u00f6r\u00fc\u015fl\u0259rd\u0259 t\u0259\u015fviqat qrupunun \u00fczvl\u0259ri Mehpar\u0259 Q\u0259ribova, \u0130sb\u0259t H\u0259t\u0259mova, M\u0259h\u0259rr\u0259m \u015e\u0259fiyev v\u0259 dig\u0259rl\u0259ri \u00e7\u0131x\u0131\u015f ed\u0259r\u0259k se\u00e7icil\u0259ri YAP-\u0131n namiz\u0259din\u0259 s\u0259s verm\u0259y\u0259 \u00e7a\u011f\u0131r\u0131blar.<\/p>\n<p>Se\u00e7icil\u0259r Oruc Qarayev, Kamil \u0130smay\u0131lov, Mahmud Mahmudov, \u0130smay\u0131l \u018fliyev, Solmaz H\u0259s\u0259nova, S\u0259rxan H\u00fcseynov v\u0259 ba\u015fqalar\u0131 \u00e7\u0131x\u0131\u015f ed\u0259r\u0259k YAP-\u0131n namiz\u0259dini d\u0259st\u0259kl\u0259y\u0259c\u0259kl\u0259rini bildiribl\u0259r.<\/p>\n<p>Qeyd ed\u0259k ki, deputatl\u0131\u011fa namiz\u0259d Xanlar F\u0259tiyev T\u0259rt\u0259r rayonunun Poladl\u0131 k\u0259ndind\u0259 \u015f\u0259hidl\u0259r Xaliq Abbasov v\u0259 El\u015f\u0259n Abbasovun, H\u00fcseynli k\u0259ndind\u0259 is\u0259 \u015f\u0259hid \u015eahin \u018fmrahovun ail\u0259l\u0259rini ziyar\u0259t edib.<\/p>\n<p><img loading=\"lazy\" class=\"alignnone size-full wp-image-744965\" src=\"https:\/\/arantv.az\/wp-content\/uploads\/2024\/08\/thumb-106.jpg\" alt=\"\" width=\"188\" height=\"120\" \/><img loading=\"lazy\" class=\"alignnone size-full wp-image-744964\" src=\"https:\/\/arantv.az\/wp-content\/uploads\/2024\/08\/thumb-105.jpg\" alt=\"\" width=\"188\" height=\"120\" \/><img loading=\"lazy\" class=\"alignnone size-full wp-image-744963\" src=\"https:\/\/arantv.az\/wp-content\/uploads\/2024\/08\/thumb-104.jpg\" alt=\"\" width=\"188\" height=\"120\" \/><img loading=\"lazy\" class=\"alignnone size-full wp-image-744962\" src=\"https:\/\/arantv.az\/wp-content\/uploads\/2024\/08\/thumb-103.jpg\" alt=\"\" width=\"188\" height=\"120\" \/><img loading=\"lazy\" class=\"alignnone size-full wp-image-744961\" src=\"https:\/\/arantv.az\/wp-content\/uploads\/2024\/08\/thumb-102.jpg\" alt=\"\" width=\"188\" height=\"120\" \/><img loading=\"lazy\" class=\"alignnone size-full wp-image-744960\" src=\"https:\/\/arantv.az\/wp-content\/uploads\/2024\/08\/thumb-101.jpg\" alt=\"\" width=\"360\" height=\"162\" \/><\/p>\n","protected":false},"excerpt":{"rendered":"<p>2024-c\u00fc il sentyabr\u0131n 1-d\u0259 Az\u0259rbaycan Respublikas\u0131 Milli M\u0259clisin\u0259 ke\u00e7iril\u0259c\u0259k n\u00f6vb\u0259d\u0259nk\u0259nar se\u00e7kil\u0259rin t\u0259\u015fviqat m\u0259rh\u0259l\u0259si \u00e7\u0259r\u00e7iv\u0259sind\u0259 Yeni Az\u0259rbaycan Partiyas\u0131 (YAP) t\u0259r\u0259find\u0259n 98 sayl\u0131 B\u0259rd\u0259-T\u0259rt\u0259r se\u00e7ki dair\u0259sind\u0259n deputatl\u0131\u011fa namiz\u0259dliyi ir\u0259li s\u00fcr\u00fclm\u00fc\u015f Xanlar F\u0259tiyevin T\u0259rt\u0259r rayonunun Mam\u0131rl\u0131 v\u0259 H\u00fcseynli k\u0259ndl\u0259rind\u0259 se\u00e7icil\u0259rl\u0259 g\u00f6r\u00fc\u015fl\u0259ri ke\u00e7irilib. \u018fvv\u0259lc\u0259 Ulu \u00d6nd\u0259r Heyd\u0259r \u018fliyevin v\u0259 Az\u0259rbaycan\u0131n \u0259razi b\u00fct\u00f6vl\u00fcy\u00fc v\u0259 suverenliyi u\u011frunda canlar\u0131n\u0131 qurban vermi\u015f \u015f\u0259hidl\u0259rimizin \u0259ziz xatir\u0259si ehtiramla yad edilib. YAP B\u0259rd\u0259 rayon t\u0259\u015fkilat\u0131n\u0131n s\u0259dri Faq\u0259t \u015eadlinskaya \u00e7oxsayl\u0131 q\u0259l\u0259b\u0259l\u0259rin \u0259ld\u0259 olunmas\u0131nda \u00fcmumxalq partiyas\u0131 olan YAP-\u0131n b\u00f6y\u00fck rola malik oldu\u011funu bildirib. \u201cHaz\u0131rda qar\u015f\u0131m\u0131zda duran ba\u015fl\u0131ca m\u0259qs\u0259d yeni q\u0259l\u0259b\u0259l\u0259r\u0259 nail olmaqd\u0131r\u201d, &#8211;&hellip;<\/p>\n","protected":false},"author":2,"featured_media":744960,"comment_status":"closed","ping_status":"closed","sticky":false,"template":"","format":"standard","meta":{"om_disable_all_campaigns":false,"_monsterinsights_skip_tracking":false,"_monsterinsights_sitenote_active":false,"_monsterinsights_sitenote_note":"","_monsterinsights_sitenote_category":0},"categories":[2],"tags":[],"aioseo_notices":[],"gutentor_comment":0,"rttpg_featured_image_url":{"full":["https:\/\/arantv.az\/wp-content\/uploads\/2024\/08\/thumb-101.jpg",360,162,false],"landscape":["https:\/\/arantv.az\/wp-content\/uploads\/2024\/08\/thumb-101.jpg",360,162,false],"portraits":["https:\/\/arantv.az\/wp-content\/uploads\/2024\/08\/thumb-101.jpg",360,162,false],"thumbnail":["https:\/\/arantv.az\/wp-content\/uploads\/2024\/08\/thumb-101.jpg",360,162,false],"medium":["https:\/\/arantv.az\/wp-content\/uploads\/2024\/08\/thumb-101.jpg",360,162,false],"large":["https:\/\/arantv.az\/wp-content\/uploads\/2024\/08\/thumb-101.jpg",360,162,false],"1536x1536":["https:\/\/arantv.az\/wp-content\/uploads\/2024\/08\/thumb-101.jpg",360,162,false],"2048x2048":["https:\/\/arantv.az\/wp-content\/uploads\/2024\/08\/thumb-101.jpg",360,162,false],"post-thumbnail":["https:\/\/arantv.az\/wp-content\/uploads\/2024\/08\/thumb-101-240x162.jpg",240,162,true],"advps-thumb-one":["https:\/\/arantv.az\/wp-content\/uploads\/2024\/08\/thumb-101.jpg",360,162,false]},"rttpg_author":{"display_name":"V\u00fcsal Rafiqo\u011flu","author_link":"https:\/\/arantv.az\/?author=2"},"rttpg_comment":0,"rttpg_category":"<a href=\"https:\/\/arantv.az\/?cat=2\" rel=\"category\">Region X\u0259b\u0259rl\u0259ri<\/a>","rttpg_excerpt":"2024-c\u00fc il sentyabr\u0131n 1-d\u0259 Az\u0259rbaycan Respublikas\u0131 Milli M\u0259clisin\u0259 ke\u00e7iril\u0259c\u0259k n\u00f6vb\u0259d\u0259nk\u0259nar se\u00e7kil\u0259rin t\u0259\u015fviqat m\u0259rh\u0259l\u0259si \u00e7\u0259r\u00e7iv\u0259sind\u0259 Yeni Az\u0259rbaycan Partiyas\u0131 (YAP) t\u0259r\u0259find\u0259n 98 sayl\u0131 B\u0259rd\u0259-T\u0259rt\u0259r se\u00e7ki dair\u0259sind\u0259n deputatl\u0131\u011fa namiz\u0259dliyi ir\u0259li s\u00fcr\u00fclm\u00fc\u015f Xanlar F\u0259tiyevin T\u0259rt\u0259r rayonunun Mam\u0131rl\u0131 v\u0259 H\u00fcseynli k\u0259ndl\u0259rind\u0259 se\u00e7icil\u0259rl\u0259 g\u00f6r\u00fc\u015fl\u0259ri ke\u00e7irilib. \u018fvv\u0259lc\u0259 Ulu \u00d6nd\u0259r Heyd\u0259r \u018fliyevin v\u0259 Az\u0259rbaycan\u0131n \u0259razi b\u00fct\u00f6vl\u00fcy\u00fc v\u0259 suverenliyi u\u011frunda canlar\u0131n\u0131 qurban vermi\u015f \u015f\u0259hidl\u0259rimizin&hellip;","_links":{"self":[{"href":"https:\/\/arantv.az\/index.php?rest_route=\/wp\/v2\/posts\/744959"}],"collection":[{"href":"https:\/\/arantv.az\/index.php?rest_route=\/wp\/v2\/posts"}],"about":[{"href":"https:\/\/arantv.az\/index.php?rest_route=\/wp\/v2\/types\/post"}],"author":[{"embeddable":true,"href":"https:\/\/arantv.az\/index.php?rest_route=\/wp\/v2\/users\/2"}],"replies":[{"embeddable":true,"href":"https:\/\/arantv.az\/index.php?rest_route=%2Fwp%2Fv2%2Fcomments&post=744959"}],"version-history":[{"count":3,"href":"https:\/\/arantv.az\/index.php?rest_route=\/wp\/v2\/posts\/744959\/revisions"}],"predecessor-version":[{"id":744968,"href":"https:\/\/arantv.az\/index.php?rest_route=\/wp\/v2\/posts\/744959\/revisions\/744968"}],"wp:featuredmedia":[{"embeddable":true,"href":"https:\/\/arantv.az\/index.php?rest_route=\/wp\/v2\/media\/744960"}],"wp:attachment":[{"href":"https:\/\/arantv.az\/index.php?rest_route=%2Fwp%2Fv2%2Fmedia&parent=744959"}],"wp:term":[{"taxonomy":"category","embeddable":true,"href":"https:\/\/arantv.az\/index.php?rest_route=%2Fwp%2Fv2%2Fcategories&post=744959"},{"taxonomy":"post_tag","embeddable":true,"href":"https:\/\/arantv.az\/index.php?rest_route=%2Fwp%2Fv2%2Ftags&post=744959"}],"curies":[{"name":"wp","href":"https:\/\/api.w.org\/{rel}","templated":true}]}}