{"id":744980,"date":"2024-08-15T17:10:31","date_gmt":"2024-08-15T13:10:31","guid":{"rendered":"https:\/\/arantv.az\/?p=744980"},"modified":"2024-08-15T17:10:31","modified_gmt":"2024-08-15T13:10:31","slug":"ehsan-qalmaqali-boyudu-toyda-yasdan-cox-pul-x%c9%99rcl%c9%99nir","status":"publish","type":"post","link":"https:\/\/arantv.az\/?p=744980","title":{"rendered":"Ehsan qalmaqal\u0131 B\u00d6Y\u00dcD\u00dc: \u201cToyda yasdan \u00e7ox pul x\u0259rcl\u0259nir!\u201d"},"content":{"rendered":"<div class=\"text-content\" data-id=\"\" data-url=\"\">\n<p><strong>\u201cUzun m\u00fcdd\u0259tdir ki, yas m\u0259rasiml\u0259rind\u0259 ehsan verilm\u0259si il\u0259 ba\u011fl\u0131 m\u00fcxt\u0259lif s\u0259pkid\u0259 m\u00fczakir\u0259l\u0259r apar\u0131l\u0131r. A\u00e7\u0131\u011f\u0131, bu m\u0259s\u0259l\u0259nin t\u0259m\u0259lind\u0259 n\u0259yin dayand\u0131\u011f\u0131n\u0131 adam d\u0259rk ed\u0259 bilmir. Biz bir m\u00fcs\u0259lman olaraq, dinimizi, onun kitab\u0131n\u0131 v\u0259 h\u00f6kml\u0259rini yax\u015f\u0131 \u00f6yr\u0259nib d\u0259rk ets\u0259k, bu m\u0259s\u0259l\u0259nin daha b\u00f6y\u00fck formatda m\u00fczakir\u0259y\u0259 \u00e7\u0131xar\u0131lmas\u0131na v\u0259 deputatlar\u0131n da bundan dan\u0131\u015fmas\u0131na ehtiyac qalmazd\u0131\u201d.<\/strong><\/p>\n<p><strong>ARANTV.AZ <\/strong>\u00a0x\u0259b\u0259r verir ki, bu s\u00f6zl\u0259ri \u201cYeni Sabah\u201da a\u00e7\u0131qlamas\u0131nda ilahiyyat A\u011fa Hac\u0131b\u0259yli deyib. Bildirib ki, m\u0259s\u0259l\u0259nin \u00e7ox sad\u0259 h\u0259ll yolu var:<\/p>\n<p>\u201c\u0130nsanlar\u0131n \u015f\u00fcurland\u0131r\u0131lmas\u0131 v\u0259 dini bax\u0131mdan maarifl\u0259ndirilm\u0259si problemi k\u00f6k\u00fcnd\u0259n h\u0259ll etm\u0259k dem\u0259kdir. Bu m\u0259s\u0259l\u0259y\u0259 \u0259n \u00e7ox d\u0259st\u0259k ver\u0259 bil\u0259c\u0259k adamlar din xadiml\u0259ridir. \u00d6z\u0259llikl\u0259, son ill\u0259r \u0259rzind\u0259 m\u00fc\u0259yy\u0259n prosedurlardan ke\u00e7\u0259n din xadiml\u0259rimiz var. Onlar m\u0259scidl\u0259r\u0259 imam v\u0259 m\u00fcavin olaraq t\u0259yin olunublar. \u018fsas m\u0259clisl\u0259ri aparan \u015f\u0259xsl\u0259r d\u0259 m\u0259hz onlar olacaq. M\u0259clisd\u0259 s\u00f6z sahibi m\u0259hz din xadiml\u0259ridir v\u0259 giri\u015f v\u0259 \u00e7\u0131x\u0131\u015f\u0131 t\u0259yin ed\u0259n d\u0259 bu \u015f\u0259xsl\u0259rdir. Bu sah\u0259d\u0259 din xadiml\u0259rimizin bir fikir da\u015f\u0131mas\u0131 \u00e7ox \u00f6n\u0259mlidir. \u0130lk olaraq, sual verilm\u0259lidir ki, din xadiml\u0259rimizin g\u00f6r\u00fc\u015f\u00fc bu sah\u0259d\u0259 eynidirmi? \u00d6lk\u0259nin d\u00f6rd bir t\u0259r\u0259find\u0259 yas m\u0259rasiml\u0259ri il\u0259 ba\u011fl\u0131 m\u00fcxt\u0259lif ad\u0259tl\u0259r m\u00f6vcuddur\u201d. Klinikalar<\/p>\n<p><strong>\u0130lahiyyat\u00e7\u0131 ehsan\u0131n \u0259sas mahiyy\u0259tini bel\u0259 a\u00e7\u0131qlay\u0131b:<\/strong><\/p>\n<p>\u201cBir m\u0259s\u0259l\u0259nin \u00fcz\u0259rind\u0259 durmaq laz\u0131md\u0131r ki, ehsan n\u0259dir? \u018fl-b\u0259q\u0259r\u0259 sur\u0259sind\u0259 s\u00f6yl\u0259ndiyi kimi Allah ehsan ver\u0259nl\u0259ri, yax\u015f\u0131 i\u015f g\u00f6r\u0259nl\u0259ri sevir. Ehsan s\u00f6z\u00fc sad\u0259c\u0259 yas m\u0259rasiml\u0259rind\u0259 \u00e7ay, \u00e7\u00f6r\u0259k, yem\u0259k verm\u0259k anlam\u0131na g\u0259lmir. Bu ali k\u0259lm\u0259ni biz o q\u0259d\u0259r m\u0259hdudla\u015fd\u0131rm\u0131\u015f\u0131q ki, onu \u0259sl m\u0259nas\u0131ndan \u00e7\u0131xar\u0131b \u00e7ox f\u0259rqli m\u0259naya g\u0259tirmi\u015fik. Allah\u0131n s\u0259ni g\u00f6rm\u0259k ist\u0259diyi kimi ya\u015fama\u011f\u0131n ehsan dem\u0259kdir. Fikrind\u0259n, x\u0259yal\u0131ndan ke\u00e7\u0259n he\u00e7 bir fikri \u00e7irkl\u0259ndirm\u0259m\u0259li, o c\u00fcr d\u0259 ya\u015famal\u0131san. Bu ehsan dem\u0259kdir. Ona g\u00f6r\u0259 d\u0259 ehsan\u0131n bu ali d\u0259y\u0259r v\u0259 m\u0259nalar\u0131n\u0131 g\u00f6zard\u0131 edib, sad\u0259c\u0259 yas m\u0259rasiml\u0259rind\u0259 veril\u0259n yem\u0259k olaraq m\u0259hdudla\u015fd\u0131rmaq bu k\u0259lm\u0259y\u0259 qar\u015f\u0131 t\u0259hqirdir.<\/p>\n<p>Bu m\u0259s\u0259l\u0259nin qanunlarla t\u0259nziml\u0259n\u0259c\u0259yin\u0259 inanm\u0131ram. \u00c7\u00fcnki bir insan ehsan verm\u0259yi beynin\u0259 sal\u0131bsa, m\u0259rasimd\u0259 olmasa da, evind\u0259 bunu t\u0259\u015fkil ed\u0259c\u0259k. \u018fg\u0259r israfdan dan\u0131\u015f\u0131r\u0131qsa, m\u0259zar\u0131n haz\u0131rlanmas\u0131na, yaxud da toylara s\u0259rf olunan x\u0259rc ehsan\u0131n x\u0259rcind\u0259n daha \u00e7oxdur. Biz bu m\u0259s\u0259l\u0259nin \u00fcz\u0259rin\u0259 niy\u0259 bu q\u0259d\u0259r \u00e7ox d\u00fc\u015fm\u00fc\u015f\u00fck? Z\u0259h\u0259rl\u0259nm\u0259l\u0259r\u0259 g\u00f6r\u0259dirs\u0259, toylarda bu ehtimal daha y\u00fcks\u0259kdir. \u00dcmumiyy\u0259tl\u0259, do\u011fru bir yana\u015fma m\u0259s\u0259l\u0259ni daha yax\u015f\u0131 h\u0259ll ed\u0259 bil\u0259r. \u00dcmid edir\u0259m ki, bu y\u00f6nd\u0259 q\u0259rar \u00e7\u0131xaracaq insanlar islam dininin ruhunu anlayan k\u0259sl\u0259r olacaq\u201d.<\/p>\n<\/div>\n<div><\/div>\n<div><\/div>\n<div class=\"inner-social-box\">\n<div class=\"subs-in-social subs-whatsapp\"><\/div>\n<\/div>\n","protected":false},"excerpt":{"rendered":"<p>\u201cUzun m\u00fcdd\u0259tdir ki, yas m\u0259rasiml\u0259rind\u0259 ehsan verilm\u0259si il\u0259 ba\u011fl\u0131 m\u00fcxt\u0259lif s\u0259pkid\u0259 m\u00fczakir\u0259l\u0259r apar\u0131l\u0131r. A\u00e7\u0131\u011f\u0131, bu m\u0259s\u0259l\u0259nin t\u0259m\u0259lind\u0259 n\u0259yin dayand\u0131\u011f\u0131n\u0131 adam d\u0259rk ed\u0259 bilmir. Biz bir m\u00fcs\u0259lman olaraq, dinimizi, onun kitab\u0131n\u0131 v\u0259 h\u00f6kml\u0259rini yax\u015f\u0131 \u00f6yr\u0259nib d\u0259rk ets\u0259k, bu m\u0259s\u0259l\u0259nin daha b\u00f6y\u00fck formatda m\u00fczakir\u0259y\u0259 \u00e7\u0131xar\u0131lmas\u0131na v\u0259 deputatlar\u0131n da bundan dan\u0131\u015fmas\u0131na ehtiyac qalmazd\u0131\u201d. ARANTV.AZ \u00a0x\u0259b\u0259r verir ki, bu s\u00f6zl\u0259ri \u201cYeni Sabah\u201da a\u00e7\u0131qlamas\u0131nda ilahiyyat A\u011fa Hac\u0131b\u0259yli deyib. Bildirib ki, m\u0259s\u0259l\u0259nin \u00e7ox sad\u0259 h\u0259ll yolu var: \u201c\u0130nsanlar\u0131n \u015f\u00fcurland\u0131r\u0131lmas\u0131 v\u0259 dini bax\u0131mdan maarifl\u0259ndirilm\u0259si problemi k\u00f6k\u00fcnd\u0259n h\u0259ll etm\u0259k dem\u0259kdir. Bu m\u0259s\u0259l\u0259y\u0259 \u0259n \u00e7ox d\u0259st\u0259k ver\u0259 bil\u0259c\u0259k adamlar&hellip;<\/p>\n","protected":false},"author":2,"featured_media":744981,"comment_status":"closed","ping_status":"closed","sticky":false,"template":"","format":"standard","meta":{"om_disable_all_campaigns":false,"_monsterinsights_skip_tracking":false,"_monsterinsights_sitenote_active":false,"_monsterinsights_sitenote_note":"","_monsterinsights_sitenote_category":0},"categories":[1],"tags":[],"aioseo_notices":[],"gutentor_comment":0,"rttpg_featured_image_url":{"full":["https:\/\/arantv.az\/wp-content\/uploads\/2024\/08\/e787637932daa119b112fb1917047ea3.jpg",750,422,false],"landscape":["https:\/\/arantv.az\/wp-content\/uploads\/2024\/08\/e787637932daa119b112fb1917047ea3.jpg",750,422,false],"portraits":["https:\/\/arantv.az\/wp-content\/uploads\/2024\/08\/e787637932daa119b112fb1917047ea3.jpg",750,422,false],"thumbnail":["https:\/\/arantv.az\/wp-content\/uploads\/2024\/08\/e787637932daa119b112fb1917047ea3-500x280.jpg",500,280,true],"medium":["https:\/\/arantv.az\/wp-content\/uploads\/2024\/08\/e787637932daa119b112fb1917047ea3-649x365.jpg",649,365,true],"large":["https:\/\/arantv.az\/wp-content\/uploads\/2024\/08\/e787637932daa119b112fb1917047ea3.jpg",640,360,false],"1536x1536":["https:\/\/arantv.az\/wp-content\/uploads\/2024\/08\/e787637932daa119b112fb1917047ea3.jpg",750,422,false],"2048x2048":["https:\/\/arantv.az\/wp-content\/uploads\/2024\/08\/e787637932daa119b112fb1917047ea3.jpg",750,422,false],"post-thumbnail":["https:\/\/arantv.az\/wp-content\/uploads\/2024\/08\/e787637932daa119b112fb1917047ea3-240x172.jpg",240,172,true],"advps-thumb-one":["https:\/\/arantv.az\/wp-content\/uploads\/2024\/08\/e787637932daa119b112fb1917047ea3.jpg",750,422,false]},"rttpg_author":{"display_name":"V\u00fcsal Rafiqo\u011flu","author_link":"https:\/\/arantv.az\/?author=2"},"rttpg_comment":0,"rttpg_category":"<a href=\"https:\/\/arantv.az\/?cat=1\" rel=\"category\">C\u0259miyy\u0259t<\/a>","rttpg_excerpt":"\u201cUzun m\u00fcdd\u0259tdir ki, yas m\u0259rasiml\u0259rind\u0259 ehsan verilm\u0259si il\u0259 ba\u011fl\u0131 m\u00fcxt\u0259lif s\u0259pkid\u0259 m\u00fczakir\u0259l\u0259r apar\u0131l\u0131r. A\u00e7\u0131\u011f\u0131, bu m\u0259s\u0259l\u0259nin t\u0259m\u0259lind\u0259 n\u0259yin dayand\u0131\u011f\u0131n\u0131 adam d\u0259rk ed\u0259 bilmir. Biz bir m\u00fcs\u0259lman olaraq, dinimizi, onun kitab\u0131n\u0131 v\u0259 h\u00f6kml\u0259rini yax\u015f\u0131 \u00f6yr\u0259nib d\u0259rk ets\u0259k, bu m\u0259s\u0259l\u0259nin daha b\u00f6y\u00fck formatda m\u00fczakir\u0259y\u0259 \u00e7\u0131xar\u0131lmas\u0131na v\u0259 deputatlar\u0131n da bundan dan\u0131\u015fmas\u0131na ehtiyac qalmazd\u0131\u201d. ARANTV.AZ \u00a0x\u0259b\u0259r verir ki, bu&hellip;","_links":{"self":[{"href":"https:\/\/arantv.az\/index.php?rest_route=\/wp\/v2\/posts\/744980"}],"collection":[{"href":"https:\/\/arantv.az\/index.php?rest_route=\/wp\/v2\/posts"}],"about":[{"href":"https:\/\/arantv.az\/index.php?rest_route=\/wp\/v2\/types\/post"}],"author":[{"embeddable":true,"href":"https:\/\/arantv.az\/index.php?rest_route=\/wp\/v2\/users\/2"}],"replies":[{"embeddable":true,"href":"https:\/\/arantv.az\/index.php?rest_route=%2Fwp%2Fv2%2Fcomments&post=744980"}],"version-history":[{"count":1,"href":"https:\/\/arantv.az\/index.php?rest_route=\/wp\/v2\/posts\/744980\/revisions"}],"predecessor-version":[{"id":744982,"href":"https:\/\/arantv.az\/index.php?rest_route=\/wp\/v2\/posts\/744980\/revisions\/744982"}],"wp:featuredmedia":[{"embeddable":true,"href":"https:\/\/arantv.az\/index.php?rest_route=\/wp\/v2\/media\/744981"}],"wp:attachment":[{"href":"https:\/\/arantv.az\/index.php?rest_route=%2Fwp%2Fv2%2Fmedia&parent=744980"}],"wp:term":[{"taxonomy":"category","embeddable":true,"href":"https:\/\/arantv.az\/index.php?rest_route=%2Fwp%2Fv2%2Fcategories&post=744980"},{"taxonomy":"post_tag","embeddable":true,"href":"https:\/\/arantv.az\/index.php?rest_route=%2Fwp%2Fv2%2Ftags&post=744980"}],"curies":[{"name":"wp","href":"https:\/\/api.w.org\/{rel}","templated":true}]}}