{"id":744987,"date":"2024-08-15T18:00:11","date_gmt":"2024-08-15T14:00:11","guid":{"rendered":"https:\/\/arantv.az\/?p=744987"},"modified":"2024-08-15T18:00:11","modified_gmt":"2024-08-15T14:00:11","slug":"razi-nurullayev-qalmaqalli-videosundan-danisdi-t%c9%99nqidcil%c9%99rin%c9%99-cavab-verdi-ayib-olsun","status":"publish","type":"post","link":"https:\/\/arantv.az\/?p=744987","title":{"rendered":"Razi Nurullayev qalmaqall\u0131 videosundan dan\u0131\u015fd\u0131, t\u0259nqid\u00e7il\u0259rin\u0259 cavab verdi: \u201cAy\u0131b olsun!\u201d"},"content":{"rendered":"<div class=\"text-content\" data-id=\"\" data-url=\"\">\n<p><strong>81 sayl\u0131 \u0130mi\u015fli se\u00e7ki dair\u0259sind\u0259n deputatl\u0131\u011fa namiz\u0259d, Az\u0259rbaycan Milli C\u0259bh\u0259 Partiyas\u0131n\u0131n s\u0259dri Razi Nurullayevin sosial \u015f\u0259b\u0259k\u0259l\u0259rd\u0259ki son payla\u015f\u0131m\u0131 m\u00fczakir\u0259l\u0259r\u0259 s\u0259b\u0259b olub.<\/strong><\/p>\n<p>Onun yataq ota\u011f\u0131nda idman h\u0259r\u0259k\u0259tl\u0259rini \u00e7\u0259kib payla\u015fmas\u0131 birm\u0259nal\u0131 qar\u015f\u0131lanmay\u0131b.<\/p>\n<p>M\u00f6vzu il\u0259 ba\u011fl\u0131\u00a0<strong>konkret.az-a<\/strong>\u00a0dan\u0131\u015fan Razi Nurullayev onu t\u0259nqid ed\u0259nl\u0259ri ba\u015fa d\u00fc\u015fm\u0259diyini deyib:<\/p>\n<p>\u201cHaqq\u0131mda yaz\u0131lanlar ba\u015fad\u00fc\u015f\u00fcl\u0259n deyil. M\u0259n\u0259 maraql\u0131d\u0131r, m\u00fcalic\u0259 m\u0259qs\u0259dil\u0259 idman h\u0259r\u0259k\u0259tl\u0259ri etm\u0259k n\u0259 vaxtdan ay\u0131b olub? \u0130dman n\u0259 zamandan pis \u0259m\u0259l olub? Bunu m\u0259nfi hal kimi d\u0259y\u0259rl\u0259ndirib, \u0259leyhim\u0259 y\u00f6n\u0259ld\u0259nl\u0259r\u0259 ay\u0131b olsun\u201d.<\/p>\n<p><iframe src=\"https:\/\/www.facebook.com\/plugins\/video.php?height=476&amp;href=https%3A%2F%2Fwww.facebook.com%2Frazi.nur%2Fvideos%2F1029600575285289%2F&amp;show_text=false&amp;width=267&amp;t=0\" frameborder=\"0\" scrolling=\"no\" allowfullscreen=\"allowfullscreen\" data-mce-fragment=\"1\"><\/iframe><\/p>\n<\/div>\n<div><\/div>\n<div><\/div>\n<div class=\"inner-social-box\">\n<div class=\"subs-in-social subs-whatsapp\"><\/div>\n<\/div>\n","protected":false},"excerpt":{"rendered":"<p>81 sayl\u0131 \u0130mi\u015fli se\u00e7ki dair\u0259sind\u0259n deputatl\u0131\u011fa namiz\u0259d, Az\u0259rbaycan Milli C\u0259bh\u0259 Partiyas\u0131n\u0131n s\u0259dri Razi Nurullayevin sosial \u015f\u0259b\u0259k\u0259l\u0259rd\u0259ki son payla\u015f\u0131m\u0131 m\u00fczakir\u0259l\u0259r\u0259 s\u0259b\u0259b olub. Onun yataq ota\u011f\u0131nda idman h\u0259r\u0259k\u0259tl\u0259rini \u00e7\u0259kib payla\u015fmas\u0131 birm\u0259nal\u0131 qar\u015f\u0131lanmay\u0131b. M\u00f6vzu il\u0259 ba\u011fl\u0131\u00a0konkret.az-a\u00a0dan\u0131\u015fan Razi Nurullayev onu t\u0259nqid ed\u0259nl\u0259ri ba\u015fa d\u00fc\u015fm\u0259diyini deyib: \u201cHaqq\u0131mda yaz\u0131lanlar ba\u015fad\u00fc\u015f\u00fcl\u0259n deyil. M\u0259n\u0259 maraql\u0131d\u0131r, m\u00fcalic\u0259 m\u0259qs\u0259dil\u0259 idman h\u0259r\u0259k\u0259tl\u0259ri etm\u0259k n\u0259 vaxtdan ay\u0131b olub? \u0130dman n\u0259 zamandan pis \u0259m\u0259l olub? Bunu m\u0259nfi hal kimi d\u0259y\u0259rl\u0259ndirib, \u0259leyhim\u0259 y\u00f6n\u0259ld\u0259nl\u0259r\u0259 ay\u0131b olsun\u201d.<\/p>\n","protected":false},"author":2,"featured_media":744988,"comment_status":"closed","ping_status":"closed","sticky":false,"template":"","format":"standard","meta":{"om_disable_all_campaigns":false,"_monsterinsights_skip_tracking":false,"_monsterinsights_sitenote_active":false,"_monsterinsights_sitenote_note":"","_monsterinsights_sitenote_category":0},"categories":[1],"tags":[],"aioseo_notices":[],"gutentor_comment":0,"rttpg_featured_image_url":{"full":["https:\/\/arantv.az\/wp-content\/uploads\/2024\/08\/57cc4edcaa085ec7ded046f792e6cb81.jpg",768,403,false],"landscape":["https:\/\/arantv.az\/wp-content\/uploads\/2024\/08\/57cc4edcaa085ec7ded046f792e6cb81.jpg",768,403,false],"portraits":["https:\/\/arantv.az\/wp-content\/uploads\/2024\/08\/57cc4edcaa085ec7ded046f792e6cb81.jpg",768,403,false],"thumbnail":["https:\/\/arantv.az\/wp-content\/uploads\/2024\/08\/57cc4edcaa085ec7ded046f792e6cb81-500x280.jpg",500,280,true],"medium":["https:\/\/arantv.az\/wp-content\/uploads\/2024\/08\/57cc4edcaa085ec7ded046f792e6cb81-660x346.jpg",660,346,true],"large":["https:\/\/arantv.az\/wp-content\/uploads\/2024\/08\/57cc4edcaa085ec7ded046f792e6cb81.jpg",640,336,false],"1536x1536":["https:\/\/arantv.az\/wp-content\/uploads\/2024\/08\/57cc4edcaa085ec7ded046f792e6cb81.jpg",768,403,false],"2048x2048":["https:\/\/arantv.az\/wp-content\/uploads\/2024\/08\/57cc4edcaa085ec7ded046f792e6cb81.jpg",768,403,false],"post-thumbnail":["https:\/\/arantv.az\/wp-content\/uploads\/2024\/08\/57cc4edcaa085ec7ded046f792e6cb81-240x172.jpg",240,172,true],"advps-thumb-one":["https:\/\/arantv.az\/wp-content\/uploads\/2024\/08\/57cc4edcaa085ec7ded046f792e6cb81.jpg",768,403,false]},"rttpg_author":{"display_name":"V\u00fcsal Rafiqo\u011flu","author_link":"https:\/\/arantv.az\/?author=2"},"rttpg_comment":0,"rttpg_category":"<a href=\"https:\/\/arantv.az\/?cat=1\" rel=\"category\">C\u0259miyy\u0259t<\/a>","rttpg_excerpt":"81 sayl\u0131 \u0130mi\u015fli se\u00e7ki dair\u0259sind\u0259n deputatl\u0131\u011fa namiz\u0259d, Az\u0259rbaycan Milli C\u0259bh\u0259 Partiyas\u0131n\u0131n s\u0259dri Razi Nurullayevin sosial \u015f\u0259b\u0259k\u0259l\u0259rd\u0259ki son payla\u015f\u0131m\u0131 m\u00fczakir\u0259l\u0259r\u0259 s\u0259b\u0259b olub. Onun yataq ota\u011f\u0131nda idman h\u0259r\u0259k\u0259tl\u0259rini \u00e7\u0259kib payla\u015fmas\u0131 birm\u0259nal\u0131 qar\u015f\u0131lanmay\u0131b. M\u00f6vzu il\u0259 ba\u011fl\u0131\u00a0konkret.az-a\u00a0dan\u0131\u015fan Razi Nurullayev onu t\u0259nqid ed\u0259nl\u0259ri ba\u015fa d\u00fc\u015fm\u0259diyini deyib: \u201cHaqq\u0131mda yaz\u0131lanlar ba\u015fad\u00fc\u015f\u00fcl\u0259n deyil. M\u0259n\u0259 maraql\u0131d\u0131r, m\u00fcalic\u0259 m\u0259qs\u0259dil\u0259 idman h\u0259r\u0259k\u0259tl\u0259ri etm\u0259k n\u0259 vaxtdan ay\u0131b&hellip;","_links":{"self":[{"href":"https:\/\/arantv.az\/index.php?rest_route=\/wp\/v2\/posts\/744987"}],"collection":[{"href":"https:\/\/arantv.az\/index.php?rest_route=\/wp\/v2\/posts"}],"about":[{"href":"https:\/\/arantv.az\/index.php?rest_route=\/wp\/v2\/types\/post"}],"author":[{"embeddable":true,"href":"https:\/\/arantv.az\/index.php?rest_route=\/wp\/v2\/users\/2"}],"replies":[{"embeddable":true,"href":"https:\/\/arantv.az\/index.php?rest_route=%2Fwp%2Fv2%2Fcomments&post=744987"}],"version-history":[{"count":1,"href":"https:\/\/arantv.az\/index.php?rest_route=\/wp\/v2\/posts\/744987\/revisions"}],"predecessor-version":[{"id":744989,"href":"https:\/\/arantv.az\/index.php?rest_route=\/wp\/v2\/posts\/744987\/revisions\/744989"}],"wp:featuredmedia":[{"embeddable":true,"href":"https:\/\/arantv.az\/index.php?rest_route=\/wp\/v2\/media\/744988"}],"wp:attachment":[{"href":"https:\/\/arantv.az\/index.php?rest_route=%2Fwp%2Fv2%2Fmedia&parent=744987"}],"wp:term":[{"taxonomy":"category","embeddable":true,"href":"https:\/\/arantv.az\/index.php?rest_route=%2Fwp%2Fv2%2Fcategories&post=744987"},{"taxonomy":"post_tag","embeddable":true,"href":"https:\/\/arantv.az\/index.php?rest_route=%2Fwp%2Fv2%2Ftags&post=744987"}],"curies":[{"name":"wp","href":"https:\/\/api.w.org\/{rel}","templated":true}]}}