{"id":744990,"date":"2024-08-15T18:01:21","date_gmt":"2024-08-15T14:01:21","guid":{"rendered":"https:\/\/arantv.az\/?p=744990"},"modified":"2024-08-15T18:01:21","modified_gmt":"2024-08-15T14:01:21","slug":"basimi-yastiqdan-qaldira-bilmir%c9%99m-gucum-yoxdur-ofeliya-s%c9%99nani-s%c9%99hh%c9%99tind%c9%99n-sikay%c9%99tl%c9%99ndi","status":"publish","type":"post","link":"https:\/\/arantv.az\/?p=744990","title":{"rendered":"\u201cBa\u015f\u0131m\u0131 yast\u0131qdan qald\u0131ra bilmir\u0259m, g\u00fcc\u00fcm yoxdur\u201d \u2013 Ofeliya S\u0259nani s\u0259hh\u0259tind\u0259n \u015fikay\u0259tl\u0259ndi"},"content":{"rendered":"<p><strong>\u201cHavalar d\u0259yi\u015f\u0259nd\u0259 \u00e7ox pis oluram, ba\u015f\u0131m\u0131 yast\u0131qdan qald\u0131ra bilmir\u0259m. G\u00fcc\u00fcm yoxdur\u201d.<\/strong><\/p>\n<p>Bunu\u00a0<strong>Musavat.com-<\/strong>a Xalq artisti Ofeliya S\u0259nani deyib. Bir m\u00fcdd\u0259t \u0259vv\u0259l infarkt ke\u00e7ir\u0259n tan\u0131nm\u0131\u015f diktor bildirib ki, haz\u0131rda q\u0131z\u0131 il\u0259 birlikd\u0259 ba\u011fda qal\u0131r.<\/p>\n<p>\u201cQ\u0131z\u0131m olmasa, he\u00e7 n\u0259 ed\u0259 bilm\u0259r\u0259m. O qon\u015fuluqda ya\u015fay\u0131r, yem\u0259yimi bi\u015firir, i\u015fl\u0259rimi g\u00f6r\u00fcr. Ba\u011f m\u0259n\u0259 yax\u015f\u0131 t\u0259sir edir, hava t\u0259mizdir. \u00dcmum\u0259n b\u0259d\u0259nimd\u0259 z\u0259iflik var. Evin i\u00e7ind\u0259 g\u0259zir\u0259m, televizora\u00a0 bax\u0131ram.\u00a0 H\u0259r g\u00fcn\u00fcm bel\u0259 ke\u00e7ir. H\u0259rd\u0259n d\u0259 ke\u00e7mi\u015f g\u00fcnl\u0259rimi, televiziyada i\u015fl\u0259diyim vaxtlar\u0131m\u0131 yada sal\u0131ram. Amma daha ya\u015f ke\u00e7ib, q\u00fcvv\u0259d\u0259n d\u00fc\u015fm\u00fc\u015f\u0259m. Sentyabrda yenid\u0259n m\u00fcalic\u0259l\u0259r\u0259 ba\u015flayaca\u011fam\u201d.<\/p>\n<p>O.S\u0259nani ke\u00e7mi\u015f h\u0259mkarlar\u0131 il\u0259 telefonla dan\u0131\u015fd\u0131\u011f\u0131n\u0131 deyib.<\/p>\n<p>\u201cS\u0259n\u0259t dostlar\u0131mla telefonla dan\u0131\u015f\u0131ram. \u0130ndi g\u00f6r\u00fc\u015f\u0259 bilmirik. Roza xan\u0131m rayona gedib, \u015e\u0259rqiyy\u0259 xan\u0131m is\u0259 n\u0259v\u0259si il\u0259 m\u0259\u015f\u011fuldur.\u00a0 Sentyabr ay\u0131nda g\u00f6r\u00fc\u015f\u0259c\u0259yik\u201d.<\/p>\n<p>Qeyd ed\u0259k ki, Xalq artisti bir ne\u00e7\u0259 ay bundan \u00f6nc\u0259 s\u0259hh\u0259tind\u0259 problem yarand\u0131\u011f\u0131 \u00fc\u00e7\u00fcn x\u0259st\u0259xanada m\u00fcalic\u0259 al\u0131b. Televiziya apar\u0131c\u0131s\u0131n\u0131n 83 ya\u015f\u0131 var.<\/p>\n","protected":false},"excerpt":{"rendered":"<p>\u201cHavalar d\u0259yi\u015f\u0259nd\u0259 \u00e7ox pis oluram, ba\u015f\u0131m\u0131 yast\u0131qdan qald\u0131ra bilmir\u0259m. G\u00fcc\u00fcm yoxdur\u201d. Bunu\u00a0Musavat.com-a Xalq artisti Ofeliya S\u0259nani deyib. Bir m\u00fcdd\u0259t \u0259vv\u0259l infarkt ke\u00e7ir\u0259n tan\u0131nm\u0131\u015f diktor bildirib ki, haz\u0131rda q\u0131z\u0131 il\u0259 birlikd\u0259 ba\u011fda qal\u0131r. \u201cQ\u0131z\u0131m olmasa, he\u00e7 n\u0259 ed\u0259 bilm\u0259r\u0259m. O qon\u015fuluqda ya\u015fay\u0131r, yem\u0259yimi bi\u015firir, i\u015fl\u0259rimi g\u00f6r\u00fcr. Ba\u011f m\u0259n\u0259 yax\u015f\u0131 t\u0259sir edir, hava t\u0259mizdir. \u00dcmum\u0259n b\u0259d\u0259nimd\u0259 z\u0259iflik var. Evin i\u00e7ind\u0259 g\u0259zir\u0259m, televizora\u00a0 bax\u0131ram.\u00a0 H\u0259r g\u00fcn\u00fcm bel\u0259 ke\u00e7ir. H\u0259rd\u0259n d\u0259 ke\u00e7mi\u015f g\u00fcnl\u0259rimi, televiziyada i\u015fl\u0259diyim vaxtlar\u0131m\u0131 yada sal\u0131ram. Amma daha ya\u015f ke\u00e7ib, q\u00fcvv\u0259d\u0259n d\u00fc\u015fm\u00fc\u015f\u0259m. Sentyabrda yenid\u0259n m\u00fcalic\u0259l\u0259r\u0259 ba\u015flayaca\u011fam\u201d. O.S\u0259nani ke\u00e7mi\u015f h\u0259mkarlar\u0131 il\u0259 telefonla dan\u0131\u015fd\u0131\u011f\u0131n\u0131&hellip;<\/p>\n","protected":false},"author":2,"featured_media":744991,"comment_status":"closed","ping_status":"closed","sticky":false,"template":"","format":"standard","meta":{"om_disable_all_campaigns":false,"_monsterinsights_skip_tracking":false,"_monsterinsights_sitenote_active":false,"_monsterinsights_sitenote_note":"","_monsterinsights_sitenote_category":0},"categories":[20],"tags":[],"aioseo_notices":[],"gutentor_comment":0,"rttpg_featured_image_url":{"full":["https:\/\/arantv.az\/wp-content\/uploads\/2024\/08\/b8bcb85f510f9c2dbf79509b48c60cdc.jpg",549,332,false],"landscape":["https:\/\/arantv.az\/wp-content\/uploads\/2024\/08\/b8bcb85f510f9c2dbf79509b48c60cdc.jpg",549,332,false],"portraits":["https:\/\/arantv.az\/wp-content\/uploads\/2024\/08\/b8bcb85f510f9c2dbf79509b48c60cdc.jpg",549,332,false],"thumbnail":["https:\/\/arantv.az\/wp-content\/uploads\/2024\/08\/b8bcb85f510f9c2dbf79509b48c60cdc-500x280.jpg",500,280,true],"medium":["https:\/\/arantv.az\/wp-content\/uploads\/2024\/08\/b8bcb85f510f9c2dbf79509b48c60cdc.jpg",549,332,false],"large":["https:\/\/arantv.az\/wp-content\/uploads\/2024\/08\/b8bcb85f510f9c2dbf79509b48c60cdc.jpg",549,332,false],"1536x1536":["https:\/\/arantv.az\/wp-content\/uploads\/2024\/08\/b8bcb85f510f9c2dbf79509b48c60cdc.jpg",549,332,false],"2048x2048":["https:\/\/arantv.az\/wp-content\/uploads\/2024\/08\/b8bcb85f510f9c2dbf79509b48c60cdc.jpg",549,332,false],"post-thumbnail":["https:\/\/arantv.az\/wp-content\/uploads\/2024\/08\/b8bcb85f510f9c2dbf79509b48c60cdc-240x172.jpg",240,172,true],"advps-thumb-one":["https:\/\/arantv.az\/wp-content\/uploads\/2024\/08\/b8bcb85f510f9c2dbf79509b48c60cdc.jpg",549,332,false]},"rttpg_author":{"display_name":"V\u00fcsal Rafiqo\u011flu","author_link":"https:\/\/arantv.az\/?author=2"},"rttpg_comment":0,"rttpg_category":"<a href=\"https:\/\/arantv.az\/?cat=20\" rel=\"category\">\u015eou biznes<\/a>","rttpg_excerpt":"\u201cHavalar d\u0259yi\u015f\u0259nd\u0259 \u00e7ox pis oluram, ba\u015f\u0131m\u0131 yast\u0131qdan qald\u0131ra bilmir\u0259m. G\u00fcc\u00fcm yoxdur\u201d. Bunu\u00a0Musavat.com-a Xalq artisti Ofeliya S\u0259nani deyib. Bir m\u00fcdd\u0259t \u0259vv\u0259l infarkt ke\u00e7ir\u0259n tan\u0131nm\u0131\u015f diktor bildirib ki, haz\u0131rda q\u0131z\u0131 il\u0259 birlikd\u0259 ba\u011fda qal\u0131r. \u201cQ\u0131z\u0131m olmasa, he\u00e7 n\u0259 ed\u0259 bilm\u0259r\u0259m. O qon\u015fuluqda ya\u015fay\u0131r, yem\u0259yimi bi\u015firir, i\u015fl\u0259rimi g\u00f6r\u00fcr. Ba\u011f m\u0259n\u0259 yax\u015f\u0131 t\u0259sir edir, hava t\u0259mizdir. \u00dcmum\u0259n b\u0259d\u0259nimd\u0259 z\u0259iflik&hellip;","_links":{"self":[{"href":"https:\/\/arantv.az\/index.php?rest_route=\/wp\/v2\/posts\/744990"}],"collection":[{"href":"https:\/\/arantv.az\/index.php?rest_route=\/wp\/v2\/posts"}],"about":[{"href":"https:\/\/arantv.az\/index.php?rest_route=\/wp\/v2\/types\/post"}],"author":[{"embeddable":true,"href":"https:\/\/arantv.az\/index.php?rest_route=\/wp\/v2\/users\/2"}],"replies":[{"embeddable":true,"href":"https:\/\/arantv.az\/index.php?rest_route=%2Fwp%2Fv2%2Fcomments&post=744990"}],"version-history":[{"count":1,"href":"https:\/\/arantv.az\/index.php?rest_route=\/wp\/v2\/posts\/744990\/revisions"}],"predecessor-version":[{"id":744992,"href":"https:\/\/arantv.az\/index.php?rest_route=\/wp\/v2\/posts\/744990\/revisions\/744992"}],"wp:featuredmedia":[{"embeddable":true,"href":"https:\/\/arantv.az\/index.php?rest_route=\/wp\/v2\/media\/744991"}],"wp:attachment":[{"href":"https:\/\/arantv.az\/index.php?rest_route=%2Fwp%2Fv2%2Fmedia&parent=744990"}],"wp:term":[{"taxonomy":"category","embeddable":true,"href":"https:\/\/arantv.az\/index.php?rest_route=%2Fwp%2Fv2%2Fcategories&post=744990"},{"taxonomy":"post_tag","embeddable":true,"href":"https:\/\/arantv.az\/index.php?rest_route=%2Fwp%2Fv2%2Ftags&post=744990"}],"curies":[{"name":"wp","href":"https:\/\/api.w.org\/{rel}","templated":true}]}}