{"id":745137,"date":"2024-08-16T11:46:25","date_gmt":"2024-08-16T07:46:25","guid":{"rendered":"https:\/\/arantv.az\/?p=745137"},"modified":"2024-08-16T11:46:25","modified_gmt":"2024-08-16T07:46:25","slug":"generalin-yerin%c9%99-o-t%c9%99yin-edildi","status":"publish","type":"post","link":"https:\/\/arantv.az\/?p=745137","title":{"rendered":"General\u0131n yerin\u0259 o t\u0259yin edildi"},"content":{"rendered":"<div class=\"text-content\" data-id=\"\" data-url=\"\">\n<p><strong>M\u00fcdafi\u0259 Nazirliyind\u0259 kadr d\u0259yi\u015fikliyi edilib.<\/strong><\/p>\n<p>Manset.az-\u0131n \u0259ld\u0259 etdiyi m\u0259lumata g\u00f6r\u0259, nazir general-polkovnik Zakir H\u0259s\u0259novun \u0259mri il\u0259 M\u00fcdafi\u0259 Nazirliyinin Beyn\u0259lxalq H\u0259rbi \u018fm\u0259kda\u015fl\u0131q \u0130dar\u0259sinin r\u0259isi general-mayor H\u00fcseyn Mahmudov tutdu\u011fu v\u0259zif\u0259sind\u0259n azad edilib. Dig\u0259r \u0259mrl\u0259 polkovnik El\u00e7in Abdullayev Nazirliyin Beyn\u0259lxalq H\u0259rbi \u018fm\u0259kda\u015fl\u0131q \u0130dar\u0259sinin r\u0259isi t\u0259yin edilib.<\/p>\n<p>M\u0259lumat nazirliyin m\u0259tbuat xidm\u0259tind\u0259n t\u0259sdiq edilib.<\/p>\n<p>Qeyd ed\u0259k ki, son vaxtlar M\u00fcdafi\u0259 Nazirliyind\u0259 kadr islahatlar\u0131 apar\u0131l\u0131b. Bir s\u0131ra y\u00fcks\u0259k v\u0259zif\u0259li \u015f\u0259xsl\u0259r i\u015fd\u0259n \u00e7\u0131xar\u0131l\u0131b.<\/p>\n<\/div>\n<div><\/div>\n<div><\/div>\n<div class=\"inner-social-box\">\n<div class=\"subs-in-social subs-whatsapp\"><\/div>\n<\/div>\n","protected":false},"excerpt":{"rendered":"<p>M\u00fcdafi\u0259 Nazirliyind\u0259 kadr d\u0259yi\u015fikliyi edilib. Manset.az-\u0131n \u0259ld\u0259 etdiyi m\u0259lumata g\u00f6r\u0259, nazir general-polkovnik Zakir H\u0259s\u0259novun \u0259mri il\u0259 M\u00fcdafi\u0259 Nazirliyinin Beyn\u0259lxalq H\u0259rbi \u018fm\u0259kda\u015fl\u0131q \u0130dar\u0259sinin r\u0259isi general-mayor H\u00fcseyn Mahmudov tutdu\u011fu v\u0259zif\u0259sind\u0259n azad edilib. Dig\u0259r \u0259mrl\u0259 polkovnik El\u00e7in Abdullayev Nazirliyin Beyn\u0259lxalq H\u0259rbi \u018fm\u0259kda\u015fl\u0131q \u0130dar\u0259sinin r\u0259isi t\u0259yin edilib. M\u0259lumat nazirliyin m\u0259tbuat xidm\u0259tind\u0259n t\u0259sdiq edilib. Qeyd ed\u0259k ki, son vaxtlar M\u00fcdafi\u0259 Nazirliyind\u0259 kadr islahatlar\u0131 apar\u0131l\u0131b. Bir s\u0131ra y\u00fcks\u0259k v\u0259zif\u0259li \u015f\u0259xsl\u0259r i\u015fd\u0259n \u00e7\u0131xar\u0131l\u0131b.<\/p>\n","protected":false},"author":2,"featured_media":745138,"comment_status":"closed","ping_status":"closed","sticky":false,"template":"","format":"standard","meta":{"om_disable_all_campaigns":false,"_monsterinsights_skip_tracking":false,"_monsterinsights_sitenote_active":false,"_monsterinsights_sitenote_note":"","_monsterinsights_sitenote_category":0},"categories":[10],"tags":[],"aioseo_notices":[],"gutentor_comment":0,"rttpg_featured_image_url":{"full":["https:\/\/arantv.az\/wp-content\/uploads\/2024\/08\/13fa176ec0e478ec6289c1e1e6795f57.jpg",506,302,false],"landscape":["https:\/\/arantv.az\/wp-content\/uploads\/2024\/08\/13fa176ec0e478ec6289c1e1e6795f57.jpg",506,302,false],"portraits":["https:\/\/arantv.az\/wp-content\/uploads\/2024\/08\/13fa176ec0e478ec6289c1e1e6795f57.jpg",506,302,false],"thumbnail":["https:\/\/arantv.az\/wp-content\/uploads\/2024\/08\/13fa176ec0e478ec6289c1e1e6795f57-500x280.jpg",500,280,true],"medium":["https:\/\/arantv.az\/wp-content\/uploads\/2024\/08\/13fa176ec0e478ec6289c1e1e6795f57.jpg",506,302,false],"large":["https:\/\/arantv.az\/wp-content\/uploads\/2024\/08\/13fa176ec0e478ec6289c1e1e6795f57.jpg",506,302,false],"1536x1536":["https:\/\/arantv.az\/wp-content\/uploads\/2024\/08\/13fa176ec0e478ec6289c1e1e6795f57.jpg",506,302,false],"2048x2048":["https:\/\/arantv.az\/wp-content\/uploads\/2024\/08\/13fa176ec0e478ec6289c1e1e6795f57.jpg",506,302,false],"post-thumbnail":["https:\/\/arantv.az\/wp-content\/uploads\/2024\/08\/13fa176ec0e478ec6289c1e1e6795f57-240x172.jpg",240,172,true],"advps-thumb-one":["https:\/\/arantv.az\/wp-content\/uploads\/2024\/08\/13fa176ec0e478ec6289c1e1e6795f57.jpg",506,302,false]},"rttpg_author":{"display_name":"V\u00fcsal Rafiqo\u011flu","author_link":"https:\/\/arantv.az\/?author=2"},"rttpg_comment":0,"rttpg_category":"<a href=\"https:\/\/arantv.az\/?cat=10\" rel=\"category\">C\u0259bh\u0259d\u0259n X\u0259b\u0259r<\/a>","rttpg_excerpt":"M\u00fcdafi\u0259 Nazirliyind\u0259 kadr d\u0259yi\u015fikliyi edilib. Manset.az-\u0131n \u0259ld\u0259 etdiyi m\u0259lumata g\u00f6r\u0259, nazir general-polkovnik Zakir H\u0259s\u0259novun \u0259mri il\u0259 M\u00fcdafi\u0259 Nazirliyinin Beyn\u0259lxalq H\u0259rbi \u018fm\u0259kda\u015fl\u0131q \u0130dar\u0259sinin r\u0259isi general-mayor H\u00fcseyn Mahmudov tutdu\u011fu v\u0259zif\u0259sind\u0259n azad edilib. Dig\u0259r \u0259mrl\u0259 polkovnik El\u00e7in Abdullayev Nazirliyin Beyn\u0259lxalq H\u0259rbi \u018fm\u0259kda\u015fl\u0131q \u0130dar\u0259sinin r\u0259isi t\u0259yin edilib. M\u0259lumat nazirliyin m\u0259tbuat xidm\u0259tind\u0259n t\u0259sdiq edilib. Qeyd ed\u0259k ki, son vaxtlar M\u00fcdafi\u0259&hellip;","_links":{"self":[{"href":"https:\/\/arantv.az\/index.php?rest_route=\/wp\/v2\/posts\/745137"}],"collection":[{"href":"https:\/\/arantv.az\/index.php?rest_route=\/wp\/v2\/posts"}],"about":[{"href":"https:\/\/arantv.az\/index.php?rest_route=\/wp\/v2\/types\/post"}],"author":[{"embeddable":true,"href":"https:\/\/arantv.az\/index.php?rest_route=\/wp\/v2\/users\/2"}],"replies":[{"embeddable":true,"href":"https:\/\/arantv.az\/index.php?rest_route=%2Fwp%2Fv2%2Fcomments&post=745137"}],"version-history":[{"count":1,"href":"https:\/\/arantv.az\/index.php?rest_route=\/wp\/v2\/posts\/745137\/revisions"}],"predecessor-version":[{"id":745139,"href":"https:\/\/arantv.az\/index.php?rest_route=\/wp\/v2\/posts\/745137\/revisions\/745139"}],"wp:featuredmedia":[{"embeddable":true,"href":"https:\/\/arantv.az\/index.php?rest_route=\/wp\/v2\/media\/745138"}],"wp:attachment":[{"href":"https:\/\/arantv.az\/index.php?rest_route=%2Fwp%2Fv2%2Fmedia&parent=745137"}],"wp:term":[{"taxonomy":"category","embeddable":true,"href":"https:\/\/arantv.az\/index.php?rest_route=%2Fwp%2Fv2%2Fcategories&post=745137"},{"taxonomy":"post_tag","embeddable":true,"href":"https:\/\/arantv.az\/index.php?rest_route=%2Fwp%2Fv2%2Ftags&post=745137"}],"curies":[{"name":"wp","href":"https:\/\/api.w.org\/{rel}","templated":true}]}}