{"id":745164,"date":"2024-08-16T12:42:27","date_gmt":"2024-08-16T08:42:27","guid":{"rendered":"https:\/\/arantv.az\/?p=745164"},"modified":"2024-08-16T12:42:27","modified_gmt":"2024-08-16T08:42:27","slug":"c%c9%99brayilda-minalardan-v%c9%99-partlamamis-h%c9%99rbi-sursatlardan-t%c9%99mizl%c9%99m%c9%99-%c9%99m%c9%99liyyatlari-il%c9%99-tanisliq-olub","status":"publish","type":"post","link":"https:\/\/arantv.az\/?p=745164","title":{"rendered":"C\u0259bray\u0131lda minalardan v\u0259 partlamam\u0131\u015f h\u0259rbi sursatlardan t\u0259mizl\u0259m\u0259 \u0259m\u0259liyyatlar\u0131 il\u0259 tan\u0131\u015fl\u0131q olub"},"content":{"rendered":"<p>Az\u0259rbaycan\u0131n i\u015f\u011faldan azad edilmi\u015f \u0259razil\u0259rind\u0259 m\u0259s\u0259l\u0259l\u0259rin m\u0259rk\u0259zl\u0259\u015fdirilmi\u015f qaydada h\u0259lli il\u0259 ba\u011fl\u0131 yarad\u0131lm\u0131\u015f \u018flaq\u0259l\u0259ndirm\u0259 Q\u0259rargah\u0131n\u0131n \u0130dar\u0259l\u0259raras\u0131 M\u0259rk\u0259zinin n\u0259zdind\u0259 f\u0259aliyy\u0259t g\u00f6st\u0259r\u0259n Minalardan v\u0259 partlamam\u0131\u015f h\u0259rbi sursatlardan t\u0259mizl\u0259m\u0259 \u00fczr\u0259 \u0130\u015f\u00e7i qrupunun La\u00e7\u0131n rayonuna s\u0259f\u0259ri \u00e7\u0259r\u00e7iv\u0259sind\u0259 C\u0259bray\u0131l rayonu \u0259razisind\u0259 apar\u0131lan t\u0259mizl\u0259m\u0259 \u0259m\u0259liyyatlar\u0131 il\u0259 tan\u0131\u015fl\u0131q ke\u00e7irilib.<\/p>\n<p>&#8220;Report&#8221; x\u0259b\u0259r verir ki, tan\u0131\u015fl\u0131q \u00e7\u0259r\u00e7iv\u0259sind\u0259 minalardan v\u0259 partlamam\u0131\u015f h\u0259rbi sursatlardan t\u0259mizl\u0259nmi\u015f \u0259razil\u0259r bar\u0259d\u0259 m\u0259lumat verilib.<\/p>\n<p>Qeyd ed\u0259k ki, avqustun 16-da La\u00e7\u0131n \u015f\u0259h\u0259rind\u0259 Minalardan v\u0259 partlamam\u0131\u015f h\u0259rbi sursatlardan t\u0259mizl\u0259m\u0259 \u00fczr\u0259 \u0130\u015f\u00e7i qrupun iclas\u0131 ke\u00e7iril\u0259c\u0259k.<\/p>\n","protected":false},"excerpt":{"rendered":"<p>Az\u0259rbaycan\u0131n i\u015f\u011faldan azad edilmi\u015f \u0259razil\u0259rind\u0259 m\u0259s\u0259l\u0259l\u0259rin m\u0259rk\u0259zl\u0259\u015fdirilmi\u015f qaydada h\u0259lli il\u0259 ba\u011fl\u0131 yarad\u0131lm\u0131\u015f \u018flaq\u0259l\u0259ndirm\u0259 Q\u0259rargah\u0131n\u0131n \u0130dar\u0259l\u0259raras\u0131 M\u0259rk\u0259zinin n\u0259zdind\u0259 f\u0259aliyy\u0259t g\u00f6st\u0259r\u0259n Minalardan v\u0259 partlamam\u0131\u015f h\u0259rbi sursatlardan t\u0259mizl\u0259m\u0259 \u00fczr\u0259 \u0130\u015f\u00e7i qrupunun La\u00e7\u0131n rayonuna s\u0259f\u0259ri \u00e7\u0259r\u00e7iv\u0259sind\u0259 C\u0259bray\u0131l rayonu \u0259razisind\u0259 apar\u0131lan t\u0259mizl\u0259m\u0259 \u0259m\u0259liyyatlar\u0131 il\u0259 tan\u0131\u015fl\u0131q ke\u00e7irilib. &#8220;Report&#8221; x\u0259b\u0259r verir ki, tan\u0131\u015fl\u0131q \u00e7\u0259r\u00e7iv\u0259sind\u0259 minalardan v\u0259 partlamam\u0131\u015f h\u0259rbi sursatlardan t\u0259mizl\u0259nmi\u015f \u0259razil\u0259r bar\u0259d\u0259 m\u0259lumat verilib. Qeyd ed\u0259k ki, avqustun 16-da La\u00e7\u0131n \u015f\u0259h\u0259rind\u0259 Minalardan v\u0259 partlamam\u0131\u015f h\u0259rbi sursatlardan t\u0259mizl\u0259m\u0259 \u00fczr\u0259 \u0130\u015f\u00e7i qrupun iclas\u0131 ke\u00e7iril\u0259c\u0259k.<\/p>\n","protected":false},"author":2,"featured_media":745165,"comment_status":"closed","ping_status":"closed","sticky":false,"template":"","format":"standard","meta":{"om_disable_all_campaigns":false,"_monsterinsights_skip_tracking":false,"_monsterinsights_sitenote_active":false,"_monsterinsights_sitenote_note":"","_monsterinsights_sitenote_category":0},"categories":[1],"tags":[],"aioseo_notices":[],"gutentor_comment":0,"rttpg_featured_image_url":{"full":["https:\/\/arantv.az\/wp-content\/uploads\/2024\/08\/69b3e73e6180e4d71c1f011fab7b60e8.jpg",850,500,false],"landscape":["https:\/\/arantv.az\/wp-content\/uploads\/2024\/08\/69b3e73e6180e4d71c1f011fab7b60e8.jpg",850,500,false],"portraits":["https:\/\/arantv.az\/wp-content\/uploads\/2024\/08\/69b3e73e6180e4d71c1f011fab7b60e8.jpg",850,500,false],"thumbnail":["https:\/\/arantv.az\/wp-content\/uploads\/2024\/08\/69b3e73e6180e4d71c1f011fab7b60e8-500x280.jpg",500,280,true],"medium":["https:\/\/arantv.az\/wp-content\/uploads\/2024\/08\/69b3e73e6180e4d71c1f011fab7b60e8-621x365.jpg",621,365,true],"large":["https:\/\/arantv.az\/wp-content\/uploads\/2024\/08\/69b3e73e6180e4d71c1f011fab7b60e8-840x494.jpg",640,376,true],"1536x1536":["https:\/\/arantv.az\/wp-content\/uploads\/2024\/08\/69b3e73e6180e4d71c1f011fab7b60e8.jpg",850,500,false],"2048x2048":["https:\/\/arantv.az\/wp-content\/uploads\/2024\/08\/69b3e73e6180e4d71c1f011fab7b60e8.jpg",850,500,false],"post-thumbnail":["https:\/\/arantv.az\/wp-content\/uploads\/2024\/08\/69b3e73e6180e4d71c1f011fab7b60e8-240x172.jpg",240,172,true],"advps-thumb-one":["https:\/\/arantv.az\/wp-content\/uploads\/2024\/08\/69b3e73e6180e4d71c1f011fab7b60e8.jpg",850,500,false]},"rttpg_author":{"display_name":"V\u00fcsal Rafiqo\u011flu","author_link":"https:\/\/arantv.az\/?author=2"},"rttpg_comment":0,"rttpg_category":"<a href=\"https:\/\/arantv.az\/?cat=1\" rel=\"category\">C\u0259miyy\u0259t<\/a>","rttpg_excerpt":"Az\u0259rbaycan\u0131n i\u015f\u011faldan azad edilmi\u015f \u0259razil\u0259rind\u0259 m\u0259s\u0259l\u0259l\u0259rin m\u0259rk\u0259zl\u0259\u015fdirilmi\u015f qaydada h\u0259lli il\u0259 ba\u011fl\u0131 yarad\u0131lm\u0131\u015f \u018flaq\u0259l\u0259ndirm\u0259 Q\u0259rargah\u0131n\u0131n \u0130dar\u0259l\u0259raras\u0131 M\u0259rk\u0259zinin n\u0259zdind\u0259 f\u0259aliyy\u0259t g\u00f6st\u0259r\u0259n Minalardan v\u0259 partlamam\u0131\u015f h\u0259rbi sursatlardan t\u0259mizl\u0259m\u0259 \u00fczr\u0259 \u0130\u015f\u00e7i qrupunun La\u00e7\u0131n rayonuna s\u0259f\u0259ri \u00e7\u0259r\u00e7iv\u0259sind\u0259 C\u0259bray\u0131l rayonu \u0259razisind\u0259 apar\u0131lan t\u0259mizl\u0259m\u0259 \u0259m\u0259liyyatlar\u0131 il\u0259 tan\u0131\u015fl\u0131q ke\u00e7irilib. &#8220;Report&#8221; x\u0259b\u0259r verir ki, tan\u0131\u015fl\u0131q \u00e7\u0259r\u00e7iv\u0259sind\u0259 minalardan v\u0259 partlamam\u0131\u015f h\u0259rbi sursatlardan t\u0259mizl\u0259nmi\u015f \u0259razil\u0259r bar\u0259d\u0259&hellip;","_links":{"self":[{"href":"https:\/\/arantv.az\/index.php?rest_route=\/wp\/v2\/posts\/745164"}],"collection":[{"href":"https:\/\/arantv.az\/index.php?rest_route=\/wp\/v2\/posts"}],"about":[{"href":"https:\/\/arantv.az\/index.php?rest_route=\/wp\/v2\/types\/post"}],"author":[{"embeddable":true,"href":"https:\/\/arantv.az\/index.php?rest_route=\/wp\/v2\/users\/2"}],"replies":[{"embeddable":true,"href":"https:\/\/arantv.az\/index.php?rest_route=%2Fwp%2Fv2%2Fcomments&post=745164"}],"version-history":[{"count":2,"href":"https:\/\/arantv.az\/index.php?rest_route=\/wp\/v2\/posts\/745164\/revisions"}],"predecessor-version":[{"id":745167,"href":"https:\/\/arantv.az\/index.php?rest_route=\/wp\/v2\/posts\/745164\/revisions\/745167"}],"wp:featuredmedia":[{"embeddable":true,"href":"https:\/\/arantv.az\/index.php?rest_route=\/wp\/v2\/media\/745165"}],"wp:attachment":[{"href":"https:\/\/arantv.az\/index.php?rest_route=%2Fwp%2Fv2%2Fmedia&parent=745164"}],"wp:term":[{"taxonomy":"category","embeddable":true,"href":"https:\/\/arantv.az\/index.php?rest_route=%2Fwp%2Fv2%2Fcategories&post=745164"},{"taxonomy":"post_tag","embeddable":true,"href":"https:\/\/arantv.az\/index.php?rest_route=%2Fwp%2Fv2%2Ftags&post=745164"}],"curies":[{"name":"wp","href":"https:\/\/api.w.org\/{rel}","templated":true}]}}