{"id":745168,"date":"2024-08-16T12:43:28","date_gmt":"2024-08-16T08:43:28","guid":{"rendered":"https:\/\/arantv.az\/?p=745168"},"modified":"2024-08-16T12:43:28","modified_gmt":"2024-08-16T08:43:28","slug":"bas-prokuror-oxcucayin-dag-m%c9%99d%c9%99n-s%c9%99nayesinin-tullantilari-il%c9%99-cirkl%c9%99ndirilm%c9%99si-davam-edir","status":"publish","type":"post","link":"https:\/\/arantv.az\/?p=745168","title":{"rendered":"Ba\u015f prokuror: Ox\u00e7u\u00e7ay\u0131n da\u011f-m\u0259d\u0259n s\u0259nayesinin tullant\u0131lar\u0131 il\u0259 \u00e7irkl\u0259ndirilm\u0259si davam edir"},"content":{"rendered":"<div class=\"text-content\" data-id=\"\" data-url=\"\">\n<p>Ox\u00e7u\u00e7ay\u0131n da\u011f-m\u0259d\u0259n s\u0259nayesinin tullant\u0131lar\u0131 il\u0259 \u00e7irkl\u0259ndirilm\u0259si davam edir.<\/p>\n<p>&#8220;Report&#8221;un yerli b\u00fcrosu x\u0259b\u0259r verir ki, bu s\u00f6zl\u0259ri Ba\u015f prokuror Kamran \u018fliyev avqustun 16-da Nax\u00e7\u0131vanda ke\u00e7iril\u0259n &#8220;Ekoloji su h\u00fcquqpozmalar\u0131n\u0131n iqlim d\u0259yi\u015fikliyin\u0259 t\u0259kan verm\u0259si&#8221; m\u00f6vzusunda&#8221; elmi-praktiki konfrans zaman\u0131 qeyd edib.<\/p>\n<p>O, Xank\u0259ndid\u0259n sonra n\u00f6vb\u0259ti konfrans\u0131n Nax\u00e7\u0131vanda ke\u00e7irilm\u0259sinin x\u00fcsusi \u0259h\u0259miyy\u0259t k\u0259sb etdiyini s\u00f6yl\u0259yib: &#8220;Uzun m\u00fcdd\u0259t davam etmi\u015f Az\u0259rbaycan v\u0259 Erm\u0259nistan m\u00fcnaqi\u015f\u0259sinin gedi\u015fat\u0131nda t\u0259\u0259ss\u00fcfl\u0259r olsun ki, Araz \u00e7ay\u0131 sahilyan\u0131 v\u0259 dib \u00e7\u00f6k\u00fcnt\u00fcl\u0259ri kimy\u0259vi v\u0259 radioaktiv tullant\u0131larla m\u0259qs\u0259dy\u00f6nl\u00fc olaraq \u00e7irkl\u0259ndirilib v\u0259 haz\u0131rda da bu proses davam etdirilir. Haz\u0131rda da Erm\u0259nistan \u0259razisind\u0259n ke\u00e7m\u0259kl\u0259 \u00f6lk\u0259miz\u0259 daxil olan \u00e7aylar\u0131n x\u00fcsus\u0259n d\u0259 Araz v\u0259 onun qolu olan Ox\u00e7u\u00e7ay\u0131n da\u011f-m\u0259d\u0259n s\u0259nayesinin tullant\u0131lar\u0131 il\u0259 \u00e7irkl\u0259ndirilm\u0259si davam edir\u201d.<\/p>\n<\/div>\n<div><\/div>\n<div><\/div>\n<div class=\"inner-social-box\">\n<div class=\"subs-in-social subs-whatsapp\"><\/div>\n<\/div>\n","protected":false},"excerpt":{"rendered":"<p>Ox\u00e7u\u00e7ay\u0131n da\u011f-m\u0259d\u0259n s\u0259nayesinin tullant\u0131lar\u0131 il\u0259 \u00e7irkl\u0259ndirilm\u0259si davam edir. &#8220;Report&#8221;un yerli b\u00fcrosu x\u0259b\u0259r verir ki, bu s\u00f6zl\u0259ri Ba\u015f prokuror Kamran \u018fliyev avqustun 16-da Nax\u00e7\u0131vanda ke\u00e7iril\u0259n &#8220;Ekoloji su h\u00fcquqpozmalar\u0131n\u0131n iqlim d\u0259yi\u015fikliyin\u0259 t\u0259kan verm\u0259si&#8221; m\u00f6vzusunda&#8221; elmi-praktiki konfrans zaman\u0131 qeyd edib. O, Xank\u0259ndid\u0259n sonra n\u00f6vb\u0259ti konfrans\u0131n Nax\u00e7\u0131vanda ke\u00e7irilm\u0259sinin x\u00fcsusi \u0259h\u0259miyy\u0259t k\u0259sb etdiyini s\u00f6yl\u0259yib: &#8220;Uzun m\u00fcdd\u0259t davam etmi\u015f Az\u0259rbaycan v\u0259 Erm\u0259nistan m\u00fcnaqi\u015f\u0259sinin gedi\u015fat\u0131nda t\u0259\u0259ss\u00fcfl\u0259r olsun ki, Araz \u00e7ay\u0131 sahilyan\u0131 v\u0259 dib \u00e7\u00f6k\u00fcnt\u00fcl\u0259ri kimy\u0259vi v\u0259 radioaktiv tullant\u0131larla m\u0259qs\u0259dy\u00f6nl\u00fc olaraq \u00e7irkl\u0259ndirilib v\u0259 haz\u0131rda da bu proses davam etdirilir. Haz\u0131rda da Erm\u0259nistan \u0259razisind\u0259n ke\u00e7m\u0259kl\u0259 \u00f6lk\u0259miz\u0259 daxil olan \u00e7aylar\u0131n&hellip;<\/p>\n","protected":false},"author":2,"featured_media":745169,"comment_status":"closed","ping_status":"closed","sticky":false,"template":"","format":"standard","meta":{"om_disable_all_campaigns":false,"_monsterinsights_skip_tracking":false,"_monsterinsights_sitenote_active":false,"_monsterinsights_sitenote_note":"","_monsterinsights_sitenote_category":0},"categories":[1],"tags":[],"aioseo_notices":[],"gutentor_comment":0,"rttpg_featured_image_url":{"full":["https:\/\/arantv.az\/wp-content\/uploads\/2024\/08\/29853999a31f4be43477dc2149dac50b.jpg",850,500,false],"landscape":["https:\/\/arantv.az\/wp-content\/uploads\/2024\/08\/29853999a31f4be43477dc2149dac50b.jpg",850,500,false],"portraits":["https:\/\/arantv.az\/wp-content\/uploads\/2024\/08\/29853999a31f4be43477dc2149dac50b.jpg",850,500,false],"thumbnail":["https:\/\/arantv.az\/wp-content\/uploads\/2024\/08\/29853999a31f4be43477dc2149dac50b-500x280.jpg",500,280,true],"medium":["https:\/\/arantv.az\/wp-content\/uploads\/2024\/08\/29853999a31f4be43477dc2149dac50b-621x365.jpg",621,365,true],"large":["https:\/\/arantv.az\/wp-content\/uploads\/2024\/08\/29853999a31f4be43477dc2149dac50b-840x494.jpg",640,376,true],"1536x1536":["https:\/\/arantv.az\/wp-content\/uploads\/2024\/08\/29853999a31f4be43477dc2149dac50b.jpg",850,500,false],"2048x2048":["https:\/\/arantv.az\/wp-content\/uploads\/2024\/08\/29853999a31f4be43477dc2149dac50b.jpg",850,500,false],"post-thumbnail":["https:\/\/arantv.az\/wp-content\/uploads\/2024\/08\/29853999a31f4be43477dc2149dac50b-240x172.jpg",240,172,true],"advps-thumb-one":["https:\/\/arantv.az\/wp-content\/uploads\/2024\/08\/29853999a31f4be43477dc2149dac50b.jpg",850,500,false]},"rttpg_author":{"display_name":"V\u00fcsal Rafiqo\u011flu","author_link":"https:\/\/arantv.az\/?author=2"},"rttpg_comment":0,"rttpg_category":"<a href=\"https:\/\/arantv.az\/?cat=1\" rel=\"category\">C\u0259miyy\u0259t<\/a>","rttpg_excerpt":"Ox\u00e7u\u00e7ay\u0131n da\u011f-m\u0259d\u0259n s\u0259nayesinin tullant\u0131lar\u0131 il\u0259 \u00e7irkl\u0259ndirilm\u0259si davam edir. &#8220;Report&#8221;un yerli b\u00fcrosu x\u0259b\u0259r verir ki, bu s\u00f6zl\u0259ri Ba\u015f prokuror Kamran \u018fliyev avqustun 16-da Nax\u00e7\u0131vanda ke\u00e7iril\u0259n &#8220;Ekoloji su h\u00fcquqpozmalar\u0131n\u0131n iqlim d\u0259yi\u015fikliyin\u0259 t\u0259kan verm\u0259si&#8221; m\u00f6vzusunda&#8221; elmi-praktiki konfrans zaman\u0131 qeyd edib. O, Xank\u0259ndid\u0259n sonra n\u00f6vb\u0259ti konfrans\u0131n Nax\u00e7\u0131vanda ke\u00e7irilm\u0259sinin x\u00fcsusi \u0259h\u0259miyy\u0259t k\u0259sb etdiyini s\u00f6yl\u0259yib: &#8220;Uzun m\u00fcdd\u0259t davam etmi\u015f Az\u0259rbaycan v\u0259&hellip;","_links":{"self":[{"href":"https:\/\/arantv.az\/index.php?rest_route=\/wp\/v2\/posts\/745168"}],"collection":[{"href":"https:\/\/arantv.az\/index.php?rest_route=\/wp\/v2\/posts"}],"about":[{"href":"https:\/\/arantv.az\/index.php?rest_route=\/wp\/v2\/types\/post"}],"author":[{"embeddable":true,"href":"https:\/\/arantv.az\/index.php?rest_route=\/wp\/v2\/users\/2"}],"replies":[{"embeddable":true,"href":"https:\/\/arantv.az\/index.php?rest_route=%2Fwp%2Fv2%2Fcomments&post=745168"}],"version-history":[{"count":1,"href":"https:\/\/arantv.az\/index.php?rest_route=\/wp\/v2\/posts\/745168\/revisions"}],"predecessor-version":[{"id":745170,"href":"https:\/\/arantv.az\/index.php?rest_route=\/wp\/v2\/posts\/745168\/revisions\/745170"}],"wp:featuredmedia":[{"embeddable":true,"href":"https:\/\/arantv.az\/index.php?rest_route=\/wp\/v2\/media\/745169"}],"wp:attachment":[{"href":"https:\/\/arantv.az\/index.php?rest_route=%2Fwp%2Fv2%2Fmedia&parent=745168"}],"wp:term":[{"taxonomy":"category","embeddable":true,"href":"https:\/\/arantv.az\/index.php?rest_route=%2Fwp%2Fv2%2Fcategories&post=745168"},{"taxonomy":"post_tag","embeddable":true,"href":"https:\/\/arantv.az\/index.php?rest_route=%2Fwp%2Fv2%2Ftags&post=745168"}],"curies":[{"name":"wp","href":"https:\/\/api.w.org\/{rel}","templated":true}]}}