{"id":745179,"date":"2024-08-16T12:46:27","date_gmt":"2024-08-16T08:46:27","guid":{"rendered":"https:\/\/arantv.az\/?p=745179"},"modified":"2024-08-16T12:46:27","modified_gmt":"2024-08-16T08:46:27","slug":"prezident-onu-nazir-muavini-t%c9%99yin-etdi-foto","status":"publish","type":"post","link":"https:\/\/arantv.az\/?p=745179","title":{"rendered":"Prezident onu nazir m\u00fcavini t\u0259yin etdi- Foto"},"content":{"rendered":"<p>Ekologiya v\u0259 t\u0259bii s\u0259rv\u0259tl\u0259r nazirin\u0259 birinci m\u00fcavin t\u0259yin olunub.<\/p>\n<p><strong>ARANTV.AZ <\/strong>\u00a0x\u0259b\u0259r verir ki, Prezident \u0130lham \u018fliyevin S\u0259r\u0259ncam\u0131 il\u0259 bu v\u0259zif\u0259y\u0259 R\u0259\u015fad Sahil o\u011flu \u0130smay\u0131lov g\u0259tirilib.<\/p>\n<p>Yeni m\u00fcavin bu g\u00fcn nazirliyin kollektivin\u0259 t\u0259qdim edilib.<\/p>\n<p>O, bu t\u0259yinata q\u0259d\u0259r Az\u0259rbaycan D\u00f6vl\u0259t \u015e\u0259h\u0259rsalma v\u0259 Arxitektura Komit\u0259sind\u0259 aparat r\u0259hb\u0259ri v\u0259zif\u0259sind\u0259 \u00e7al\u0131\u015f\u0131b.<\/p>\n<p><img src=\"https:\/\/qafqazinfo.az\/uploads\/1723793196\/eko.jpg\" alt=\"prezident-onu-nazir-muavini-teyin-etdi\" \/><\/p>\n","protected":false},"excerpt":{"rendered":"<p>Ekologiya v\u0259 t\u0259bii s\u0259rv\u0259tl\u0259r nazirin\u0259 birinci m\u00fcavin t\u0259yin olunub. ARANTV.AZ \u00a0x\u0259b\u0259r verir ki, Prezident \u0130lham \u018fliyevin S\u0259r\u0259ncam\u0131 il\u0259 bu v\u0259zif\u0259y\u0259 R\u0259\u015fad Sahil o\u011flu \u0130smay\u0131lov g\u0259tirilib. Yeni m\u00fcavin bu g\u00fcn nazirliyin kollektivin\u0259 t\u0259qdim edilib. O, bu t\u0259yinata q\u0259d\u0259r Az\u0259rbaycan D\u00f6vl\u0259t \u015e\u0259h\u0259rsalma v\u0259 Arxitektura Komit\u0259sind\u0259 aparat r\u0259hb\u0259ri v\u0259zif\u0259sind\u0259 \u00e7al\u0131\u015f\u0131b.<\/p>\n","protected":false},"author":2,"featured_media":745180,"comment_status":"closed","ping_status":"closed","sticky":false,"template":"","format":"standard","meta":{"om_disable_all_campaigns":false,"_monsterinsights_skip_tracking":false,"_monsterinsights_sitenote_active":false,"_monsterinsights_sitenote_note":"","_monsterinsights_sitenote_category":0},"categories":[19],"tags":[],"aioseo_notices":[],"gutentor_comment":0,"rttpg_featured_image_url":{"full":["https:\/\/arantv.az\/wp-content\/uploads\/2024\/08\/293eff6401b7f182cc798b4766c406c8.jpg",637,400,false],"landscape":["https:\/\/arantv.az\/wp-content\/uploads\/2024\/08\/293eff6401b7f182cc798b4766c406c8.jpg",637,400,false],"portraits":["https:\/\/arantv.az\/wp-content\/uploads\/2024\/08\/293eff6401b7f182cc798b4766c406c8.jpg",637,400,false],"thumbnail":["https:\/\/arantv.az\/wp-content\/uploads\/2024\/08\/293eff6401b7f182cc798b4766c406c8-500x280.jpg",500,280,true],"medium":["https:\/\/arantv.az\/wp-content\/uploads\/2024\/08\/293eff6401b7f182cc798b4766c406c8-581x365.jpg",581,365,true],"large":["https:\/\/arantv.az\/wp-content\/uploads\/2024\/08\/293eff6401b7f182cc798b4766c406c8.jpg",637,400,false],"1536x1536":["https:\/\/arantv.az\/wp-content\/uploads\/2024\/08\/293eff6401b7f182cc798b4766c406c8.jpg",637,400,false],"2048x2048":["https:\/\/arantv.az\/wp-content\/uploads\/2024\/08\/293eff6401b7f182cc798b4766c406c8.jpg",637,400,false],"post-thumbnail":["https:\/\/arantv.az\/wp-content\/uploads\/2024\/08\/293eff6401b7f182cc798b4766c406c8-240x172.jpg",240,172,true],"advps-thumb-one":["https:\/\/arantv.az\/wp-content\/uploads\/2024\/08\/293eff6401b7f182cc798b4766c406c8.jpg",637,400,false]},"rttpg_author":{"display_name":"V\u00fcsal Rafiqo\u011flu","author_link":"https:\/\/arantv.az\/?author=2"},"rttpg_comment":0,"rttpg_category":"<a href=\"https:\/\/arantv.az\/?cat=19\" rel=\"category\">G\u00fcnd\u0259m<\/a>","rttpg_excerpt":"Ekologiya v\u0259 t\u0259bii s\u0259rv\u0259tl\u0259r nazirin\u0259 birinci m\u00fcavin t\u0259yin olunub. ARANTV.AZ \u00a0x\u0259b\u0259r verir ki, Prezident \u0130lham \u018fliyevin S\u0259r\u0259ncam\u0131 il\u0259 bu v\u0259zif\u0259y\u0259 R\u0259\u015fad Sahil o\u011flu \u0130smay\u0131lov g\u0259tirilib. Yeni m\u00fcavin bu g\u00fcn nazirliyin kollektivin\u0259 t\u0259qdim edilib. O, bu t\u0259yinata q\u0259d\u0259r Az\u0259rbaycan D\u00f6vl\u0259t \u015e\u0259h\u0259rsalma v\u0259 Arxitektura Komit\u0259sind\u0259 aparat r\u0259hb\u0259ri v\u0259zif\u0259sind\u0259 \u00e7al\u0131\u015f\u0131b.","_links":{"self":[{"href":"https:\/\/arantv.az\/index.php?rest_route=\/wp\/v2\/posts\/745179"}],"collection":[{"href":"https:\/\/arantv.az\/index.php?rest_route=\/wp\/v2\/posts"}],"about":[{"href":"https:\/\/arantv.az\/index.php?rest_route=\/wp\/v2\/types\/post"}],"author":[{"embeddable":true,"href":"https:\/\/arantv.az\/index.php?rest_route=\/wp\/v2\/users\/2"}],"replies":[{"embeddable":true,"href":"https:\/\/arantv.az\/index.php?rest_route=%2Fwp%2Fv2%2Fcomments&post=745179"}],"version-history":[{"count":1,"href":"https:\/\/arantv.az\/index.php?rest_route=\/wp\/v2\/posts\/745179\/revisions"}],"predecessor-version":[{"id":745181,"href":"https:\/\/arantv.az\/index.php?rest_route=\/wp\/v2\/posts\/745179\/revisions\/745181"}],"wp:featuredmedia":[{"embeddable":true,"href":"https:\/\/arantv.az\/index.php?rest_route=\/wp\/v2\/media\/745180"}],"wp:attachment":[{"href":"https:\/\/arantv.az\/index.php?rest_route=%2Fwp%2Fv2%2Fmedia&parent=745179"}],"wp:term":[{"taxonomy":"category","embeddable":true,"href":"https:\/\/arantv.az\/index.php?rest_route=%2Fwp%2Fv2%2Fcategories&post=745179"},{"taxonomy":"post_tag","embeddable":true,"href":"https:\/\/arantv.az\/index.php?rest_route=%2Fwp%2Fv2%2Ftags&post=745179"}],"curies":[{"name":"wp","href":"https:\/\/api.w.org\/{rel}","templated":true}]}}