{"id":745188,"date":"2024-08-16T12:50:55","date_gmt":"2024-08-16T08:50:55","guid":{"rendered":"https:\/\/arantv.az\/?p=745188"},"modified":"2024-08-16T12:50:55","modified_gmt":"2024-08-16T08:50:55","slug":"meymuncic%c9%99yi-olk%c9%99-olk%c9%99-dolasib-cic%c9%99k-acir","status":"publish","type":"post","link":"https:\/\/arantv.az\/?p=745188","title":{"rendered":"Meymun\u00e7i\u00e7\u0259yi \u00f6lk\u0259-\u00f6lk\u0259 dola\u015f\u0131b \u201c\u00e7i\u00e7\u0259k a\u00e7\u0131r\u201d"},"content":{"rendered":"<p><strong>2024-c\u00fc ild\u0259 ilk meymun\u00e7i\u00e7\u0259yi virusuna yoluxma fakt\u0131 Pakistanda t\u0259sdiql\u0259nib.<\/strong><\/p>\n<p><strong>ARANTV.AZ<\/strong> \u201cR\u00f6yter\u201d agentliyin\u0259 istinadla x\u0259b\u0259r verir ki, bundan \u0259vv\u0259l Afrikadan k\u0259narda a\u015fkar edil\u0259n ilk meymun\u00e7i\u00e7\u0259yi infeksiyas\u0131n\u0131n \u0130sve\u00e7d\u0259 \u00fcz\u0259 \u00e7\u0131xd\u0131\u011f\u0131 bildirilib.<\/p>\n<p>\u00dcmumd\u00fcnya S\u0259hiyy\u0259 T\u0259\u015fkilat\u0131 (\u00dcST) meymun\u00e7i\u00e7\u0259yi (monkeypoks) epidemiyas\u0131n\u0131 ictimai s\u0259hiyy\u0259 \u00fc\u00e7\u00fcn f\u00f6vq\u0259lad\u0259 v\u0259ziyy\u0259t elan edib.<\/p>\n<p>\u00dcST r\u0259hb\u0259ri Tedros Adanom Qebreyesus qeyd edib ki, epidemiya t\u0259kc\u0259 Konqo Demokratik Respublikas\u0131na deyil, h\u0259m d\u0259 qon\u015fu \u00f6lk\u0259l\u0259r\u0259 &#8211; Burundi, Keniya, Ruanda v\u0259 Uqandaya yay\u0131l\u0131b.<\/p>\n","protected":false},"excerpt":{"rendered":"<p>2024-c\u00fc ild\u0259 ilk meymun\u00e7i\u00e7\u0259yi virusuna yoluxma fakt\u0131 Pakistanda t\u0259sdiql\u0259nib. ARANTV.AZ \u201cR\u00f6yter\u201d agentliyin\u0259 istinadla x\u0259b\u0259r verir ki, bundan \u0259vv\u0259l Afrikadan k\u0259narda a\u015fkar edil\u0259n ilk meymun\u00e7i\u00e7\u0259yi infeksiyas\u0131n\u0131n \u0130sve\u00e7d\u0259 \u00fcz\u0259 \u00e7\u0131xd\u0131\u011f\u0131 bildirilib. \u00dcmumd\u00fcnya S\u0259hiyy\u0259 T\u0259\u015fkilat\u0131 (\u00dcST) meymun\u00e7i\u00e7\u0259yi (monkeypoks) epidemiyas\u0131n\u0131 ictimai s\u0259hiyy\u0259 \u00fc\u00e7\u00fcn f\u00f6vq\u0259lad\u0259 v\u0259ziyy\u0259t elan edib. \u00dcST r\u0259hb\u0259ri Tedros Adanom Qebreyesus qeyd edib ki, epidemiya t\u0259kc\u0259 Konqo Demokratik Respublikas\u0131na deyil, h\u0259m d\u0259 qon\u015fu \u00f6lk\u0259l\u0259r\u0259 &#8211; Burundi, Keniya, Ruanda v\u0259 Uqandaya yay\u0131l\u0131b.<\/p>\n","protected":false},"author":2,"featured_media":745189,"comment_status":"closed","ping_status":"closed","sticky":false,"template":"","format":"standard","meta":{"om_disable_all_campaigns":false,"_monsterinsights_skip_tracking":false,"_monsterinsights_sitenote_active":false,"_monsterinsights_sitenote_note":"","_monsterinsights_sitenote_category":0},"categories":[7],"tags":[],"aioseo_notices":[],"gutentor_comment":0,"rttpg_featured_image_url":{"full":["https:\/\/arantv.az\/wp-content\/uploads\/2024\/08\/4199d821d69b283f0379abb4fc4a9c60.jpg",870,500,false],"landscape":["https:\/\/arantv.az\/wp-content\/uploads\/2024\/08\/4199d821d69b283f0379abb4fc4a9c60.jpg",870,500,false],"portraits":["https:\/\/arantv.az\/wp-content\/uploads\/2024\/08\/4199d821d69b283f0379abb4fc4a9c60.jpg",870,500,false],"thumbnail":["https:\/\/arantv.az\/wp-content\/uploads\/2024\/08\/4199d821d69b283f0379abb4fc4a9c60-500x280.jpg",500,280,true],"medium":["https:\/\/arantv.az\/wp-content\/uploads\/2024\/08\/4199d821d69b283f0379abb4fc4a9c60-635x365.jpg",635,365,true],"large":["https:\/\/arantv.az\/wp-content\/uploads\/2024\/08\/4199d821d69b283f0379abb4fc4a9c60-840x483.jpg",640,368,true],"1536x1536":["https:\/\/arantv.az\/wp-content\/uploads\/2024\/08\/4199d821d69b283f0379abb4fc4a9c60.jpg",870,500,false],"2048x2048":["https:\/\/arantv.az\/wp-content\/uploads\/2024\/08\/4199d821d69b283f0379abb4fc4a9c60.jpg",870,500,false],"post-thumbnail":["https:\/\/arantv.az\/wp-content\/uploads\/2024\/08\/4199d821d69b283f0379abb4fc4a9c60-240x172.jpg",240,172,true],"advps-thumb-one":["https:\/\/arantv.az\/wp-content\/uploads\/2024\/08\/4199d821d69b283f0379abb4fc4a9c60.jpg",870,500,false]},"rttpg_author":{"display_name":"V\u00fcsal Rafiqo\u011flu","author_link":"https:\/\/arantv.az\/?author=2"},"rttpg_comment":0,"rttpg_category":"<a href=\"https:\/\/arantv.az\/?cat=7\" rel=\"category\">D\u00fcnya<\/a>","rttpg_excerpt":"2024-c\u00fc ild\u0259 ilk meymun\u00e7i\u00e7\u0259yi virusuna yoluxma fakt\u0131 Pakistanda t\u0259sdiql\u0259nib. ARANTV.AZ \u201cR\u00f6yter\u201d agentliyin\u0259 istinadla x\u0259b\u0259r verir ki, bundan \u0259vv\u0259l Afrikadan k\u0259narda a\u015fkar edil\u0259n ilk meymun\u00e7i\u00e7\u0259yi infeksiyas\u0131n\u0131n \u0130sve\u00e7d\u0259 \u00fcz\u0259 \u00e7\u0131xd\u0131\u011f\u0131 bildirilib. \u00dcmumd\u00fcnya S\u0259hiyy\u0259 T\u0259\u015fkilat\u0131 (\u00dcST) meymun\u00e7i\u00e7\u0259yi (monkeypoks) epidemiyas\u0131n\u0131 ictimai s\u0259hiyy\u0259 \u00fc\u00e7\u00fcn f\u00f6vq\u0259lad\u0259 v\u0259ziyy\u0259t elan edib. \u00dcST r\u0259hb\u0259ri Tedros Adanom Qebreyesus qeyd edib ki, epidemiya t\u0259kc\u0259 Konqo Demokratik&hellip;","_links":{"self":[{"href":"https:\/\/arantv.az\/index.php?rest_route=\/wp\/v2\/posts\/745188"}],"collection":[{"href":"https:\/\/arantv.az\/index.php?rest_route=\/wp\/v2\/posts"}],"about":[{"href":"https:\/\/arantv.az\/index.php?rest_route=\/wp\/v2\/types\/post"}],"author":[{"embeddable":true,"href":"https:\/\/arantv.az\/index.php?rest_route=\/wp\/v2\/users\/2"}],"replies":[{"embeddable":true,"href":"https:\/\/arantv.az\/index.php?rest_route=%2Fwp%2Fv2%2Fcomments&post=745188"}],"version-history":[{"count":2,"href":"https:\/\/arantv.az\/index.php?rest_route=\/wp\/v2\/posts\/745188\/revisions"}],"predecessor-version":[{"id":745191,"href":"https:\/\/arantv.az\/index.php?rest_route=\/wp\/v2\/posts\/745188\/revisions\/745191"}],"wp:featuredmedia":[{"embeddable":true,"href":"https:\/\/arantv.az\/index.php?rest_route=\/wp\/v2\/media\/745189"}],"wp:attachment":[{"href":"https:\/\/arantv.az\/index.php?rest_route=%2Fwp%2Fv2%2Fmedia&parent=745188"}],"wp:term":[{"taxonomy":"category","embeddable":true,"href":"https:\/\/arantv.az\/index.php?rest_route=%2Fwp%2Fv2%2Fcategories&post=745188"},{"taxonomy":"post_tag","embeddable":true,"href":"https:\/\/arantv.az\/index.php?rest_route=%2Fwp%2Fv2%2Ftags&post=745188"}],"curies":[{"name":"wp","href":"https:\/\/api.w.org\/{rel}","templated":true}]}}