{"id":745730,"date":"2024-08-18T21:53:29","date_gmt":"2024-08-18T17:53:29","guid":{"rendered":"https:\/\/arantv.az\/?p=745730"},"modified":"2024-08-18T21:53:29","modified_gmt":"2024-08-18T17:53:29","slug":"solcular-makronu-istefaya-gond%c9%99r%c9%99-bil%c9%99r","status":"publish","type":"post","link":"https:\/\/arantv.az\/?p=745730","title":{"rendered":"Sol\u00e7ular Makronu istefaya g\u00f6nd\u0259r\u0259 bil\u0259r"},"content":{"rendered":"<p><strong>Fransan\u0131n sol\u00e7u &#8220;\u0130ta\u0259tsiz Fransa&#8221; partiyas\u0131n\u0131n r\u0259hb\u0259rliyi sol\u00e7u Yeni Xalq C\u0259bh\u0259si alyans\u0131n\u0131n namiz\u0259di Ly\u00fcsi Kasten ba\u015f nazir postuna t\u0259yin edilm\u0259s\u0259, Milli Assambleyan\u0131n (parlamentin a\u015fa\u011f\u0131 palatas\u0131) B\u00fcrosuna \u00f6lk\u0259 prezidenti Emmanuel Makronun v\u0259zif\u0259sind\u0259n k\u0259narla\u015fd\u0131r\u0131lmas\u0131 t\u0259klifini t\u0259qdim etm\u0259k niyy\u0259tind\u0259dir.<\/strong><\/p>\n<p>Bu bar\u0259d\u0259 &#8220;\u0130ta\u0259tsiz Fransa&#8221; alyans\u0131n\u0131n qurucusu Jan-Ly\u00fck Melan\u015fon v\u0259 onun \u0259n yax\u0131n silahda\u015flar\u0131 h\u0259ft\u0259lik &#8220;La Tribune Dimanche&#8221; \u00fc\u00e7\u00fcn m\u0259qal\u0259l\u0259rind\u0259 yaz\u0131blar.<\/p>\n<p>Qeyd olunub ki, \u00f6lk\u0259 konstitusiyas\u0131n\u0131n 68-ci madd\u0259si prezidentin v\u0259zif\u0259d\u0259n k\u0259narla\u015fd\u0131r\u0131lmas\u0131 \u015f\u0259rtl\u0259rini m\u00fc\u0259yy\u0259n edir: &#8220;Bu, qanunda g\u00f6st\u0259rildiyi kimi, onun \u00f6z v\u0259zif\u0259l\u0259rini yerin\u0259 yetirm\u0259m\u0259si, mandat\u0131na uy\u011funsuzlu\u011fun a\u015fkar \u0259lam\u0259tl\u0259ri olan halda ba\u015f ver\u0259 bil\u0259r&#8221;.<\/p>\n<p>Partiya n\u00fcmay\u0259nd\u0259l\u0259ri hesab edirl\u0259r ki, parlament se\u00e7kil\u0259rinin n\u0259tic\u0259l\u0259rini n\u0259z\u0259r\u0259 almamaq v\u0259 onlara m\u0259h\u0259l qoymamaq prezident mandat\u0131n\u0131n elementar t\u0259l\u0259bl\u0259rinin pozulmas\u0131 dem\u0259kdir: &#8220;Ona g\u00f6r\u0259 d\u00f6vl\u0259t ba\u015f\u00e7\u0131s\u0131 demokratiyan\u0131n qarant\u0131 olmal\u0131d\u0131r&#8221;.<\/p>\n<p>M\u00f6vcud qaydalara g\u00f6r\u0259, bel\u0259 sor\u011fular Milli Assambleyan\u0131n B\u00fcrosuna v\u0259 onun r\u0259hb\u0259rliyin\u0259 verilir. Daha sonra v\u0259sat\u0259t q\u0259bul olunarsa, qanunvericilik komissiyas\u0131na g\u00f6nd\u0259ril\u0259c\u0259k.<\/p>\n<p>Yaln\u0131z komissiya t\u0259r\u0259find\u0259n t\u0259sdiq edildikd\u0259n sonra prezidentin istefaya g\u00f6nd\u0259rilm\u0259si t\u0259klifi a\u015fa\u011f\u0131 palatan\u0131n b\u00fct\u00fcn deputatlar\u0131n\u0131n s\u0259sverm\u0259sin\u0259 \u00e7\u0131xar\u0131la bil\u0259r. Melen\u015fon v\u0259 onun t\u0259r\u0259fda\u015flar\u0131 hesab edirl\u0259r ki, bu t\u0259klifi q\u0259bul etm\u0259k olar, \u00e7\u00fcnki prezident d\u00fc\u015f\u0259rg\u0259si palatada azl\u0131q t\u0259\u015fkil edir.<\/p>\n<p>Daha \u0259vv\u0259l &#8220;Agence France-Presse&#8221; Yelisey Saray\u0131na istinad\u0259n x\u0259b\u0259r vermi\u015fdi ki, Makron Milli Assambleyan\u0131n (parlamentin a\u015fa\u011f\u0131 palatas\u0131) fraksiya r\u0259hb\u0259rl\u0259rini \u00f6lk\u0259nin yeni h\u00f6kum\u0259tinin formala\u015fd\u0131r\u0131lmas\u0131na h\u0259sr olunacaq iclasa d\u0259v\u0259t edib.<\/p>\n<p>\u0130clasda Makron n\u00f6vb\u0259d\u0259nk\u0259nar parlament se\u00e7kil\u0259rind\u0259 birinci yeri tutan sol\u00e7u Yeni Xalq C\u0259bh\u0259si alyans\u0131n\u0131n t\u0259klif etdiyi namiz\u0259d, iqtisad\u00e7\u0131 Ly\u00fcsi Kaste il\u0259 s\u00f6hb\u0259t ed\u0259 bil\u0259r.<\/p>\n<p>Eyni zamanda, &#8220;Le Journal du Dimanche&#8221; n\u0259\u015fri is\u0259 qeyd edib ki, Kastenin g\u00f6r\u00fc\u015f\u0259 d\u0259v\u0259t edilm\u0259si \u00f6zl\u00fcy\u00fcnd\u0259 he\u00e7 n\u0259 dem\u0259k deyil. M\u00fcmk\u00fcnd\u00fcr ki, Fransa lideri onun t\u0259yinat\u0131n\u0131n qeyri-m\u00fcmk\u00fcnl\u00fcy\u00fcn\u0259 i\u015far\u0259 etsin. Qeyd olunub ki, Makron avqustun 28-d\u0259k respublikan\u0131n yeni h\u00f6kum\u0259t ba\u015f\u00e7\u0131s\u0131n\u0131 t\u0259yin ed\u0259c\u0259k.\/\/Report<\/p>\n","protected":false},"excerpt":{"rendered":"<p>Fransan\u0131n sol\u00e7u &#8220;\u0130ta\u0259tsiz Fransa&#8221; partiyas\u0131n\u0131n r\u0259hb\u0259rliyi sol\u00e7u Yeni Xalq C\u0259bh\u0259si alyans\u0131n\u0131n namiz\u0259di Ly\u00fcsi Kasten ba\u015f nazir postuna t\u0259yin edilm\u0259s\u0259, Milli Assambleyan\u0131n (parlamentin a\u015fa\u011f\u0131 palatas\u0131) B\u00fcrosuna \u00f6lk\u0259 prezidenti Emmanuel Makronun v\u0259zif\u0259sind\u0259n k\u0259narla\u015fd\u0131r\u0131lmas\u0131 t\u0259klifini t\u0259qdim etm\u0259k niyy\u0259tind\u0259dir. Bu bar\u0259d\u0259 &#8220;\u0130ta\u0259tsiz Fransa&#8221; alyans\u0131n\u0131n qurucusu Jan-Ly\u00fck Melan\u015fon v\u0259 onun \u0259n yax\u0131n silahda\u015flar\u0131 h\u0259ft\u0259lik &#8220;La Tribune Dimanche&#8221; \u00fc\u00e7\u00fcn m\u0259qal\u0259l\u0259rind\u0259 yaz\u0131blar. Qeyd olunub ki, \u00f6lk\u0259 konstitusiyas\u0131n\u0131n 68-ci madd\u0259si prezidentin v\u0259zif\u0259d\u0259n k\u0259narla\u015fd\u0131r\u0131lmas\u0131 \u015f\u0259rtl\u0259rini m\u00fc\u0259yy\u0259n edir: &#8220;Bu, qanunda g\u00f6st\u0259rildiyi kimi, onun \u00f6z v\u0259zif\u0259l\u0259rini yerin\u0259 yetirm\u0259m\u0259si, mandat\u0131na uy\u011funsuzlu\u011fun a\u015fkar \u0259lam\u0259tl\u0259ri olan halda ba\u015f ver\u0259 bil\u0259r&#8221;. Partiya n\u00fcmay\u0259nd\u0259l\u0259ri hesab edirl\u0259r&hellip;<\/p>\n","protected":false},"author":2,"featured_media":745731,"comment_status":"closed","ping_status":"closed","sticky":false,"template":"","format":"standard","meta":{"om_disable_all_campaigns":false,"_monsterinsights_skip_tracking":false,"_monsterinsights_sitenote_active":false,"_monsterinsights_sitenote_note":"","_monsterinsights_sitenote_category":0},"categories":[7],"tags":[],"aioseo_notices":[],"gutentor_comment":0,"rttpg_featured_image_url":{"full":["https:\/\/arantv.az\/wp-content\/uploads\/2024\/08\/702ee3a6029b576ce3092824e52e4c3e.jpg",625,325,false],"landscape":["https:\/\/arantv.az\/wp-content\/uploads\/2024\/08\/702ee3a6029b576ce3092824e52e4c3e.jpg",625,325,false],"portraits":["https:\/\/arantv.az\/wp-content\/uploads\/2024\/08\/702ee3a6029b576ce3092824e52e4c3e.jpg",625,325,false],"thumbnail":["https:\/\/arantv.az\/wp-content\/uploads\/2024\/08\/702ee3a6029b576ce3092824e52e4c3e-500x280.jpg",500,280,true],"medium":["https:\/\/arantv.az\/wp-content\/uploads\/2024\/08\/702ee3a6029b576ce3092824e52e4c3e.jpg",625,325,false],"large":["https:\/\/arantv.az\/wp-content\/uploads\/2024\/08\/702ee3a6029b576ce3092824e52e4c3e.jpg",625,325,false],"1536x1536":["https:\/\/arantv.az\/wp-content\/uploads\/2024\/08\/702ee3a6029b576ce3092824e52e4c3e.jpg",625,325,false],"2048x2048":["https:\/\/arantv.az\/wp-content\/uploads\/2024\/08\/702ee3a6029b576ce3092824e52e4c3e.jpg",625,325,false],"post-thumbnail":["https:\/\/arantv.az\/wp-content\/uploads\/2024\/08\/702ee3a6029b576ce3092824e52e4c3e-240x172.jpg",240,172,true],"advps-thumb-one":["https:\/\/arantv.az\/wp-content\/uploads\/2024\/08\/702ee3a6029b576ce3092824e52e4c3e.jpg",625,325,false]},"rttpg_author":{"display_name":"V\u00fcsal Rafiqo\u011flu","author_link":"https:\/\/arantv.az\/?author=2"},"rttpg_comment":0,"rttpg_category":"<a href=\"https:\/\/arantv.az\/?cat=7\" rel=\"category\">D\u00fcnya<\/a>","rttpg_excerpt":"Fransan\u0131n sol\u00e7u &#8220;\u0130ta\u0259tsiz Fransa&#8221; partiyas\u0131n\u0131n r\u0259hb\u0259rliyi sol\u00e7u Yeni Xalq C\u0259bh\u0259si alyans\u0131n\u0131n namiz\u0259di Ly\u00fcsi Kasten ba\u015f nazir postuna t\u0259yin edilm\u0259s\u0259, Milli Assambleyan\u0131n (parlamentin a\u015fa\u011f\u0131 palatas\u0131) B\u00fcrosuna \u00f6lk\u0259 prezidenti Emmanuel Makronun v\u0259zif\u0259sind\u0259n k\u0259narla\u015fd\u0131r\u0131lmas\u0131 t\u0259klifini t\u0259qdim etm\u0259k niyy\u0259tind\u0259dir. Bu bar\u0259d\u0259 &#8220;\u0130ta\u0259tsiz Fransa&#8221; alyans\u0131n\u0131n qurucusu Jan-Ly\u00fck Melan\u015fon v\u0259 onun \u0259n yax\u0131n silahda\u015flar\u0131 h\u0259ft\u0259lik &#8220;La Tribune Dimanche&#8221; \u00fc\u00e7\u00fcn m\u0259qal\u0259l\u0259rind\u0259 yaz\u0131blar.&hellip;","_links":{"self":[{"href":"https:\/\/arantv.az\/index.php?rest_route=\/wp\/v2\/posts\/745730"}],"collection":[{"href":"https:\/\/arantv.az\/index.php?rest_route=\/wp\/v2\/posts"}],"about":[{"href":"https:\/\/arantv.az\/index.php?rest_route=\/wp\/v2\/types\/post"}],"author":[{"embeddable":true,"href":"https:\/\/arantv.az\/index.php?rest_route=\/wp\/v2\/users\/2"}],"replies":[{"embeddable":true,"href":"https:\/\/arantv.az\/index.php?rest_route=%2Fwp%2Fv2%2Fcomments&post=745730"}],"version-history":[{"count":2,"href":"https:\/\/arantv.az\/index.php?rest_route=\/wp\/v2\/posts\/745730\/revisions"}],"predecessor-version":[{"id":745733,"href":"https:\/\/arantv.az\/index.php?rest_route=\/wp\/v2\/posts\/745730\/revisions\/745733"}],"wp:featuredmedia":[{"embeddable":true,"href":"https:\/\/arantv.az\/index.php?rest_route=\/wp\/v2\/media\/745731"}],"wp:attachment":[{"href":"https:\/\/arantv.az\/index.php?rest_route=%2Fwp%2Fv2%2Fmedia&parent=745730"}],"wp:term":[{"taxonomy":"category","embeddable":true,"href":"https:\/\/arantv.az\/index.php?rest_route=%2Fwp%2Fv2%2Fcategories&post=745730"},{"taxonomy":"post_tag","embeddable":true,"href":"https:\/\/arantv.az\/index.php?rest_route=%2Fwp%2Fv2%2Ftags&post=745730"}],"curies":[{"name":"wp","href":"https:\/\/api.w.org\/{rel}","templated":true}]}}