{"id":745734,"date":"2024-08-18T21:55:11","date_gmt":"2024-08-18T17:55:11","guid":{"rendered":"https:\/\/arantv.az\/?p=745734"},"modified":"2024-08-18T21:55:11","modified_gmt":"2024-08-18T17:55:11","slug":"vladimir-putin-az%c9%99rbaycana-s%c9%99f%c9%99r%c9%99-g%c9%99ldi-onu-kiml%c9%99r-qarsiladi-ilk-goruntul%c9%99rfotovideovacib","status":"publish","type":"post","link":"https:\/\/arantv.az\/?p=745734","title":{"rendered":"Vladimir Putin Az\u0259rbaycana S\u018fF\u018fR\u018f G\u018fLD\u0130: onu kiml\u0259r qar\u015f\u0131lad\u0131? &#8211; \u0130LK G\u00d6R\u00dcNT\u00dcL\u018fRFOTOV\u0130DEOVACIB"},"content":{"rendered":"<div class=\"text-content\" data-id=\"\" data-url=\"\">\n<p><strong>Rusiya Prezidenti Vladimir Putinin Az\u0259rbaycana s\u0259f\u0259ri ba\u015flay\u0131b.<\/strong><\/p>\n<p><strong>ARANTV.AZ <\/strong>\u00a0x\u0259b\u0259r verir ki, Putinin t\u0259yyar\u0259si Heyd\u0259r \u018fliyev ad\u0131na Beyn\u0259lxalq Hava Liman\u0131nda yer\u0259 enib.<\/p>\n<p>Qeyd ed\u0259k ki, ikig\u00fcnl\u00fck s\u0259f\u0259r m\u00f6vcud diplomatik d\u0259r\u0259c\u0259y\u0259 g\u00f6r\u0259 \u0259n y\u00fcks\u0259k d\u00f6vl\u0259t statusu da\u015f\u0131yacaq.<\/p>\n<p>Dan\u0131\u015f\u0131qlar zaman\u0131 Rusiya-Az\u0259rbaycan strateji t\u0259r\u0259fda\u015fl\u0131q v\u0259 m\u00fctt\u0259fiqlik m\u00fcnasib\u0259tl\u0259rinin daha da inki\u015faf etdirilm\u0259si m\u0259s\u0259l\u0259l\u0259ri, el\u0259c\u0259 d\u0259 aktual beyn\u0259lxalq v\u0259 regional probleml\u0259r m\u00fczakir\u0259 olunacaq.<\/p>\n<p>S\u0259f\u0259rin yekunlar\u0131 \u00fczr\u0259 d\u00f6vl\u0259t ba\u015f\u00e7\u0131lar\u0131n\u0131n birg\u0259 b\u0259yanat\u0131n\u0131n q\u0259bul edilm\u0259si, h\u00f6kum\u0259tl\u0259raras\u0131 v\u0259 dig\u0259r s\u0259n\u0259dl\u0259rin imzalanmas\u0131 planla\u015fd\u0131r\u0131l\u0131r.<\/p>\n<p><strong><iframe loading=\"lazy\" id=\"telegram-post-TVmusavat-93359\" src=\"https:\/\/t.me\/TVmusavat\/93359?embed=1\" width=\"100%\" height=\"\" frameborder=\"0\" scrolling=\"no\" data-mce-fragment=\"1\"><\/iframe><\/strong><\/p>\n<\/div>\n<div><\/div>\n<div><\/div>\n<div class=\"inner-social-box\">\n<div class=\"subs-in-social subs-whatsapp\"><\/div>\n<\/div>\n","protected":false},"excerpt":{"rendered":"<p>Rusiya Prezidenti Vladimir Putinin Az\u0259rbaycana s\u0259f\u0259ri ba\u015flay\u0131b. ARANTV.AZ \u00a0x\u0259b\u0259r verir ki, Putinin t\u0259yyar\u0259si Heyd\u0259r \u018fliyev ad\u0131na Beyn\u0259lxalq Hava Liman\u0131nda yer\u0259 enib. Qeyd ed\u0259k ki, ikig\u00fcnl\u00fck s\u0259f\u0259r m\u00f6vcud diplomatik d\u0259r\u0259c\u0259y\u0259 g\u00f6r\u0259 \u0259n y\u00fcks\u0259k d\u00f6vl\u0259t statusu da\u015f\u0131yacaq. Dan\u0131\u015f\u0131qlar zaman\u0131 Rusiya-Az\u0259rbaycan strateji t\u0259r\u0259fda\u015fl\u0131q v\u0259 m\u00fctt\u0259fiqlik m\u00fcnasib\u0259tl\u0259rinin daha da inki\u015faf etdirilm\u0259si m\u0259s\u0259l\u0259l\u0259ri, el\u0259c\u0259 d\u0259 aktual beyn\u0259lxalq v\u0259 regional probleml\u0259r m\u00fczakir\u0259 olunacaq. S\u0259f\u0259rin yekunlar\u0131 \u00fczr\u0259 d\u00f6vl\u0259t ba\u015f\u00e7\u0131lar\u0131n\u0131n birg\u0259 b\u0259yanat\u0131n\u0131n q\u0259bul edilm\u0259si, h\u00f6kum\u0259tl\u0259raras\u0131 v\u0259 dig\u0259r s\u0259n\u0259dl\u0259rin imzalanmas\u0131 planla\u015fd\u0131r\u0131l\u0131r.<\/p>\n","protected":false},"author":2,"featured_media":745735,"comment_status":"closed","ping_status":"closed","sticky":false,"template":"","format":"standard","meta":{"om_disable_all_campaigns":false,"_monsterinsights_skip_tracking":false,"_monsterinsights_sitenote_active":false,"_monsterinsights_sitenote_note":"","_monsterinsights_sitenote_category":0},"categories":[4],"tags":[],"aioseo_notices":[],"gutentor_comment":0,"rttpg_featured_image_url":{"full":["https:\/\/arantv.az\/wp-content\/uploads\/2024\/08\/853673155223fadbac06e3771180f298.jpg",870,500,false],"landscape":["https:\/\/arantv.az\/wp-content\/uploads\/2024\/08\/853673155223fadbac06e3771180f298.jpg",870,500,false],"portraits":["https:\/\/arantv.az\/wp-content\/uploads\/2024\/08\/853673155223fadbac06e3771180f298.jpg",870,500,false],"thumbnail":["https:\/\/arantv.az\/wp-content\/uploads\/2024\/08\/853673155223fadbac06e3771180f298-500x280.jpg",500,280,true],"medium":["https:\/\/arantv.az\/wp-content\/uploads\/2024\/08\/853673155223fadbac06e3771180f298-635x365.jpg",635,365,true],"large":["https:\/\/arantv.az\/wp-content\/uploads\/2024\/08\/853673155223fadbac06e3771180f298-840x483.jpg",640,368,true],"1536x1536":["https:\/\/arantv.az\/wp-content\/uploads\/2024\/08\/853673155223fadbac06e3771180f298.jpg",870,500,false],"2048x2048":["https:\/\/arantv.az\/wp-content\/uploads\/2024\/08\/853673155223fadbac06e3771180f298.jpg",870,500,false],"post-thumbnail":["https:\/\/arantv.az\/wp-content\/uploads\/2024\/08\/853673155223fadbac06e3771180f298-240x172.jpg",240,172,true],"advps-thumb-one":["https:\/\/arantv.az\/wp-content\/uploads\/2024\/08\/853673155223fadbac06e3771180f298.jpg",870,500,false]},"rttpg_author":{"display_name":"V\u00fcsal Rafiqo\u011flu","author_link":"https:\/\/arantv.az\/?author=2"},"rttpg_comment":0,"rttpg_category":"<a href=\"https:\/\/arantv.az\/?cat=4\" rel=\"category\">Siyas\u0259t<\/a>","rttpg_excerpt":"Rusiya Prezidenti Vladimir Putinin Az\u0259rbaycana s\u0259f\u0259ri ba\u015flay\u0131b. ARANTV.AZ \u00a0x\u0259b\u0259r verir ki, Putinin t\u0259yyar\u0259si Heyd\u0259r \u018fliyev ad\u0131na Beyn\u0259lxalq Hava Liman\u0131nda yer\u0259 enib. Qeyd ed\u0259k ki, ikig\u00fcnl\u00fck s\u0259f\u0259r m\u00f6vcud diplomatik d\u0259r\u0259c\u0259y\u0259 g\u00f6r\u0259 \u0259n y\u00fcks\u0259k d\u00f6vl\u0259t statusu da\u015f\u0131yacaq. Dan\u0131\u015f\u0131qlar zaman\u0131 Rusiya-Az\u0259rbaycan strateji t\u0259r\u0259fda\u015fl\u0131q v\u0259 m\u00fctt\u0259fiqlik m\u00fcnasib\u0259tl\u0259rinin daha da inki\u015faf etdirilm\u0259si m\u0259s\u0259l\u0259l\u0259ri, el\u0259c\u0259 d\u0259 aktual beyn\u0259lxalq v\u0259 regional probleml\u0259r&hellip;","_links":{"self":[{"href":"https:\/\/arantv.az\/index.php?rest_route=\/wp\/v2\/posts\/745734"}],"collection":[{"href":"https:\/\/arantv.az\/index.php?rest_route=\/wp\/v2\/posts"}],"about":[{"href":"https:\/\/arantv.az\/index.php?rest_route=\/wp\/v2\/types\/post"}],"author":[{"embeddable":true,"href":"https:\/\/arantv.az\/index.php?rest_route=\/wp\/v2\/users\/2"}],"replies":[{"embeddable":true,"href":"https:\/\/arantv.az\/index.php?rest_route=%2Fwp%2Fv2%2Fcomments&post=745734"}],"version-history":[{"count":2,"href":"https:\/\/arantv.az\/index.php?rest_route=\/wp\/v2\/posts\/745734\/revisions"}],"predecessor-version":[{"id":745737,"href":"https:\/\/arantv.az\/index.php?rest_route=\/wp\/v2\/posts\/745734\/revisions\/745737"}],"wp:featuredmedia":[{"embeddable":true,"href":"https:\/\/arantv.az\/index.php?rest_route=\/wp\/v2\/media\/745735"}],"wp:attachment":[{"href":"https:\/\/arantv.az\/index.php?rest_route=%2Fwp%2Fv2%2Fmedia&parent=745734"}],"wp:term":[{"taxonomy":"category","embeddable":true,"href":"https:\/\/arantv.az\/index.php?rest_route=%2Fwp%2Fv2%2Fcategories&post=745734"},{"taxonomy":"post_tag","embeddable":true,"href":"https:\/\/arantv.az\/index.php?rest_route=%2Fwp%2Fv2%2Ftags&post=745734"}],"curies":[{"name":"wp","href":"https:\/\/api.w.org\/{rel}","templated":true}]}}