{"id":745985,"date":"2024-08-19T15:22:22","date_gmt":"2024-08-19T11:22:22","guid":{"rendered":"https:\/\/arantv.az\/?p=745985"},"modified":"2024-08-19T15:22:22","modified_gmt":"2024-08-19T11:22:22","slug":"lisey-v%c9%99-gimnaziyalarda-ii-m%c9%99rh%c9%99l%c9%99-seciml%c9%99rin%c9%99-start-verilir","status":"publish","type":"post","link":"https:\/\/arantv.az\/?p=745985","title":{"rendered":"Lisey v\u0259 gimnaziyalarda II m\u0259rh\u0259l\u0259 se\u00e7iml\u0259rin\u0259 start verilir"},"content":{"rendered":"<p>19 avqust saat 15:00-dan etibar\u0259n 2024-2025 t\u0259dris ili \u00fczr\u0259 34 t\u0259hsil m\u00fc\u0259ssis\u0259sind\u0259 m\u0259rk\u0259zl\u0259\u015fdirilmi\u015f qaydada q\u0259bul ke\u00e7ir\u0259n lisey v\u0259 gimnaziyalara II m\u0259rh\u0259l\u0259 \u00fczr\u0259 lisey se\u00e7iml\u0259rin\u0259 start verilir.<\/p>\n<p>Bu bar\u0259d\u0259\u00a0&#8220;\u0130ki sahil&#8221;\u0259 T\u0259hsil \u0130nstitundan m\u0259lumat verilib.<\/p>\n<p>Qeyd edilib ki, bu m\u0259rh\u0259l\u0259 1-ci se\u00e7imd\u0259n sonra bo\u015f qalan yerl\u0259r \u00fc\u00e7\u00fcn n\u0259z\u0259rd\u0259 tutulur.<\/p>\n<p>\u015eagirdl\u0259rin elektron yerd\u0259yi\u015fm\u0259 portal\u0131nda (https:\/\/sy.edu.az)\u00a0\u201c\u0130mtahanlar\u201d\u00a0b\u00f6lm\u0259sin\u0259 daxil olaraq se\u00e7im etm\u0259k m\u00fcmk\u00fcnd\u00fcr. Bu m\u0259rh\u0259l\u0259d\u0259 2 se\u00e7im \u015fans\u0131 verilir v\u0259 a\u015fa\u011f\u0131dak\u0131 \u015fagirdl\u0259r i\u015ftirak ed\u0259 bil\u0259r:<\/p>\n<p><strong><em>10 baldan yuxar\u0131 n\u0259tic\u0259 g\u00f6st\u0259r\u0259n;<\/em><\/strong><\/p>\n<p><strong><em>I m\u0259rh\u0259l\u0259d\u0259 se\u00e7im edib, q\u0259bul olmayan;<\/em><\/strong><\/p>\n<p><strong><em>I m\u0259rh\u0259l\u0259d\u0259 se\u00e7im edib q\u0259bul olan t\u0259sdiql\u0259m\u0259y\u0259n\/imtina ed\u0259n\/t\u0259sdiql\u0259yib s\u0259n\u0259dl\u0259rini q\u0259bul oldu\u011fu m\u00fc\u0259ssis\u0259y\u0259 t\u0259qdim etm\u0259y\u0259n;<\/em><\/strong><\/p>\n<p><strong><em>I m\u0259rh\u0259l\u0259d\u0259 se\u00e7im etm\u0259y\u0259n \u015fagirdl\u0259r.<\/em><\/strong><\/p>\n<p>Bildir\u0259k ki, II m\u0259rh\u0259l\u0259 lisey v\u0259 gimnaziya se\u00e7imi 21 avqust saat 17:00-da ba\u015fa \u00e7atacaq.<\/p>\n","protected":false},"excerpt":{"rendered":"<p>19 avqust saat 15:00-dan etibar\u0259n 2024-2025 t\u0259dris ili \u00fczr\u0259 34 t\u0259hsil m\u00fc\u0259ssis\u0259sind\u0259 m\u0259rk\u0259zl\u0259\u015fdirilmi\u015f qaydada q\u0259bul ke\u00e7ir\u0259n lisey v\u0259 gimnaziyalara II m\u0259rh\u0259l\u0259 \u00fczr\u0259 lisey se\u00e7iml\u0259rin\u0259 start verilir. Bu bar\u0259d\u0259\u00a0&#8220;\u0130ki sahil&#8221;\u0259 T\u0259hsil \u0130nstitundan m\u0259lumat verilib. Qeyd edilib ki, bu m\u0259rh\u0259l\u0259 1-ci se\u00e7imd\u0259n sonra bo\u015f qalan yerl\u0259r \u00fc\u00e7\u00fcn n\u0259z\u0259rd\u0259 tutulur. \u015eagirdl\u0259rin elektron yerd\u0259yi\u015fm\u0259 portal\u0131nda (https:\/\/sy.edu.az)\u00a0\u201c\u0130mtahanlar\u201d\u00a0b\u00f6lm\u0259sin\u0259 daxil olaraq se\u00e7im etm\u0259k m\u00fcmk\u00fcnd\u00fcr. Bu m\u0259rh\u0259l\u0259d\u0259 2 se\u00e7im \u015fans\u0131 verilir v\u0259 a\u015fa\u011f\u0131dak\u0131 \u015fagirdl\u0259r i\u015ftirak ed\u0259 bil\u0259r: 10 baldan yuxar\u0131 n\u0259tic\u0259 g\u00f6st\u0259r\u0259n; I m\u0259rh\u0259l\u0259d\u0259 se\u00e7im edib, q\u0259bul olmayan; I m\u0259rh\u0259l\u0259d\u0259 se\u00e7im edib q\u0259bul olan t\u0259sdiql\u0259m\u0259y\u0259n\/imtina ed\u0259n\/t\u0259sdiql\u0259yib s\u0259n\u0259dl\u0259rini q\u0259bul&hellip;<\/p>\n","protected":false},"author":2,"featured_media":745986,"comment_status":"closed","ping_status":"closed","sticky":false,"template":"","format":"standard","meta":{"om_disable_all_campaigns":false,"_monsterinsights_skip_tracking":false,"_monsterinsights_sitenote_active":false,"_monsterinsights_sitenote_note":"","_monsterinsights_sitenote_category":0},"categories":[1],"tags":[],"aioseo_notices":[],"gutentor_comment":0,"rttpg_featured_image_url":{"full":["https:\/\/arantv.az\/wp-content\/uploads\/2024\/08\/af5d5ef2172406558239339082510792887.jpg",975,540,false],"landscape":["https:\/\/arantv.az\/wp-content\/uploads\/2024\/08\/af5d5ef2172406558239339082510792887.jpg",975,540,false],"portraits":["https:\/\/arantv.az\/wp-content\/uploads\/2024\/08\/af5d5ef2172406558239339082510792887.jpg",975,540,false],"thumbnail":["https:\/\/arantv.az\/wp-content\/uploads\/2024\/08\/af5d5ef2172406558239339082510792887-500x280.jpg",500,280,true],"medium":["https:\/\/arantv.az\/wp-content\/uploads\/2024\/08\/af5d5ef2172406558239339082510792887-660x365.jpg",660,365,true],"large":["https:\/\/arantv.az\/wp-content\/uploads\/2024\/08\/af5d5ef2172406558239339082510792887-840x465.jpg",640,354,true],"1536x1536":["https:\/\/arantv.az\/wp-content\/uploads\/2024\/08\/af5d5ef2172406558239339082510792887.jpg",975,540,false],"2048x2048":["https:\/\/arantv.az\/wp-content\/uploads\/2024\/08\/af5d5ef2172406558239339082510792887.jpg",975,540,false],"post-thumbnail":["https:\/\/arantv.az\/wp-content\/uploads\/2024\/08\/af5d5ef2172406558239339082510792887-240x172.jpg",240,172,true],"advps-thumb-one":["https:\/\/arantv.az\/wp-content\/uploads\/2024\/08\/af5d5ef2172406558239339082510792887.jpg",975,540,false]},"rttpg_author":{"display_name":"V\u00fcsal Rafiqo\u011flu","author_link":"https:\/\/arantv.az\/?author=2"},"rttpg_comment":0,"rttpg_category":"<a href=\"https:\/\/arantv.az\/?cat=1\" rel=\"category\">C\u0259miyy\u0259t<\/a>","rttpg_excerpt":"19 avqust saat 15:00-dan etibar\u0259n 2024-2025 t\u0259dris ili \u00fczr\u0259 34 t\u0259hsil m\u00fc\u0259ssis\u0259sind\u0259 m\u0259rk\u0259zl\u0259\u015fdirilmi\u015f qaydada q\u0259bul ke\u00e7ir\u0259n lisey v\u0259 gimnaziyalara II m\u0259rh\u0259l\u0259 \u00fczr\u0259 lisey se\u00e7iml\u0259rin\u0259 start verilir. Bu bar\u0259d\u0259\u00a0&#8220;\u0130ki sahil&#8221;\u0259 T\u0259hsil \u0130nstitundan m\u0259lumat verilib. Qeyd edilib ki, bu m\u0259rh\u0259l\u0259 1-ci se\u00e7imd\u0259n sonra bo\u015f qalan yerl\u0259r \u00fc\u00e7\u00fcn n\u0259z\u0259rd\u0259 tutulur. \u015eagirdl\u0259rin elektron yerd\u0259yi\u015fm\u0259 portal\u0131nda (https:\/\/sy.edu.az)\u00a0\u201c\u0130mtahanlar\u201d\u00a0b\u00f6lm\u0259sin\u0259 daxil olaraq se\u00e7im&hellip;","_links":{"self":[{"href":"https:\/\/arantv.az\/index.php?rest_route=\/wp\/v2\/posts\/745985"}],"collection":[{"href":"https:\/\/arantv.az\/index.php?rest_route=\/wp\/v2\/posts"}],"about":[{"href":"https:\/\/arantv.az\/index.php?rest_route=\/wp\/v2\/types\/post"}],"author":[{"embeddable":true,"href":"https:\/\/arantv.az\/index.php?rest_route=\/wp\/v2\/users\/2"}],"replies":[{"embeddable":true,"href":"https:\/\/arantv.az\/index.php?rest_route=%2Fwp%2Fv2%2Fcomments&post=745985"}],"version-history":[{"count":1,"href":"https:\/\/arantv.az\/index.php?rest_route=\/wp\/v2\/posts\/745985\/revisions"}],"predecessor-version":[{"id":745987,"href":"https:\/\/arantv.az\/index.php?rest_route=\/wp\/v2\/posts\/745985\/revisions\/745987"}],"wp:featuredmedia":[{"embeddable":true,"href":"https:\/\/arantv.az\/index.php?rest_route=\/wp\/v2\/media\/745986"}],"wp:attachment":[{"href":"https:\/\/arantv.az\/index.php?rest_route=%2Fwp%2Fv2%2Fmedia&parent=745985"}],"wp:term":[{"taxonomy":"category","embeddable":true,"href":"https:\/\/arantv.az\/index.php?rest_route=%2Fwp%2Fv2%2Fcategories&post=745985"},{"taxonomy":"post_tag","embeddable":true,"href":"https:\/\/arantv.az\/index.php?rest_route=%2Fwp%2Fv2%2Ftags&post=745985"}],"curies":[{"name":"wp","href":"https:\/\/api.w.org\/{rel}","templated":true}]}}