{"id":746152,"date":"2024-08-20T09:32:27","date_gmt":"2024-08-20T05:32:27","guid":{"rendered":"https:\/\/arantv.az\/?p=746152"},"modified":"2024-08-20T09:32:27","modified_gmt":"2024-08-20T05:32:27","slug":"sulh-danisiqlari-bu-tarixd%c9%99-b%c9%99rpa-olunacaq-aciqlandi","status":"publish","type":"post","link":"https:\/\/arantv.az\/?p=746152","title":{"rendered":"S\u00fclh dan\u0131\u015f\u0131qlar\u0131 BU TAR\u0130XD\u018f b\u0259rpa olunacaq &#8211; A\u00c7IQLANDI"},"content":{"rendered":"<p><strong>Politoloq: \u201cPa\u015finyan hakimiyy\u0259ti t\u0259zyiq alt\u0131ndad\u0131r, s\u0259rb\u0259st v\u0259 ard\u0131c\u0131l q\u0259rarlar ver\u0259 bilmir\u201d<\/strong><\/p>\n<p>2024-c\u00fc ild\u0259 s\u00fclh m\u00fcqavil\u0259sinin imzalanmas\u0131na b\u00f6y\u00fck \u00fcmidl\u0259r b\u0259sl\u0259nils\u0259 d\u0259, bu y\u00f6nd\u0259 m\u00fc\u0259yy\u0259n pozitiv a\u00e7\u0131qlamalar olsa da, g\u00f6r\u00fcn\u0259n budur ki, ilin sonunad\u0259k hans\u0131sa s\u0259n\u0259d imzalanmas\u0131 inand\u0131r\u0131c\u0131 deyil. \u00c7\u00fcnki buna uy\u011fun \u015f\u0259rtl\u0259r m\u00f6vcud deyil.<\/p>\n<p>\u018flb\u0259tt\u0259, s\u0259b\u0259b odur ki, Erm\u0259nistan xarici t\u0259sir dair\u0259l\u0259rinin boyunduru\u011fundan \u00e7\u0131xa bilmir, dan\u0131\u015f\u0131qlardan yay\u0131n\u0131r, s\u00fclh \u00fc\u00e7\u00fcn \u015f\u0259rtl\u0259ri yerin\u0259 yetirmir.<\/p>\n<p>Faktiki olaraq bir ne\u00e7\u0259 ayd\u0131r s\u00fclh g\u00fcnd\u0259liyi \u00fczr\u0259 n\u0259 vasit\u0259\u00e7ili, n\u0259 d\u0259 vasit\u0259\u00e7isiz g\u00f6r\u00fc\u015fl\u0259r ke\u00e7irilmir. Ba\u015fqa s\u00f6zl\u0259, s\u00fclh dan\u0131\u015f\u0131qlar\u0131 ba\u015f tutmur.<\/p>\n<p><strong>B\u0259s hans\u0131 yeni \u015f\u0259rtl\u0259r ortaya \u00e7\u0131xa bil\u0259r ki, dan\u0131\u015f\u0131qlar b\u0259rpa olunsun? Moskvan\u0131n vasit\u0259\u00e7iliyin\u0259 Erm\u0259nistan h\u0259r v\u0259chl\u0259 yox deyir, Q\u0259rb is\u0259 ancaq pozuculuqla m\u0259\u015f\u011fuldur. Bu gedi\u015fat n\u0259 v\u0259d edir? Sonda n\u0259 ba\u015f ver\u0259 bil\u0259r?<\/strong><\/p>\n<p><strong><img src=\"https:\/\/www.e-huquq.az\/media\/2021\/09\/23\/behruz.jpg\" alt=\"B\u0259hruz M\u0259h\u0259rr\u0259mov: &quot;20 Yanvar q\u0131r\u011f\u0131n\u0131 bizi d\u00f6vl\u0259t m\u00fcst\u0259qilliyinin b\u0259rpas\u0131na  daha da yax\u0131nla\u015fd\u0131rd\u0131&quot;\" \/><\/strong><\/p>\n<p><strong>B\u0259hruz M\u0259h\u0259rr\u0259mov\u00a0<\/strong><\/p>\n<p>Deputat B\u0259hruz M\u0259h\u0259rr\u0259mov Az\u0259rbaycanla Erm\u0259nistan aras\u0131nda s\u00fclh\u00fcn \u0259ld\u0259 olunmas\u0131na he\u00e7 bir \u0259ng\u0259lin qalmad\u0131\u011f\u0131n\u0131 qeyd etdi: \u201c\u00d6t\u0259n ilin sentyabr\u0131nda antiterror t\u0259dbirl\u0259rinin ard\u0131nca Az\u0259rbaycan v\u0259 Erm\u0259nistan aras\u0131nda s\u00fclh m\u00fcqavil\u0259si yolunda faktiki sonuncu \u0259ng\u0259l d\u0259 aradan qalxd\u0131. Daha konkret des\u0259k, C\u0259nubi Qafqazda 30 illik qanl\u0131 m\u00fcnaqi\u015f\u0259nin ard\u0131nca Bak\u0131 v\u0259 \u0130r\u0259van aras\u0131nda dayan\u0131ql\u0131 s\u00fclh \u00fc\u00e7\u00fcn unikal imkan yarand\u0131. Eyni zamanda Az\u0259rbaycan\u0131n separatizm\u0259 son qoymas\u0131, Erm\u0259nistan\u0131n v\u0259 havadarlar\u0131n\u0131n regionda t\u0259sir r\u0131\u00e7aqlar\u0131n\u0131 tamamil\u0259 he\u00e7\u0259 endirm\u0259si il\u0259 yekun s\u00fclh\u0259 ged\u0259n yolda \u00e7ox ciddi add\u0131mlar \u00fc\u00e7\u00fcn z\u0259min yarand\u0131. Bel\u0259 ki, m\u0259hz Az\u0259rbaycan Prezidentinin direktivl\u0259ri \u0259sas\u0131nda Az\u0259rbaycan v\u0259 Erm\u0259nistan aras\u0131ndak\u0131 m\u00fcnasib\u0259tl\u0259r beyn\u0259lxalq g\u00fcnd\u0259likd\u0259n \u00e7\u0131xar\u0131laraq iki \u00f6lk\u0259 aras\u0131nda m\u0259s\u0259l\u0259y\u0259 \u00e7evrildi. Bundan ba\u015fqa, s\u00fclh prosesi bu g\u00fcn\u0259 q\u0259d\u0259r vasit\u0259\u00e7ilik p\u0259rd\u0259si alt\u0131nda m\u00fcnaqi\u015f\u0259nin dayan\u0131ql\u0131l\u0131\u011f\u0131na xidm\u0259t ed\u0259n subyektl\u0259rin inhisar\u0131ndan \u00e7\u0131xar\u0131laraq Az\u0259rbaycan v\u0259 Erm\u0259nistan aras\u0131nda birba\u015fa t\u0259maslar fonunda davam etdirilm\u0259y\u0259 ba\u015flad\u0131. H\u0259m\u00e7inin c\u0259nab \u0130lham \u018fliyevin q\u0259ti m\u00f6vqeyi il\u0259 Az\u0259rbaycan v\u0259 Erm\u0259nistan aras\u0131nda s\u00fclh prosesi s\u0259rh\u0259dl\u0259rin delimitasiya v\u0259 demarkasiyas\u0131 prosesind\u0259n ayr\u0131laraq daha effektiv formatda apar\u0131lma\u011fa ba\u015fland\u0131. Qeyd olunan amill\u0259r \u00f6t\u0259n il dekabr\u0131n 7-d\u0259, h\u0259m\u00e7inin bu il aprel ay\u0131n\u0131n 19-u v\u0259 may ay\u0131n\u0131n 15-d\u0259 Az\u0259rbaycan v\u0259 Erm\u0259nistan aras\u0131nda real irad\u0259 ifad\u0259si il\u0259 n\u0259tic\u0259l\u0259ndi. \u00d6lk\u0259l\u0259rimiz ilk n\u00f6vb\u0259d\u0259 qar\u015f\u0131l\u0131ql\u0131 olaraq xo\u015f niyy\u0259td\u0259 bulundular, \u0259sir m\u00fcbadil\u0259si h\u0259yata ke\u00e7irildi, habel\u0259 Erm\u0259nistan silahl\u0131 qar\u015f\u0131durma olmadan, c\u0259nab \u0130lham \u018fliyevin q\u0259tiyy\u0259ti il\u0259 hesabla\u015faraq beyn\u0259lxalq h\u00fcquqla tan\u0131nan Az\u0259rbaycan\u0131n 4 k\u0259ndini i\u015f\u011faldan bo\u015faltd\u0131. T\u0259bii ki, b\u00fct\u00fcn bunlar Bak\u0131 v\u0259 \u0130r\u0259van aras\u0131nda \u0259n q\u0131sa m\u00fcdd\u0259td\u0259 s\u00fclh\u00fcn imzalanaca\u011f\u0131 il\u0259 ba\u011fl\u0131 real g\u00f6zl\u0259ntil\u0259r yaratd\u0131. Lakin M\u00fcnxen T\u0259hl\u00fck\u0259sizlik Konfrans\u0131n\u0131n d\u0259rhal ard\u0131nca Fransan\u0131n proses\u0259 m\u00fcdaxil\u0259si, daha d\u0259qiq des\u0259k, Nikol Pa\u015finyan\u0131n Paris\u0259 d\u0259v\u0259t olunmas\u0131, Az\u0259rbaycan v\u0259 Erm\u0259nistan aras\u0131nda s\u00fclh\u00fcn realla\u015fmamas\u0131 \u00fc\u00e7\u00fcn Makron t\u0259r\u0259find\u0259n ona t\u0259zyiql\u0259r g\u00f6st\u0259rilm\u0259si, ard\u0131nca Erm\u0259nistan\u0131n n\u00fcmayi\u015f etdirdiyi qeyri-konstruktiv davran\u0131\u015flar, habel\u0259 Fransa ba\u015fda olmaqla, bir s\u0131ra Q\u0259rb imperialist subyektl\u0259rinin Erm\u0259nistan\u0131 a\u00e7\u0131q formada silahland\u0131rmas\u0131 regionda s\u00fclh \u00fcmidl\u0259rini yenid\u0259n dalana dir\u0259di. Bu g\u00fcn \u0259minlikl\u0259 dem\u0259k olar ki, Az\u0259rbaycan v\u0259 Erm\u0259nistan aras\u0131nda s\u00fclh prosesinin qar\u015f\u0131s\u0131nda he\u00e7 bir obyektiv \u0259ng\u0259l qalmay\u0131b. Yaln\u0131z Q\u0259rb imperializmi, o c\u00fcml\u0259d\u0259n Fransa, AB\u015e, Avropa \u0130ttifaq\u0131 regionda m\u00fcnaqi\u015f\u0259l\u0259rin davaml\u0131l\u0131\u011f\u0131n\u0131 arzu ed\u0259r\u0259k Az\u0259rbaycan v\u0259 Erm\u0259nistan aras\u0131nda yekun s\u00fclh m\u00fcqavil\u0259sinin imzalanmas\u0131 qar\u015f\u0131s\u0131nda \u0259sas mane\u0259 kimi \u00e7\u0131x\u0131\u015f etm\u0259kd\u0259dir. Bak\u0131 m\u00fcharib\u0259 yolu il\u0259 \u0259ld\u0259 ed\u0259 bil\u0259c\u0259yi b\u00fct\u00fcn n\u0259tic\u0259l\u0259r\u0259 h\u0259rbi-siyasi yolla nail olub, bu g\u00fcn regionda \u0259m\u0259liyyat \u015f\u0259raitin\u0259 m\u0259hz Az\u0259rbaycan Respublikas\u0131 n\u0259zar\u0259t edir. Eyni zamanda Az\u0259rbaycan\u0131n he\u00e7 bir qon\u015fusu, o c\u00fcml\u0259d\u0259n Erm\u0259nistana qar\u015f\u0131 h\u0259r hans\u0131 \u0259razi iddias\u0131 m\u00f6vcud deyil. Lakin Erm\u0259nistan konstitusiyas\u0131nda r\u0259sm\u0259n Az\u0259rbaycana v\u0259 dig\u0259r qon\u015fulara m\u00fcnasib\u0259td\u0259 \u0259razi iddialar\u0131 t\u0259sbit olunub v\u0259 bu da Bak\u0131 v\u0259 \u0130r\u0259van aras\u0131nda m\u00fcmk\u00fcn s\u00fclh m\u00fcqavil\u0259sini konstitusiyaya zidd olmas\u0131 fonunda etibars\u0131zla\u015fd\u0131r\u0131r. Sirr deyil ki, Erm\u0259nistan\u0131n Ba\u015f naziri Nikol Pa\u015finyan \u00f6z\u00fc d\u0259 d\u0259f\u0259l\u0259rl\u0259 m\u00f6vcud konstitusiyadan naraz\u0131l\u0131\u011f\u0131n\u0131 ifad\u0259 ed\u0259r\u0259k Erm\u0259nistan\u0131n konstitusion islahatlara getm\u0259sinin z\u0259rur\u0259tini dil\u0259 g\u0259tirib. Lakin Q\u0259rb imperializmi, x\u00fcsus\u0259n Fransa v\u0259 AB\u015e Az\u0259rbaycan v\u0259 Erm\u0259nistan aras\u0131nda yekun s\u00fclh m\u00fcqavil\u0259sin\u0259 h\u00fcquqi mane\u0259 qismind\u0259 \u00e7\u0131x\u0131\u015f ed\u0259n bu konstitusion normalara \u00f6zl\u0259rinin imperialist niyy\u0259tl\u0259ri namin\u0259 \u00fcmid yeri kimi bax\u0131r v\u0259 \u0130r\u0259vana konstitusion islahatlar ke\u00e7irilm\u0259sin\u0259 imkan verilmir. Bundan ba\u015fqa, Q\u0259rb dair\u0259l\u0259ri Erm\u0259nistanda revan\u015fist ideologiyan\u0131n daha da k\u00f6r\u00fckl\u0259nm\u0259si, bu \u00f6lk\u0259nin yenid\u0259n i\u015f\u011fala t\u0259\u015fviq edilm\u0259si, habel\u0259 qeyd edil\u0259n niyy\u0259tl\u0259rl\u0259 Erm\u0259nistan\u0131n silahland\u0131r\u0131lmas\u0131, h\u0259tta bu \u00f6lk\u0259y\u0259 ayr\u0131-ayr\u0131 qo\u015fun n\u00f6vl\u0259rinin m\u00fc\u0259yy\u0259n etaplarda yerl\u0259\u015fdirilm\u0259si kimi real t\u0259cav\u00fczkar add\u0131mlar atmaqdad\u0131r. B\u00fct\u00fcn bunlar, t\u0259bii ki, Az\u0259rbaycan Prezidentinin t\u0259\u015f\u0259bb\u00fcs\u00fc il\u0259 Bak\u0131 v\u0259 \u0130r\u0259van aras\u0131nda ba\u015flanm\u0131\u015f s\u00fclh t\u0259\u015f\u0259bb\u00fcsl\u0259ri \u00fc\u00e7\u00fcn ciddi z\u0259rb\u0259y\u0259 \u00e7evrilir v\u0259 Erm\u0259nistan\u0131n \u00f6z\u00fc \u00fc\u00e7\u00fcn \u0259slind\u0259 t\u0259hdid qismind\u0259 \u00e7\u0131x\u0131\u015f etm\u0259y\u0259 ba\u015flay\u0131r. Bu g\u00fcn Az\u0259rbaycan Respublikas\u0131n\u0131n \u015f\u0259rtl\u0259ri kifay\u0259t q\u0259d\u0259r ayd\u0131nd\u0131r, biz regionda dayan\u0131ql\u0131 s\u00fclh arzu edirik v\u0259 \u0130r\u0259vanla imzalanacaq s\u00fclh m\u00fcqavil\u0259si h\u0259r hans\u0131 formada kimins\u0259 irad\u0259sind\u0259n as\u0131l\u0131 v\u0259ziyy\u0259td\u0259 qalmamal\u0131, yaxud h\u00fcquqi anlamda sual yaratmamal\u0131d\u0131r. Konstitusion islahatlar\u0131 l\u0259ngitm\u0259kl\u0259, habel\u0259 Q\u0259rbin t\u0259\u015fviqi il\u0259 s\u00fcr\u0259tl\u0259 silahlanmaqla Erm\u0259nistan g\u00f6st\u0259rir ki, \u0259slind\u0259 bu \u00f6lk\u0259 h\u0259l\u0259 d\u0259 reall\u0131qlarla bar\u0131\u015fmay\u0131b v\u0259 ilk imkanda i\u015f\u011fal d\u00f6vr\u00fcn\u00fcn t\u0259cav\u00fczkar status-kvosunun b\u0259rpas\u0131na \u00e7al\u0131\u015facaq. T\u0259bii ki, Az\u0259rbaycan m\u00fcharib\u0259 arzu etmir, lakin c\u0259nab Prezident d\u0259f\u0259l\u0259rl\u0259 b\u0259yan edib ki, Az\u0259rbaycan xalq\u0131n\u0131n v\u0259 d\u00f6vl\u0259tinin maraq v\u0259 m\u0259nafel\u0259rin\u0259 h\u0259r hans\u0131 t\u0259hdid yaranarsa, h\u0259min t\u0259hdid harada yerl\u0259\u015fm\u0259sind\u0259n as\u0131l\u0131 olmayaraq aradan qald\u0131r\u0131lacaq\u201d.<\/p>\n<p><img loading=\"lazy\" src=\"https:\/\/cdn.musavat.com\/news\/thumbnails\/c7975455734775347d7b788f5756e2e4.jpg\" width=\"717\" height=\"478\" \/><\/p>\n<p><strong>\u018fli Orucov\u00a0<\/strong><\/p>\n<p><strong>AM\u0130P liderinin k\u00f6m\u0259k\u00e7isi, politoloq \u018fli Orucov Az\u0259rbaycan\u0131n s\u00fclh prosesi il\u0259 ba\u011fl\u0131 m\u00f6vqeyinin h\u0259r zaman oldu\u011fu kimi, indi d\u0259 tam ayd\u0131n oldu\u011funu vur\u011fulad\u0131:<\/strong>\u00a0\u201c\u0130kinci Qaraba\u011f m\u00fcharib\u0259sind\u0259n 4 il vaxt ke\u00e7ib. H\u0259min d\u00f6vrd\u0259n etibar\u0259n Az\u0259rbaycan-Erm\u0259nistan aras\u0131nda s\u00fclh sazi\u015finin imzalanmas\u0131 il\u0259 m\u00fcxt\u0259lif formatlarda v\u0259 s\u0259viyy\u0259l\u0259rd\u0259 g\u00f6r\u00fc\u015fl\u0259r ke\u00e7irils\u0259 d\u0259, pozitiv b\u0259yanatlar s\u0259sl\u0259ndirils\u0259 d\u0259 yekun n\u0259tic\u0259 \u0259ld\u0259 olunmay\u0131b. Erm\u0259nistan\u0131n s\u00fclh prosesini yubatmas\u0131, h\u0259r d\u0259f\u0259 m\u00fcxt\u0259lif b\u0259han\u0259l\u0259r g\u0259tirm\u0259si onun m\u0259krli m\u0259qs\u0259dl\u0259rind\u0259n x\u0259b\u0259r verir. Erm\u0259nil\u0259r \u00fczd\u0259 \u00f6z\u00fcn\u00fc s\u00fclhp\u0259rv\u0259r v\u0259 kompramisl\u0259r\u0259 meylli g\u00f6st\u0259rm\u0259sin\u0259 baxmayaraq, reall\u0131qda nizamlanma prosesini pozmaqla m\u0259\u015f\u011fuldur. Sonuncu d\u0259f\u0259 B\u00f6y\u00fck Britaniyada ke\u00e7iril\u0259n Avropa Siyasi Birliyinin zirv\u0259 toplant\u0131s\u0131 \u00e7\u0259r\u00e7iv\u0259sind\u0259 Erm\u0259nistan\u0131n ba\u015f naziri Nikol Pa\u015finyan\u0131n Prezident \u0130lham \u018fliyevl\u0259 g\u00f6r\u00fc\u015fd\u0259n qa\u00e7mas\u0131 \u0130r\u0259van\u0131n s\u00fclhl\u0259 ba\u011fl\u0131 b\u0259yanat\u0131n\u0131n qeyri-ciddiliyini v\u0259 h\u0259qiq\u0259t\u0259 s\u00f6yk\u0259ndiyini bir daha t\u0259sdiql\u0259di. Az\u0259rbaycan\u0131n s\u00fclh prosesi il\u0259 ba\u011fl\u0131 m\u00f6vqeyi ayd\u0131n v\u0259 m\u0259lumdur. R\u0259smi Bak\u0131 \u0259n y\u00fcks\u0259k s\u0259viyy\u0259d\u0259 s\u00fclh g\u00fcnd\u0259liyin\u0259 sadiq oldu\u011funu b\u0259yan edib. Ancaq Erm\u0259nistan\u0131n s\u00fclhl\u0259 ba\u011fl\u0131 t\u0259s\u0259vv\u00fcrl\u0259ri h\u0259l\u0259 d\u0259 ayd\u0131n deyil. \u0130r\u0259van\u0131n d\u0259qiq n\u0259 ist\u0259diyi bilinmir. H\u0259r d\u0259f\u0259 m\u00fcxt\u0259lif \u015f\u0259rtl\u0259r ir\u0259li s\u00fcr\u00fcr v\u0259 m\u00fcxt\u0259lif b\u0259han\u0259l\u0259r g\u0259tirir. Problem ondan ibar\u0259tdir ki, Erm\u0259nistana daxili faktorlar\u0131n ciddi t\u0259siri var. Pa\u015finyan hakimiyy\u0259ti t\u0259zyiq alt\u0131ndad\u0131r, s\u0259rb\u0259st v\u0259 ard\u0131c\u0131l q\u0259rarlar ver\u0259 bilmir. Erm\u0259nistan\u0131n vasit\u0259sil\u0259 Q\u0259rb regionda yeni ay\u0131r\u0131c\u0131 x\u0259tl\u0259r\u0259 r\u0259vac verir, yeni g\u0259rginlik v\u0259 m\u00fcnaqi\u015f\u0259 oca\u011f\u0131 yarad\u0131r. Erm\u0259nistan\u0131n Q\u0259rb t\u0259r\u0259find\u0259n intensiv \u015f\u0259kild\u0259 silahland\u0131r\u0131lmas\u0131, ona h\u0259rbi siyasi d\u0259st\u0259yin verilm\u0259si C\u0259nubi Qafqaz\u0131 ciddi risk yarad\u0131r. Ki\u00e7ik bir b\u00f6lg\u0259y\u0259 NATO silahlar\u0131n\u0131n k\u00fctl\u0259vi t\u0259dar\u00fck\u00fc v\u0259 hans\u0131sa formada h\u0259rbi blokun yerl\u0259\u015fdirilm\u0259si regionu \u00f6z\u00fcn\u00fcn n\u00fcfuz dair\u0259si hesab ed\u0259n Rusiya il\u0259 qar\u015f\u0131durmaya s\u00f6vq ed\u0259 bil\u0259r ki, bunun da ciddi f\u0259sadlar\u0131 da\u011f\u0131d\u0131c\u0131 olar. Erm\u0259nistan bunu anlamaq ist\u0259m\u0259d\u0259n Q\u0259rbin diqt\u0259si il\u0259 h\u0259r\u0259k\u0259t edir. M\u0259nc\u0259, C\u0259nubi Qafqaza NATO-nu g\u0259tirm\u0259kl\u0259 t\u0259hl\u00fck\u0259sizlik v\u0259 s\u00fclh \u0259ld\u0259 etm\u0259k m\u00fcmk\u00fcn deyil, \u0259ksin\u0259, m\u0259nfi effekt ver\u0259r, nec\u0259 ki, bunun art\u0131q i\u015fart\u0131lar\u0131 g\u00f6r\u00fcn\u00fcr. Z\u0259nnimc\u0259, Rusiya hakim elitas\u0131nda da C\u0259nubi Qafqaza bax\u0131\u015flar ziddiyy\u0259tlidir. \u0130mperiyap\u0259r\u0259st q\u00fcvv\u0259l\u0259r Erm\u0259nistanla Az\u0259rbaycan aras\u0131nda normal anla\u015fmaya mane\u00e7ilik t\u00f6r\u0259dir, revan\u015fistl\u0259ri h\u0259v\u0259sl\u0259ndirir. Q\u0259rbin v\u0259 Rusiyadak\u0131 b\u0259zi dair\u0259l\u0259rin Erm\u0259nistan\u0131 h\u0259r c\u00fcr d\u0259st\u0259kl\u0259m\u0259si \u0130r\u0259van\u0131 s\u00fcr\u0259tl\u0259ndirir v\u0259 bu da s\u00fclh prosesinin pozulmas\u0131na g\u0259tirib \u00e7\u0131xar\u0131r. Erm\u0259nistan\u0131 yeni iddialara sal\u0131r. Fikrimc\u0259, s\u00fclh\u0259 tez nail olmaq \u00fc\u00e7\u00fcn \u0130r\u0259vana Moskvan\u0131n, Ankaran\u0131n v\u0259 Bak\u0131n\u0131n t\u0259zyiql\u0259ri art\u0131r\u0131lmal\u0131d\u0131r. Q\u0259ti add\u0131mlar at\u0131lmal\u0131d\u0131r. \u018fks halda, ke\u00e7mi\u015f Da\u011fl\u0131q Qaraba\u011f m\u00fcnaqi\u015f\u0259sinin h\u0259lli il\u0259 ba\u011fl\u0131 oldu\u011fu kimi sonsuzad\u0259k s\u00fclh prosesi d\u0259 davam ed\u0259 bil\u0259r. \u0130lin sonunad\u0259k t\u0259\u0259ss\u00fcf ki, h\u0259tta AB\u015e v\u0259 Rusiyan\u0131n s\u00fclh prosesini t\u0259\u015fviq etm\u0259kl\u0259 v\u0259 d\u0259st\u0259kl\u0259m\u0259kl\u0259 ba\u011fl\u0131 f\u0259aliyy\u0259tinin d\u0259 s\u0259m\u0259r\u0259 verm\u0259y\u0259c\u0259yi d\u00fc\u015f\u00fcnc\u0259sind\u0259y\u0259m\u201d.<\/p>\n<p><strong>Cavan\u015fir ABBASLI,<\/strong><br \/>\n<strong>\u201cYeni M\u00fcsavat\u201d<\/strong><\/p>\n","protected":false},"excerpt":{"rendered":"<p>Politoloq: \u201cPa\u015finyan hakimiyy\u0259ti t\u0259zyiq alt\u0131ndad\u0131r, s\u0259rb\u0259st v\u0259 ard\u0131c\u0131l q\u0259rarlar ver\u0259 bilmir\u201d 2024-c\u00fc ild\u0259 s\u00fclh m\u00fcqavil\u0259sinin imzalanmas\u0131na b\u00f6y\u00fck \u00fcmidl\u0259r b\u0259sl\u0259nils\u0259 d\u0259, bu y\u00f6nd\u0259 m\u00fc\u0259yy\u0259n pozitiv a\u00e7\u0131qlamalar olsa da, g\u00f6r\u00fcn\u0259n budur ki, ilin sonunad\u0259k hans\u0131sa s\u0259n\u0259d imzalanmas\u0131 inand\u0131r\u0131c\u0131 deyil. \u00c7\u00fcnki buna uy\u011fun \u015f\u0259rtl\u0259r m\u00f6vcud deyil. \u018flb\u0259tt\u0259, s\u0259b\u0259b odur ki, Erm\u0259nistan xarici t\u0259sir dair\u0259l\u0259rinin boyunduru\u011fundan \u00e7\u0131xa bilmir, dan\u0131\u015f\u0131qlardan yay\u0131n\u0131r, s\u00fclh \u00fc\u00e7\u00fcn \u015f\u0259rtl\u0259ri yerin\u0259 yetirmir. Faktiki olaraq bir ne\u00e7\u0259 ayd\u0131r s\u00fclh g\u00fcnd\u0259liyi \u00fczr\u0259 n\u0259 vasit\u0259\u00e7ili, n\u0259 d\u0259 vasit\u0259\u00e7isiz g\u00f6r\u00fc\u015fl\u0259r ke\u00e7irilmir. Ba\u015fqa s\u00f6zl\u0259, s\u00fclh dan\u0131\u015f\u0131qlar\u0131 ba\u015f tutmur. B\u0259s hans\u0131 yeni \u015f\u0259rtl\u0259r ortaya \u00e7\u0131xa bil\u0259r ki,&hellip;<\/p>\n","protected":false},"author":2,"featured_media":746153,"comment_status":"closed","ping_status":"closed","sticky":false,"template":"","format":"standard","meta":{"om_disable_all_campaigns":false,"_monsterinsights_skip_tracking":false,"_monsterinsights_sitenote_active":false,"_monsterinsights_sitenote_note":"","_monsterinsights_sitenote_category":0},"categories":[4],"tags":[],"aioseo_notices":[],"gutentor_comment":0,"rttpg_featured_image_url":{"full":["https:\/\/arantv.az\/wp-content\/uploads\/2024\/08\/ca59297985a4bce174b1e0f639db54bf.jpg",870,500,false],"landscape":["https:\/\/arantv.az\/wp-content\/uploads\/2024\/08\/ca59297985a4bce174b1e0f639db54bf.jpg",870,500,false],"portraits":["https:\/\/arantv.az\/wp-content\/uploads\/2024\/08\/ca59297985a4bce174b1e0f639db54bf.jpg",870,500,false],"thumbnail":["https:\/\/arantv.az\/wp-content\/uploads\/2024\/08\/ca59297985a4bce174b1e0f639db54bf-500x280.jpg",500,280,true],"medium":["https:\/\/arantv.az\/wp-content\/uploads\/2024\/08\/ca59297985a4bce174b1e0f639db54bf-635x365.jpg",635,365,true],"large":["https:\/\/arantv.az\/wp-content\/uploads\/2024\/08\/ca59297985a4bce174b1e0f639db54bf-840x483.jpg",640,368,true],"1536x1536":["https:\/\/arantv.az\/wp-content\/uploads\/2024\/08\/ca59297985a4bce174b1e0f639db54bf.jpg",870,500,false],"2048x2048":["https:\/\/arantv.az\/wp-content\/uploads\/2024\/08\/ca59297985a4bce174b1e0f639db54bf.jpg",870,500,false],"post-thumbnail":["https:\/\/arantv.az\/wp-content\/uploads\/2024\/08\/ca59297985a4bce174b1e0f639db54bf-240x172.jpg",240,172,true],"advps-thumb-one":["https:\/\/arantv.az\/wp-content\/uploads\/2024\/08\/ca59297985a4bce174b1e0f639db54bf.jpg",870,500,false]},"rttpg_author":{"display_name":"V\u00fcsal Rafiqo\u011flu","author_link":"https:\/\/arantv.az\/?author=2"},"rttpg_comment":0,"rttpg_category":"<a href=\"https:\/\/arantv.az\/?cat=4\" rel=\"category\">Siyas\u0259t<\/a>","rttpg_excerpt":"Politoloq: \u201cPa\u015finyan hakimiyy\u0259ti t\u0259zyiq alt\u0131ndad\u0131r, s\u0259rb\u0259st v\u0259 ard\u0131c\u0131l q\u0259rarlar ver\u0259 bilmir\u201d 2024-c\u00fc ild\u0259 s\u00fclh m\u00fcqavil\u0259sinin imzalanmas\u0131na b\u00f6y\u00fck \u00fcmidl\u0259r b\u0259sl\u0259nils\u0259 d\u0259, bu y\u00f6nd\u0259 m\u00fc\u0259yy\u0259n pozitiv a\u00e7\u0131qlamalar olsa da, g\u00f6r\u00fcn\u0259n budur ki, ilin sonunad\u0259k hans\u0131sa s\u0259n\u0259d imzalanmas\u0131 inand\u0131r\u0131c\u0131 deyil. \u00c7\u00fcnki buna uy\u011fun \u015f\u0259rtl\u0259r m\u00f6vcud deyil. \u018flb\u0259tt\u0259, s\u0259b\u0259b odur ki, Erm\u0259nistan xarici t\u0259sir dair\u0259l\u0259rinin boyunduru\u011fundan \u00e7\u0131xa bilmir, dan\u0131\u015f\u0131qlardan&hellip;","_links":{"self":[{"href":"https:\/\/arantv.az\/index.php?rest_route=\/wp\/v2\/posts\/746152"}],"collection":[{"href":"https:\/\/arantv.az\/index.php?rest_route=\/wp\/v2\/posts"}],"about":[{"href":"https:\/\/arantv.az\/index.php?rest_route=\/wp\/v2\/types\/post"}],"author":[{"embeddable":true,"href":"https:\/\/arantv.az\/index.php?rest_route=\/wp\/v2\/users\/2"}],"replies":[{"embeddable":true,"href":"https:\/\/arantv.az\/index.php?rest_route=%2Fwp%2Fv2%2Fcomments&post=746152"}],"version-history":[{"count":2,"href":"https:\/\/arantv.az\/index.php?rest_route=\/wp\/v2\/posts\/746152\/revisions"}],"predecessor-version":[{"id":746155,"href":"https:\/\/arantv.az\/index.php?rest_route=\/wp\/v2\/posts\/746152\/revisions\/746155"}],"wp:featuredmedia":[{"embeddable":true,"href":"https:\/\/arantv.az\/index.php?rest_route=\/wp\/v2\/media\/746153"}],"wp:attachment":[{"href":"https:\/\/arantv.az\/index.php?rest_route=%2Fwp%2Fv2%2Fmedia&parent=746152"}],"wp:term":[{"taxonomy":"category","embeddable":true,"href":"https:\/\/arantv.az\/index.php?rest_route=%2Fwp%2Fv2%2Fcategories&post=746152"},{"taxonomy":"post_tag","embeddable":true,"href":"https:\/\/arantv.az\/index.php?rest_route=%2Fwp%2Fv2%2Ftags&post=746152"}],"curies":[{"name":"wp","href":"https:\/\/api.w.org\/{rel}","templated":true}]}}