{"id":746156,"date":"2024-08-20T09:33:37","date_gmt":"2024-08-20T05:33:37","guid":{"rendered":"https:\/\/arantv.az\/?p=746156"},"modified":"2024-08-20T09:33:37","modified_gmt":"2024-08-20T05:33:37","slug":"ilk-milli-m%c9%99clisin-formalasmasinda-heyd%c9%99r-%c9%99liyevin-xususi-rolu","status":"publish","type":"post","link":"https:\/\/arantv.az\/?p=746156","title":{"rendered":"\u0130lk Milli M\u0259clisin formala\u015fmas\u0131nda Heyd\u0259r \u018fliyevin x\u00fcsusi rolu"},"content":{"rendered":"<p><strong>Ayd\u0131n H\u00fcseynov: \u201cUlu \u00f6nd\u0259r q\u0131sa m\u00fcdd\u0259td\u0259 parlamentin ruhunu k\u00f6k\u00fcnd\u0259n d\u0259yi\u015fdi, ora siyasi m\u0259d\u0259niyy\u0259t g\u0259tirdi\u201d<\/strong><\/p>\n<p>Parlament se\u00e7kil\u0259ri kampaniyas\u0131n\u0131n t\u0259bli\u011fat-t\u0259\u015fviqat m\u0259rh\u0259l\u0259sin\u0131n yar\u0131s\u0131 arxada qald\u0131. 10 g\u00fcn sonra Az\u0259rbaycan\u0131n yeni Milli M\u0259clisi se\u00e7il\u0259c\u0259k. Bu, 1991-ci ild\u0259 d\u00f6vl\u0259t m\u00fcst\u0259qilliyimizi b\u0259rpa etdikd\u0259n sonra ke\u00e7\u0259n 33 ild\u0259 7-ci \u00e7a\u011f\u0131r\u0131\u015f Milli M\u0259clis olacaq. D\u00f6vl\u0259t m\u00fcst\u0259qilliyini qazand\u0131qdan sonra Az\u0259rbaycanda Milli M\u0259clis\u0259 ilk se\u00e7kil\u0259r Ulu \u00f6nd\u0259r Heyd\u0259r \u018fliyevin hakimiyy\u0259t\u0259 g\u0259li\u015find\u0259n iki il sonra &#8211; 1995-ci il noyabr\u0131n 12-d\u0259 ke\u00e7irilib.<\/p>\n<p><strong>6-c\u0131 \u00e7a\u011f\u0131r\u0131\u015f Milli M\u0259clisin deputat\u0131 Ayd\u0131n H\u00fcseynov\u00a0 \u201cYeni M\u00fcsavat\u201da bildirib ki, bu tarix m\u00fcst\u0259qil Az\u0259rbaycan\u0131n tarixind\u0259 \u00e7ox m\u00fch\u00fcm yer tutur. Ulu \u00f6nd\u0259r Heyd\u0259r \u018fliyev\u00a0 \u00f6z\u00fcn\u00fcn m\u00fct\u0259r\u0259qqi d\u00fcnyag\u00f6r\u00fc\u015f\u00fc il\u0259, az\u0259rbaycan\u00e7\u0131l\u0131q ideologiyas\u0131na \u0259saslanmas\u0131 il\u0259 sabit d\u00f6vl\u0259t\u00e7ilik v\u0259 m\u00fcasir parlamentarizm \u0259n\u0259n\u0259l\u0259rini formala\u015fd\u0131raraq milli d\u0259y\u0259rl\u0259r z\u0259minind\u0259 bug\u00fcnk\u00fc d\u00f6vl\u0259t\u00e7ilik sistemimizin ideoloji-siyasi dayaqlar\u0131n\u0131 yaratd\u0131:<\/strong>\u00a0\u201cM\u00fcs\u0259lman \u015e\u0259rqind\u0259 parlament m\u0259d\u0259niyy\u0259tinin \u0259sas\u0131 da m\u0259hz Az\u0259rbaycanda qoyulub. Ulu \u00f6nd\u0259r bel\u0259 bir fikri vur\u011fulay\u0131rd\u0131 ki, 1991-ci ild\u0259 d\u00f6vl\u0259t m\u00fcst\u0259qilliyini b\u0259rpa ed\u0259n xalq\u0131m\u0131z Az\u0259rbaycan Xalq C\u00fcmhuriyy\u0259tinin q\u0131sam\u00fcdd\u0259tli f\u0259aliyy\u0259tinin z\u0259ngin \u0259n\u0259n\u0259l\u0259rind\u0259n istifad\u0259 etmi\u015fdir. Az\u0259rbaycanda parlamentarizm \u0259n\u0259n\u0259l\u0259rinin inki\u015faf\u0131na n\u0259z\u0259r sald\u0131qda g\u00f6r\u00fcr\u00fck ki, h\u0259l\u0259 XX \u0259srin \u0259vv\u0259lind\u0259 Rusiya imperiyas\u0131nda ilk parlamentin formala\u015fmas\u0131na Az\u0259rbaycan xalq\u0131 da \u00f6z t\u00f6hf\u0259sini verib. Rusiyan\u0131n d\u00f6vl\u0259t dumalar\u0131na se\u00e7ilmi\u015f az\u0259rbaycanl\u0131 deputatlar\u0131n, dem\u0259k olar ki, ham\u0131s\u0131 milli t\u0259\u0259ss\u00fcbke\u015fliyi \u00f6z\u00fcn\u00fcn h\u0259yat amal\u0131 hesab ed\u0259n ziyal\u0131lar idi. Sonrak\u0131 d\u00f6vrd\u0259 Xalq C\u00fcmhuriyy\u0259ti parlamenti c\u0259mi 17 ay f\u0259aliyy\u0259t g\u00f6st\u0259rm\u0259sin\u0259 baxmayaraq, xalq\u0131m\u0131z\u0131n d\u00f6vl\u0259t\u00e7ilik v\u0259 milli \u015f\u00fcurunun formala\u015fmas\u0131nda m\u00fch\u00fcm rol oynad\u0131, \u00f6lk\u0259 h\u0259yat\u0131n\u0131n \u0259n m\u00fcxt\u0259lif sah\u0259l\u0259rin\u0259 aid qanunvericilik aktlar\u0131 q\u0259bul etdi.<\/p>\n<p><img loading=\"lazy\" src=\"https:\/\/vergiler.az\/media\/2022\/07\/14\/aydin_huseynov.jpg\" alt=\"Ayd\u0131n H\u00fcseynov: \u201cR\u0259qab\u0259t M\u0259c\u0259ll\u0259si sahibkarlar \u00fc\u00e7\u00fcn sa\u011flam r\u0259qab\u0259t  imkanlar\u0131n\u0131 geni\u015fl\u0259ndir\u0259c\u0259k\u201d\" width=\"780\" height=\"522\" \/><\/p>\n<p><strong>Ayd\u0131n H\u00fcseynov<\/strong><\/p>\n<p><strong>Heyd\u0259r \u018fliyev \u00e7a\u011fda\u015f Az\u0259rbaycan d\u00f6vl\u0259tinin qurucusu olmaqla yana\u015f\u0131, h\u0259m d\u0259 haql\u0131 olaraq, m\u00fcasir Az\u0259rbaycan parlamentinin banisi say\u0131l\u0131r. Sovet d\u00f6vr\u00fcnd\u0259 Az\u0259rbaycanda parlamentin q\u0259bul etdiyi qanunlar kommunist partiyas\u0131n\u0131n ideoloji m\u0259qs\u0259dl\u0259rin\u0259 xidm\u0259t edirdi. Buna baxmayaraq, Heyd\u0259r \u018fliyev Az\u0259rbaycana r\u0259hb\u0259rlik etdiyi ilk d\u00f6vrd\u0259 hakimiyy\u0259t orqanlar\u0131n\u0131n, o c\u00fcml\u0259d\u0259n parlamentin i\u015fini xalq\u0131n iqtisadi, m\u0259d\u0259ni t\u0259r\u0259qqisin\u0259, milli dir\u00e7\u0259li\u015f siyas\u0259tinin realla\u015fmas\u0131na y\u00f6n\u0259ld\u0259 bildi.<\/strong><\/p>\n<p>Heyd\u0259r \u018fliyev Az\u0259rbaycan SSR Ali Sovetinin v\u0259 SSR\u0130 Ali Sovetinin tribunalar\u0131ndan m\u00fcdriklikl\u0259 istifad\u0259 edir, deputat qrupunun Moskvadak\u0131 f\u0259aliyy\u0259tini Az\u0259rbaycan\u0131n m\u0259nafeyi bax\u0131m\u0131ndan m\u0259har\u0259tl\u0259 istiqam\u0259tl\u0259ndirirdi. Bu siyas\u0259tin m\u0259ntiqi n\u0259tic\u0259si kimi kommunist ideologiyas\u0131n\u0131n t\u00fc\u011fyan etdiyi bir vaxtda Heyd\u0259r \u018fliyev Az\u0259rbaycana demokratik v\u0259 azad d\u00fc\u015f\u00fcnc\u0259 t\u0259rzi, milli \u00f6z\u00fcn\u00fcd\u0259rk duy\u011fusu g\u0259tirdi&#8221;.<\/p>\n<p><strong>A.H\u00fcseynov vur\u011fulad\u0131 ki, d\u00f6vl\u0259t m\u00fcst\u0259qilliyini yeni elan etmi\u015f Az\u0259rbaycana Ulu \u00f6nd\u0259r Heyd\u0259r \u018fliyevin 1993-c\u00fc ild\u0259 hakimiyy\u0259t\u0259 qay\u0131d\u0131\u015f\u0131 is\u0259 m\u00fcst\u0259qillik tariximizd\u0259 keyfiyy\u0259tc\u0259 yeni siyasi bir eran\u0131n ba\u015flan\u011f\u0131c\u0131 oldu:<\/strong>\u00a0\u201cUlu \u00f6nd\u0259r Heyd\u0259r \u018fliyev m\u00fcdrik d\u00f6vl\u0259t xadimi kimi parlamentin milli d\u00f6vl\u0259t\u00e7ilik sistemind\u0259 yerini v\u0259 rolunu laz\u0131m\u0131nca d\u0259y\u0259rl\u0259ndirir, \u00f6lk\u0259 qar\u015f\u0131s\u0131nda duran m\u0259s\u0259l\u0259l\u0259rin h\u0259llind\u0259 qanunverici orqan\u0131n imkanlar\u0131ndan maksimum yararlanmaq n\u00fcmun\u0259si g\u00f6st\u0259rirdi. Ali Sovetin s\u0259dri kimi ulu \u00f6nd\u0259r ilk g\u00fcnd\u0259n parlamentarizm \u0259n\u0259n\u0259l\u0259rin\u0259 sadiq qalaraq a\u015fkarl\u0131q prinsipin\u0259 \u00fcst\u00fcnl\u00fck verdi. Milli M\u0259clisin iclaslar\u0131, m\u0259tbuat konfranslar\u0131, respublika \u0259h\u0259miyy\u0259tli m\u00fc\u015favir\u0259l\u0259r birba\u015fa yay\u0131mla televiziya ekranlar\u0131na verildi. \u00d6lk\u0259d\u0259ki v\u0259ziyy\u0259t oldu\u011fu kimi xalqa \u00e7atd\u0131r\u0131ld\u0131. \u0130ctimai-siyasi h\u0259yatdak\u0131 g\u0259rginliyin aradan qald\u0131r\u0131lmas\u0131 \u00fc\u00e7\u00fcn laz\u0131mi t\u0259dbirl\u0259r g\u00f6r\u00fclm\u0259y\u0259 ba\u015fland\u0131. Ulu \u00f6nd\u0259r parlamentarizm \u0259n\u0259n\u0259l\u0259rinin inki\u015faf\u0131na m\u00fcst\u0259qilliyimizin qorunub saxlanmas\u0131, daha da m\u00f6hk\u0259ml\u0259nm\u0259si prizmas\u0131ndan yana\u015f\u0131r, bu sah\u0259ni d\u00f6vl\u0259t\u00e7ilik m\u0259fkur\u0259sinin ayr\u0131lmaz t\u0259rkib hiss\u0259si hesab edirdi.<\/p>\n<p>Heyd\u0259r \u018fliyevin 1993-c\u00fc il iyunun 15-d\u0259n oktyabr\u0131n 10-d\u0259k Ali Sovet\u0259 r\u0259hb\u0259rlik etdiyi d\u00f6vrd\u0259 parlamentarizm \u0259n\u0259n\u0259l\u0259ri yeni n\u0259f\u0259s, yeni q\u00fcvv\u0259 ald\u0131. C\u0259mi 4 ay Ali Sovetin s\u0259dri v\u0259zif\u0259sind\u0259 \u00e7al\u0131\u015fsa da, Ulu \u00f6nd\u0259r bu q\u0131sa m\u00fcdd\u0259td\u0259 parlamentin ruhunu k\u00f6k\u00fcnd\u0259n d\u0259yi\u015fdi, Milli M\u0259clis\u0259 siyasi m\u0259d\u0259niyy\u0259t g\u0259tirdi. Onun iclas\u0131 aparmaq t\u0259rzi, fikirl\u0259rini d\u0259qiq \u0259sasland\u0131rmas\u0131, \u00e7\u0131x\u0131\u015flar\u0131n m\u0259\u011fzini tutmaq bacar\u0131\u011f\u0131, qiym\u0259tli fikirl\u0259ri \u00fcmumil\u0259\u015fdirm\u0259k qabiliyy\u0259ti \u00f6zl\u00fcy\u00fcnd\u0259 parlamentin \u00fczvl\u0259ri \u00fc\u00e7\u00fcn yeni bir \u00f6rn\u0259k, \u0259sl parlamentarizm m\u0259kt\u0259bi idi&#8221;.<\/p>\n<p><strong>A.H\u00fcseynov qeyd etdi ki, Heyd\u0259r \u018fliyev prezident se\u00e7ildikd\u0259n sonra da parlamentl\u0259 s\u0131x \u0259laq\u0259 saxlam\u0131\u015f, y\u00fcks\u0259k s\u0259viyy\u0259li Prezident-parlament m\u00fcnasib\u0259tl\u0259rinin d\u00f6vl\u0259t\u00e7iliyimizin daha da m\u00f6hk\u0259ml\u0259nm\u0259sin\u0259, xalq\u0131n rifah hal\u0131n\u0131n yax\u015f\u0131la\u015fmas\u0131na xidm\u0259t etm\u0259si \u00fc\u00e7\u00fcn s\u0259yl\u0259rini \u0259sirg\u0259mirdi:<\/strong>\u00a0\u201c1995-ci il noyabr\u0131n 12-d\u0259 ke\u00e7iril\u0259n Milli M\u0259clis\u0259 se\u00e7kil\u0259r is\u0259 m\u00fcst\u0259qilliyini b\u0259rpa ed\u0259n Az\u0259rbaycan\u0131n ilk parlament se\u00e7kil\u0259ri oldu. M\u00fcst\u0259qil Az\u0259rbaycan\u0131n birinci \u00e7a\u011f\u0131r\u0131\u015f Milli M\u0259clisind\u0259 Prezident Heyd\u0259r \u018fliyevin t\u0259\u015f\u0259bb\u00fcs\u00fc il\u0259 m\u00fcst\u0259qil d\u00f6vl\u0259timiz \u00fc\u00e7\u00fcn h\u0259yati \u0259h\u0259miyy\u0259tli qanunlar q\u0259bul olundu. Ulu \u00f6nd\u0259r h\u00fcquqi d\u00f6vl\u0259t quruculu\u011fu prosesind\u0259 parlamentl\u0259 s\u0131x \u0259laq\u0259 \u015f\u0259raitind\u0259 b\u00f6y\u00fck u\u011furlara nail oldu. Statistikaya m\u00fcraci\u0259t ets\u0259k, g\u00f6r\u0259rik ki, 1993-c\u00fc il oktyabr\u0131n 10-dan 2002-ci il dekabr\u0131n 30-d\u0259k Milli M\u0259clis t\u0259r\u0259find\u0259n q\u0259bul edilmi\u015f 1715 qanun v\u0259 q\u0259rardan 975-i Prezident Heyd\u0259r \u018fliyevin t\u0259\u015f\u0259bb\u00fcs\u00fc il\u0259 q\u0259bul edilib.<\/p>\n<p>Heyd\u0259r \u018fliyevin \u0259sas\u0131n\u0131 qoydu\u011fu milli inki\u015faf strategiyas\u0131 bu g\u00fcn \u00f6lk\u0259 prezidenti \u0130lham \u018fliyev t\u0259r\u0259find\u0259n u\u011furla davam etdirilir. \u00d6lk\u0259mizin inki\u015faf modeli b\u00fct\u00fcn d\u00fcnyada maraqla izl\u0259nilir.<\/p>\n<p>Haz\u0131rda m\u00fcst\u0259qil Az\u0259rbaycan\u0131n b\u00fct\u00fcn sah\u0259l\u0259r \u00fczr\u0259 qanunvericilik bazas\u0131 m\u00f6vcuddur. Q\u0259bul olunmu\u015f Konstitusiya qanunlar\u0131, m\u0259c\u0259ll\u0259l\u0259r, qanunlar, t\u0259sdiq edilmi\u015f konvensiyalar, sazi\u015fl\u0259r c\u0259miyy\u0259t v\u0259 d\u00f6vl\u0259t h\u0259yat\u0131nda yaranan m\u00fcnasib\u0259tl\u0259ri t\u0259nziml\u0259m\u0259y\u0259 xidm\u0259t edir. Qanunvericilik f\u0259aliyy\u0259tind\u0259 b\u0259\u015f\u0259ri d\u0259y\u0259rl\u0259r milli d\u0259y\u0259rl\u0259rimizl\u0259 \u00fczvi sur\u0259td\u0259 \u0259laq\u0259l\u0259ndirilir&#8221;.<\/p>\n<p><strong>Etibar<\/strong><\/p>\n","protected":false},"excerpt":{"rendered":"<p>Ayd\u0131n H\u00fcseynov: \u201cUlu \u00f6nd\u0259r q\u0131sa m\u00fcdd\u0259td\u0259 parlamentin ruhunu k\u00f6k\u00fcnd\u0259n d\u0259yi\u015fdi, ora siyasi m\u0259d\u0259niyy\u0259t g\u0259tirdi\u201d Parlament se\u00e7kil\u0259ri kampaniyas\u0131n\u0131n t\u0259bli\u011fat-t\u0259\u015fviqat m\u0259rh\u0259l\u0259sin\u0131n yar\u0131s\u0131 arxada qald\u0131. 10 g\u00fcn sonra Az\u0259rbaycan\u0131n yeni Milli M\u0259clisi se\u00e7il\u0259c\u0259k. Bu, 1991-ci ild\u0259 d\u00f6vl\u0259t m\u00fcst\u0259qilliyimizi b\u0259rpa etdikd\u0259n sonra ke\u00e7\u0259n 33 ild\u0259 7-ci \u00e7a\u011f\u0131r\u0131\u015f Milli M\u0259clis olacaq. D\u00f6vl\u0259t m\u00fcst\u0259qilliyini qazand\u0131qdan sonra Az\u0259rbaycanda Milli M\u0259clis\u0259 ilk se\u00e7kil\u0259r Ulu \u00f6nd\u0259r Heyd\u0259r \u018fliyevin hakimiyy\u0259t\u0259 g\u0259li\u015find\u0259n iki il sonra &#8211; 1995-ci il noyabr\u0131n 12-d\u0259 ke\u00e7irilib. 6-c\u0131 \u00e7a\u011f\u0131r\u0131\u015f Milli M\u0259clisin deputat\u0131 Ayd\u0131n H\u00fcseynov\u00a0 \u201cYeni M\u00fcsavat\u201da bildirib ki, bu tarix m\u00fcst\u0259qil Az\u0259rbaycan\u0131n tarixind\u0259 \u00e7ox m\u00fch\u00fcm yer tutur.&hellip;<\/p>\n","protected":false},"author":2,"featured_media":746157,"comment_status":"closed","ping_status":"closed","sticky":false,"template":"","format":"standard","meta":{"om_disable_all_campaigns":false,"_monsterinsights_skip_tracking":false,"_monsterinsights_sitenote_active":false,"_monsterinsights_sitenote_note":"","_monsterinsights_sitenote_category":0},"categories":[19],"tags":[],"aioseo_notices":[],"gutentor_comment":0,"rttpg_featured_image_url":{"full":["https:\/\/arantv.az\/wp-content\/uploads\/2024\/08\/d3139d8e5a7e057eb24259a79e7f9e85.jpg",700,467,false],"landscape":["https:\/\/arantv.az\/wp-content\/uploads\/2024\/08\/d3139d8e5a7e057eb24259a79e7f9e85.jpg",700,467,false],"portraits":["https:\/\/arantv.az\/wp-content\/uploads\/2024\/08\/d3139d8e5a7e057eb24259a79e7f9e85.jpg",700,467,false],"thumbnail":["https:\/\/arantv.az\/wp-content\/uploads\/2024\/08\/d3139d8e5a7e057eb24259a79e7f9e85-500x280.jpg",500,280,true],"medium":["https:\/\/arantv.az\/wp-content\/uploads\/2024\/08\/d3139d8e5a7e057eb24259a79e7f9e85-547x365.jpg",547,365,true],"large":["https:\/\/arantv.az\/wp-content\/uploads\/2024\/08\/d3139d8e5a7e057eb24259a79e7f9e85.jpg",640,427,false],"1536x1536":["https:\/\/arantv.az\/wp-content\/uploads\/2024\/08\/d3139d8e5a7e057eb24259a79e7f9e85.jpg",700,467,false],"2048x2048":["https:\/\/arantv.az\/wp-content\/uploads\/2024\/08\/d3139d8e5a7e057eb24259a79e7f9e85.jpg",700,467,false],"post-thumbnail":["https:\/\/arantv.az\/wp-content\/uploads\/2024\/08\/d3139d8e5a7e057eb24259a79e7f9e85-240x172.jpg",240,172,true],"advps-thumb-one":["https:\/\/arantv.az\/wp-content\/uploads\/2024\/08\/d3139d8e5a7e057eb24259a79e7f9e85.jpg",700,467,false]},"rttpg_author":{"display_name":"V\u00fcsal Rafiqo\u011flu","author_link":"https:\/\/arantv.az\/?author=2"},"rttpg_comment":0,"rttpg_category":"<a href=\"https:\/\/arantv.az\/?cat=19\" rel=\"category\">G\u00fcnd\u0259m<\/a>","rttpg_excerpt":"Ayd\u0131n H\u00fcseynov: \u201cUlu \u00f6nd\u0259r q\u0131sa m\u00fcdd\u0259td\u0259 parlamentin ruhunu k\u00f6k\u00fcnd\u0259n d\u0259yi\u015fdi, ora siyasi m\u0259d\u0259niyy\u0259t g\u0259tirdi\u201d Parlament se\u00e7kil\u0259ri kampaniyas\u0131n\u0131n t\u0259bli\u011fat-t\u0259\u015fviqat m\u0259rh\u0259l\u0259sin\u0131n yar\u0131s\u0131 arxada qald\u0131. 10 g\u00fcn sonra Az\u0259rbaycan\u0131n yeni Milli M\u0259clisi se\u00e7il\u0259c\u0259k. Bu, 1991-ci ild\u0259 d\u00f6vl\u0259t m\u00fcst\u0259qilliyimizi b\u0259rpa etdikd\u0259n sonra ke\u00e7\u0259n 33 ild\u0259 7-ci \u00e7a\u011f\u0131r\u0131\u015f Milli M\u0259clis olacaq. D\u00f6vl\u0259t m\u00fcst\u0259qilliyini qazand\u0131qdan sonra Az\u0259rbaycanda Milli M\u0259clis\u0259 ilk se\u00e7kil\u0259r&hellip;","_links":{"self":[{"href":"https:\/\/arantv.az\/index.php?rest_route=\/wp\/v2\/posts\/746156"}],"collection":[{"href":"https:\/\/arantv.az\/index.php?rest_route=\/wp\/v2\/posts"}],"about":[{"href":"https:\/\/arantv.az\/index.php?rest_route=\/wp\/v2\/types\/post"}],"author":[{"embeddable":true,"href":"https:\/\/arantv.az\/index.php?rest_route=\/wp\/v2\/users\/2"}],"replies":[{"embeddable":true,"href":"https:\/\/arantv.az\/index.php?rest_route=%2Fwp%2Fv2%2Fcomments&post=746156"}],"version-history":[{"count":2,"href":"https:\/\/arantv.az\/index.php?rest_route=\/wp\/v2\/posts\/746156\/revisions"}],"predecessor-version":[{"id":746159,"href":"https:\/\/arantv.az\/index.php?rest_route=\/wp\/v2\/posts\/746156\/revisions\/746159"}],"wp:featuredmedia":[{"embeddable":true,"href":"https:\/\/arantv.az\/index.php?rest_route=\/wp\/v2\/media\/746157"}],"wp:attachment":[{"href":"https:\/\/arantv.az\/index.php?rest_route=%2Fwp%2Fv2%2Fmedia&parent=746156"}],"wp:term":[{"taxonomy":"category","embeddable":true,"href":"https:\/\/arantv.az\/index.php?rest_route=%2Fwp%2Fv2%2Fcategories&post=746156"},{"taxonomy":"post_tag","embeddable":true,"href":"https:\/\/arantv.az\/index.php?rest_route=%2Fwp%2Fv2%2Ftags&post=746156"}],"curies":[{"name":"wp","href":"https:\/\/api.w.org\/{rel}","templated":true}]}}