{"id":746163,"date":"2024-08-20T09:35:24","date_gmt":"2024-08-20T05:35:24","guid":{"rendered":"https:\/\/arantv.az\/?p=746163"},"modified":"2024-08-20T09:35:24","modified_gmt":"2024-08-20T05:35:24","slug":"ixtisas-secimi-bitdi-abituriyentl%c9%99rin-h%c9%99y%c9%99canli-h%c9%99ft%c9%99si","status":"publish","type":"post","link":"https:\/\/arantv.az\/?p=746163","title":{"rendered":"\u0130xtisas se\u00e7imi bitdi &#8211; abituriyentl\u0259rin h\u0259y\u0259canl\u0131 h\u0259ft\u0259si"},"content":{"rendered":"<p><strong>Bu pe\u015f\u0259l\u0259ri he\u00e7 kim se\u00e7mir; ekspertl\u0259rd\u0259n h\u0259y\u0259can t\u0259bili<\/strong><\/p>\n<p>Ali t\u0259hsil m\u00fc\u0259ssis\u0259l\u0259rinin bakalavriat s\u0259viyy\u0259sin\u0259 q\u0259bul olmaq \u00fc\u00e7\u00fcn ixtisas se\u00e7imi bu g\u00fcn bitdi.<\/p>\n<p>T\u0259hsil\u00a0 eksperti\u00a0<strong>\u00a0Adil\u00a0 V\u0259liyev<\/strong>\u00a0deyir ki, 1-ci v\u0259 2-ci qrupda bo\u015f yerl\u0259rin qalmas\u0131 g\u00f6zl\u0259nilir.<\/p>\n<p><strong>\u201c3-c\u00fc v\u0259 4-c\u00fc qrupda dem\u0259k olar ki, \u0259sas ixtisaslar\u0131n plan yerl\u0259ri tam \u015f\u0259kild\u0259 doldurulacaq. Ancaq ola bilsin ki, regionlarda v\u0259 \u00f6z\u0259l ali t\u0259hsil m\u00fc\u0259ssis\u0259l\u0259rind\u0259 bir ne\u00e7\u0259 ixtisas bo\u015f yeri qals\u0131n.<\/strong><\/p>\n<p>Qeyd edim ki, bu il biz ixtisas se\u00e7imind\u0259 bir ne\u00e7\u0259 probleml\u0259 d\u0259 qar\u015f\u0131la\u015fd\u0131q. \u018fsas probleml\u0259rd\u0259n biri subbakalavrlar\u0131n elektron \u0259riz\u0259l\u0259ri t\u0259sdiql\u0259m\u0259m\u0259l\u0259ri v\u0259 yaxud da abituriyentl\u0259rin elektron \u0259riz\u0259l\u0259ri vaxt\u0131nda t\u0259sdiql\u0259m\u0259m\u0259l\u0259ri olub. Buna g\u00f6r\u0259 d\u0259 t\u0259\u0259ss\u00fcf ki, ixtisas se\u00e7imind\u0259 n\u0259 birinci turda, n\u0259 d\u0259 ikinci turda bo\u015f qalan yerl\u0259rd\u0259 i\u015ftirak ed\u0259 bilm\u0259dil\u0259r.<\/p>\n<p><img loading=\"lazy\" src=\"https:\/\/adilveliyev.com\/wp-content\/uploads\/2022\/08\/Adil-Veliyev-musahibe.jpg\" alt=\"Ana s\u0259hif\u0259 - Adil V\u0259liyev\" width=\"800\" height=\"698\" \/><\/p>\n<p><strong>\u00a0Adil V\u0259liyev<\/strong><\/p>\n<p>D\u00fc\u015f\u00fcn\u00fcr\u0259m ki, maarifl\u0259nm\u0259 i\u015fl\u0259ri \u00e7ox yax\u015f\u0131 \u015f\u0259kild\u0259 apar\u0131l\u0131r. Sad\u0259c\u0259 olaraq, m\u0259lumatlar\u0131 valideynl\u0259r v\u0259 abituriyentl\u0259r \u00e7ox da diqq\u0259t\u0259 alm\u0131rlar&#8221;.<\/p>\n<p>T\u0259hsil m\u0259s\u0259l\u0259l\u0259ri \u00fczr\u0259 ekspert El\u015f\u0259n Qafarov bildirir ki, 2024-2025-ci ill\u0259r \u00fc\u00e7\u00fcn t\u0259l\u0259b\u0259 yerl\u0259rinin say\u0131 60 min n\u0259z\u0259rd\u0259 tutulub.<\/p>\n<p><strong>\u201c78 min abituriyentd\u0259n 60 mini ist\u0259dikl\u0259ri yerl\u0259r \u00fczr\u0259 q\u0259bul olunacaq. \u018fn\u0259n\u0259vi olaraq bizd\u0259 el\u0259 ixtisaslar var ki, h\u0259min ixtisaslar \u00fczr\u0259 r\u0259qab\u0259t \u00e7ox oldu\u011fu \u00fc\u00e7\u00fcn\u00a0 ballar da y\u00fcks\u0259kdir. M\u0259s\u0259l\u0259n, biz bunu tibb v\u0259 h\u00fcquq t\u0259hsili \u00fczr\u0259 g\u00f6r\u0259 bil\u0259rik.<\/strong><\/p>\n<p>Son ill\u0259r informasiya texnologiyalar\u0131 v\u0259 iqtisadiyyatla ba\u011fl\u0131 pe\u015f\u0259l\u0259r\u0259 maraq \u00e7oxal\u0131b. Pedaqoji sah\u0259d\u0259 t\u0259hsil almaq ist\u0259y\u0259nl\u0259rin say\u0131 da ild\u0259n-il\u0259 art\u0131r. Burada da ballar\u0131n artmas\u0131n\u0131 m\u00fc\u015fahid\u0259 edirik.<\/p>\n<p>T\u0259\u0259ss\u00fcf ki, bunu aqrar sah\u0259 il\u0259 ba\u011fl\u0131 dey\u0259 bilm\u0259y\u0259c\u0259yik. Bu sah\u0259ni se\u00e7\u0259nl\u0259rin say\u0131 azal\u0131b.\u00a0 Ke\u00e7id ballar\u0131 \u0259n a\u015fa\u011f\u0131 s\u0259viyy\u0259d\u0259dir.<\/p>\n<p>Biz 10 il bundan qabaq pedaqoji sah\u0259ni se\u00e7\u0259nl\u0259r \u00fc\u00e7\u00fcn m\u00fc\u0259yy\u0259n t\u0259dbirl\u0259r g\u00f6rd\u00fck.\u00a0 N\u0259tic\u0259 etibar\u0131 il\u0259 bu g\u00fcn 600-d\u0259n yuxar\u0131 bal toplayanlar da bu g\u00fcn pedaqoji sah\u0259ni se\u00e7ir&#8221;.<\/p>\n","protected":false},"excerpt":{"rendered":"<p>Bu pe\u015f\u0259l\u0259ri he\u00e7 kim se\u00e7mir; ekspertl\u0259rd\u0259n h\u0259y\u0259can t\u0259bili Ali t\u0259hsil m\u00fc\u0259ssis\u0259l\u0259rinin bakalavriat s\u0259viyy\u0259sin\u0259 q\u0259bul olmaq \u00fc\u00e7\u00fcn ixtisas se\u00e7imi bu g\u00fcn bitdi. T\u0259hsil\u00a0 eksperti\u00a0\u00a0Adil\u00a0 V\u0259liyev\u00a0deyir ki, 1-ci v\u0259 2-ci qrupda bo\u015f yerl\u0259rin qalmas\u0131 g\u00f6zl\u0259nilir. \u201c3-c\u00fc v\u0259 4-c\u00fc qrupda dem\u0259k olar ki, \u0259sas ixtisaslar\u0131n plan yerl\u0259ri tam \u015f\u0259kild\u0259 doldurulacaq. Ancaq ola bilsin ki, regionlarda v\u0259 \u00f6z\u0259l ali t\u0259hsil m\u00fc\u0259ssis\u0259l\u0259rind\u0259 bir ne\u00e7\u0259 ixtisas bo\u015f yeri qals\u0131n. Qeyd edim ki, bu il biz ixtisas se\u00e7imind\u0259 bir ne\u00e7\u0259 probleml\u0259 d\u0259 qar\u015f\u0131la\u015fd\u0131q. \u018fsas probleml\u0259rd\u0259n biri subbakalavrlar\u0131n elektron \u0259riz\u0259l\u0259ri t\u0259sdiql\u0259m\u0259m\u0259l\u0259ri v\u0259 yaxud da abituriyentl\u0259rin elektron \u0259riz\u0259l\u0259ri vaxt\u0131nda&hellip;<\/p>\n","protected":false},"author":2,"featured_media":746164,"comment_status":"closed","ping_status":"closed","sticky":false,"template":"","format":"standard","meta":{"om_disable_all_campaigns":false,"_monsterinsights_skip_tracking":false,"_monsterinsights_sitenote_active":false,"_monsterinsights_sitenote_note":"","_monsterinsights_sitenote_category":0},"categories":[23],"tags":[],"aioseo_notices":[],"gutentor_comment":0,"rttpg_featured_image_url":{"full":["https:\/\/arantv.az\/wp-content\/uploads\/2024\/08\/baa559e6d3db9b06959d7238f0cae271.jpg",750,400,false],"landscape":["https:\/\/arantv.az\/wp-content\/uploads\/2024\/08\/baa559e6d3db9b06959d7238f0cae271.jpg",750,400,false],"portraits":["https:\/\/arantv.az\/wp-content\/uploads\/2024\/08\/baa559e6d3db9b06959d7238f0cae271.jpg",750,400,false],"thumbnail":["https:\/\/arantv.az\/wp-content\/uploads\/2024\/08\/baa559e6d3db9b06959d7238f0cae271-500x280.jpg",500,280,true],"medium":["https:\/\/arantv.az\/wp-content\/uploads\/2024\/08\/baa559e6d3db9b06959d7238f0cae271-660x352.jpg",660,352,true],"large":["https:\/\/arantv.az\/wp-content\/uploads\/2024\/08\/baa559e6d3db9b06959d7238f0cae271.jpg",640,341,false],"1536x1536":["https:\/\/arantv.az\/wp-content\/uploads\/2024\/08\/baa559e6d3db9b06959d7238f0cae271.jpg",750,400,false],"2048x2048":["https:\/\/arantv.az\/wp-content\/uploads\/2024\/08\/baa559e6d3db9b06959d7238f0cae271.jpg",750,400,false],"post-thumbnail":["https:\/\/arantv.az\/wp-content\/uploads\/2024\/08\/baa559e6d3db9b06959d7238f0cae271-240x172.jpg",240,172,true],"advps-thumb-one":["https:\/\/arantv.az\/wp-content\/uploads\/2024\/08\/baa559e6d3db9b06959d7238f0cae271.jpg",750,400,false]},"rttpg_author":{"display_name":"V\u00fcsal Rafiqo\u011flu","author_link":"https:\/\/arantv.az\/?author=2"},"rttpg_comment":0,"rttpg_category":"<a href=\"https:\/\/arantv.az\/?cat=23\" rel=\"category\">T\u0259hsil<\/a>","rttpg_excerpt":"Bu pe\u015f\u0259l\u0259ri he\u00e7 kim se\u00e7mir; ekspertl\u0259rd\u0259n h\u0259y\u0259can t\u0259bili Ali t\u0259hsil m\u00fc\u0259ssis\u0259l\u0259rinin bakalavriat s\u0259viyy\u0259sin\u0259 q\u0259bul olmaq \u00fc\u00e7\u00fcn ixtisas se\u00e7imi bu g\u00fcn bitdi. T\u0259hsil\u00a0 eksperti\u00a0\u00a0Adil\u00a0 V\u0259liyev\u00a0deyir ki, 1-ci v\u0259 2-ci qrupda bo\u015f yerl\u0259rin qalmas\u0131 g\u00f6zl\u0259nilir. \u201c3-c\u00fc v\u0259 4-c\u00fc qrupda dem\u0259k olar ki, \u0259sas ixtisaslar\u0131n plan yerl\u0259ri tam \u015f\u0259kild\u0259 doldurulacaq. Ancaq ola bilsin ki, regionlarda v\u0259 \u00f6z\u0259l ali&hellip;","_links":{"self":[{"href":"https:\/\/arantv.az\/index.php?rest_route=\/wp\/v2\/posts\/746163"}],"collection":[{"href":"https:\/\/arantv.az\/index.php?rest_route=\/wp\/v2\/posts"}],"about":[{"href":"https:\/\/arantv.az\/index.php?rest_route=\/wp\/v2\/types\/post"}],"author":[{"embeddable":true,"href":"https:\/\/arantv.az\/index.php?rest_route=\/wp\/v2\/users\/2"}],"replies":[{"embeddable":true,"href":"https:\/\/arantv.az\/index.php?rest_route=%2Fwp%2Fv2%2Fcomments&post=746163"}],"version-history":[{"count":1,"href":"https:\/\/arantv.az\/index.php?rest_route=\/wp\/v2\/posts\/746163\/revisions"}],"predecessor-version":[{"id":746165,"href":"https:\/\/arantv.az\/index.php?rest_route=\/wp\/v2\/posts\/746163\/revisions\/746165"}],"wp:featuredmedia":[{"embeddable":true,"href":"https:\/\/arantv.az\/index.php?rest_route=\/wp\/v2\/media\/746164"}],"wp:attachment":[{"href":"https:\/\/arantv.az\/index.php?rest_route=%2Fwp%2Fv2%2Fmedia&parent=746163"}],"wp:term":[{"taxonomy":"category","embeddable":true,"href":"https:\/\/arantv.az\/index.php?rest_route=%2Fwp%2Fv2%2Fcategories&post=746163"},{"taxonomy":"post_tag","embeddable":true,"href":"https:\/\/arantv.az\/index.php?rest_route=%2Fwp%2Fv2%2Ftags&post=746163"}],"curies":[{"name":"wp","href":"https:\/\/api.w.org\/{rel}","templated":true}]}}