{"id":746169,"date":"2024-08-20T09:38:28","date_gmt":"2024-08-20T05:38:28","guid":{"rendered":"https:\/\/arantv.az\/?p=746169"},"modified":"2024-08-20T09:38:28","modified_gmt":"2024-08-20T05:38:28","slug":"%c9%99liyev-putin-gorusunun-detallari-muhum-q%c9%99rarlar-verildi","status":"publish","type":"post","link":"https:\/\/arantv.az\/?p=746169","title":{"rendered":"\u018fliyev Putin g\u00f6r\u00fc\u015f\u00fcn\u00fcn DETALLARI &#8211; M\u00fch\u00fcm q\u0259rarlar verildi"},"content":{"rendered":"<p><strong>Rusiya prezidentinin Az\u0259rbaycana x\u00fcsusi xarakterli s\u0259f\u0259ri d\u00fcnyan\u0131n diqq\u0259t m\u0259rk\u0259zind\u0259; liderl\u0259r iqtisadi sferada \u0259m\u0259kda\u015fl\u0131\u011f\u0131n artr\u0131lmas\u0131n\u0131 raz\u0131la\u015fd\u0131rd\u0131lar, C\u0259nubi Qafqaz\u0131, Ukrayna m\u0259s\u0259l\u0259sini m\u00fczakir\u0259 etdil\u0259r<\/strong><\/p>\n<p>Rusiya Federasiyas\u0131n\u0131n Prezidenti Vladimir Putin avqustun 18-d\u0259 Az\u0259rbaycan Respublikas\u0131na iki g\u00fcnl\u00fck d\u00f6vl\u0259t s\u0259f\u0259rin\u0259 g\u0259lib. Az\u0259rbaycan Respublikas\u0131n\u0131n Prezidenti \u0130lham \u018fliyev v\u0259 birinci xan\u0131m Mehriban \u018fliyeva evl\u0259rind\u0259 \u00f6lk\u0259mizd\u0259 r\u0259smi s\u0259f\u0259rd\u0259 olan Rusiya Federasiyas\u0131n\u0131n Prezidenti Vladimir Putinl\u0259 \u015fam edibl\u0259r.<\/p>\n<p><strong>Avqustun 19-da is\u0259 Putin F\u0259xri xiyabana g\u0259l\u0259r\u0259k xalq\u0131m\u0131z\u0131n \u00dcmummilli lideri, m\u00fcasir m\u00fcst\u0259qil Az\u0259rbaycan d\u00f6vl\u0259tinin memar\u0131 v\u0259 qurucusu Heyd\u0259r \u018fliyevin xatir\u0259sini d\u0259rin ehtiramla yad edib, m\u0259zar\u0131 \u00f6n\u00fcn\u0259 \u0259klil qoyub. G\u00f6rk\u0259mli oftalmoloq-alim, akademik Z\u0259rif\u0259 xan\u0131m \u018fliyevan\u0131n da xatir\u0259si an\u0131l\u0131b, m\u0259zar\u0131 \u00fcz\u0259rin\u0259 g\u00fcl d\u0259st\u0259l\u0259ri d\u00fcz\u00fcl\u00fcb.<\/strong><\/p>\n<p><strong><img src=\"https:\/\/bizim.media\/photo\/700x394\/2024\/08\/19\/1724070060_1.jpg\" alt=\"\u0130lham \u018fliyev v\u0259 Putin birlikd\u0259 A\u011f \u015e\u0259h\u0259r\u0259 gedirl\u0259r \u2013 V\u0130DEO\" \/><\/strong><\/p>\n<p>Putin h\u0259m\u00e7inin avqustun 19-da \u015e\u0259hidl\u0259r Xiyaban\u0131n\u0131 ziyar\u0259t edib, \u015f\u0259hidl\u0259rin xatir\u0259sini anaraq \u201c\u018fb\u0259di m\u0259\u015f\u0259l\u201d abid\u0259sinin \u00f6n\u00fcn\u0259 \u0259klil qoyub.<\/p>\n<p>D\u00f6vl\u0259t s\u0259f\u0259rind\u0259 olan Rusiya prezidentinin avqustun 19-da r\u0259smi qar\u015f\u0131lanma m\u0259rasimi olub.<\/p>\n<p><strong>Sonra Prezident \u0130lham \u018fliyevin Az\u0259rbaycanda d\u00f6vl\u0259t s\u0259f\u0259rind\u0259 olan Rusiya Federasiyas\u0131n\u0131n Prezidenti Vladimir Putinl\u0259 m\u0259hdud t\u0259rkibd\u0259 g\u00f6r\u00fc\u015f\u00fc ke\u00e7irilib.<\/strong><\/p>\n<p>AZ\u018fRTAC x\u0259b\u0259r verir ki, g\u00f6r\u00fc\u015fd\u0259 Prezident \u0130lham \u018fliyev \u00f6lk\u0259l\u0259rimiz aras\u0131nda qar\u015f\u0131l\u0131ql\u0131 f\u0259aliyy\u0259tin s\u0259viyy\u0259sind\u0259n \u00e7ox m\u0259mnun oldu\u011funu bildirib: \u201cQeyd etm\u0259k ist\u0259rdim ki, biz \u00f6lk\u0259l\u0259rimiz aras\u0131nda qar\u015f\u0131l\u0131ql\u0131 f\u0259aliyy\u0259tin s\u0259viyy\u0259sind\u0259n \u00e7ox m\u0259mnunuq. 2022-ci ilin fevral\u0131nda imzalad\u0131\u011f\u0131m\u0131z m\u00fctt\u0259fiqlik qar\u015f\u0131l\u0131ql\u0131 f\u0259aliyy\u0259ti haqq\u0131nda B\u0259yannam\u0259 u\u011furla yerin\u0259 yetirilir, h\u0259m siyasi, h\u0259m d\u0259 iqtisadi sah\u0259d\u0259 \u00e7ox m\u00fcsb\u0259t dinamika, yax\u015f\u0131 r\u0259q\u0259ml\u0259r g\u00f6r\u00fcr\u00fck. \u018flb\u0259tt\u0259, h\u0259m energetika, h\u0259m d\u0259 n\u0259qliyyat sah\u0259l\u0259rind\u0259 \u0259m\u0259kda\u015fl\u0131q edirik, humanitar \u0259laq\u0259l\u0259r\u0259, h\u0259m\u00e7inin bir \u00e7ox dig\u0259r sah\u0259l\u0259r\u0259 x\u00fcsusi diqq\u0259t yetiririk\u201d.<\/p>\n<p><img src=\"https:\/\/bizim.media\/photo\/700x394\/2024\/08\/19\/1724068611_17240621244652613444.jpg\" alt=\"\u0130lham \u018fliyev v\u0259 Putin m\u0259tbuata birg\u0259 b\u0259yanatlarla \u00c7IXI\u015e ED\u0130BL\u018fR \u2013 FOTO\/V\u0130DEO\" \/><\/p>\n<p>Prezident \u0130lham \u018fliyev \u0259min oldu\u011funu bildirib ki, Vladimir Putinin Az\u0259rbaycana haz\u0131rk\u0131 d\u00f6vl\u0259t s\u0259f\u0259ri ikit\u0259r\u0259fli m\u00fcnasib\u0259tl\u0259r \u00fc\u00e7\u00fcn faydal\u0131 olacaq: \u201cBu g\u00fcn g\u00fcnd\u0259likd\u0259 duran m\u0259s\u0259l\u0259l\u0259ri bir daha m\u00fczakir\u0259 ed\u0259c\u0259yik. \u018fmin\u0259m ki, s\u0259f\u0259r h\u0259m Sizin, h\u0259m d\u0259 m\u00fcnasib\u0259tl\u0259rimiz \u00fc\u00e7\u00fcn xo\u015f olacaq\u201d.<\/p>\n<p>Vladimir Putin d\u0259 bildirib ki, Az\u0259rbaycanla\u0259 Rusiya aras\u0131nda qar\u015f\u0131l\u0131ql\u0131 m\u00fctt\u0259fiqlik f\u0259aliyy\u0259ti haqq\u0131nda B\u0259yannam\u0259 u\u011furla yerin\u0259 yetirilir: \u201cM\u00fcnasib\u0259tl\u0259rimiz h\u0259l\u0259 2022-ci ilin \u0259vv\u0259lind\u0259 Sizinl\u0259 imzalad\u0131\u011f\u0131m\u0131z b\u0259yannam\u0259 \u0259sas\u0131nda inki\u015faf edir, u\u011furla yerin\u0259 yetirilir v\u0259 Sizin bu ilin aprelind\u0259 Moskvaya s\u0259f\u0259riniz ikit\u0259r\u0259fli m\u00fcnasib\u0259tl\u0259rimizin inki\u015faf\u0131na yax\u015f\u0131 t\u0259kan verib. \u0130qtisadi-ticari \u0259laq\u0259l\u0259r u\u011furla inki\u015faf edir. Rusiyada ke\u00e7iril\u0259n \u0259vv\u0259lki g\u00f6r\u00fc\u015f\u00fcm\u00fczd\u0259 Siz m\u0259n\u0259 demi\u015fdiniz ki, 4 milyarddan bir az \u00e7ox (illik \u0259mt\u0259\u0259 d\u00f6vriyy\u0259si &#8211; red.) yax\u015f\u0131 r\u0259q\u0259mdir. Bu, yax\u015f\u0131 r\u0259q\u0259mdir, amma bizim imkanlar\u0131m\u0131z\u0131n potensial\u0131na uy\u011fun deyil. H\u0259qiq\u0259t\u0259n burada t\u0259kc\u0259 energetika, s\u0259naye kooperasiyas\u0131, n\u0259qliyyat, logistika, y\u00fcng\u00fcl s\u0259nayed\u0259n dan\u0131\u015fmaq olmaz. Bizim birg\u0259 f\u0259aliyy\u0259timizin istiqam\u0259tl\u0259ri \u00e7oxdur. Az\u0259rbaycan iqtisadiyyat\u0131na qoyulan d\u00f6rd milyarddan art\u0131q birba\u015fa investisiya da pis g\u00f6st\u0259rici deyil. Az\u0259rbaycanda Rusiya kapital\u0131 il\u0259 1270 m\u00fc\u0259ssis\u0259 f\u0259aliyy\u0259t g\u00f6st\u0259rir, s\u00f6zs\u00fcz ki, bu da son h\u0259dd deyil\u201d.<\/p>\n<p>Prezident Putin Az\u0259rbaycanda rus dilin\u0259 g\u00f6st\u0259rdiyi diqq\u0259t\u0259 v\u0259 bu dilin \u00f6yr\u0259nildiyi m\u0259kt\u0259bl\u0259rin i\u015fin\u0259 g\u00f6r\u0259 Az\u0259rbaycana minn\u0259tdar oldu\u011funu da s\u00f6yl\u0259yib. Rusiya prezidenti xat\u0131rlad\u0131b ki, Az\u0259rbaycanda 300 rusdilli m\u0259kt\u0259b, el\u0259c\u0259 d\u0259 Rusiyan\u0131n apar\u0131c\u0131 ali m\u0259kt\u0259bl\u0259rinin filiallar\u0131 f\u0259aliyy\u0259t g\u00f6st\u0259rir.<\/p>\n<p><strong>Putin sonra deyib: \u201cH\u0259r k\u0259s yax\u015f\u0131 bilir ki, Rusiya da b\u00f6hranlarla \u00fcz-\u00fcz\u0259dir, ilk n\u00f6vb\u0259d\u0259 Ukrayna istiqam\u0259tind\u0259&#8230; Lakin Rusiyan\u0131n son bir ne\u00e7\u0259 ild\u0259 C\u0259nubi Qafqazdak\u0131 v\u0259ziyy\u0259t\u0259 tarix\u0259n c\u0259lb olunmas\u0131 biz\u0259 bu hadis\u0259l\u0259rd\u0259 i\u015ftirak etm\u0259k z\u0259rur\u0259tini dikt\u0259 edir.<\/strong><\/p>\n<p>Rusiyan\u0131n C\u0259nubi Qafqazdak\u0131 hadis\u0259l\u0259rd\u0259 i\u015ftirak\u0131 \u0259lb\u0259tt\u0259 ki, t\u0259r\u0259fl\u0259rin t\u0259l\u0259b etdiyi \u00f6l\u00e7\u00fcd\u0259 olacaq. Buna he\u00e7 bir \u015f\u00fcbh\u0259 yoxdur. \u018fg\u0259r biz Az\u0259rbaycanla Erm\u0259nistan aras\u0131nda s\u00fclh sazi\u015finin imzalanmas\u0131na nail olmaq, m\u0259s\u0259l\u0259ni s\u0259rh\u0259din delimitasiyas\u0131, demarkasiyas\u0131na \u00e7atd\u0131rmaq \u00fc\u00e7\u00fcn n\u0259s\u0259 ed\u0259 bils\u0259k, logistika v\u0259 iqtisadiyyat istiqam\u0259tind\u0259 m\u00fcvafiq bloklar\u0131 a\u00e7saq, buna \u00e7ox \u015fad olar\u0131q.<\/p>\n<p>Rusiya Federasiyas\u0131 C\u0259nubi Qafqazdak\u0131 v\u0259ziyy\u0259tin h\u0259llind\u0259 t\u0259r\u0259fl\u0259r \u00fc\u00e7\u00fcn vacib oldu\u011fu d\u0259r\u0259c\u0259d\u0259 i\u015ftirak etm\u0259y\u0259 haz\u0131rd\u0131r.<\/p>\n<p>M\u0259n bilir\u0259m ki, Az\u0259rbaycan Erm\u0259nistanla b\u00fct\u00fcn m\u0259s\u0259l\u0259l\u0259rin tam h\u0259llin\u0259 y\u00f6n\u0259lib. Rusiya s\u00fclh\u00fcn imzalanmas\u0131 v\u0259 Erm\u0259nistanla Az\u0259rbaycan aras\u0131nda s\u0259rh\u0259din demarkasiyas\u0131 \u00fc\u00e7\u00fcn n\u0259s\u0259 ed\u0259 bils\u0259, \u015fad olar&#8221;.<\/p>\n<p>Putin Az\u0259rbaycana s\u0259f\u0259rind\u0259n sonra Prezident \u0130lham \u018fliyevl\u0259 dan\u0131\u015f\u0131qlar\u0131n n\u0259tic\u0259l\u0259rini Erm\u0259nistan\u0131n ba\u015f naziri Nikol Pa\u015finyana bildir\u0259c\u0259yini deyib.<\/p>\n<p><strong>M\u0259hdud t\u0259rkibli g\u00f6r\u00fc\u015fd\u0259n sonra Prezident \u0130lham \u018fliyevin Prezident Vladimir Putinl\u0259 geni\u015f t\u0259rkibd\u0259 g\u00f6r\u00fc\u015f\u00fc ke\u00e7irilib.<\/strong><\/p>\n<p>Prezident \u018fliyev bildirib ki, Prezident\u00a0 Putinin Az\u0259rbaycana d\u00f6vl\u0259t s\u0259f\u0259ri ikit\u0259r\u0259fli m\u00fcnasib\u0259tl\u0259r \u00fc\u00e7\u00fcn m\u00fcst\u0259sna \u0259h\u0259miyy\u0259t\u0259 malikdir: \u201cBu g\u00fcn art\u0131q Sizinl\u0259 fikir m\u00fcbadil\u0259si apard\u0131q v\u0259 \u00f6lk\u0259l\u0259rimiz aras\u0131nda m\u00fcnasib\u0259tl\u0259rin &#8211; dostlar, qon\u015fular v\u0259 m\u00fctt\u0259fiql\u0259r aras\u0131nda m\u00fcnasib\u0259tl\u0259rin nec\u0259 inki\u015faf etm\u0259sind\u0259n m\u0259mnunluq ifad\u0259 etdik. B\u00fct\u00fcn sah\u0259l\u0259rd\u0259 m\u00fcsb\u0259t dinamika g\u00f6r\u00fcr\u00fck. N\u00fcmay\u0259nd\u0259 hey\u0259tl\u0259rimizin t\u0259rkibi d\u0259 bunu \u00e7ox \u0259yani \u015f\u0259kild\u0259 g\u00f6st\u0259rir. Y\u0259ni h\u0259qiq\u0259t\u0259n d\u0259 m\u00fczakir\u0259, qar\u015f\u0131l\u0131ql\u0131 f\u0259aliyy\u0259t \u00fc\u00e7\u00fcn \u00e7oxlu m\u00f6vzular var v\u0259 bizim qar\u015f\u0131l\u0131ql\u0131 f\u0259aliyy\u0259timizin \u0259hat\u0259 dair\u0259si ild\u0259n-il\u0259 geni\u015fl\u0259nir. Biz b\u00fct\u00fcn sah\u0259l\u0259rd\u0259 qar\u015f\u0131l\u0131ql\u0131 f\u0259aliyy\u0259timizi g\u00fccl\u0259ndirm\u0259k \u0259zmind\u0259yik. \u018fmin\u0259m ki, Sizin s\u0259f\u0259riniz \u00f6lk\u0259l\u0259rimizi v\u0259 xalqlar\u0131m\u0131z\u0131 bir-birin\u0259 daha da yax\u0131nla\u015fd\u0131rmaq istiqam\u0259tind\u0259 n\u00f6vb\u0259ti m\u00fch\u00fcm add\u0131m olacaq\u201d.<\/p>\n<p><img src=\"https:\/\/hakimiyyet.info.az\/wp-content\/uploads\/2024\/08\/metbuata-beyanat-1140x641.jpg\" alt=\"Prezident \u0130lham \u018fliyev v\u0259 Prezident Vladimir Putin m\u0259tbuata b\u0259yanatlarla  \u00e7\u0131x\u0131\u015f edibl\u0259r | HAK\u0130M\u0130YYET.\u0130NFO.AZ -\u0130ctimai-Siyasi Media Portal\u0131\" \/><\/p>\n<p>V.Putin bildirib ki, m\u0259hdud t\u0259rkibli g\u00f6r\u00fc\u015fd\u0259 prioritet xarakter da\u015f\u0131yan bir s\u0131ra m\u0259s\u0259l\u0259l\u0259ri m\u00fczakir\u0259 etm\u0259y\u0259 nail olublar: \u201cBiz h\u0259l\u0259 m\u00fcvafiq s\u0259n\u0259dl\u0259ri imzalamal\u0131y\u0131q. H\u0259mkarlar\u0131m\u0131z\u0131n, el\u0259c\u0259 d\u0259 bizim qeyri-formal \u015f\u0259raitd\u0259 d\u00fcn\u0259n s\u00f6hb\u0259t etm\u0259k imkan\u0131 olub. Bu g\u00fcn d\u0259 onlar \u00f6z aralar\u0131nda dan\u0131\u015fa v\u0259 yax\u0131n perspektivd\u0259 add\u0131mlar\u0131 m\u00fc\u0259yy\u0259n ed\u0259 bil\u0259c\u0259kl\u0259r\u201d.<\/p>\n<p>Sonra Az\u0259rbaycan Prezidenti \u0130lham \u018fliyevin v\u0259 Rusiya Prezidenti Vladimir Putinin i\u015ftirak\u0131 il\u0259 imzalanm\u0131\u015f Az\u0259rbaycan-Rusiya s\u0259n\u0259dl\u0259rinin m\u00fcbadil\u0259si m\u0259rasimi ke\u00e7irilib.<\/p>\n<p><strong>Daha sonra prezidentl\u0259r m\u0259tbuata b\u0259yanatlarla \u00e7\u0131x\u0131\u015f edibl\u0259r. H\u0259r iki lider Rusiya-Az\u0259rbaycan m\u00fcnasib\u0259tl\u0259rinin strateji partnyorluq m\u00fcnasib\u0259tl\u0259ri oldu\u011funu ifad\u0259 edibl\u0259r.<\/strong><\/p>\n<p>Siyasi analitikl\u0259r hesab edir ki, Rusiya liderinin Bak\u0131ya iki g\u00fcnl\u00fck s\u0259f\u0259ri, s\u0259f\u0259r zaman\u0131 veril\u0259n a\u00e7\u0131qlamalar h\u0259r iki d\u00f6vl\u0259tin m\u00fcnasib\u0259tl\u0259rinin daha da d\u0259rinl\u0259\u015fm\u0259si istiqam\u0259tind\u0259 irad\u0259nin oldu\u011funu n\u00fcmayi\u015f etdirdi. Vladimir Putinin a\u00e7\u0131qlamalar\u0131 Rusiyan\u0131n C\u0259nubi Qafqazda \u00fc\u00e7t\u0259r\u0259fli sazi\u015fl\u0259r \u0259sas\u0131nda regionda n\u0259qliyyat, logistika v\u0259 iqtisadi \u0259laq\u0259l\u0259rin b\u0259rpa edilm\u0259sind\u0259 maraql\u0131 oldu\u011funu da dem\u0259y\u0259 \u0259sas verir.\u00a0 Eyni zamanda Putinin a\u00e7\u0131qlamas\u0131 Prezident \u0130lham \u018fliyevl\u0259 dan\u0131\u015f\u0131qlarda Erm\u0259nistanla Az\u0259rbaycan aras\u0131nda s\u00fclh sazi\u015fi m\u0259s\u0259l\u0259sinin, Ukrayna m\u00f6vzusunun da m\u00fczakir\u0259 edildiyind\u0259n x\u0259b\u0259r verir.<\/p>\n<p>El\u0259c\u0259 d\u0259 Putinin Az\u0259rbaycan-Rusiya iqtisadi, ticar\u0259t \u0259laq\u0259l\u0259rinin daha da geni\u015fl\u0259ndirilm\u0259sind\u0259 maraql\u0131 oldu\u011fu a\u00e7\u0131q ifad\u0259 edilib.<\/p>\n<p>Bel\u0259likl\u0259, Rusiya Prezidenti Vladimir Putinin Az\u0259rbaycana s\u0259f\u0259ri il\u0259 \u00f6lk\u0259 g\u00fcnd\u0259minin, h\u0259tta d\u00fcnya g\u00fcnd\u0259minin \u0259sas m\u00f6vzular\u0131ndan biri oldu. Haz\u0131rda Rusiya, onun Ukraynada apard\u0131\u011f\u0131 m\u00fcharib\u0259, kollektiv Q\u0259rbin bu m\u00fcharib\u0259d\u0259 i\u015ftirak\u0131, prezident Vladimir Putinin indiy\u0259d\u0259k tutdu\u011fu v\u0259 ind\u0259n sonra tutaca\u011f\u0131 m\u00f6vqe b\u00fct\u00fcn d\u00fcnyan\u0131n diqq\u0259t m\u0259rk\u0259zind\u0259dir.<\/p>\n<p>Bel\u0259 bir vaxtda Putinin Az\u0259rbaycana s\u0259f\u0259ri bu iki \u00f6lk\u0259nin xaricind\u0259 d\u0259 maraq do\u011furur.<\/p>\n<p>Az\u0259rbaycan\u0131n regionda s\u00fclh\u00fcn, t\u0259hl\u00fck\u0259sizliyin v\u0259 \u0259m\u0259kda\u015fl\u0131\u011f\u0131n m\u00f6hk\u0259ml\u0259nm\u0259sin\u0259 y\u00f6n\u0259lmi\u015f siyas\u0259ti, bu kontekstd\u0259 qon\u015fu \u00f6lk\u0259l\u0259rl\u0259 qar\u015f\u0131l\u0131ql\u0131 faydal\u0131 \u0259m\u0259kda\u015fl\u0131\u011f\u0131n inki\u015faf etdirilm\u0259si b\u00f6y\u00fck \u0259h\u0259miyy\u0259t da\u015f\u0131y\u0131r. R\u0259smi Bak\u0131n\u0131n prioritetl\u0259rind\u0259n biri regionda qal\u0131c\u0131 s\u00fclh\u0259, t\u0259hl\u00fck\u0259sizliy\u0259 nail olmaqd\u0131r. V.Putin d\u0259 Prezident \u018fliyevl\u0259 g\u00f6r\u00fc\u015fd\u0259 Az\u0259rbaycan\u0131n s\u00fclh istiqam\u0259tind\u0259 \u00e7al\u0131\u015fd\u0131\u011f\u0131n\u0131 etiraf etdi.<\/p>\n<p>Rusiya is\u0259 regionun b\u00f6y\u00fck \u00f6lk\u0259l\u0259rind\u0259n biridir. Son iki \u0259srin 170 ilini bu \u00f6lk\u0259 il\u0259 Az\u0259rbaycan eyni s\u0259rh\u0259dl\u0259r daxilind\u0259 ya\u015fay\u0131b, 33 ildir bir-birind\u0259n uzaqla\u015fmadan eyni geosiyasi m\u0259kanda m\u00f6vcuddur. Bu ill\u0259r \u0259rzind\u0259 iki \u00f6lk\u0259 aras\u0131nda s\u0131x iqtisadi-ticar\u0259t, siyasi, humanitar \u0259laq\u0259l\u0259r yaran\u0131b.<\/p>\n<p>Rusiya t\u0259kc\u0259 \u00f6z regionunun deyil, h\u0259m d\u0259 d\u00fcnyan\u0131n apar\u0131c\u0131 d\u00f6vl\u0259tl\u0259rind\u0259n biridir, BMT T\u0259hl\u00fck\u0259sizlik \u015euras\u0131n\u0131n 5 daimi \u00fczv\u00fcnd\u0259n biri olaraq \u00e7oxq\u00fctbl\u00fc d\u00fcnya nizam\u0131nda \u00f6z yerini qoruyub saxlama\u011fa, s\u00f6z sahibi kimi \u00e7\u0131x\u0131\u015f etm\u0259y\u0259 \u00e7al\u0131\u015f\u0131r.<\/p>\n<p><strong>Az\u0259rbaycan m\u00fcst\u0259qilliyini b\u0259rpa ed\u0259nd\u0259n b\u0259ri Rusiya il\u0259 \u0259laq\u0259l\u0259r \u0259razi b\u00fct\u00f6vl\u00fcy\u00fc, b\u0259rab\u0259rh\u00fcquqluq v\u0259 bir-birinin daxili i\u015fl\u0259rin\u0259 m\u00fcdaxil\u0259 etm\u0259m\u0259k prinsipl\u0259ri \u0259sas\u0131nda davam v\u0259 inki\u015faf edir. B\u0259z\u0259n arada yaranan probleml\u0259r bir qayda olaraq g\u0259rginliy\u0259 yol verilm\u0259d\u0259n, qar\u015f\u0131l\u0131ql\u0131 raz\u0131la\u015fma yolu il\u0259 h\u0259ll edilir. Bu, iki \u00f6lk\u0259 aras\u0131nda yax\u0131n dostluq m\u00fcnasib\u0259tl\u0259rinin, d\u00f6vl\u0259tl\u0259raras\u0131 dialoqun y\u00fcks\u0259k s\u0259viyy\u0259d\u0259 olmas\u0131n\u0131n n\u0259tic\u0259sind\u0259 m\u00fcmk\u00fcn olur.<\/strong><\/p>\n<p>Az\u0259rbaycanla Rusiya aras\u0131nda vaxtil\u0259 s\u0131x \u015f\u0259kild\u0259 m\u00f6vcud olan iqtisadi \u0259laq\u0259l\u0259rin yeni d\u00f6n\u0259md\u0259 daha da inki\u015faf etm\u0259si g\u00f6z qaba\u011f\u0131ndad\u0131r. Bu t\u0259r\u0259qqini ifad\u0259 ed\u0259n konkret r\u0259q\u0259ml\u0259r var. M\u0259s\u0259l\u0259n, 2023-c\u00fc ilin n\u0259tic\u0259l\u0259rin\u0259 g\u00f6r\u0259 2022-ci ill\u0259 m\u00fcqayis\u0259d\u0259 ticar\u0259t d\u00f6vriyy\u0259si 17 faiz artaraq 4.5 milyard dollar s\u0259viyy\u0259sin\u0259 y\u00fcks\u0259lib, 2024-c\u00fc ild\u0259 daha y\u00fcks\u0259k n\u0259tic\u0259 g\u00f6zl\u0259nilir. \u0130nki\u015faf \u00f6z\u00fcn\u00fc \u0259sas\u0259n s\u0259naye v\u0259 k\u0259nd t\u0259s\u0259rr\u00fcfat\u0131 m\u0259hsullar\u0131n\u0131n qar\u015f\u0131l\u0131ql\u0131 ixrac-idxal\u0131nda, turizm sektorunda, y\u00fck da\u015f\u0131malar\u0131n\u0131n h\u0259cminin artmas\u0131nda g\u00f6st\u0259rir.<\/p>\n<p>2 il \u0259vv\u0259l, fevral\u0131n 22-d\u0259 Moskvada Az\u0259rbaycan v\u0259 Rusiya d\u00f6vl\u0259t ba\u015f\u00e7\u0131lar\u0131 iki \u00f6lk\u0259 aras\u0131nda \u201cM\u00fctt\u0259fiqlik qar\u015f\u0131l\u0131ql\u0131 f\u0259aliyy\u0259ti haqq\u0131nda B\u0259yannam\u0259\u201d imzalay\u0131b. S\u0259n\u0259dd\u0259 iki \u00f6lk\u0259 aras\u0131nda siyasi, iqtisad\u0131 v\u0259 daha bir \u00e7ox sah\u0259l\u0259rd\u0259 \u0259m\u0259kda\u015fl\u0131\u011f\u0131n inki\u015faf\u0131n\u0131n vacibliyind\u0259n b\u0259hs edilir.<\/p>\n<p><strong>Rusiya il\u0259 Az\u0259rbaycan aras\u0131nda \u015eimal-C\u0259nub n\u0259qliyyat d\u0259hlizinin inki\u015faf etdirilm\u0259si sah\u0259sind\u0259 \u0259m\u0259kda\u015fl\u0131q b\u00f6y\u00fck iqtisadi \u0259h\u0259miyy\u0259t\u0259 malikdir. Bu, Rusiyan\u0131n \u00f6z mallar\u0131n\u0131 Hind okean\u0131 h\u00f6vz\u0259sin\u0259 q\u0259d\u0259r da\u015f\u0131maq imkan\u0131 yarad\u0131r. \u00d6z n\u00f6vb\u0259sind\u0259 Az\u0259rbaycan\u0131n da bu n\u0259qliyyat arteriyas\u0131na (h\u0259m \u015fimala, h\u0259m d\u0259 c\u0259nuba do\u011fru) qo\u015fulmaq imkan\u0131 yaran\u0131r. Bu d\u0259hliz d\u00fcnyada m\u00f6vcud olan qlobal n\u0259qliyyat d\u0259hlizl\u0259ri aras\u0131nda x\u00fcsusi \u00f6n\u0259m\u0259 malikdir v\u0259 \u00f6lk\u0259l\u0259r aras\u0131nda iqtisadi \u0259laq\u0259l\u0259rin q\u0131r\u0131lmazl\u0131\u011f\u0131n\u0131 t\u0259min edir. Az\u0259rbaycan \u015eimal-C\u0259nub d\u0259hlizinin inki\u015faf\u0131 istiqam\u0259tind\u0259 bir s\u0131ra t\u0259dbirl\u0259r h\u0259yata ke\u00e7irib, bu, kommunikasiyalar\u0131n etibarl\u0131 b\u0259ndi oldu\u011funu s\u00fcbut edib.<\/strong><\/p>\n<p>Az\u0259rbaycan d\u00f6vl\u0259tinin yeritdiyi m\u00fcst\u0259qil siyas\u0259t t\u0259bii ki, \u00f6z milli maraqlar\u0131na uy\u011fundur v\u0259 b\u00fct\u00fcn t\u0259r\u0259fl\u0259rl\u0259 \u0259m\u0259kda\u015fl\u0131\u011f\u0131 n\u0259z\u0259rd\u0259 tutur. R\u0259smi Bak\u0131 zaman-zaman k\u0259skin \u015f\u0259kild\u0259 q\u00fctbl\u0259\u015f\u0259n d\u00fcnyada t\u0259r\u0259f tutmadan, h\u0259m Q\u0259rbl\u0259, h\u0259m d\u0259 Rusiya, \u0130ran v\u0259 dig\u0259r \u00f6lk\u0259l\u0259rl\u0259 yax\u015f\u0131 \u0259laq\u0259l\u0259r saxlama\u011fa \u00e7al\u0131\u015f\u0131r. El\u0259 q\u00fcdr\u0259tli \u00f6lk\u0259l\u0259r var ki, h\u0259r zaman ki\u00e7ik \u00f6lk\u0259l\u0259rd\u0259n t\u0259r\u0259f tutma\u011f\u0131 t\u0259l\u0259b edirl\u0259r, amma onlar\u0131n t\u0259zyiqin\u0259 boyun \u0259ym\u0259d\u0259n \u00f6z neytral m\u00f6vqeyind\u0259 qalmaq h\u0259r bax\u0131mdan \u0259lveri\u015flidir. Az\u0259rbaycan h\u0259m BR\u0130KS, \u015eOS kimi platformalarda i\u015ftirak edir, h\u0259m d\u0259 Avropa \u0130ttifaq\u0131 v\u0259 Q\u0259rbin dig\u0259r qurumlar\u0131 il\u0259 \u0259m\u0259kda\u015fl\u0131\u011fa malikdir, ancaq onlar\u0131n ham\u0131s\u0131 r\u0259smi Bak\u0131n\u0131 \u201c\u00f6z t\u0259rkin\u0259 almaq\u201d imkan\u0131ndan m\u0259hrumdur. Az\u0259rbaycan Qo\u015fulmama H\u0259r\u0259kat\u0131n\u0131n f\u0259al \u00fczvl\u0259rind\u0259n biri olaraq, h\u0259rbi-siyasi platformalara qo\u015fulmur, amma \u00f6z\u00fc ikit\u0259r\u0259fli qaydada \u00f6z strateji t\u0259r\u0259fda\u015flar\u0131n\u0131 se\u00e7ir, onlarla uy\u011fun sazi\u015fl\u0259r imzalay\u0131r.<\/p>\n<p>Az\u0259rbaycan bir-biri il\u0259 amans\u0131z m\u00fcharib\u0259 aparan Rusiya v\u0259 Ukrayna il\u0259 yax\u0131n m\u00fcnasib\u0259tl\u0259r\u0259 malikdir. R\u0259smi Bak\u0131 h\u0259r iki d\u00f6vl\u0259tl\u0259 \u00f6z m\u00fcnasib\u0259tl\u0259rini qoruyub saxlama\u011fa \u00e7al\u0131\u015f\u0131r. Kanat \u00fcz\u0259rind\u0259 \u00f6z m\u00fcvazin\u0259tini saxlama\u011fa b\u0259rab\u0259r olan bu neytral m\u00f6vqed\u0259 olmas\u0131na g\u00f6r\u0259dir ki, Avropa \u0130ttifaq\u0131 Ukrayna vasit\u0259sil\u0259 Rusiya qaz\u0131n\u0131n al\u0131nmas\u0131ndan tam imtina etdikd\u0259n sonra bu sah\u0259d\u0259 bo\u015flu\u011fu doldurmaq \u00fc\u00e7\u00fcn Az\u0259rbaycanla \u0259m\u0259kda\u015fl\u0131q c\u0259hdl\u0259rini art\u0131rma\u011fa \u00e7al\u0131\u015f\u0131r v\u0259 Az\u0259rbaycan qaz\u0131n\u0131n Ukrayna \u0259razisind\u0259ki qaz k\u0259m\u0259rl\u0259ri vasit\u0259sil\u0259 n\u0259qlini n\u0259z\u0259rd\u0259n ke\u00e7irir.<\/p>\n<p>Prezident \u0130lham \u018fliyevin beyn\u0259lxalq arenada y\u00fcr\u00fctd\u00fcy\u00fc siyas\u0259tin d\u00fczg\u00fcnl\u00fcy\u00fcn\u00fc zaman v\u0259 ba\u015f ver\u0259n hadis\u0259l\u0259r t\u0259krar-t\u0259krar t\u0259sdiql\u0259yir. Onun m\u0259har\u0259tli diplomatiyas\u0131 say\u0259sind\u0259, Rusiya il\u0259 qurulmu\u015f d\u00fczg\u00fcn m\u00fcnasib\u0259tl\u0259r n\u0259tic\u0259sind\u0259 Az\u0259rbaycan bir s\u0131ra tarixi probleml\u0259rinin h\u0259llin\u0259 nail oldu, \u00f6z \u0259razi b\u00fct\u00f6vl\u00fcy\u00fcn\u00fc v\u0259 suverenliyini b\u0259rpa etdi. Ba\u015fqa yol yox idi. Qaraba\u011f probleminin h\u0259lli bu \u00f6lk\u0259nin neytral m\u00f6vqe tutmas\u0131ndan \u00e7ox as\u0131l\u0131 idi. Az\u0259rbaycan Rusiyan\u0131n uzun ill\u0259rd\u0259n sonra n\u0259hay\u0259t Qafqaz \u00f6lk\u0259l\u0259ri aras\u0131nda b\u0259rab\u0259rlik i\u015far\u0259si qoymas\u0131na nail oldu v\u0259 bu, \u00f6z b\u0259hr\u0259sini verdi. \u00c7\u00fcnki Az\u0259rbaycan Erm\u0259nistanla b\u0259rab\u0259r deyildi, g\u00fccl\u00fc v\u0259 haql\u0131 idi, sad\u0259c\u0259, ortadak\u0131 arbitrin \u0259dal\u0259tli olmas\u0131 laz\u0131m idi.<\/p>\n<p>Haz\u0131rda ukraynal\u0131 ekspertl\u0259r d\u0259 Az\u0259rbaycan\u0131n y\u00fcr\u00fctd\u00fcy\u00fc m\u00fcdrik siyas\u0259ti n\u00fcmun\u0259 g\u0259tirir v\u0259 Prezident \u0130lham \u018fliyevin s\u0259yl\u0259ri n\u0259tic\u0259sind\u0259 Az\u0259rbaycan\u0131n Q\u0259rbl\u0259 Rusiya aras\u0131nda m\u00fcnaqi\u015f\u0259 arenas\u0131na \u00e7evrilm\u0259diyini v\u0259 \u00f6z milli m\u0259qs\u0259dl\u0259rin\u0259 nail oldu\u011funu qeyd edir, bunu y\u00fcks\u0259k qiym\u0259tl\u0259ndirirl\u0259r.<\/p>\n<p>\u0130ndi \u00f6lk\u0259miz d\u00fcnyada dialoq m\u0259kan\u0131 kimi tan\u0131n\u0131r. H\u0259m Rusiya, h\u0259m d\u0259 Ukrayna Az\u0259rbaycana, onun liderin\u0259 etimad g\u00f6st\u0259rir. H\u0259m Rusiya, h\u0259m d\u0259 Ukrayna il\u0259 yax\u015f\u0131 m\u00fcnasib\u0259tl\u0259ri olan \u00f6lk\u0259 kimi Rusiya-Ukrayna qar\u015f\u0131durmas\u0131n\u0131n s\u00fclh yolu il\u0259 h\u0259llind\u0259 Az\u0259rbaycan\u0131n imkanlar\u0131ndan istifad\u0259 oluna bil\u0259r. El\u0259 olsa, regiona s\u00fclh v\u0259 \u0259min-amanl\u0131q g\u0259l\u0259r, eyni zamanda \u00f6lk\u0259mizin beyn\u0259lxalq n\u00fcfuzunun daha artmas\u0131na t\u00f6hf\u0259 olar.<\/p>\n<p><strong>\u201cAtlas\u201d Ara\u015fd\u0131rmalar M\u0259rk\u0259zinin r\u0259hb\u0259ri Elxan \u015eahino\u011flu deyib ki,\u00a0 Moskva il\u0259 Kiyev aras\u0131nda dan\u0131\u015f\u0131qlara ba\u015flamaq \u00fc\u00e7\u00fcn Bak\u0131n\u0131n m\u0259kan kimi se\u00e7il\u0259 bilm\u0259si ehtimal\u0131 g\u00fcnd\u0259md\u0259dir: \u201cBak\u0131n\u0131n bel\u0259 bir t\u0259cr\u00fcb\u0259si var. Putin Ukraynan\u0131n Rusiya \u0259razisin\u0259 h\u00fccumundan sonra Kiyevl\u0259 s\u00fclh dan\u0131\u015f\u0131qlar\u0131n\u0131 istisna ets\u0259 d\u0259, Kreml sahibi v\u0259ziyy\u0259tin onun v\u0259 \u00f6lk\u0259sinin z\u0259r\u0259rin\u0259 istiqam\u0259tl\u0259ndiyini anlamam\u0131\u015f deyil. Onun real vasit\u0259\u00e7iy\u0259 v\u0259 ya dan\u0131\u015f\u0131qlar \u00fc\u00e7\u00fcn t\u0259r\u0259fsiz m\u0259kana ehtiyac\u0131 var\u201d.<\/strong><\/p>\n<p>E.\u015eahino\u011flunun fikrinc\u0259, Belarus vasit\u0259\u00e7i roluna yaram\u0131r: \u201cKiyev q\u0259bul etm\u0259y\u0259c\u0259k. T\u00fcrkiy\u0259nin vasit\u0259\u00e7iliyin\u0259 Kreml ehtiyatla yana\u015f\u0131r. \u00c7\u00fcnki Moskva T\u00fcrkiy\u0259 il\u0259 Ukraynan\u0131n h\u0259rbi sah\u0259d\u0259 \u0259m\u0259kda\u015fl\u0131\u011f\u0131ndan naraz\u0131d\u0131r. Bir ara \u00c7in vasit\u0259\u00e7iliyini t\u0259klif etmi\u015fdi, ancaq Pekinin balans\u0131 Rusiyan\u0131n xeyrin\u0259 pozmas\u0131 Kiyevin v\u0259 onu d\u0259st\u0259kl\u0259y\u0259n Q\u0259rbin maraqlar\u0131na ziddir. Yerd\u0259 qal\u0131r Q\u0259t\u0259r v\u0259 Az\u0259rbaycan\u201d.<\/p>\n<p><strong>Etibar SEY\u0130DA\u011eA,<\/strong><br \/>\n<strong>\u201cYeni M\u00fcsavat\u201d<\/strong><\/p>\n","protected":false},"excerpt":{"rendered":"<p>Rusiya prezidentinin Az\u0259rbaycana x\u00fcsusi xarakterli s\u0259f\u0259ri d\u00fcnyan\u0131n diqq\u0259t m\u0259rk\u0259zind\u0259; liderl\u0259r iqtisadi sferada \u0259m\u0259kda\u015fl\u0131\u011f\u0131n artr\u0131lmas\u0131n\u0131 raz\u0131la\u015fd\u0131rd\u0131lar, C\u0259nubi Qafqaz\u0131, Ukrayna m\u0259s\u0259l\u0259sini m\u00fczakir\u0259 etdil\u0259r Rusiya Federasiyas\u0131n\u0131n Prezidenti Vladimir Putin avqustun 18-d\u0259 Az\u0259rbaycan Respublikas\u0131na iki g\u00fcnl\u00fck d\u00f6vl\u0259t s\u0259f\u0259rin\u0259 g\u0259lib. Az\u0259rbaycan Respublikas\u0131n\u0131n Prezidenti \u0130lham \u018fliyev v\u0259 birinci xan\u0131m Mehriban \u018fliyeva evl\u0259rind\u0259 \u00f6lk\u0259mizd\u0259 r\u0259smi s\u0259f\u0259rd\u0259 olan Rusiya Federasiyas\u0131n\u0131n Prezidenti Vladimir Putinl\u0259 \u015fam edibl\u0259r. Avqustun 19-da is\u0259 Putin F\u0259xri xiyabana g\u0259l\u0259r\u0259k xalq\u0131m\u0131z\u0131n \u00dcmummilli lideri, m\u00fcasir m\u00fcst\u0259qil Az\u0259rbaycan d\u00f6vl\u0259tinin memar\u0131 v\u0259 qurucusu Heyd\u0259r \u018fliyevin xatir\u0259sini d\u0259rin ehtiramla yad edib, m\u0259zar\u0131 \u00f6n\u00fcn\u0259 \u0259klil qoyub. G\u00f6rk\u0259mli oftalmoloq-alim, akademik Z\u0259rif\u0259 xan\u0131m&hellip;<\/p>\n","protected":false},"author":2,"featured_media":746170,"comment_status":"closed","ping_status":"closed","sticky":false,"template":"","format":"standard","meta":{"om_disable_all_campaigns":false,"_monsterinsights_skip_tracking":false,"_monsterinsights_sitenote_active":false,"_monsterinsights_sitenote_note":"","_monsterinsights_sitenote_category":0},"categories":[4],"tags":[],"aioseo_notices":[],"gutentor_comment":0,"rttpg_featured_image_url":{"full":["https:\/\/arantv.az\/wp-content\/uploads\/2024\/08\/5645461daa3d9828533f84dea0133f00.jpg",850,500,false],"landscape":["https:\/\/arantv.az\/wp-content\/uploads\/2024\/08\/5645461daa3d9828533f84dea0133f00.jpg",850,500,false],"portraits":["https:\/\/arantv.az\/wp-content\/uploads\/2024\/08\/5645461daa3d9828533f84dea0133f00.jpg",850,500,false],"thumbnail":["https:\/\/arantv.az\/wp-content\/uploads\/2024\/08\/5645461daa3d9828533f84dea0133f00-500x280.jpg",500,280,true],"medium":["https:\/\/arantv.az\/wp-content\/uploads\/2024\/08\/5645461daa3d9828533f84dea0133f00-621x365.jpg",621,365,true],"large":["https:\/\/arantv.az\/wp-content\/uploads\/2024\/08\/5645461daa3d9828533f84dea0133f00-840x494.jpg",640,376,true],"1536x1536":["https:\/\/arantv.az\/wp-content\/uploads\/2024\/08\/5645461daa3d9828533f84dea0133f00.jpg",850,500,false],"2048x2048":["https:\/\/arantv.az\/wp-content\/uploads\/2024\/08\/5645461daa3d9828533f84dea0133f00.jpg",850,500,false],"post-thumbnail":["https:\/\/arantv.az\/wp-content\/uploads\/2024\/08\/5645461daa3d9828533f84dea0133f00-240x172.jpg",240,172,true],"advps-thumb-one":["https:\/\/arantv.az\/wp-content\/uploads\/2024\/08\/5645461daa3d9828533f84dea0133f00.jpg",850,500,false]},"rttpg_author":{"display_name":"V\u00fcsal Rafiqo\u011flu","author_link":"https:\/\/arantv.az\/?author=2"},"rttpg_comment":0,"rttpg_category":"<a href=\"https:\/\/arantv.az\/?cat=4\" rel=\"category\">Siyas\u0259t<\/a>","rttpg_excerpt":"Rusiya prezidentinin Az\u0259rbaycana x\u00fcsusi xarakterli s\u0259f\u0259ri d\u00fcnyan\u0131n diqq\u0259t m\u0259rk\u0259zind\u0259; liderl\u0259r iqtisadi sferada \u0259m\u0259kda\u015fl\u0131\u011f\u0131n artr\u0131lmas\u0131n\u0131 raz\u0131la\u015fd\u0131rd\u0131lar, C\u0259nubi Qafqaz\u0131, Ukrayna m\u0259s\u0259l\u0259sini m\u00fczakir\u0259 etdil\u0259r Rusiya Federasiyas\u0131n\u0131n Prezidenti Vladimir Putin avqustun 18-d\u0259 Az\u0259rbaycan Respublikas\u0131na iki g\u00fcnl\u00fck d\u00f6vl\u0259t s\u0259f\u0259rin\u0259 g\u0259lib. Az\u0259rbaycan Respublikas\u0131n\u0131n Prezidenti \u0130lham \u018fliyev v\u0259 birinci xan\u0131m Mehriban \u018fliyeva evl\u0259rind\u0259 \u00f6lk\u0259mizd\u0259 r\u0259smi s\u0259f\u0259rd\u0259 olan Rusiya Federasiyas\u0131n\u0131n Prezidenti Vladimir Putinl\u0259&hellip;","_links":{"self":[{"href":"https:\/\/arantv.az\/index.php?rest_route=\/wp\/v2\/posts\/746169"}],"collection":[{"href":"https:\/\/arantv.az\/index.php?rest_route=\/wp\/v2\/posts"}],"about":[{"href":"https:\/\/arantv.az\/index.php?rest_route=\/wp\/v2\/types\/post"}],"author":[{"embeddable":true,"href":"https:\/\/arantv.az\/index.php?rest_route=\/wp\/v2\/users\/2"}],"replies":[{"embeddable":true,"href":"https:\/\/arantv.az\/index.php?rest_route=%2Fwp%2Fv2%2Fcomments&post=746169"}],"version-history":[{"count":1,"href":"https:\/\/arantv.az\/index.php?rest_route=\/wp\/v2\/posts\/746169\/revisions"}],"predecessor-version":[{"id":746171,"href":"https:\/\/arantv.az\/index.php?rest_route=\/wp\/v2\/posts\/746169\/revisions\/746171"}],"wp:featuredmedia":[{"embeddable":true,"href":"https:\/\/arantv.az\/index.php?rest_route=\/wp\/v2\/media\/746170"}],"wp:attachment":[{"href":"https:\/\/arantv.az\/index.php?rest_route=%2Fwp%2Fv2%2Fmedia&parent=746169"}],"wp:term":[{"taxonomy":"category","embeddable":true,"href":"https:\/\/arantv.az\/index.php?rest_route=%2Fwp%2Fv2%2Fcategories&post=746169"},{"taxonomy":"post_tag","embeddable":true,"href":"https:\/\/arantv.az\/index.php?rest_route=%2Fwp%2Fv2%2Ftags&post=746169"}],"curies":[{"name":"wp","href":"https:\/\/api.w.org\/{rel}","templated":true}]}}