{"id":746176,"date":"2024-08-20T09:40:51","date_gmt":"2024-08-20T05:40:51","guid":{"rendered":"https:\/\/arantv.az\/?p=746176"},"modified":"2024-08-20T09:40:51","modified_gmt":"2024-08-20T05:40:51","slug":"seckiy%c9%99-10-gun-qaldi-namiz%c9%99dl%c9%99r-kampaniyani-nec%c9%99-aparir-aciqlama","status":"publish","type":"post","link":"https:\/\/arantv.az\/?p=746176","title":{"rendered":"Se\u00e7kiy\u0259 10 g\u00fcn qald\u0131: namiz\u0259dl\u0259r kampaniyan\u0131 nec\u0259 apar\u0131r &#8211; a\u00e7\u0131qlama"},"content":{"rendered":"<p><strong>Se\u00e7ki prosesinin \u0259sas hiss\u0259si art\u0131q gerid\u0259 qal\u0131b. 10 g\u00fcn sonra \u00f6lk\u0259d\u0259 s\u0259sverm\u0259 ke\u00e7iril\u0259c\u0259k. Y\u0259ni sentyabr\u0131n 1-d\u0259 Milli M\u0259clis\u0259 n\u00f6vb\u0259d\u0259nk\u0259nar se\u00e7kil\u0259r ke\u00e7iril\u0259c\u0259k. Avqustun 9-dan etibar\u0259n is\u0259 se\u00e7kiqaba\u011f\u0131 t\u0259\u015fviqat kampaniyas\u0131na ba\u015flan\u0131l\u0131b v\u0259 t\u0259\u015fviqat \u00fc\u00e7\u00fcn h\u0259r dair\u0259 \u00fczr\u0259 qapal\u0131 v\u0259 a\u00e7\u0131q m\u0259kan olmaqla 5509 \u00fcnvan m\u00fc\u0259yy\u0259nl\u0259\u015fdirilib. Bu proses avqustun 31-i saat 8:00-da ba\u015fa \u00e7atacaq. Haz\u0131rda deputatl\u0131\u011fa namiz\u0259dliyi qeyd al\u0131nm\u0131\u015f \u015f\u0259xsl\u0259r, onlar\u0131n s\u0259lahiyy\u0259tli n\u00fcmay\u0259nd\u0259l\u0259ri v\u0259 v\u0259kil edilmi\u015f \u015f\u0259xsl\u0259ri, namiz\u0259di qeyd\u0259 al\u0131nm\u0131\u015f siyasi partiyalar, siyasi partiyalar\u0131n bloklar\u0131, onlar\u0131n s\u0259lahiyy\u0259tli n\u00fcmay\u0259nd\u0259l\u0259ri v\u0259 v\u0259kil edilmi\u015f \u015f\u0259xsl\u0259ri t\u0259r\u0259find\u0259n t\u0259\u015fviqat kampaniyas\u0131 h\u0259yata ke\u00e7irilir.<\/strong><\/p>\n<p>B\u0259s tan\u0131nm\u0131\u015flar se\u00e7ki kampaniyas\u0131n\u0131 nec\u0259 apar\u0131r? \u00dcmumiyy\u0259tl\u0259, v\u0259t\u0259nda\u015flar\u0131n se\u00e7kiy\u0259 mara\u011f\u0131 varm\u0131? Diqq\u0259t\u00e7\u0259k\u0259n bir m\u0259qam ondan ibar\u0259tdir ki, se\u00e7kil\u0259r\u0259 qat\u0131lan b\u0259zi siyasi partiyalar\u0131n n\u00fcmay\u0259nd\u0259l\u0259ri t\u0259bli\u011fat-t\u0259\u015fviqat prosesind\u0259 i\u015ftirak etmirl\u0259r. Bunun s\u0259b\u0259bi n\u0259dir?<\/p>\n<p><img src=\"https:\/\/qafqazinfo.az\/uploads\/1527577585\/fazil.jpg\" alt=\"Fazil Mustafa g\u00fcll\u0259l\u0259ndi \u2014 Yenil\u0259nib\" \/><\/p>\n<p><strong>Fazil Mustafa<\/strong><\/p>\n<p>Deputatl\u0131\u011fa namiz\u0259d, Milli M\u0259clisin VI \u00e7a\u011f\u0131r\u0131\u015f deputat\u0131\u00a0<strong>Fazil Mustafa<\/strong>\u00a0m\u00f6vzu il\u0259 ba\u011fl\u0131 \u201cYeni M\u00fcsavat\u201da deyib ki, v\u0259t\u0259nda\u015flar\u0131n se\u00e7kiy\u0259 mara\u011f\u0131 var: \u201cBiz kampaniya ke\u00e7ir\u0259rk\u0259n g\u00f6r\u00fc\u015fl\u0259r\u0259 \u00e7ox sayda insanlar g\u0259lir. \u018fn az\u0131 \u00e7\u0131x\u0131\u015flar\u0131 dinl\u0259yirl\u0259r, \u00f6z m\u00f6vqel\u0259rini bildirirl\u0259r. Amma yayda se\u00e7ki \u00e7ox a\u011f\u0131r ke\u00e7ir. \u00c7\u00fcnki avqust ay\u0131nda h\u0259r k\u0259s hans\u0131sa formada istirah\u0259t edir, bir \u00e7oxu \u00f6lk\u0259d\u0259 deyil. \u00dcmid edir\u0259m ki, sentyabr\u0131n 1-d\u0259 daha \u00e7ox insan se\u00e7kid\u0259 i\u015ftirak ed\u0259c\u0259k v\u0259 s\u0259s ver\u0259c\u0259k. \u018fslind\u0259 se\u00e7ici f\u0259all\u0131\u011f\u0131 \u00e7ox \u00f6n\u0259mlidir. Biz d\u0259 \u00e7al\u0131\u015f\u0131r\u0131q ki, bu f\u0259all\u0131\u011f\u0131 art\u0131raq, insanlar\u0131n se\u00e7ki prosesin\u0259 maraq g\u00f6st\u0259rm\u0259sini t\u0259min ed\u0259k. H\u0259r halda, avqust ay\u0131 t\u0259sirini g\u00f6st\u0259rir. F\u0259all\u0131\u011f\u0131n a\u015fa\u011f\u0131 olmas\u0131n\u0131n \u0259sas s\u0259b\u0259bl\u0259rind\u0259n biri budur\u201d.<\/p>\n<p><img src=\"https:\/\/www.aznews.az\/storage\/2024\/02\/07\/49da36c44dac38fbd1b21ee3b57b2a1f.jpg\" alt=\"Prezidentliy\u0259 namiz\u0259d El\u015fad Musayev s\u0259s verib\" \/><\/p>\n<p><strong>\u00a0El\u015fad Musayev\u00a0<\/strong><\/p>\n<p><strong>Deputatl\u0131\u011fa namiz\u0259d, B\u00f6y\u00fck Az\u0259rbaycan Partiyas\u0131n\u0131n (BAP) s\u0259dri El\u015fad Musayev d\u0259 m\u00f6vzu il\u0259 ba\u011fl\u0131 \u201cYeni M\u00fcsavat\u201da fikirl\u0259rini a\u00e7\u0131qlay\u0131b:<\/strong>\u00a0\u201cM\u00fct\u0259madi g\u00f6r\u00fc\u015fl\u0259r ke\u00e7iririk, m\u0259h\u0259ll\u0259l\u0259r\u0259 gedirik, f\u0259rdi g\u00f6r\u00fc\u015fl\u0259r ke\u00e7iririk. Se\u00e7ki prosesinin t\u0259l\u0259b etdiyi qayda budur. Kim se\u00e7kil\u0259rd\u0259 i\u015ftirak edirs\u0259, h\u0259r x\u0131rda f\u00fcrs\u0259td\u0259n istifad\u0259 edib t\u0259bli\u011fat aparmal\u0131d\u0131r. Siyasi t\u0259\u015fkilat\u0131n m\u00f6vqeyini a\u00e7\u0131qlamal\u0131d\u0131r, proqram\u0131n\u0131 ortaya qoymal\u0131d\u0131r.\u00a0 Biz h\u0259r vasit\u0259 il\u0259 bu f\u00fcrs\u0259td\u0259n yararlanma\u011fa \u00e7al\u0131\u015f\u0131r\u0131q. \u00d6t\u0259n n\u00f6vb\u0259d\u0259nk\u0259nar prezident se\u00e7kisind\u0259 d\u0259, parlamentd\u0259 olan partiyalar i\u00e7\u0259risind\u0259 BAP se\u00e7ki prosesin\u0259 qo\u015fuldu. \u0130ndiki halda o t\u0259cr\u00fcb\u0259 i\u015fimiz\u0259 yaray\u0131r. Bizim b\u00fct\u00fcn t\u0259bli\u011fat materiallar\u0131m\u0131z art\u0131q haz\u0131r idi. \u0130ndinin \u00f6z\u00fcnd\u0259 d\u0259 m\u00fcxt\u0259lif m\u0259s\u0259l\u0259l\u0259rl\u0259 ba\u011fl\u0131 \u00f6z proqram planlar\u0131m\u0131z\u0131 ortaya qoyuruq. Hesab edir\u0259m ki, i\u015fl\u0259rimiz u\u011furla gedir. Se\u00e7icil\u0259rin biz\u0259 m\u00fcnasib\u0259ti \u00e7ox yax\u015f\u0131d\u0131r. H\u0259r halda, \u0259halinin m\u00fc\u0259yy\u0259n hiss\u0259si m\u0259ni tan\u0131y\u0131r. Bununla bel\u0259, siyasi partiyalar\u0131n se\u00e7kil\u0259r\u0259 qat\u0131l\u0131b, t\u0259bli\u011fat kampaniyas\u0131nda i\u015ftirak etm\u0259m\u0259sini anlaya bilmir\u0259m. M\u00fc\u0259yy\u0259n partiyalar var, onlar \u0259n\u0259n\u0259vi olaraq dedi-qodu il\u0259 m\u0259\u015f\u011fuldurlar. Se\u00e7kil\u0259r\u0259 qat\u0131l\u0131b, se\u00e7ki kampaniyas\u0131nda i\u015ftirak etmir, amma k\u0259nara kim\u0259s\u0259 s\u00f6z atmaqla m\u0259\u015f\u011fuldurlar. Bel\u0259 olmaz. Se\u00e7kiy\u0259 ged\u0259n \u00f6z se\u00e7icil\u0259ri il\u0259 m\u0259\u015f\u011ful olmal\u0131d\u0131r. Se\u00e7kiy\u0259 gedib t\u0259bli\u011fat aparm\u0131rs\u0131n\u0131zsa, onda niy\u0259 gedirsiniz?! Nec\u0259 ki bir qisim adam var, m\u00fcxt\u0259lif partiyalardan gedibl\u0259r. Onlar faktiki olaraq se\u00e7ki prosesind\u0259 i\u015ftirak etmirl\u0259r. Ona-buna \u00e7irkab yaxmaqla m\u0259\u015f\u011fuldurlar. Bir qisim adamlar da n\u0259 is\u0259 qoparmaq ist\u0259yir. T\u0259\u0259ss\u00fcfl\u0259r olsun ki, bunlar i\u00e7\u0259risind\u0259 siyasi t\u0259\u015fkilat t\u0259msil\u00e7il\u0259ri d\u0259 var, h\u0259tta tan\u0131nan siyasi t\u0259\u015fkilat t\u0259msil\u00e7il\u0259ri d\u0259 var\u201d.<\/p>\n<p><strong>B\u0259s se\u00e7kiqaba\u011f\u0131 v\u0259 ya referendumla ba\u011fl\u0131 t\u0259\u015fviqat\u0131n apar\u0131lmas\u0131 qaydalar\u0131n\u0131n v\u0259 m\u00fcdd\u0259tinin pozulmas\u0131na g\u00f6r\u0259 qanunvericilikd\u0259 hans\u0131 c\u0259rim\u0259l\u0259r n\u0259z\u0259rd\u0259 tutulub? \u201cSe\u00e7ki 2024&#8243; M\u00fcst\u0259qil Media M\u0259rk\u0259zind\u0259n bununla ba\u011fl\u0131 bildirilib ki, Se\u00e7ki M\u0259c\u0259ll\u0259sinin 164.1-ci b\u0259ndin\u0259 \u0259sas\u0259n, se\u00e7kiqaba\u011f\u0131 v\u0259 ya referendumla ba\u011fl\u0131 t\u0259\u015fviqat\u0131n apar\u0131lmas\u0131n\u0131n Az\u0259rbaycan Respublikas\u0131n\u0131n Se\u00e7ki M\u0259c\u0259ll\u0259si il\u0259 m\u00fc\u0259yy\u0259n edilmi\u015f qaydalar\u0131n\u0131n v\u0259 m\u00fcdd\u0259tinin pozulmas\u0131na g\u00f6r\u0259 100 manatdan 150 manatad\u0259k m\u0259bl\u0259\u011fd\u0259 c\u0259rim\u0259 edilir:<\/strong>\u00a0&#8220;Qeyd\u0259 al\u0131nm\u0131\u015f namiz\u0259d\u0259 se\u00e7kiqaba\u011f\u0131 t\u0259\u015fviqat\u0131n m\u00fcdd\u0259ti ba\u015fa \u00e7atana kimi \u015f\u0259r\u0259f v\u0259 l\u0259yaq\u0259tini se\u00e7ki qanunvericiliyi il\u0259 m\u00fc\u0259yy\u0259n olunmu\u015f televiziya v\u0259 radio yay\u0131m\u00e7\u0131lar\u0131n\u0131n proqramlar\u0131nda v\u0259 d\u00f6vri n\u0259\u015frl\u0259rd\u0259 onlar\u0131n v\u0259zif\u0259li \u015f\u0259xsl\u0259ri t\u0259r\u0259find\u0259n m\u00fcdafi\u0259 etm\u0259k imkan\u0131n\u0131n verilm\u0259m\u0259sin\u0259 g\u00f6r\u0259 &#8211; v\u0259zif\u0259li \u015f\u0259xsl\u0259r 150 manatdan 250 manatad\u0259k m\u0259bl\u0259\u011fd\u0259, h\u00fcquqi \u015f\u0259xsl\u0259r 300 manatdan 450 manatad\u0259k m\u0259bl\u0259\u011fd\u0259 c\u0259rim\u0259 olunur&#8221;.<\/p>\n<p><strong>\u201cSe\u00e7ki 2024&#8243; M\u00fcst\u0259qil Media M\u0259rk\u0259zin\u0259 a\u00e7\u0131qlamas\u0131nda M\u0259rk\u0259zi Se\u00e7ki Komissiyas\u0131n\u0131n (MSK) katibi Mikay\u0131l R\u0259himov deyib ki, sentyabr\u0131n 1-d\u0259 ke\u00e7iril\u0259c\u0259k Milli M\u0259clis se\u00e7kil\u0259rind\u0259 \u0259lilliyi olan \u015f\u0259xsl\u0259rin s\u0259sverm\u0259 prosesind\u0259 se\u00e7m\u0259k h\u00fcququndan s\u0259rb\u0259st \u015f\u0259kild\u0259 istifad\u0259 etm\u0259l\u0259ri \u00fc\u00e7\u00fcn m\u00fcvafiq \u015f\u0259rait yarad\u0131lacaq. O bildirib ki, \u0259lilliyi olan \u015f\u0259xsl\u0259rin s\u0259sverm\u0259 prosesind\u0259 i\u015ftirak\u0131 Se\u00e7ki M\u0259c\u0259ll\u0259sinin t\u0259l\u0259bl\u0259rin\u0259 uy\u011fun t\u0259min edilir:<\/strong>\u00a0&#8220;Se\u00e7ki M\u0259c\u0259ll\u0259sinin 17-ci madd\u0259sind\u0259 qeyd olunur ki, se\u00e7ki orqanlar\u0131 \u0259lilliyi v\u0259 ya dig\u0259r fiziki pozuntusu olan, uzaq v\u0259 ya yolu \u00e7\u0259tin ke\u00e7il\u0259n yerl\u0259rd\u0259 ya\u015fayan se\u00e7icil\u0259rin se\u00e7kil\u0259rd\u0259 i\u015ftirak\u0131 \u00fc\u00e7\u00fcn b\u00fct\u00fcn imkanlar yaratmal\u0131d\u0131rlar. M\u0259c\u0259ll\u0259nin 104-c\u00fc madd\u0259sin\u0259 \u0259sas\u0259n se\u00e7ki b\u00fclletenini m\u00fcst\u0259qil yaz\u0131b doldurmaq imkan\u0131 olmayan \u0259lilliyi olan se\u00e7ici m\u0259nt\u0259q\u0259 se\u00e7ki komissiyas\u0131n\u0131n \u00fczvl\u0259rind\u0259n v\u0259 m\u00fc\u015fahid\u0259\u00e7il\u0259rd\u0259n ba\u015fqa, ist\u0259diyi \u015f\u0259xsi k\u00f6m\u0259k \u00fc\u00e7\u00fcn ota\u011fa v\u0259 ya kabin\u0259y\u0259 \u00e7a\u011f\u0131ra bil\u0259r. Bu \u015f\u0259xsin soyad\u0131 v\u0259 inisial\u0131 se\u00e7icil\u0259r siyah\u0131s\u0131nda se\u00e7ki b\u00fclleteni al\u0131nmas\u0131 bar\u0259d\u0259 se\u00e7icinin imzas\u0131 il\u0259 birg\u0259 g\u00f6st\u0259rilir. Qanunvericiliyin t\u0259l\u0259bin\u0259 uy\u011fun olaraq, \u0259lilliyi olan \u015f\u0259xsl\u0259rin s\u0259sverm\u0259 prosesind\u0259 ist\u0259diyi \u015f\u0259xsin onu m\u00fc\u015fayi\u0259t etm\u0259si h\u00fcququ t\u0259min olunur&#8221;.<\/p>\n<p><strong>M.R\u0259himov \u0259lav\u0259 edib ki, \u0259lilliyi olan \u015f\u0259xsl\u0259rin se\u00e7ki h\u00fcququnun t\u0259min edilm\u0259si Az\u0259rbaycan\u0131n Se\u00e7ki M\u0259c\u0259ll\u0259si il\u0259 yana\u015f\u0131, beyn\u0259lxalq h\u00fcququn da t\u0259l\u0259bidir:<\/strong>\u00a0\u201cBMT-nin &#8220;\u018flill\u0259rin h\u00fcquqlar\u0131 haqq\u0131nda&#8221; Konvensiyas\u0131 \u0259lilliyi olan \u015f\u0259xsl\u0259rin se\u00e7kil\u0259rd\u0259 i\u015ftirak\u0131na dair konkret t\u0259l\u0259bl\u0259ri \u00f6z\u00fcnd\u0259 \u0259ks etdirir. Bu konvensiya \u0259lilliyi olan \u015f\u0259xsl\u0259rin se\u00e7ki h\u00fcququnun t\u0259min edilm\u0259si il\u0259 ba\u011fl\u0131 i\u015ftirak\u00e7\u0131 d\u00f6vl\u0259tl\u0259rin \u00fcz\u0259rin\u0259 \u00f6hd\u0259likl\u0259r qoyub. 2008-ci ild\u0259 bu konvensiyaya qo\u015fulan Az\u0259rbaycan qoyulan t\u0259l\u0259bl\u0259rin ham\u0131s\u0131n\u0131 icra edir&#8221;.<\/p>\n<p><strong>MSK katibi \u0259lilliyi olan \u015f\u0259xsl\u0259rin s\u0259sverm\u0259 prosesind\u0259 i\u015ftirak\u0131n\u0131 asanla\u015fd\u0131rmaq \u00fc\u00e7\u00fcn m\u00fcvafiq add\u0131mlar\u0131n at\u0131ld\u0131\u011f\u0131n\u0131 da diqq\u0259t\u0259 \u00e7atd\u0131r\u0131b:<\/strong>\u00a0\u201cBu add\u0131mlardan biri \u0259lil arabas\u0131ndan istifad\u0259 ed\u0259n \u015f\u0259xsl\u0259rin h\u0259r\u0259k\u0259tini t\u0259min etm\u0259k m\u0259qs\u0259dil\u0259 se\u00e7ki m\u0259nt\u0259q\u0259l\u0259rind\u0259 panduslar\u0131n qura\u015fd\u0131r\u0131lmas\u0131d\u0131r. M\u0259rk\u0259zi Se\u00e7ki Komissiyas\u0131 panduslar\u0131n qura\u015fd\u0131r\u0131lmas\u0131 i\u015fini \u018fm\u0259k v\u0259 \u018fhalinin Sosial M\u00fcdafi\u0259si Nazirliyi il\u0259 birlikd\u0259 h\u0259yata ke\u00e7irir. MSK se\u00e7kid\u0259 i\u015ftirak h\u00fcququna malik \u0259liliyi olan \u015f\u0259xsl\u0259r haqq\u0131nda \u018f\u018fSMN-d\u0259n m\u0259lumatlar\u0131 al\u0131r v\u0259 onlar\u0131n s\u0259s ver\u0259c\u0259yi m\u0259nt\u0259q\u0259l\u0259rd\u0259 panduslar\u0131n qura\u015fd\u0131r\u0131lmas\u0131n\u0131 t\u0259min edir\u201d.<\/p>\n<p>M.R\u0259himov qeyd edib ki, g\u00f6rm\u0259 qabiliyy\u0259ti m\u0259hdud olan se\u00e7icil\u0259r \u00fc\u00e7\u00fcn brayl \u0259lifbas\u0131 il\u0259 se\u00e7ki b\u00fclletenl\u0259rinin \u00e7ap\u0131 da h\u0259yata ke\u00e7irilir. MSK g\u00f6rm\u0259 qabiliyy\u0259ti m\u0259hdud olan se\u00e7icil\u0259rin s\u0259sverm\u0259 h\u00fcququnun t\u0259min edilm\u0259si m\u0259qs\u0259dil\u0259 G\u00f6zd\u0259n \u018flill\u0259r C\u0259miyy\u0259ti il\u0259 s\u0131x \u0259m\u0259kda\u015fl\u0131q edir: \u201cBrayl \u0259lifbas\u0131 il\u0259 \u00e7ap olunan b\u00fclletenl\u0259r g\u00f6rm\u0259 qabiliyy\u0259ti m\u0259hdud olan se\u00e7icil\u0259rin s\u0259s ver\u0259c\u0259yi m\u0259nt\u0259q\u0259l\u0259rl\u0259 yana\u015f\u0131, ehtiyat \u00fc\u00e7\u00fcn b\u00fct\u00fcn m\u0259nt\u0259q\u0259l\u0259r\u0259 d\u0259 verilir\u201d.<\/p>\n<p>\u201cAz\u0259rbaycan\u0131n demokratiya t\u0259cr\u00fcb\u0259si bir \u00e7ox \u00f6lk\u0259l\u0259rd\u0259n daha q\u0259dimdir. Bir \u00e7ox \u00f6lk\u0259d\u0259 se\u00e7ki h\u00fcququ h\u0259l\u0259 tam formala\u015fmad\u0131\u011f\u0131 vaxt, Az\u0259rbaycan C\u00fcmhuriyy\u0259tind\u0259 qad\u0131nlar da daxil olmaqla, b\u00fct\u00fcn v\u0259t\u0259nda\u015flara se\u00e7ki h\u00fcququ verilmi\u015fdi. Az\u0259rbaycan\u0131n tarixi t\u0259cr\u00fcb\u0259si v\u0259 m\u00fcst\u0259qilliyini b\u0259rpa ed\u0259nd\u0259n sonra daha da inki\u015faf ed\u0259n se\u00e7ki \u0259n\u0259n\u0259si sentyabr\u0131n 1-d\u0259 ke\u00e7iril\u0259c\u0259k Milli M\u0259clis se\u00e7kil\u0259rinin \u015f\u0259ffaf, demokratik prinsipl\u0259r\u0259 uy\u011fun ba\u015f tutaca\u011f\u0131na z\u0259min yarad\u0131r\u201d.<\/p>\n<p>Bu fikirl\u0259ri \u201cSe\u00e7ki 2024&#8243; M\u00fcst\u0259qil Media M\u0259rk\u0259zin\u0259 a\u00e7\u0131qlamas\u0131nda t\u00fcrkiy\u0259li jurnalist H\u0259s\u0259n Bar\u0131n deyib. O, Az\u0259rbaycanda se\u00e7ki t\u0259hl\u00fck\u0259sizliyinin y\u00fcks\u0259k s\u0259viyy\u0259d\u0259 t\u0259min edildiyini diqq\u0259t\u0259 \u00e7atd\u0131r\u0131b:<\/p>\n<p><strong>\u201cBu g\u00fcn d\u00fcnyada se\u00e7ki prosesi il\u0259 ba\u011fl\u0131 \u0259n vacib m\u0259s\u0259l\u0259l\u0259rd\u0259n biri t\u0259hl\u00fck\u0259sizliyin t\u0259min edilm\u0259si, k\u0259nar m\u00fcdaxil\u0259l\u0259rin qar\u015f\u0131s\u0131n\u0131n al\u0131nmas\u0131d\u0131r. B\u00fct\u00fcn \u00f6lk\u0259l\u0259r bunu t\u0259min ed\u0259 bilmir. Az\u0259rbaycan se\u00e7ki t\u0259hl\u00fck\u0259sizliyinin t\u0259min edilm\u0259sind\u0259 d\u00fcnya \u00f6lk\u0259l\u0259ri \u00fc\u00e7\u00fcn n\u00fcmun\u0259 ola bil\u0259r\u201d.<\/strong><\/p>\n<p>T\u00fcrk jurnalist hesab edir ki, Az\u0259rbaycanda ke\u00e7iril\u0259n se\u00e7ki prosesi beyn\u0259lxalq m\u00fcst\u0259vid\u0259 demokratik v\u0259 \u015f\u0259ffaf se\u00e7ki n\u00fcmun\u0259sidir.\u00a0 H.Bar\u0131n Milli M\u0259clis se\u00e7kil\u0259rinin ilk d\u0259f\u0259 azad olunmu\u015f \u0259razil\u0259rd\u0259 ke\u00e7irilm\u0259sinin Az\u0259rbaycan\u0131n xarici siyas\u0259ti \u00fc\u00e7\u00fcn \u00f6n\u0259mli hadis\u0259 oldu\u011funu vur\u011fulay\u0131b: \u201cBu ilin fevral ay\u0131nda azad olunmu\u015f \u0259razil\u0259rd\u0259 ilk d\u0259f\u0259 prezident se\u00e7kisi ke\u00e7irildi, sentyabr\u0131n 1-d\u0259 d\u0259 ilk d\u0259f\u0259 parlament se\u00e7kil\u0259ri ba\u015f tutacaq. Bu, Az\u0259rbaycan\u0131n beyn\u0259lxalq m\u00fcst\u0259vid\u0259, o c\u00fcml\u0259d\u0259n s\u00fclh dan\u0131\u015f\u0131qlar\u0131nda m\u00f6vqel\u0259rini g\u00fccl\u0259ndir\u0259n amildir. Bu \u0259razil\u0259rd\u0259 se\u00e7ki ke\u00e7irilm\u0259s\u0259, dan\u0131\u015f\u0131qlarda azad olunmu\u015f torpaqlar \u00fcz\u0259rind\u0259 suverenliyin t\u0259min edilm\u0259diyi kimi iddialar ir\u0259li s\u00fcr\u00fcl\u0259 bil\u0259r. Se\u00e7kinin ke\u00e7irilm\u0259si bu \u0259razil\u0259rd\u0259 d\u0259 insanlar\u0131n t\u0259m\u0259l demokratik h\u00fcququnun t\u0259min edilm\u0259sidir ki, bundan sonra Az\u0259rbaycana qar\u015f\u0131 bel\u0259 bir iddialar\u0131n ir\u0259li s\u00fcr\u00fclm\u0259si m\u00fcmk\u00fcn deyil. Bu bax\u0131mdan, prezident se\u00e7kisind\u0259n sonra parlament se\u00e7kil\u0259rinin d\u0259 azad olunmu\u015f \u0259razil\u0259ri \u0259hat\u0259 etm\u0259sinin Az\u0259rbaycan\u0131n xarici siyas\u0259ti \u00fc\u00e7\u00fcn \u0259h\u0259miyy\u0259t k\u0259sb etdiyini d\u00fc\u015f\u00fcn\u00fcr\u0259m\u201d.<\/p>\n<p><strong>Afaq M\u0130RAY\u0130Q,<\/strong><br \/>\n<strong>\u201cYeni M\u00fcsavat\u201d<\/strong><\/p>\n","protected":false},"excerpt":{"rendered":"<p>Se\u00e7ki prosesinin \u0259sas hiss\u0259si art\u0131q gerid\u0259 qal\u0131b. 10 g\u00fcn sonra \u00f6lk\u0259d\u0259 s\u0259sverm\u0259 ke\u00e7iril\u0259c\u0259k. Y\u0259ni sentyabr\u0131n 1-d\u0259 Milli M\u0259clis\u0259 n\u00f6vb\u0259d\u0259nk\u0259nar se\u00e7kil\u0259r ke\u00e7iril\u0259c\u0259k. Avqustun 9-dan etibar\u0259n is\u0259 se\u00e7kiqaba\u011f\u0131 t\u0259\u015fviqat kampaniyas\u0131na ba\u015flan\u0131l\u0131b v\u0259 t\u0259\u015fviqat \u00fc\u00e7\u00fcn h\u0259r dair\u0259 \u00fczr\u0259 qapal\u0131 v\u0259 a\u00e7\u0131q m\u0259kan olmaqla 5509 \u00fcnvan m\u00fc\u0259yy\u0259nl\u0259\u015fdirilib. Bu proses avqustun 31-i saat 8:00-da ba\u015fa \u00e7atacaq. Haz\u0131rda deputatl\u0131\u011fa namiz\u0259dliyi qeyd al\u0131nm\u0131\u015f \u015f\u0259xsl\u0259r, onlar\u0131n s\u0259lahiyy\u0259tli n\u00fcmay\u0259nd\u0259l\u0259ri v\u0259 v\u0259kil edilmi\u015f \u015f\u0259xsl\u0259ri, namiz\u0259di qeyd\u0259 al\u0131nm\u0131\u015f siyasi partiyalar, siyasi partiyalar\u0131n bloklar\u0131, onlar\u0131n s\u0259lahiyy\u0259tli n\u00fcmay\u0259nd\u0259l\u0259ri v\u0259 v\u0259kil edilmi\u015f \u015f\u0259xsl\u0259ri t\u0259r\u0259find\u0259n t\u0259\u015fviqat kampaniyas\u0131 h\u0259yata ke\u00e7irilir. B\u0259s tan\u0131nm\u0131\u015flar se\u00e7ki kampaniyas\u0131n\u0131 nec\u0259 apar\u0131r?&hellip;<\/p>\n","protected":false},"author":2,"featured_media":746177,"comment_status":"closed","ping_status":"closed","sticky":false,"template":"","format":"standard","meta":{"om_disable_all_campaigns":false,"_monsterinsights_skip_tracking":false,"_monsterinsights_sitenote_active":false,"_monsterinsights_sitenote_note":"","_monsterinsights_sitenote_category":0},"categories":[4],"tags":[],"aioseo_notices":[],"gutentor_comment":0,"rttpg_featured_image_url":{"full":["https:\/\/arantv.az\/wp-content\/uploads\/2024\/08\/3ec44459753ec098287edb7898aea80c.png",870,500,false],"landscape":["https:\/\/arantv.az\/wp-content\/uploads\/2024\/08\/3ec44459753ec098287edb7898aea80c.png",870,500,false],"portraits":["https:\/\/arantv.az\/wp-content\/uploads\/2024\/08\/3ec44459753ec098287edb7898aea80c.png",870,500,false],"thumbnail":["https:\/\/arantv.az\/wp-content\/uploads\/2024\/08\/3ec44459753ec098287edb7898aea80c-500x280.png",500,280,true],"medium":["https:\/\/arantv.az\/wp-content\/uploads\/2024\/08\/3ec44459753ec098287edb7898aea80c-635x365.png",635,365,true],"large":["https:\/\/arantv.az\/wp-content\/uploads\/2024\/08\/3ec44459753ec098287edb7898aea80c-840x483.png",640,368,true],"1536x1536":["https:\/\/arantv.az\/wp-content\/uploads\/2024\/08\/3ec44459753ec098287edb7898aea80c.png",870,500,false],"2048x2048":["https:\/\/arantv.az\/wp-content\/uploads\/2024\/08\/3ec44459753ec098287edb7898aea80c.png",870,500,false],"post-thumbnail":["https:\/\/arantv.az\/wp-content\/uploads\/2024\/08\/3ec44459753ec098287edb7898aea80c-240x172.png",240,172,true],"advps-thumb-one":["https:\/\/arantv.az\/wp-content\/uploads\/2024\/08\/3ec44459753ec098287edb7898aea80c.png",870,500,false]},"rttpg_author":{"display_name":"V\u00fcsal Rafiqo\u011flu","author_link":"https:\/\/arantv.az\/?author=2"},"rttpg_comment":0,"rttpg_category":"<a href=\"https:\/\/arantv.az\/?cat=4\" rel=\"category\">Siyas\u0259t<\/a>","rttpg_excerpt":"Se\u00e7ki prosesinin \u0259sas hiss\u0259si art\u0131q gerid\u0259 qal\u0131b. 10 g\u00fcn sonra \u00f6lk\u0259d\u0259 s\u0259sverm\u0259 ke\u00e7iril\u0259c\u0259k. Y\u0259ni sentyabr\u0131n 1-d\u0259 Milli M\u0259clis\u0259 n\u00f6vb\u0259d\u0259nk\u0259nar se\u00e7kil\u0259r ke\u00e7iril\u0259c\u0259k. Avqustun 9-dan etibar\u0259n is\u0259 se\u00e7kiqaba\u011f\u0131 t\u0259\u015fviqat kampaniyas\u0131na ba\u015flan\u0131l\u0131b v\u0259 t\u0259\u015fviqat \u00fc\u00e7\u00fcn h\u0259r dair\u0259 \u00fczr\u0259 qapal\u0131 v\u0259 a\u00e7\u0131q m\u0259kan olmaqla 5509 \u00fcnvan m\u00fc\u0259yy\u0259nl\u0259\u015fdirilib. Bu proses avqustun 31-i saat 8:00-da ba\u015fa \u00e7atacaq. Haz\u0131rda deputatl\u0131\u011fa namiz\u0259dliyi qeyd&hellip;","_links":{"self":[{"href":"https:\/\/arantv.az\/index.php?rest_route=\/wp\/v2\/posts\/746176"}],"collection":[{"href":"https:\/\/arantv.az\/index.php?rest_route=\/wp\/v2\/posts"}],"about":[{"href":"https:\/\/arantv.az\/index.php?rest_route=\/wp\/v2\/types\/post"}],"author":[{"embeddable":true,"href":"https:\/\/arantv.az\/index.php?rest_route=\/wp\/v2\/users\/2"}],"replies":[{"embeddable":true,"href":"https:\/\/arantv.az\/index.php?rest_route=%2Fwp%2Fv2%2Fcomments&post=746176"}],"version-history":[{"count":1,"href":"https:\/\/arantv.az\/index.php?rest_route=\/wp\/v2\/posts\/746176\/revisions"}],"predecessor-version":[{"id":746178,"href":"https:\/\/arantv.az\/index.php?rest_route=\/wp\/v2\/posts\/746176\/revisions\/746178"}],"wp:featuredmedia":[{"embeddable":true,"href":"https:\/\/arantv.az\/index.php?rest_route=\/wp\/v2\/media\/746177"}],"wp:attachment":[{"href":"https:\/\/arantv.az\/index.php?rest_route=%2Fwp%2Fv2%2Fmedia&parent=746176"}],"wp:term":[{"taxonomy":"category","embeddable":true,"href":"https:\/\/arantv.az\/index.php?rest_route=%2Fwp%2Fv2%2Fcategories&post=746176"},{"taxonomy":"post_tag","embeddable":true,"href":"https:\/\/arantv.az\/index.php?rest_route=%2Fwp%2Fv2%2Ftags&post=746176"}],"curies":[{"name":"wp","href":"https:\/\/api.w.org\/{rel}","templated":true}]}}