{"id":746183,"date":"2024-08-20T09:42:08","date_gmt":"2024-08-20T05:42:08","guid":{"rendered":"https:\/\/arantv.az\/?p=746183"},"modified":"2024-08-20T09:42:08","modified_gmt":"2024-08-20T05:42:08","slug":"ai-bakini-cop29-%c9%99r%c9%99f%c9%99sind%c9%99-ir%c9%99vanla-sulh-sazisi-imzalamaga-cagirir","status":"publish","type":"post","link":"https:\/\/arantv.az\/?p=746183","title":{"rendered":"A\u0130 Bak\u0131n\u0131 COP29 \u0259r\u0259f\u0259sind\u0259 \u0130r\u0259vanla s\u00fclh sazi\u015fi imzalama\u011fa \u00e7a\u011f\u0131r\u0131r"},"content":{"rendered":"<div class=\"text-content\" data-id=\"\" data-url=\"\">\n<p>Avropa \u0130ttifaq\u0131 (A\u0130) noyabr ay\u0131nda Bak\u0131da ke\u00e7iril\u0259c\u0259k BMT-nin \u0130qlim D\u0259yi\u015fikliyi \u00fczr\u0259 \u00c7\u0259r\u00e7iv\u0259 Konvensiyas\u0131n\u0131n T\u0259r\u0259fl\u0259r Konfrans\u0131n\u0131n 29-cu sessiyas\u0131 (COP29) \u0259r\u0259f\u0259sind\u0259 Az\u0259rbaycan hakimiyy\u0259tini Erm\u0259nistanla s\u00fclh sazi\u015fi imzalama\u011fa \u00e7a\u011f\u0131r\u0131r.<\/p>\n<p>Bu bar\u0259d\u0259 Br\u00fcsselin &#8220;EUobserver&#8221; portal\u0131 Avropa Komissiyas\u0131na (AK) istinad\u0259n m\u0259lumat yay\u0131b.<\/p>\n<p>&#8220;Davaml\u0131 v\u0259 m\u00f6hk\u0259m s\u00fclh\u0259 do\u011fru q\u0259tiyy\u0259tli add\u0131mlar atma\u011f\u0131n vaxt\u0131d\u0131r. Az\u0259rbaycan, COP29-un ver\u0259c\u0259yi impulsdan istifad\u0259 ed\u0259r\u0259k, Erm\u0259nistanla s\u00fclh sazi\u015fi imzalamal\u0131d\u0131r&#8221;, &#8211; n\u0259\u015fr AK n\u00fcmay\u0259nd\u0259sinin s\u00f6zl\u0259rini sitat g\u0259tirir.<\/p>\n<p>Bununla bel\u0259, portal\u0131n Az\u0259rbaycan Xarici \u0130\u015fl\u0259r Nazirliyinin (X\u0130N) n\u00fcmay\u0259nd\u0259sin\u0259 istinad\u0259n verdiyi m\u0259lumata g\u00f6r\u0259, yax\u0131n g\u0259l\u0259c\u0259kd\u0259 s\u00fclh m\u00fcqavil\u0259sinin imzalanmas\u0131na ciddi mane\u0259l\u0259r m\u00f6vcuddur. A\u0130-nin vicdanl\u0131 vasit\u0259\u00e7i kimi m\u00f6vqeyi is\u0259 sars\u0131l\u0131b.<\/p>\n<p>X\u0130N n\u00fcmay\u0259nd\u0259si Erm\u0259nistan\u0131n Az\u0259rbaycana qar\u015f\u0131 \u0259razi iddialar\u0131na son qoymas\u0131n\u0131n iki \u00f6lk\u0259 aras\u0131nda \u0259sl v\u0259 davaml\u0131 s\u00fclh m\u00fcqavil\u0259sinin imzalanmas\u0131n\u0131n z\u0259ruri \u015f\u0259rti oldu\u011funu vur\u011fulay\u0131b.\/\/Oxu.Az<\/p>\n<\/div>\n<div><\/div>\n<div><\/div>\n<div class=\"inner-social-box\">\n<div class=\"subs-in-social subs-whatsapp\"><\/div>\n<\/div>\n","protected":false},"excerpt":{"rendered":"<p>Avropa \u0130ttifaq\u0131 (A\u0130) noyabr ay\u0131nda Bak\u0131da ke\u00e7iril\u0259c\u0259k BMT-nin \u0130qlim D\u0259yi\u015fikliyi \u00fczr\u0259 \u00c7\u0259r\u00e7iv\u0259 Konvensiyas\u0131n\u0131n T\u0259r\u0259fl\u0259r Konfrans\u0131n\u0131n 29-cu sessiyas\u0131 (COP29) \u0259r\u0259f\u0259sind\u0259 Az\u0259rbaycan hakimiyy\u0259tini Erm\u0259nistanla s\u00fclh sazi\u015fi imzalama\u011fa \u00e7a\u011f\u0131r\u0131r. Bu bar\u0259d\u0259 Br\u00fcsselin &#8220;EUobserver&#8221; portal\u0131 Avropa Komissiyas\u0131na (AK) istinad\u0259n m\u0259lumat yay\u0131b. &#8220;Davaml\u0131 v\u0259 m\u00f6hk\u0259m s\u00fclh\u0259 do\u011fru q\u0259tiyy\u0259tli add\u0131mlar atma\u011f\u0131n vaxt\u0131d\u0131r. Az\u0259rbaycan, COP29-un ver\u0259c\u0259yi impulsdan istifad\u0259 ed\u0259r\u0259k, Erm\u0259nistanla s\u00fclh sazi\u015fi imzalamal\u0131d\u0131r&#8221;, &#8211; n\u0259\u015fr AK n\u00fcmay\u0259nd\u0259sinin s\u00f6zl\u0259rini sitat g\u0259tirir. Bununla bel\u0259, portal\u0131n Az\u0259rbaycan Xarici \u0130\u015fl\u0259r Nazirliyinin (X\u0130N) n\u00fcmay\u0259nd\u0259sin\u0259 istinad\u0259n verdiyi m\u0259lumata g\u00f6r\u0259, yax\u0131n g\u0259l\u0259c\u0259kd\u0259 s\u00fclh m\u00fcqavil\u0259sinin imzalanmas\u0131na ciddi mane\u0259l\u0259r m\u00f6vcuddur. A\u0130-nin vicdanl\u0131 vasit\u0259\u00e7i kimi m\u00f6vqeyi is\u0259&hellip;<\/p>\n","protected":false},"author":2,"featured_media":746184,"comment_status":"closed","ping_status":"closed","sticky":false,"template":"","format":"standard","meta":{"om_disable_all_campaigns":false,"_monsterinsights_skip_tracking":false,"_monsterinsights_sitenote_active":false,"_monsterinsights_sitenote_note":"","_monsterinsights_sitenote_category":0},"categories":[4],"tags":[],"aioseo_notices":[],"gutentor_comment":0,"rttpg_featured_image_url":{"full":["https:\/\/arantv.az\/wp-content\/uploads\/2024\/08\/0a007006538fc0aa7e73b79e06e36884.png",638,417,false],"landscape":["https:\/\/arantv.az\/wp-content\/uploads\/2024\/08\/0a007006538fc0aa7e73b79e06e36884.png",638,417,false],"portraits":["https:\/\/arantv.az\/wp-content\/uploads\/2024\/08\/0a007006538fc0aa7e73b79e06e36884.png",638,417,false],"thumbnail":["https:\/\/arantv.az\/wp-content\/uploads\/2024\/08\/0a007006538fc0aa7e73b79e06e36884-500x280.png",500,280,true],"medium":["https:\/\/arantv.az\/wp-content\/uploads\/2024\/08\/0a007006538fc0aa7e73b79e06e36884-558x365.png",558,365,true],"large":["https:\/\/arantv.az\/wp-content\/uploads\/2024\/08\/0a007006538fc0aa7e73b79e06e36884.png",638,417,false],"1536x1536":["https:\/\/arantv.az\/wp-content\/uploads\/2024\/08\/0a007006538fc0aa7e73b79e06e36884.png",638,417,false],"2048x2048":["https:\/\/arantv.az\/wp-content\/uploads\/2024\/08\/0a007006538fc0aa7e73b79e06e36884.png",638,417,false],"post-thumbnail":["https:\/\/arantv.az\/wp-content\/uploads\/2024\/08\/0a007006538fc0aa7e73b79e06e36884-240x172.png",240,172,true],"advps-thumb-one":["https:\/\/arantv.az\/wp-content\/uploads\/2024\/08\/0a007006538fc0aa7e73b79e06e36884.png",638,417,false]},"rttpg_author":{"display_name":"V\u00fcsal Rafiqo\u011flu","author_link":"https:\/\/arantv.az\/?author=2"},"rttpg_comment":0,"rttpg_category":"<a href=\"https:\/\/arantv.az\/?cat=4\" rel=\"category\">Siyas\u0259t<\/a>","rttpg_excerpt":"Avropa \u0130ttifaq\u0131 (A\u0130) noyabr ay\u0131nda Bak\u0131da ke\u00e7iril\u0259c\u0259k BMT-nin \u0130qlim D\u0259yi\u015fikliyi \u00fczr\u0259 \u00c7\u0259r\u00e7iv\u0259 Konvensiyas\u0131n\u0131n T\u0259r\u0259fl\u0259r Konfrans\u0131n\u0131n 29-cu sessiyas\u0131 (COP29) \u0259r\u0259f\u0259sind\u0259 Az\u0259rbaycan hakimiyy\u0259tini Erm\u0259nistanla s\u00fclh sazi\u015fi imzalama\u011fa \u00e7a\u011f\u0131r\u0131r. Bu bar\u0259d\u0259 Br\u00fcsselin &#8220;EUobserver&#8221; portal\u0131 Avropa Komissiyas\u0131na (AK) istinad\u0259n m\u0259lumat yay\u0131b. &#8220;Davaml\u0131 v\u0259 m\u00f6hk\u0259m s\u00fclh\u0259 do\u011fru q\u0259tiyy\u0259tli add\u0131mlar atma\u011f\u0131n vaxt\u0131d\u0131r. Az\u0259rbaycan, COP29-un ver\u0259c\u0259yi impulsdan istifad\u0259 ed\u0259r\u0259k, Erm\u0259nistanla s\u00fclh sazi\u015fi&hellip;","_links":{"self":[{"href":"https:\/\/arantv.az\/index.php?rest_route=\/wp\/v2\/posts\/746183"}],"collection":[{"href":"https:\/\/arantv.az\/index.php?rest_route=\/wp\/v2\/posts"}],"about":[{"href":"https:\/\/arantv.az\/index.php?rest_route=\/wp\/v2\/types\/post"}],"author":[{"embeddable":true,"href":"https:\/\/arantv.az\/index.php?rest_route=\/wp\/v2\/users\/2"}],"replies":[{"embeddable":true,"href":"https:\/\/arantv.az\/index.php?rest_route=%2Fwp%2Fv2%2Fcomments&post=746183"}],"version-history":[{"count":1,"href":"https:\/\/arantv.az\/index.php?rest_route=\/wp\/v2\/posts\/746183\/revisions"}],"predecessor-version":[{"id":746185,"href":"https:\/\/arantv.az\/index.php?rest_route=\/wp\/v2\/posts\/746183\/revisions\/746185"}],"wp:featuredmedia":[{"embeddable":true,"href":"https:\/\/arantv.az\/index.php?rest_route=\/wp\/v2\/media\/746184"}],"wp:attachment":[{"href":"https:\/\/arantv.az\/index.php?rest_route=%2Fwp%2Fv2%2Fmedia&parent=746183"}],"wp:term":[{"taxonomy":"category","embeddable":true,"href":"https:\/\/arantv.az\/index.php?rest_route=%2Fwp%2Fv2%2Fcategories&post=746183"},{"taxonomy":"post_tag","embeddable":true,"href":"https:\/\/arantv.az\/index.php?rest_route=%2Fwp%2Fv2%2Ftags&post=746183"}],"curies":[{"name":"wp","href":"https:\/\/api.w.org\/{rel}","templated":true}]}}