{"id":746427,"date":"2024-08-21T09:52:12","date_gmt":"2024-08-21T05:52:12","guid":{"rendered":"https:\/\/arantv.az\/?p=746427"},"modified":"2024-08-21T09:52:12","modified_gmt":"2024-08-21T05:52:12","slug":"%c9%99li-%c9%99hm%c9%99dov-bu-v%c9%99zif%c9%99y%c9%99-g%c9%99tirilir-iddia","status":"publish","type":"post","link":"https:\/\/arantv.az\/?p=746427","title":{"rendered":"\u018fli \u018fhm\u0259dov BU V\u018fZ\u0130F\u018fY\u018f g\u0259tirilir &#8211; \u0130DD\u0130A"},"content":{"rendered":"<p><strong>M\u0259lumatlara g\u00f6r\u0259, iqtidar Sahib\u0259 Qafarovan\u0131n f\u0259aliyy\u0259tind\u0259n raz\u0131d\u0131r, o, deputat se\u00e7il\u0259c\u0259yi t\u0259qdird\u0259 spiker kimi d\u0259 f\u0259aliyy\u0259tini davam etdir\u0259 bil\u0259r<\/strong><\/p>\n<p>Yeni formala\u015facaq parlamentd\u0259 r\u0259hb\u0259r v\u0259zif\u0259l\u0259rd\u0259 kiml\u0259rin yer alaca\u011f\u0131 il\u0259 ba\u011fl\u0131 m\u00fcxt\u0259lif f\u0259rziyy\u0259l\u0259r s\u0259sl\u0259nir.\u00a0 B\u0259llidir ki, Yeni Az\u0259rbaycan Partiyas\u0131n\u0131n (YAP) \u0259sas funksionerl\u0259rind\u0259n\u00a0 hesab olunan ba\u015f nazirin m\u00fcavini \u018fli \u018fhm\u0259dov yenid\u0259n aktiv siyas\u0259t\u0259 qay\u0131d\u0131r.<\/p>\n<p>YAP siyah\u0131s\u0131nda deputatl\u0131\u011fa namiz\u0259d olan ba\u015f nazirin m\u00fcavini bir ne\u00e7\u0259 g\u00fcn \u0259vv\u0259l t\u0259\u015fviqat kampaniyas\u0131n\u0131n ba\u015flamas\u0131 il\u0259 \u0259laq\u0259dar m\u0259zuniyy\u0259t\u0259 \u00e7\u0131x\u0131b. Onun h\u0259tta ba\u015f nazir \u018fli \u018fs\u0259dov da daxil olmaqla, son bir ne\u00e7\u0259 ild\u0259 b\u0259rab\u0259r \u00e7al\u0131\u015fd\u0131\u011f\u0131 h\u00f6kum\u0259t \u00fczvl\u0259rinin ham\u0131s\u0131 il\u0259 sa\u011folla\u015faraq Nazirl\u0259r Kabinetind\u0259ki ota\u011f\u0131n\u0131 bo\u015faltd\u0131\u011f\u0131 da iddialar s\u0131ras\u0131ndad\u0131r. Xat\u0131rladaq ki, 71 ya\u015fl\u0131 \u018f.\u018fhm\u0259dovun namiz\u0259dliyi 25 sayl\u0131 Nizami ikinci se\u00e7ki dair\u0259sind\u0259n ir\u0259li s\u00fcr\u00fcl\u00fcb.<\/p>\n<p><strong>Gununsesi.info-nun h\u00f6kum\u0259td\u0259ki m\u0259nb\u0259l\u0259rd\u0259n \u0259ld\u0259 etdiyi x\u0259b\u0259r\u0259 g\u00f6r\u0259 is\u0259 \u018f.\u018fhm\u0259dovun yeni parlamentin r\u0259hb\u0259rliyin\u0259 g\u0259tiril\u0259c\u0259k. Bu q\u0259rara s\u0259b\u0259b is\u0259 \u018fli \u018fhm\u0259dovun y\u00fcks\u0259k siyasi haz\u0131rl\u0131ql\u0131 \u015f\u0259xs olmas\u0131 v\u0259 iqtidara s\u0259daq\u0259ti g\u00f6st\u0259rilir.<\/strong><\/p>\n<p>Qeyd ed\u0259k ki, Milli M\u0259clis s\u0259drinin m\u00fcavinl\u0259ri Milli M\u0259clisin deputatlar\u0131 s\u0131ras\u0131ndan a\u00e7\u0131q s\u0259sverm\u0259 yolu il\u0259 se\u00e7ilir. Vitse-spiker v\u0259zif\u0259sin\u0259 namiz\u0259dliyi ilk n\u00f6vb\u0259d\u0259 Milli M\u0259clisin s\u0259dri, sonra is\u0259 deputatlar ir\u0259li s\u00fcr\u0259 bil\u0259rl\u0259r. Milli M\u0259clisin s\u0259dri v\u0259 h\u0259r deputat parlament s\u0259drinin birinci m\u00fcavini v\u0259 m\u00fcavini v\u0259zif\u0259l\u0259rinin h\u0259r birin\u0259 yaln\u0131z bir namiz\u0259d g\u00f6st\u0259r\u0259 bil\u0259rl\u0259r. \u00d6z namiz\u0259dliyin\u0259 etiraz m\u00fczakir\u0259siz v\u0259 s\u0259sverm\u0259 ke\u00e7irilm\u0259d\u0259n q\u0259bul edilir.<\/p>\n<p><strong>S\u0259sverm\u0259y\u0259 az\u0131 7 deputat\u0131n t\u0259r\u0259fdar \u00e7\u0131xd\u0131\u011f\u0131 namiz\u0259dl\u0259r burax\u0131l\u0131r. Namiz\u0259dl\u0259r \u00e7\u0131x\u0131\u015f ed\u0259 v\u0259 deputatlar\u0131n suallar\u0131na cavab ver\u0259 bil\u0259rl\u0259r. Namiz\u0259dl\u0259r \u00fczr\u0259 m\u00fczakir\u0259l\u0259r ke\u00e7irilir. A\u00e7\u0131q s\u0259sverm\u0259 n\u0259tic\u0259sind\u0259 az\u0131 63 deputat\u0131n s\u0259sini alm\u0131\u015f namiz\u0259d Milli M\u0259clis s\u0259drinin m\u00fcavini se\u00e7ilir.<\/strong><\/p>\n<p>Namiz\u0259dl\u0259rin he\u00e7 biri az\u0131 63 s\u0259s almad\u0131qda, Daxili Nizamnam\u0259nin 27-ci madd\u0259sind\u0259 n\u0259z\u0259rd\u0259 tutulmu\u015f qaydada s\u0259sverm\u0259nin ikinci d\u00f6vr\u0259si ke\u00e7irilir. \u0130kinci d\u00f6vr\u0259d\u0259 d\u0259 he\u00e7 bir namiz\u0259d 63 s\u0259s ala bilm\u0259zs\u0259, ba\u015fqa namiz\u0259dl\u0259r g\u00f6st\u0259rilm\u0259kl\u0259 yeni se\u00e7kil\u0259r ke\u00e7irilir. Spikerin m\u00fcavinl\u0259rinin se\u00e7ilm\u0259si Milli M\u0259clisin q\u0259rar\u0131 il\u0259 r\u0259smil\u0259\u015fdirilir.<\/p>\n<p><strong>Milli M\u0259clisin sonuncu s\u0259dri Sahib\u0259 Qafarova, s\u0259drin birinci m\u00fcavini \u018fli H\u00fcseynli, m\u00fcavini is\u0259 F\u0259zail \u0130brahimli olub. S\u0259drin dig\u0259r m\u00fcavini Adil \u018fliyev is\u0259 bir m\u00fcdd\u0259t \u0259vv\u0259l Suraxan\u0131 rayonuna icra ba\u015f\u00e7\u0131s\u0131 t\u0259yin edildiyi \u00fc\u00e7\u00fcn onun mandat\u0131 l\u0259\u011fv edilib.<\/strong><\/p>\n<p>\u018fg\u0259r iddia do\u011frudursa, m\u00fcmk\u00fcnd\u00fcr ki, \u018f.\u018fhm\u0259dov s\u0131radan deputat olmas\u0131n v\u0259 birinci vitse-spiker postuna g\u0259tirilsin. \u00c7\u00fcnki dig\u0259r iki vitse-spiker postunun biri bit\u0259r\u0259fl\u0259rin t\u0259msil\u00e7isi, dig\u0259ri is\u0259 ana m\u00fcxalif\u0259td\u0259n olan partiyan\u0131n n\u00fcmay\u0259nd\u0259si \u00fc\u00e7\u00fcn n\u0259z\u0259rd\u0259 tutulub. M\u0259lumatlara g\u00f6r\u0259, iqtidar Sahib\u0259 Qafarovun f\u0259aliyy\u0259tind\u0259n raz\u0131d\u0131r v\u0259 deputat se\u00e7il\u0259c\u0259yi t\u0259qdird\u0259 spiker kimi d\u0259 f\u0259aliyy\u0259tini davam etdir\u0259 bil\u0259r.<\/p>\n<p><img src=\"https:\/\/pravda.az\/cdn\/2019\/november\/24\/sona1.jpg\" alt=\"Sona \u018fliyeva: \u201cD\u00fcnyan\u0131n apar\u0131c\u0131 d\u00f6vl\u0259tl\u0259ri Az\u0259rbaycan\u0131n t\u0259cr\u00fcb\u0259sini  \u00f6yr\u0259nm\u0259y\u0259 h\u0259v\u0259sli g\u00f6r\u00fcn\u00fcrl\u0259r\u201d Pravda.az\" \/><\/p>\n<p><strong>Sona \u018fliyeva\u00a0<\/strong><\/p>\n<p><strong>Siyasi t\u0259hlil\u00e7i Sona \u018fliyeva bu se\u00e7im ba\u015f tutarsa, bunun daha \u00e7ox balans qoruma\u011fa hesablanaca\u011f\u0131n\u0131 d\u00fc\u015f\u00fcn<\/strong><strong>\u00fcr:<\/strong>\u00a0\u201cBa\u015f nazirin m\u00fcavini \u018fli \u018fhm\u0259dovun spiker postuna g\u0259tirilm\u0259si h\u0259l\u0259 ki iddiad\u0131r. \u018fg\u0259r bu ba\u015f ver\u0259rs\u0259, maraql\u0131 se\u00e7im olacaq. Deputat kadrosunda g\u0259ncl\u0259\u015fm\u0259 siyas\u0259tini \u0259sas g\u00f6t\u00fcr\u0259n hakimiyy\u0259t spiker postuna 71 ya\u015fl\u0131 qocaman siyas\u0259t\u00e7ini g\u0259tirm\u0259k ist\u0259m\u0259si do\u011fru olmaya da bil\u0259r. Y\u0259qin ki, hakimiyy\u0259t g\u0259nc v\u0259 dinamik deputatlar d\u00fc\u015f\u0259rg\u0259sin\u0259 s\u0259birli v\u0259 t\u0259mkinli fiquru r\u0259hb\u0259r se\u00e7m\u0259kl\u0259 balans\u0131 qoruma\u011fa \u00e7al\u0131\u015facaq. \u018fli \u018fhm\u0259dov da Sahib\u0259 Qafarova kimi prosesl\u0259r\u0259 t\u0259mkinli v\u0259 l\u0259ng reaksiya verm\u0259yi il\u0259 se\u00e7ilir. Bu l\u0259nglik b\u00f6y\u00fck siyas\u0259td\u0259 \u0259n \u00f6n\u0259mli faktorlardand\u0131r. Vaxt qazanmaq, manevr etm\u0259k, s\u0259hvl\u0259rd\u0259n s\u0131\u011fortalanmaq bax\u0131m\u0131ndan oyun\u00e7ulara \u0259lav\u0259 \u00fcst\u00fcnl\u00fckl\u0259r qazand\u0131r\u0131r. Eyni zamanda \u018fli \u018fhm\u0259dov da Sahib\u0259 Qafarova kimi Q\u0259rbd\u0259n daha \u00e7ox dig\u0259r q\u00fctbl\u0259r\u0259 istiqanl\u0131l\u0131\u011f\u0131 v\u0259 meylliliyi il\u0259 se\u00e7ilir. \u018fn \u0259sas\u0131, h\u0259r iki fiqur \u00f6lk\u0259 ba\u015f\u00e7\u0131s\u0131n\u0131n tutdu\u011fu balansl\u0131 siyasi kursa kifay\u0259t q\u0259d\u0259r sadiqdirl\u0259r. \u018fg\u0259r Sahib\u0259 Qafarovaya yenid\u0259n etimad g\u00f6st\u0259ril\u0259rs\u0259, o zaman \u018fli \u018fhm\u0259dovun vitse-spiker kimi f\u0259aliyy\u0259t g\u00f6st\u0259rm\u0259si istisna deyil. H\u0259l\u0259lik mediada yay\u0131lan bu kimi informasiyalar iddia xarakterlidir. M\u0259s\u0259l\u0259nin dig\u0259r t\u0259r\u0259fi ondad\u0131r ki, n\u00f6vb\u0259d\u0259nk\u0259nar VI \u00e7a\u011f\u0131r\u0131\u015f mill\u0259t v\u0259kill\u0259rinin bir \u00e7oxu &#8220;lal deputat&#8221; funksiyas\u0131n\u0131 yerin\u0259 yetirdil\u0259r. Bir s\u0131ra sor\u011fular g\u00f6st\u0259rdi ki, b\u0259zi deputatlar\u0131 n\u0259inki ictimai f\u0259allar, he\u00e7 \u00f6z se\u00e7icil\u0259ri d\u0259 tan\u0131m\u0131rlar. Onlar bug\u00fcnk\u00fc m\u00fcr\u0259kk\u0259b geostrateji durumda h\u0259r hans\u0131 f\u0259aliyy\u0259t imkanlar\u0131n\u0131 ortaya qoyma\u011fa da \u00e7\u0259tinlik \u00e7\u0259k\u0259c\u0259kl\u0259r. G\u00f6r\u00fcn\u00fcr, onlar\u0131n da yerin\u0259 ya daha dinamik, ya da daha t\u0259cr\u00fcb\u0259li \u015f\u0259xsl\u0259r g\u0259tiril\u0259c\u0259k. \u00dcmid edir\u0259m ki, n\u00f6vb\u0259ti \u00e7a\u011f\u0131r\u0131\u015f parlamentin t\u0259rkibi daha dinamik, daha natiq v\u0259 t\u0259cr\u00fcb\u0259li \u015f\u0259xsl\u0259rd\u0259n t\u0259\u015fkil olunacaq. H\u0259r halda, son s\u00f6z \u0259lah\u0259zr\u0259t se\u00e7icinindir&#8221;.<\/p>\n<p><strong>Cavan\u015fir ABBASLI<\/strong><br \/>\n<strong>\u201cYeni M\u00fcsavat\u201d<\/strong><\/p>\n","protected":false},"excerpt":{"rendered":"<p>M\u0259lumatlara g\u00f6r\u0259, iqtidar Sahib\u0259 Qafarovan\u0131n f\u0259aliyy\u0259tind\u0259n raz\u0131d\u0131r, o, deputat se\u00e7il\u0259c\u0259yi t\u0259qdird\u0259 spiker kimi d\u0259 f\u0259aliyy\u0259tini davam etdir\u0259 bil\u0259r Yeni formala\u015facaq parlamentd\u0259 r\u0259hb\u0259r v\u0259zif\u0259l\u0259rd\u0259 kiml\u0259rin yer alaca\u011f\u0131 il\u0259 ba\u011fl\u0131 m\u00fcxt\u0259lif f\u0259rziyy\u0259l\u0259r s\u0259sl\u0259nir.\u00a0 B\u0259llidir ki, Yeni Az\u0259rbaycan Partiyas\u0131n\u0131n (YAP) \u0259sas funksionerl\u0259rind\u0259n\u00a0 hesab olunan ba\u015f nazirin m\u00fcavini \u018fli \u018fhm\u0259dov yenid\u0259n aktiv siyas\u0259t\u0259 qay\u0131d\u0131r. YAP siyah\u0131s\u0131nda deputatl\u0131\u011fa namiz\u0259d olan ba\u015f nazirin m\u00fcavini bir ne\u00e7\u0259 g\u00fcn \u0259vv\u0259l t\u0259\u015fviqat kampaniyas\u0131n\u0131n ba\u015flamas\u0131 il\u0259 \u0259laq\u0259dar m\u0259zuniyy\u0259t\u0259 \u00e7\u0131x\u0131b. Onun h\u0259tta ba\u015f nazir \u018fli \u018fs\u0259dov da daxil olmaqla, son bir ne\u00e7\u0259 ild\u0259 b\u0259rab\u0259r \u00e7al\u0131\u015fd\u0131\u011f\u0131 h\u00f6kum\u0259t \u00fczvl\u0259rinin ham\u0131s\u0131 il\u0259 sa\u011folla\u015faraq Nazirl\u0259r&hellip;<\/p>\n","protected":false},"author":2,"featured_media":746428,"comment_status":"closed","ping_status":"closed","sticky":false,"template":"","format":"standard","meta":{"om_disable_all_campaigns":false,"_monsterinsights_skip_tracking":false,"_monsterinsights_sitenote_active":false,"_monsterinsights_sitenote_note":"","_monsterinsights_sitenote_category":0},"categories":[19],"tags":[],"aioseo_notices":[],"gutentor_comment":0,"rttpg_featured_image_url":{"full":["https:\/\/arantv.az\/wp-content\/uploads\/2024\/08\/1b241a4720034182af5e73af5cc85c2a.jpg",850,500,false],"landscape":["https:\/\/arantv.az\/wp-content\/uploads\/2024\/08\/1b241a4720034182af5e73af5cc85c2a.jpg",850,500,false],"portraits":["https:\/\/arantv.az\/wp-content\/uploads\/2024\/08\/1b241a4720034182af5e73af5cc85c2a.jpg",850,500,false],"thumbnail":["https:\/\/arantv.az\/wp-content\/uploads\/2024\/08\/1b241a4720034182af5e73af5cc85c2a-500x280.jpg",500,280,true],"medium":["https:\/\/arantv.az\/wp-content\/uploads\/2024\/08\/1b241a4720034182af5e73af5cc85c2a-621x365.jpg",621,365,true],"large":["https:\/\/arantv.az\/wp-content\/uploads\/2024\/08\/1b241a4720034182af5e73af5cc85c2a-840x494.jpg",640,376,true],"1536x1536":["https:\/\/arantv.az\/wp-content\/uploads\/2024\/08\/1b241a4720034182af5e73af5cc85c2a.jpg",850,500,false],"2048x2048":["https:\/\/arantv.az\/wp-content\/uploads\/2024\/08\/1b241a4720034182af5e73af5cc85c2a.jpg",850,500,false],"post-thumbnail":["https:\/\/arantv.az\/wp-content\/uploads\/2024\/08\/1b241a4720034182af5e73af5cc85c2a-240x172.jpg",240,172,true],"advps-thumb-one":["https:\/\/arantv.az\/wp-content\/uploads\/2024\/08\/1b241a4720034182af5e73af5cc85c2a.jpg",850,500,false]},"rttpg_author":{"display_name":"V\u00fcsal Rafiqo\u011flu","author_link":"https:\/\/arantv.az\/?author=2"},"rttpg_comment":0,"rttpg_category":"<a href=\"https:\/\/arantv.az\/?cat=19\" rel=\"category\">G\u00fcnd\u0259m<\/a>","rttpg_excerpt":"M\u0259lumatlara g\u00f6r\u0259, iqtidar Sahib\u0259 Qafarovan\u0131n f\u0259aliyy\u0259tind\u0259n raz\u0131d\u0131r, o, deputat se\u00e7il\u0259c\u0259yi t\u0259qdird\u0259 spiker kimi d\u0259 f\u0259aliyy\u0259tini davam etdir\u0259 bil\u0259r Yeni formala\u015facaq parlamentd\u0259 r\u0259hb\u0259r v\u0259zif\u0259l\u0259rd\u0259 kiml\u0259rin yer alaca\u011f\u0131 il\u0259 ba\u011fl\u0131 m\u00fcxt\u0259lif f\u0259rziyy\u0259l\u0259r s\u0259sl\u0259nir.\u00a0 B\u0259llidir ki, Yeni Az\u0259rbaycan Partiyas\u0131n\u0131n (YAP) \u0259sas funksionerl\u0259rind\u0259n\u00a0 hesab olunan ba\u015f nazirin m\u00fcavini \u018fli \u018fhm\u0259dov yenid\u0259n aktiv siyas\u0259t\u0259 qay\u0131d\u0131r. YAP siyah\u0131s\u0131nda deputatl\u0131\u011fa namiz\u0259d olan&hellip;","_links":{"self":[{"href":"https:\/\/arantv.az\/index.php?rest_route=\/wp\/v2\/posts\/746427"}],"collection":[{"href":"https:\/\/arantv.az\/index.php?rest_route=\/wp\/v2\/posts"}],"about":[{"href":"https:\/\/arantv.az\/index.php?rest_route=\/wp\/v2\/types\/post"}],"author":[{"embeddable":true,"href":"https:\/\/arantv.az\/index.php?rest_route=\/wp\/v2\/users\/2"}],"replies":[{"embeddable":true,"href":"https:\/\/arantv.az\/index.php?rest_route=%2Fwp%2Fv2%2Fcomments&post=746427"}],"version-history":[{"count":2,"href":"https:\/\/arantv.az\/index.php?rest_route=\/wp\/v2\/posts\/746427\/revisions"}],"predecessor-version":[{"id":746430,"href":"https:\/\/arantv.az\/index.php?rest_route=\/wp\/v2\/posts\/746427\/revisions\/746430"}],"wp:featuredmedia":[{"embeddable":true,"href":"https:\/\/arantv.az\/index.php?rest_route=\/wp\/v2\/media\/746428"}],"wp:attachment":[{"href":"https:\/\/arantv.az\/index.php?rest_route=%2Fwp%2Fv2%2Fmedia&parent=746427"}],"wp:term":[{"taxonomy":"category","embeddable":true,"href":"https:\/\/arantv.az\/index.php?rest_route=%2Fwp%2Fv2%2Fcategories&post=746427"},{"taxonomy":"post_tag","embeddable":true,"href":"https:\/\/arantv.az\/index.php?rest_route=%2Fwp%2Fv2%2Ftags&post=746427"}],"curies":[{"name":"wp","href":"https:\/\/api.w.org\/{rel}","templated":true}]}}