{"id":746476,"date":"2024-08-21T10:20:25","date_gmt":"2024-08-21T06:20:25","guid":{"rendered":"https:\/\/arantv.az\/?p=746476"},"modified":"2024-08-21T10:20:25","modified_gmt":"2024-08-21T06:20:25","slug":"pensiyalar-bu-tarixd%c9%99-artirilacaq-d%c9%99qiq-zaman-aciqlandi","status":"publish","type":"post","link":"https:\/\/arantv.az\/?p=746476","title":{"rendered":"Pensiyalar BU TAR\u0130XD\u018f art\u0131r\u0131lacaq &#8211; d\u0259qiq zaman A\u00c7IQLANDI"},"content":{"rendered":"<p><strong>&#8220;Pensiyalarda art\u0131m faizi il\u0259 ba\u011fl\u0131 biz\u0259 \u00fcnvanlanan suallara cavab olaraq bildirm\u0259k ist\u0259rdik ki, m\u00f6vcud qanunvericiliy\u0259 \u0259sas\u0259n, pensiyadak\u0131 art\u0131mlar indeksl\u0259\u015fdirm\u0259 v\u0259 yard\u0131mlar\u0131n verilm\u0259si formas\u0131nda h\u0259yata ke\u00e7irilir. \u018fm\u0259k pensiyalar\u0131 h\u0259r il yanvar ay\u0131nda indeksl\u0259\u015fdirilir v\u0259 bu, \u0259vv\u0259lki ild\u0259 orta ayl\u0131q \u0259m\u0259k haqq\u0131dak\u0131 art\u0131m faizin\u0259 uy\u011funla\u015fd\u0131r\u0131l\u0131r&#8221;.\u00a0<\/strong><\/p>\n<p><strong>ARANTV.AZ<\/strong> x\u0259b\u0259r verir ki, bu bar\u0259d\u0259 \u0130qtisad\u00e7\u0131 alim, Milli M\u0259clisin deputat\u0131 V\u00fcqar Bayramov \u00f6z sosial \u015f\u0259b\u0259k\u0259 hesab\u0131nda yaz\u0131b.<\/p>\n<p>&#8220;Bu ild\u0259ki orta ayl\u0131q \u0259m\u0259k haqq\u0131dak\u0131 art\u0131m faizin\u0259 uy\u011fun olaraq, 2025-ci ilin yanvar\u0131n birind\u0259n etibar\u0259n b\u00fct\u00fcn n\u00f6v \u0259m\u0259k pensiyalar\u0131nda art\u0131mlar olacaq. Bu ilin ilk yar\u0131s\u0131nda \u00f6lk\u0259d\u0259 nominal orta ayl\u0131q \u0259m\u0259k haqq\u0131 \u0259vv\u0259lki ilin m\u00fcvafiq d\u00f6vr\u00fcn\u0259 nisb\u0259t\u0259n 8.8 faiz art\u0131b. 2024-c\u00fc il \u00fc\u00e7\u00fcn yekun illik g\u00f6st\u0259rici g\u0259l\u0259n ilin \u0259vv\u0259lind\u0259 elan edil\u0259c\u0259k. Eyni zamanda, bu ilin ikinci yar\u0131s\u0131nda maa\u015f m\u0259bl\u0259\u011fl\u0259rind\u0259ki potensial d\u0259yi\u015fiklikl\u0259r d\u0259 orta illik \u0259m\u0259k haqq\u0131 faizin\u0259 t\u0259sir g\u00f6st\u0259r\u0259 bil\u0259r.<\/p>\n<p><img loading=\"lazy\" src=\"https:\/\/cdn.musavat.com\/news\/thumbnails\/bc66d34a5d585596f9fd791860b9b13d.jpg\" alt=\"1721913524_iyfjxgpuuwxnqgw9cajq.jpg (27 KB)\" width=\"637\" height=\"400\" \/><\/p>\n<p>Daha konkret r\u0259q\u0259ml\u0259r ilin sonuna do\u011fru b\u0259lli olacaq. Bununla ba\u011fl\u0131 art\u0131q konkret r\u0259q\u0259ml\u0259ri v\u0259 eyni zamanda pensiya kapital\u0131nda hans\u0131 faiz art\u0131m\u0131n olmas\u0131n\u0131 t\u0259qdim etm\u0259k m\u00fcmk\u00fcn olacaq.<\/p>\n<p>\u018fm\u0259k pensiyalar\u0131 orta ayl\u0131q \u0259m\u0259k haqq\u0131ndak\u0131 art\u0131m faizin\u0259, pensiya kapital\u0131 is\u0259 inflyasiya s\u0259viyy\u0259sin\u0259 uy\u011fun olaraq art\u0131r\u0131l\u0131r. Bu bax\u0131mdan, g\u0259l\u0259n ild\u0259n etibar\u0259n pensiya kapital\u0131 da indeksl\u0259\u015fdiril\u0259r\u0259k art\u0131r\u0131lacaq. Bu da, x\u00fcsus\u0259n d\u0259 pensiya ya\u015f\u0131 tamam olmayan, amma g\u0259l\u0259c\u0259kd\u0259 pensiya alacaq v\u0259t\u0259nda\u015flar\u0131m\u0131z\u0131n pensiya kapital\u0131n\u0131n artmas\u0131na v\u0259 onlar\u0131n daha \u00e7ox pensiya almas\u0131na imkan yaradan faktorlardan biridir&#8221;, &#8211;\u00a0V\u00fcqar Bayramov qeyd edib.<\/p>\n<p>&nbsp;<\/p>\n","protected":false},"excerpt":{"rendered":"<p>&#8220;Pensiyalarda art\u0131m faizi il\u0259 ba\u011fl\u0131 biz\u0259 \u00fcnvanlanan suallara cavab olaraq bildirm\u0259k ist\u0259rdik ki, m\u00f6vcud qanunvericiliy\u0259 \u0259sas\u0259n, pensiyadak\u0131 art\u0131mlar indeksl\u0259\u015fdirm\u0259 v\u0259 yard\u0131mlar\u0131n verilm\u0259si formas\u0131nda h\u0259yata ke\u00e7irilir. \u018fm\u0259k pensiyalar\u0131 h\u0259r il yanvar ay\u0131nda indeksl\u0259\u015fdirilir v\u0259 bu, \u0259vv\u0259lki ild\u0259 orta ayl\u0131q \u0259m\u0259k haqq\u0131dak\u0131 art\u0131m faizin\u0259 uy\u011funla\u015fd\u0131r\u0131l\u0131r&#8221;.\u00a0 ARANTV.AZ x\u0259b\u0259r verir ki, bu bar\u0259d\u0259 \u0130qtisad\u00e7\u0131 alim, Milli M\u0259clisin deputat\u0131 V\u00fcqar Bayramov \u00f6z sosial \u015f\u0259b\u0259k\u0259 hesab\u0131nda yaz\u0131b. &#8220;Bu ild\u0259ki orta ayl\u0131q \u0259m\u0259k haqq\u0131dak\u0131 art\u0131m faizin\u0259 uy\u011fun olaraq, 2025-ci ilin yanvar\u0131n birind\u0259n etibar\u0259n b\u00fct\u00fcn n\u00f6v \u0259m\u0259k pensiyalar\u0131nda art\u0131mlar olacaq. Bu ilin ilk yar\u0131s\u0131nda \u00f6lk\u0259d\u0259 nominal orta ayl\u0131q&hellip;<\/p>\n","protected":false},"author":2,"featured_media":746477,"comment_status":"closed","ping_status":"closed","sticky":false,"template":"","format":"standard","meta":{"om_disable_all_campaigns":false,"_monsterinsights_skip_tracking":false,"_monsterinsights_sitenote_active":false,"_monsterinsights_sitenote_note":"","_monsterinsights_sitenote_category":0},"categories":[1],"tags":[],"aioseo_notices":[],"gutentor_comment":0,"rttpg_featured_image_url":{"full":["https:\/\/arantv.az\/wp-content\/uploads\/2024\/08\/07a999aa74a0f4f78aa950b6630938f7.jpg",768,403,false],"landscape":["https:\/\/arantv.az\/wp-content\/uploads\/2024\/08\/07a999aa74a0f4f78aa950b6630938f7.jpg",768,403,false],"portraits":["https:\/\/arantv.az\/wp-content\/uploads\/2024\/08\/07a999aa74a0f4f78aa950b6630938f7.jpg",768,403,false],"thumbnail":["https:\/\/arantv.az\/wp-content\/uploads\/2024\/08\/07a999aa74a0f4f78aa950b6630938f7-500x280.jpg",500,280,true],"medium":["https:\/\/arantv.az\/wp-content\/uploads\/2024\/08\/07a999aa74a0f4f78aa950b6630938f7-660x346.jpg",660,346,true],"large":["https:\/\/arantv.az\/wp-content\/uploads\/2024\/08\/07a999aa74a0f4f78aa950b6630938f7.jpg",640,336,false],"1536x1536":["https:\/\/arantv.az\/wp-content\/uploads\/2024\/08\/07a999aa74a0f4f78aa950b6630938f7.jpg",768,403,false],"2048x2048":["https:\/\/arantv.az\/wp-content\/uploads\/2024\/08\/07a999aa74a0f4f78aa950b6630938f7.jpg",768,403,false],"post-thumbnail":["https:\/\/arantv.az\/wp-content\/uploads\/2024\/08\/07a999aa74a0f4f78aa950b6630938f7-240x172.jpg",240,172,true],"advps-thumb-one":["https:\/\/arantv.az\/wp-content\/uploads\/2024\/08\/07a999aa74a0f4f78aa950b6630938f7.jpg",768,403,false]},"rttpg_author":{"display_name":"V\u00fcsal Rafiqo\u011flu","author_link":"https:\/\/arantv.az\/?author=2"},"rttpg_comment":0,"rttpg_category":"<a href=\"https:\/\/arantv.az\/?cat=1\" rel=\"category\">C\u0259miyy\u0259t<\/a>","rttpg_excerpt":"&#8220;Pensiyalarda art\u0131m faizi il\u0259 ba\u011fl\u0131 biz\u0259 \u00fcnvanlanan suallara cavab olaraq bildirm\u0259k ist\u0259rdik ki, m\u00f6vcud qanunvericiliy\u0259 \u0259sas\u0259n, pensiyadak\u0131 art\u0131mlar indeksl\u0259\u015fdirm\u0259 v\u0259 yard\u0131mlar\u0131n verilm\u0259si formas\u0131nda h\u0259yata ke\u00e7irilir. \u018fm\u0259k pensiyalar\u0131 h\u0259r il yanvar ay\u0131nda indeksl\u0259\u015fdirilir v\u0259 bu, \u0259vv\u0259lki ild\u0259 orta ayl\u0131q \u0259m\u0259k haqq\u0131dak\u0131 art\u0131m faizin\u0259 uy\u011funla\u015fd\u0131r\u0131l\u0131r&#8221;.\u00a0 ARANTV.AZ x\u0259b\u0259r verir ki, bu bar\u0259d\u0259 \u0130qtisad\u00e7\u0131 alim, Milli M\u0259clisin deputat\u0131 V\u00fcqar&hellip;","_links":{"self":[{"href":"https:\/\/arantv.az\/index.php?rest_route=\/wp\/v2\/posts\/746476"}],"collection":[{"href":"https:\/\/arantv.az\/index.php?rest_route=\/wp\/v2\/posts"}],"about":[{"href":"https:\/\/arantv.az\/index.php?rest_route=\/wp\/v2\/types\/post"}],"author":[{"embeddable":true,"href":"https:\/\/arantv.az\/index.php?rest_route=\/wp\/v2\/users\/2"}],"replies":[{"embeddable":true,"href":"https:\/\/arantv.az\/index.php?rest_route=%2Fwp%2Fv2%2Fcomments&post=746476"}],"version-history":[{"count":1,"href":"https:\/\/arantv.az\/index.php?rest_route=\/wp\/v2\/posts\/746476\/revisions"}],"predecessor-version":[{"id":746478,"href":"https:\/\/arantv.az\/index.php?rest_route=\/wp\/v2\/posts\/746476\/revisions\/746478"}],"wp:featuredmedia":[{"embeddable":true,"href":"https:\/\/arantv.az\/index.php?rest_route=\/wp\/v2\/media\/746477"}],"wp:attachment":[{"href":"https:\/\/arantv.az\/index.php?rest_route=%2Fwp%2Fv2%2Fmedia&parent=746476"}],"wp:term":[{"taxonomy":"category","embeddable":true,"href":"https:\/\/arantv.az\/index.php?rest_route=%2Fwp%2Fv2%2Fcategories&post=746476"},{"taxonomy":"post_tag","embeddable":true,"href":"https:\/\/arantv.az\/index.php?rest_route=%2Fwp%2Fv2%2Ftags&post=746476"}],"curies":[{"name":"wp","href":"https:\/\/api.w.org\/{rel}","templated":true}]}}