{"id":746486,"date":"2024-08-21T10:33:30","date_gmt":"2024-08-21T06:33:30","guid":{"rendered":"https:\/\/arantv.az\/?p=746486"},"modified":"2024-08-21T10:33:30","modified_gmt":"2024-08-21T06:33:30","slug":"bu-gun-azad-qarabagda-yasayiriq-yaradiriq-s%c9%99h%c9%99r-v%c9%99-k%c9%99ndl%c9%99rimizi-yenid%c9%99n-qururuq","status":"publish","type":"post","link":"https:\/\/arantv.az\/?p=746486","title":{"rendered":"Bu g\u00fcn azad Qaraba\u011fda ya\u015fay\u0131r\u0131q, yarad\u0131r\u0131q, \u015f\u0259h\u0259r v\u0259 k\u0259ndl\u0259rimizi yenid\u0259n qururuq"},"content":{"rendered":"<p><em><strong>D\u00f6vl\u0259timizin ba\u015f\u00e7\u0131s\u0131 \u0130lham \u018fliyev yeni d\u00f6vr\u00fcn yeni h\u0259d\u0259fl\u0259rini a\u00e7\u0131qlayark\u0259n bu \u00e7a\u011f\u0131r\u0131\u015f\u0131 etdi ki, b\u00fct\u00fcn bunlara nail olmaq \u00fc\u00e7\u00fcn iqtisadiyyat\u0131m\u0131z inki\u015faf etm\u0259lidir<\/strong><\/em><\/p>\n<p>D\u00f6rd il bundan \u00f6nc\u0259 bu arzu il\u0259 ya\u015fay\u0131rd\u0131q- \u0130\u015f\u011fal alt\u0131nda olan torpaqlar\u0131m\u0131z azad edilsin, soyda\u015flar\u0131m\u0131z do\u011fma yurd-yuvalar\u0131na qay\u0131ts\u0131n v\u0259 bu \u0259razil\u0259rd\u0259 yeni h\u0259yat ba\u015flas\u0131n. Bu, arzu olmaqla yana\u015f\u0131, h\u0259m d\u0259 \u0259minlik idi. \u00c7\u00fcnki xalq\u0131m\u0131z \u0259min idi ki, d\u00f6vl\u0259timizin u\u011furlu siyas\u0259ti, q\u0259tiyy\u0259ti say\u0259sind\u0259 torpaqlar\u0131m\u0131z tarixi sahibin\u0259 qay\u0131dacaq. \u018fdal\u0259tin Z\u0259f\u0259r \u00e7alaca\u011f\u0131 g\u00fcn uzaqda deyil. 30 il Az\u0259rbaycan d\u00f6vl\u0259ti m\u00fcnaqi\u015f\u0259nin h\u0259lli istiqam\u0259tind\u0259 s\u0259yl\u0259r g\u00f6st\u0259rdi, s\u00fclh dan\u0131\u015f\u0131qlar\u0131 \u0259sas\u0131nda m\u0259s\u0259l\u0259nin nizamlanmas\u0131na \u00e7al\u0131\u015fd\u0131. Lakin Erm\u0259nistan\u0131n havadarlar\u0131n\u0131n d\u0259st\u0259yi il\u0259 dan\u0131\u015f\u0131qlar prosesind\u0259n m\u00fcxt\u0259lif vasit\u0259l\u0259rl\u0259 yay\u0131nmaq c\u0259hdl\u0259ri, c\u0259bh\u0259 x\u0259ttind\u0259 t\u0259xribatlar t\u00f6r\u0259tm\u0259si a\u00e7\u0131q-a\u015fkar g\u00f6st\u0259rirdi ki, m\u0259s\u0259l\u0259nin nizamlanmas\u0131nda, torpaqlar\u0131m\u0131z\u0131 geri qaytarmaqda maraql\u0131 deyil. Erm\u0259nistan\u0131n \u018fks\u0259r d\u00fcnya g\u00fccl\u0259rind\u0259n ald\u0131\u011f\u0131 d\u0259st\u0259k, i\u015f\u011fal\u00e7\u0131l\u0131q siyas\u0259ti h\u0259yata ke\u00e7irdiyi halda b\u00f6y\u00fck qay\u011f\u0131 il\u0259 \u0259hat\u0259 olunmas\u0131 daha b\u00f6y\u00fck iddialarla ya\u015famas\u0131na, yeni \u0259razil\u0259r u\u011frunda m\u00fcharib\u0259 planlar\u0131 haz\u0131rlamas\u0131na g\u0259tirib \u00e7\u0131xard\u0131. 27 sentyabr 2020-ci ild\u0259 Erm\u0259nistan ordusunun \u0259razil\u0259rimizi m\u00fcxt\u0259lif istiqam\u0259tl\u0259rd\u0259n raket at\u0259\u015fin\u0259 tutmas\u0131 bu planlar\u0131n a\u00e7\u0131qlanmas\u0131nda yard\u0131m\u00e7\u0131 oldu. Az\u0259rbaycan d\u00f6vl\u0259tinin, xalq\u0131n\u0131n s\u0259bir kasas\u0131 da\u015fd\u0131. M\u00fcz\u0259ff\u0259r Ali Ba\u015f Komandan \u0130lham \u018fliyevin \u201cH\u00fccum!\u201d \u0259mri tarixi Z\u0259f\u0259rimizl\u0259 tamamland\u0131. \u00abBiz qan t\u00f6k\u0259r\u0259k, \u015f\u0259hidl\u0259r ver\u0259r\u0259k tarixi \u0259dal\u0259ti b\u0259rpa etdik. Allah b\u00fct\u00fcn \u015f\u0259hidl\u0259rimiz\u0259 r\u0259hm\u0259t el\u0259sin. Biz onlar\u0131n v\u0259 on minl\u0259rl\u0259 Az\u0259rbaycan g\u0259ncinin \u015f\u00fcca\u0259ti, f\u0259dakarl\u0131\u011f\u0131, q\u0259hr\u0259manl\u0131\u011f\u0131 say\u0259sind\u0259 bu g\u00fcn azad Qaraba\u011fda ya\u015fay\u0131r\u0131q, qururuq, \u0259razi b\u00fct\u00f6vl\u00fcy\u00fcm\u00fcz\u00fc b\u0259rpa ed\u0259n, \u00f6z l\u0259yaq\u0259tini b\u0259rpa ed\u0259n xalq kimi qururuq, yarad\u0131r\u0131q, \u015f\u0259h\u0259r v\u0259 k\u0259ndl\u0259rimizi yenid\u0259n qururuq\u00bb s\u00f6yl\u0259y\u0259n d\u00f6vl\u0259t ba\u015f\u00e7\u0131s\u0131 \u0130lham \u018fliyev bu m\u00fch\u00fcm m\u0259qam\u0131 da x\u00fcsusi vur\u011fulay\u0131r ki, ancaq m\u00fcharib\u0259 olmaya bil\u0259rdi. \u018fg\u0259r Erm\u0259nistan v\u0259 onun r\u0259hb\u0259rliyi, onun arxas\u0131nda dayanan q\u00fcvv\u0259l\u0259r beyn\u0259lxalq h\u00fcquqa, BMT T\u0259hl\u00fck\u0259sizlik \u015euras\u0131n\u0131n d\u00f6rd q\u0259tnam\u0259sin\u0259 \u0259m\u0259l, b\u00f6y\u00fck d\u00f6vl\u0259tl\u0259r Erm\u0259nistana onun i\u015f\u011fal\u00e7\u0131l\u0131q siyas\u0259tin\u0259 g\u00f6r\u0259 sanksiyalar t\u0259tbiq ets\u0259ydil\u0259r, he\u00e7 olmasa, onlar\u0131n i\u015f\u011fal\u00e7\u0131l\u0131q siyas\u0259tini pisl\u0259s\u0259ydil\u0259r, b\u0259lk\u0259 d\u0259 m\u00fcharib\u0259y\u0259 ehtiyac qalmazd\u0131.<\/p>\n<p>Az\u0259rbaycan d\u00f6vl\u0259ti uzun ill\u0259r \u0259rzind\u0259 t\u0259mkinlilik, eyni zamanda, apar\u0131lan dan\u0131\u015f\u0131qlara sadiqlik g\u00f6st\u0259rirdi. Baxmayaraq ki, ill\u0259r ke\u00e7dikc\u0259 \u00fcmidl\u0259rimiz d\u0259 t\u00fck\u0259nirdi. \u0130\u015f\u011fal\u00e7\u0131 d\u00f6vl\u0259t daha da az\u011f\u0131nla\u015f\u0131rd\u0131, hesab edirdi ki, torpaqlar\u0131m\u0131z\u0131 \u0259b\u0259di i\u015f\u011fal alt\u0131nda saxlaya bil\u0259r. 44 g\u00fcnl\u00fck \u0130kinci Qaraba\u011f m\u00fcharib\u0259sind\u0259 tarixi Z\u0259f\u0259rimiz, ondan \u00fc\u00e7 il sonra 2023-c\u00fc ilin 19-20 sentyabr tarixl\u0259rind\u0259 Silahl\u0131 Q\u00fcvv\u0259l\u0259rimizin h\u0259yata ke\u00e7irdiyi antiterror t\u0259dbirl\u0259ri n\u0259tic\u0259sind\u0259 suverenliyimizin tam b\u0259rpa olunmas\u0131 bir daha Erm\u0259nistana v\u0259 ona havadarl\u0131q ed\u0259n d\u00f6vl\u0259tl\u0259r\u0259 n\u00fcmayi\u015f etdirdi ki, \u0259dal\u0259t v\u0259 beyn\u0259lxalq h\u00fcquq deyil\u0259n m\u0259fhumlar m\u00f6vcuddur. D\u00f6vl\u0259t ba\u015f\u00e7\u0131s\u0131 \u0130lham \u018fliyev 2021-ci il 30 avqust tarixind\u0259 \u015eu\u015fada ke\u00e7iril\u0259n Vaqif Poeziya G\u00fcnl\u0259rinin a\u00e7\u0131l\u0131\u015f m\u0259rasimind\u0259 bu m\u0259qama x\u00fcsusi diqq\u0259t y\u00f6n\u0259ld\u0259r\u0259k bildirmi\u015fdi: \u201c\u0130\u015f\u011fal d\u00f6vr\u00fcnd\u0259 bir \u00e7oxlar\u0131m\u0131z &#8211; h\u0259m ke\u00e7mi\u015f m\u0259cburi k\u00f6\u00e7k\u00fcnl\u0259r, h\u0259m b\u00fct\u00fcn Az\u0259rbaycan xalq\u0131, o c\u00fcml\u0259d\u0259n d\u0259 m\u0259n d\u0259f\u0259l\u0259rl\u0259 fikirl\u0259\u015firdik ki, d\u00fcnyada \u0259dal\u0259t yoxdur. \u00c7\u00fcnki \u0259dal\u0259t olsayd\u0131, biz bu v\u0259ziyy\u0259t\u0259 d\u00fc\u015fm\u0259zdik. M\u0259n d\u0259 o c\u00fcml\u0259d\u0259n bel\u0259 fikird\u0259 idim. Ancaq h\u0259yat g\u00f6st\u0259rdi ki, \u0259dal\u0259t var, sad\u0259c\u0259, d\u00f6z\u00fcml\u00fc olmaq laz\u0131md\u0131r, s\u0259birli olmaq laz\u0131md\u0131r, \u0259dal\u0259t\u0259 inanmaq laz\u0131md\u0131r v\u0259 \u0259dal\u0259t\u0259 nail olmaq \u00fc\u00e7\u00fcn \u00e7al\u0131\u015fmaq laz\u0131md\u0131r, h\u0259d\u0259f\u0259 do\u011fru getm\u0259k laz\u0131md\u0131r. \u018fdal\u0259ti b\u0259rpa etm\u0259k \u00fc\u00e7\u00fcn f\u0259dakarl\u0131q g\u00f6st\u0259rm\u0259k laz\u0131md\u0131r. Bu g\u00fcn biz ham\u0131m\u0131z \u00fcr\u0259yimizd\u0259 deyirik v\u0259 a\u00e7\u0131q deyirik ki, b\u0259li, \u0259dal\u0259t var, \u0259dal\u0259t b\u0259rpa edildi, biz bu g\u00fcn \u015eu\u015faday\u0131q v\u0259 bundan sonra \u015eu\u015fada \u0259b\u0259di ya\u015fayaca\u011f\u0131q.\u201d M\u00fcz\u0259ff\u0259r Ali Ba\u015f Komandan, eyni zamanda, onu da qeyd etmi\u015fdi ki, noyabr\u0131n 8-d\u0259 Az\u0259rbaycan xalq\u0131na \u015eu\u015fa m\u00fcjd\u0259sini ver\u0259rk\u0259n demi\u015fdim ki, \u015eu\u015fa art\u0131q azadd\u0131r, bu, h\u0259qiq\u0259tdir: \u201cBiz azad \u015eu\u015fada y\u0131\u011f\u0131\u015fm\u0131\u015f\u0131q. Demi\u015fdim ki, biz \u015eu\u015faya qay\u0131tm\u0131\u015f\u0131q. Bu da h\u0259qiq\u0259tdir. Festivallar, poeziya g\u00fcnl\u0259ri, m\u0259d\u0259ni t\u0259dbirl\u0259r v\u0259 bir \u00e7ox ba\u015fqa t\u0259dbirl\u0259r art\u0131q ke\u00e7irilir v\u0259 ke\u00e7iril\u0259c\u0259kdir. Demi\u015fdim ki, biz \u015eu\u015fan\u0131 dir\u00e7\u0259ld\u0259c\u0259yik. Bu da ba\u015f verir, biz \u015eu\u015fan\u0131 dir\u00e7\u0259ldirik.\u201d<\/p>\n<p>Az\u0259rbaycan d\u00f6vl\u0259ti 30 illik i\u015f\u011fal d\u00f6vr\u00fcnd\u0259 d\u00fcnyadan \u0259dal\u0259t g\u00f6zl\u0259di. 44 g\u00fcnl\u00fck \u0130kinci Qaraba\u011f m\u00fcharib\u0259si xalq-Prezident-ordu birliyini, h\u0259mr\u0259yliyini bir daha t\u0259sdiql\u0259di. Harada ya\u015famas\u0131ndan as\u0131l\u0131 olmayaraq, b\u00fct\u00fcn az\u0259rbaycanl\u0131lar d\u00f6vl\u0259timizin ba\u015f\u00e7\u0131s\u0131 \u0130lham \u018fliyevin \u0259traf\u0131nda yumruq kimi birl\u0259\u015fdi. D\u00f6vl\u0259timizin ba\u015f\u00e7\u0131s\u0131 n\u0259yi n\u0259 zaman v\u0259 nec\u0259 etm\u0259k laz\u0131m oldu\u011funu bir daha i\u015f\u011fal\u00e7\u0131 Erm\u0259nistana v\u0259 ona havadarl\u0131q ed\u0259n d\u00f6vl\u0259tl\u0259r\u0259 n\u00fcmayi\u015f etdirdi. Bir add\u0131m bel\u0259 m\u00f6vqeyind\u0259n geri \u00e7\u0259kilm\u0259y\u0259c\u0259yini b\u0259yan ed\u0259n Prezident \u0130lham \u018fliyev Az\u0259rbaycana qar\u015f\u0131 7 \u015f\u0259rt ir\u0259li s\u00fcr\u0259n Erm\u0259nistan\u0131n ba\u015f naziri Nikol Pa\u015finyan\u0131n qar\u015f\u0131s\u0131nda bir \u015f\u0259rt qoydu- Torpaqlar\u0131m\u0131zdan r\u0259dd olub getm\u0259k. Prezident \u0130lham \u018fliyev V\u0259t\u0259n m\u00fcharib\u0259si d\u00f6vr\u00fcnd\u0259, x\u00fcsusil\u0259 sentyabr\u0131n 27-d\u0259 xalqa m\u00fcraci\u0259tind\u0259 erm\u0259nil\u0259ri torpaqlar\u0131m\u0131zdan iti qovan kimi qovaca\u011f\u0131m\u0131z\u0131 bildirdi v\u0259 q\u0259tiyy\u0259tli m\u00f6vqeyi il\u0259 bu v\u0259dini ger\u00e7\u0259kl\u0259\u015fdirdi. Az\u0259rbaycan\u0131n \u00fc\u00e7r\u0259ngli Bayra\u011f\u0131n\u0131n i\u015f\u011fal alt\u0131nda olan b\u00fct\u00fcn torpaqlar\u0131m\u0131zda dal\u011falanaca\u011f\u0131na \u0259minlik ifad\u0259 edildi v\u0259 ucald\u0131ld\u0131. Qaraba\u011f\u0131n \u00fcr\u0259yi, tac\u0131 olan \u015eu\u015fam\u0131z tarixi sahibin\u0259 qay\u0131td\u0131. 44 g\u00fcnd\u0259 5 \u015f\u0259h\u0259r, 4 q\u0259s\u0259b\u0259, 300-\u0259 yax\u0131n ya\u015fay\u0131\u015f m\u0259nt\u0259q\u0259si, xeyli sayda strateji y\u00fcks\u0259klikl\u0259r i\u015f\u011faldan azad edildi. T\u0259kc\u0259 noyabr\u0131n 9-da 70-d\u0259n \u00e7ox k\u0259nd azad edildi. Bu q\u0259l\u0259b\u0259l\u0259rimiz Erm\u0259nistan\u0131 diz \u00e7\u00f6kd\u00fcrd\u00fc, kapitulyasiya akt\u0131n\u0131 imzalama\u011fa m\u0259cbur etdi. Noyabr\u0131n 10-da Az\u0259rbaycan, Rusiya prezidentl\u0259ri v\u0259 Erm\u0259nistan ba\u015f naziri Nikol Pa\u015finyan \u00fc\u00e7t\u0259r\u0259fli B\u0259yanat\u0131 imzalamaqla Az\u0259rbaycan\u0131n h\u0259rbi-siyasi Q\u0259l\u0259b\u0259sini d\u00fcnyaya t\u0259qdim etdi. D\u00f6vl\u0259timizin ba\u015f\u00e7\u0131s\u0131, Ali Ba\u015f Komandan \u0130lham \u018fliyev Az\u0259rbaycan Ordusunun V\u0259t\u0259n m\u00fcharib\u0259sind\u0259 qazand\u0131\u011f\u0131 Q\u0259l\u0259b\u0259y\u0259 h\u0259sr olunan Z\u0259f\u0259r parad\u0131ndak\u0131 \u00e7\u0131x\u0131\u015f\u0131nda bu m\u0259qam\u0131 x\u00fcsusi qeyd etdi ki, biz bu ill\u0259r \u0259rzind\u0259 h\u0259m siyasi m\u00fcst\u0259vid\u0259, beyn\u0259lxalq t\u0259\u015fkilatlar \u00e7\u0259r\u00e7iv\u0259sind\u0259, h\u0259m d\u0259 \u00f6lk\u0259 daxilind\u0259 g\u00fcc toplad\u0131q. \u0130qtisadiyyat\u0131m\u0131z\u0131, ordumuzu g\u00fccl\u0259ndirdik. Beyn\u0259lxalq m\u00fcnasib\u0259tl\u0259r sistemind\u0259 g\u00fcc v\u0259 beyn\u0259lxalq h\u00fcquq amill\u0259rini n\u0259z\u0259r\u0259 alsaq, Az\u0259rbaycan h\u0259r iki istiqam\u0259td\u0259 b\u00f6y\u00fck u\u011furlara imza atd\u0131. \u018fn \u0259sas\u0131 d\u00f6vl\u0259timizin ba\u015f\u00e7\u0131s\u0131 \u0130lham \u018fliyevin qeyd etdiyi kimi, bu ill\u0259r \u0259rzind\u0259 Qaraba\u011f m\u00fcnaqi\u015f\u0259sinin h\u0259lli \u00fc\u00e7\u00fcn m\u00f6hk\u0259m h\u00fcquqi baza formala\u015fd\u0131. Beyn\u0259lxalq t\u0259\u015fkilatlar\u0131n q\u0259rar v\u0259 q\u0259tnam\u0259l\u0259rind\u0259 Az\u0259rbaycan\u0131n haql\u0131 m\u00f6vqeyi d\u0259st\u0259kl\u0259ndi, Erm\u0259nistan\u0131n i\u015f\u011fal\u00e7\u0131l\u0131q siyas\u0259ti pisl\u0259ndi. Baxmayaraq ki, bu q\u0259tnam\u0259l\u0259r saralm\u0131\u015f ka\u011f\u0131z \u00fcz\u0259rind\u0259 qald\u0131, \u0259sas olan budur ki, Da\u011fl\u0131q Qaraba\u011f\u0131n Az\u0259rbaycan\u0131n ayr\u0131lmaz t\u0259rkib hiss\u0259si oldu\u011fu bu s\u0259n\u0259dl\u0259rd\u0259 \u00f6z \u0259ksini tapd\u0131. Az\u0259rbaycan\u0131n d\u00f6y\u00fc\u015f meydan\u0131nda q\u0259l\u0259b\u0259sind\u0259 bu ill\u0259r \u0259rzind\u0259 yarad\u0131lan m\u00f6hk\u0259m h\u00fcquqi bazan\u0131n rolu inkaredilm\u0259zdir. R\u0259smi Bak\u0131 \u0259n y\u00fcks\u0259k tribunalardan b\u0259yan edirdi ki, bir qar\u0131\u015f torpa\u011f\u0131m\u0131z bel\u0259 d\u00fc\u015fm\u0259n\u0259 verilm\u0259y\u0259c\u0259k. Erm\u0259nistan bunu n\u0259 q\u0259d\u0259r tez anlasa, bir o q\u0259d\u0259r yax\u015f\u0131d\u0131r.<\/p>\n<p>\u201cM\u0259nim \u0259sas amal\u0131m Az\u0259rbaycan xalq\u0131n\u0131n etimad\u0131n\u0131 do\u011frultmaq, bu v\u0259zif\u0259d\u0259 oldu\u011fum b\u00fct\u00fcn ill\u0259r \u0259rzind\u0259 verdiyim v\u0259dl\u0259ri yerin\u0259 yetirm\u0259k v\u0259 \u00f6lk\u0259ni inki\u015faf yolu il\u0259 aparmaq, onun \u0259razi b\u00fct\u00f6vl\u00fcy\u00fcn\u00fc t\u0259min etm\u0259kdir. M\u0259nim rolumun g\u0259l\u0259c\u0259kd\u0259 nec\u0259 qiym\u0259tl\u0259ndiril\u0259c\u0259yi is\u0259 art\u0131q bizim n\u0259y\u0259 nail olaca\u011f\u0131m\u0131zdan, Az\u0259rbaycan xalq\u0131n\u0131n irad\u0259sind\u0259n as\u0131l\u0131 olaraq m\u00fc\u0259yy\u0259n edil\u0259c\u0259k. Ona g\u00f6r\u0259 d\u00fc\u015f\u00fcn\u00fcr\u0259m ki, bu m\u0259s\u0259l\u0259ni o adamlar\u0131n m\u00fclahiz\u0259sin\u0259 saxlamaq laz\u0131md\u0131r ki, onlar\u0131n fikri m\u0259nd\u0259n \u00f6tr\u00fc bu v\u0259 ya dig\u0259r q\u0259rarlar\u0131n, o c\u00fcml\u0259d\u0259n Da\u011fl\u0131q Qaraba\u011f m\u0259s\u0259l\u0259si il\u0259 ba\u011fl\u0131 q\u0259rarlar\u0131n q\u0259bul edilm\u0259sind\u0259 h\u0259mi\u015f\u0259 \u0259sas olub.\u00bb D\u00f6vl\u0259t ba\u015f\u00e7\u0131s\u0131 \u0130lham \u018fliyevin 44 g\u00fcnl\u00fck m\u00fcharib\u0259 d\u00f6vr\u00fcnd\u0259 30-a yax\u0131n xarici m\u0259tbuata m\u00fcsahib\u0259l\u0259rinin h\u0259r biri g\u0259l\u0259c\u0259k ill\u0259rd\u0259 V\u0259t\u0259n m\u00fcharib\u0259si il\u0259 ba\u011fl\u0131 reall\u0131qlar\u0131n \u00f6yr\u0259nilm\u0259sind\u0259 z\u0259ngin m\u0259nb\u0259dir. Prezident \u0130lham \u018fliyev, eyni zamanda, m\u00fcharib\u0259nin gedi\u015fi d\u00f6vr\u00fcnd\u0259 Ona \u0259n \u00e7ox t\u0259sir ed\u0259n, k\u0259d\u0259rl\u0259ndir\u0259n v\u0259 \u0259n \u00e7ox sevindir\u0259n m\u0259qamlara da ayd\u0131nl\u0131q g\u0259tirdi. Bildirdi ki, \u0259n \u00e7ox k\u0259d\u0259rl\u0259ndir\u0259n itkil\u0259rimizdir. H\u0259m m\u00fclki v\u0259t\u0259nda\u015flar aras\u0131nda, h\u0259m d\u0259 \u0259sg\u0259rl\u0259r aras\u0131nda. G\u0259nc \u0259sg\u0259rl\u0259rimiz f\u0259dakarl\u0131q, r\u0259\u015fad\u0259t g\u00f6st\u0259r\u0259r\u0259k do\u011fma torpaqlar\u0131 u\u011frunda \u015f\u0259hid olurlar. Bu, xalq\u0131m\u0131z, onlar\u0131n yax\u0131nlar\u0131, valideynl\u0259ri \u00fc\u00e7\u00fcn b\u00f6y\u00fck faci\u0259dir. Ona g\u00f6r\u0259 d\u0259 h\u0259r bir az\u0259rbaycanl\u0131n\u0131n h\u0259lak olmas\u0131 m\u0259nim \u00fc\u00e7\u00fcn \u0259n b\u00f6y\u00fck \u00fcz\u00fcnt\u00fcd\u00fcr. Onlar\u0131n ham\u0131s\u0131 bizim soyda\u015flar\u0131m\u0131z, \u00f6vladlar\u0131m\u0131z, qarda\u015flar\u0131m\u0131zd\u0131r. \u018fn \u00e7ox sevindir\u0259n is\u0259 Az\u0259rbaycan xalq\u0131n\u0131n irad\u0259sidir: \u00ab\u00c7\u00fcnki m\u0259rmi alt\u0131nda ya\u015fayan insan yerind\u0259n t\u0259rp\u0259nmir. T\u0259rt\u0259ri Erm\u0259nistan Stalinqrada \u00e7evirir, ikinci A\u011fdama, F\u00fczuliy\u0259 \u00e7evirm\u0259k ist\u0259yir. Niy\u0259 s\u0259n bu m\u00fclki \u015f\u0259h\u0259ri at\u0259\u015f\u0259 tutursan?&#8230; Y\u0259ni, bu erm\u0259ni fa\u015fizmidir. Bir d\u0259 ki, qorxutmaq ist\u0259yir. Bir d\u0259 ki, fikri gedir 1990-c\u0131 ill\u0259r\u0259 ki, onlar biz\u0259 h\u00fccum edirdil\u0259r, bizim ordumuz onlar\u0131n qaba\u011f\u0131nda dura bilmirdi v\u0259 bizim v\u0259t\u0259nda\u015flar o b\u00f6lg\u0259l\u0259ri t\u0259rk edirdil\u0259r, qa\u00e7q\u0131n v\u0259 m\u0259cburi k\u00f6\u00e7k\u00fcn\u0259 \u00e7evrilirdil\u0259r. O fikirl\u0259 ya\u015fay\u0131rlar. Amma bilm\u0259lidirl\u0259r ki, indiki Az\u0259rbaycan o Az\u0259rbaycan deyil. \u0130ndiki Az\u0259rbaycan g\u00fccl\u00fc d\u00f6vl\u0259tdir v\u0259 \u00f6z\u00fcn\u00fc qoruya bil\u0259n bir d\u00f6vl\u0259tdir. Bizim insanlar\u0131m\u0131z m\u0259rmi alt\u0131nda ya\u015fay\u0131r, oran\u0131 t\u0259rk etmir, evl\u0259ri yan\u0131r, mallar\u0131 bat\u0131r, amma deyirl\u0259r ki, t\u0259ki \u201cV\u0259t\u0259n sa\u011f olsun!\u201d Bax, m\u0259ni \u0259n \u00e7ox sevindir\u0259n budur. Eyni zamanda, bununla b\u0259rab\u0259r, bizim bayra\u011f\u0131m\u0131z\u0131 i\u015f\u011faldan azad edilmi\u015f torpaqlarda g\u00f6rm\u0259yimdir. M\u0259ni \u0259n \u00e7ox sevindir\u0259n, bax, bunlard\u0131r.\u00bb<\/p>\n<p>Prezident \u0130lham \u018fliyev m\u00fcharib\u0259nin Az\u0259rbaycan\u0131n Q\u0259l\u0259b\u0259si il\u0259 ba\u015fa \u00e7ataca\u011f\u0131na tam \u0259min idi. Az\u0259rbaycan b\u00fct\u00fcn istiqam\u0259tl\u0259rd\u0259 \u00fcst\u00fcnl\u00fcy\u0259 malik idi. Ona g\u00f6r\u0259 h\u0259r bir m\u00fcsahib\u0259sind\u0259 m\u00fcharib\u0259d\u0259n sonrak\u0131 d\u00f6vrd\u0259 g\u00f6r\u00fcl\u0259c\u0259k i\u015fl\u0259rd\u0259n b\u0259hs etdi, Az\u0259rbaycan\u0131n g\u0259l\u0259c\u0259yini nec\u0259 g\u00f6rd\u00fcy\u00fcn\u00fc a\u00e7\u0131qlad\u0131. D\u00f6vl\u0259timizin ba\u015f\u00e7\u0131s\u0131 h\u0259l\u0259 44 g\u00fcnl\u00fck V\u0259t\u0259n m\u00fcharib\u0259sinin getdiyi d\u00f6vrl\u0259rd\u0259\u00a0\u00f6lk\u0259mizin g\u0259l\u0259c\u0259yinin \u00e7ox parlaq olaca\u011f\u0131n\u0131 b\u00f6y\u00fck \u0259minlikl\u0259 qeyd etdi. Bildirdi ki, son ill\u0259r \u0259rzind\u0259 \u00e7ox b\u00f6y\u00fck u\u011furlara imza atm\u0131\u015f\u0131q. \u00d6lk\u0259mizin h\u0259m siyasi, h\u0259m iqtisadi sah\u0259l\u0259rd\u0259 u\u011furlar\u0131 bu g\u00fcn beyn\u0259lxalq t\u0259\u015fkilatlar t\u0259r\u0259find\u0259n d\u0259 q\u0259bul edilir. Beyn\u0259lxalq arenada b\u00f6y\u00fck u\u011furlar \u0259ld\u0259 edilib. Az\u0259rbaycan bu g\u00fcn \u00e7ox g\u00fccl\u00fc bir \u00f6lk\u0259y\u0259 \u00e7evrilib. \u00d6lk\u0259 daxilind\u0259ki b\u00fct\u00fcn m\u0259s\u0259l\u0259l\u0259r \u00f6z h\u0259llini tap\u0131r. Qaraba\u011f m\u00fcnaqi\u015f\u0259sinin h\u0259lli \u00f6lk\u0259miz\u0259 yeni n\u0259f\u0259s ver\u0259c\u0259k. \u0130nsanlar, ilk n\u00f6vb\u0259d\u0259, \u00f6z d\u0259d\u0259-baba torpaqlar\u0131na qay\u0131dacaq, \u00f6z yax\u0131nlar\u0131n\u0131n q\u0259birl\u0259rini ziyar\u0259t ed\u0259 bil\u0259c\u0259kl\u0259r. Az\u0259rbaycan d\u00f6vl\u0259ti m\u00fctl\u0259q bu i\u015fl\u0259rd\u0259 onlara maksimum k\u00f6m\u0259k g\u00f6st\u0259r\u0259c\u0259k. \u0130\u015f\u011faldan azad edilmi\u015f torpaqlar\u0131 yenid\u0259n quraca\u011f\u0131q, evl\u0259r, inzibati binalar, m\u0259kt\u0259bl\u0259r tikil\u0259c\u0259k. Bel\u0259likl\u0259, \u00f6lk\u0259miz \u00fc\u00e7\u00fcn yeni bir d\u00f6vr ba\u015flanacaq: \u00abBu yeni d\u00f6vr b\u00f6y\u00fck imkanlar a\u00e7acaq, t\u0259kc\u0259 iqtisadi sah\u0259d\u0259 yox, eyni zamanda, siyasi m\u00fcnasib\u0259tl\u0259r sah\u0259sind\u0259 hesab edir\u0259m ki, m\u00fcsb\u0259t meyill\u0259r daha da g\u00fccl\u0259n\u0259c\u0259k. Az\u0259rbaycan beyn\u0259lxalq arenada \u00f6z rolunu daha da art\u0131racaq. Az\u0259rbaycana olan h\u00f6rm\u0259t daha da artacaq ki, biz g\u00fccl\u00fc d\u00f6vl\u0259t kimi \u00f6z \u0259razi b\u00fct\u00f6vl\u00fcy\u00fcm\u00fcz\u00fc, \u0259dal\u0259ti v\u0259 beyn\u0259lxalq h\u00fcququ b\u0259rpa edirik. Bel\u0259likl\u0259, \u00f6lk\u0259mizin g\u0259l\u0259c\u0259k inki\u015faf\u0131 \u0259min\u0259m ki, \u00e7ox u\u011furlu olacaq. Biz bu g\u00fcn\u0259 q\u0259d\u0259r qar\u015f\u0131m\u0131zda duran b\u00fct\u00fcn v\u0259zif\u0259l\u0259r\u0259 u\u011furla \u00e7atm\u0131\u015f\u0131q. B\u0259yan etdiyim b\u00fct\u00fcn h\u0259d\u0259fl\u0259r\u0259 \u00e7atm\u0131\u015f\u0131q. \u018frazi b\u00fct\u00f6vl\u00fcy\u00fcm\u00fcz\u00fcn b\u0259rpas\u0131, torpaqlar\u0131m\u0131z\u0131n qaytar\u0131lmas\u0131 Prezident kimi ba\u015fl\u0131ca v\u0259zif\u0259m idi. M\u0259n \u015fadam ki, bu v\u0259zif\u0259nin \u00f6hd\u0259sind\u0259n d\u0259 \u015f\u0259r\u0259fl\u0259 g\u0259lir\u0259m v\u0259 Az\u0259rbaycan xalq\u0131n\u0131n d\u0259st\u0259yi, z\u0259hm\u0259ti v\u0259 c\u0259sar\u0259ti hesab\u0131na biz torpaqlar\u0131m\u0131z\u0131 qaytar\u0131r\u0131q. Az\u0259rbaycan xalq\u0131n\u0131n f\u0259dakarl\u0131\u011f\u0131 bir daha onu g\u00f6st\u0259rir ki, biz b\u00f6y\u00fck xalq\u0131q, biz birlik n\u00fcmayi\u015f etdirmi\u015fik v\u0259 bu birlik bizi daha da g\u00fccl\u0259ndir\u0259c\u0259k, \u00f6lk\u0259mizi daha da q\u00fcdr\u0259tli \u00f6lk\u0259y\u0259 \u00e7evir\u0259c\u0259kdir.\u00bb<\/p>\n<p>Bu g\u00fcn yeni d\u00f6vr\u00fcn yeni h\u0259d\u0259fl\u0259rind\u0259n b\u0259hs edirik. O d\u00f6vr ki, \u0259razi b\u00fct\u00f6vl\u00fcy\u00fcm\u00fcz v\u0259 suverenliyimiz tam b\u0259rpa edilib. \u00d6t\u0259n ilin sentyabr ay\u0131nda Silahl\u0131 Q\u00fcvv\u0259l\u0259rimizin h\u0259yata ke\u00e7irdiyi birg\u00fcnl\u00fck antiterror t\u0259dbirl\u0259ri n\u0259tic\u0259sind\u0259 suverenliyimiz tam b\u0259rpa edildi. Art\u0131q yeni d\u00f6vr yeni h\u0259d\u0259fl\u0259rin m\u00fc\u0259yy\u0259nl\u0259\u015fdirilm\u0259sin\u0259 \u00e7a\u011f\u0131r\u0131\u015flar etdi. Bu \u00e7a\u011f\u0131r\u0131\u015flardan biri d\u0259 bu il fevral\u0131n 7-d\u0259 n\u00f6vb\u0259d\u0259nk\u0259nar prezident se\u00e7kil\u0259rinin ke\u00e7irilm\u0259si oldu. C\u0259nab \u0130lham \u018fliyevin inaml\u0131 q\u0259l\u0259b\u0259sind\u0259n sonra ke\u00e7iril\u0259n andi\u00e7m\u0259 m\u0259rasimind\u0259 yeni d\u00f6vr\u00fcn h\u0259d\u0259fl\u0259ri a\u00e7\u0131qland\u0131. Bildirildi ki, i\u015f\u011faldan azad edilmi\u015f \u0259razil\u0259rimizin b\u0259rpas\u0131 \u0259sas prioritetl\u0259r s\u0131ras\u0131ndad\u0131r. Bu g\u00fcn i\u015f\u011faldan azad edilmi\u015f torpaqlar\u0131m\u0131z\u0131n h\u0259r da\u015f\u0131 erm\u0259ni v\u0259h\u015filikl\u0259rinin \u015fahididir. Amma Az\u0259rbaycan d\u00f6vl\u0259ti, c\u0259nab \u0130lham \u018fliyev tariximizin bu s\u0259hif\u0259l\u0259rini d\u00fcnya ictimaiyy\u0259tin\u0259 \u00e7atd\u0131rmaqla yana\u015f\u0131, sahibin\u0259 qovu\u015fmu\u015f torpaqlar\u0131m\u0131z\u0131n yenid\u0259n \u0259vv\u0259lki simalar\u0131na qay\u0131tmalar\u0131 \u00fc\u00e7\u00fcn b\u00fct\u00fcn z\u0259ruri add\u0131mlar\u0131 at\u0131r. V\u0259t\u0259n m\u00fcharib\u0259sind\u0259 \u0259ld\u0259 olunmu\u015f tarixi Q\u0259l\u0259b\u0259ni \u0259b\u0259dil\u0259\u015fdirm\u0259k \u00fc\u00e7\u00fcn at\u0131lan m\u00fch\u00fcm add\u0131mlar s\u0131ras\u0131nda i\u015f\u011faldan azad edilmi\u015f \u015f\u0259h\u0259rl\u0259rin g\u00fcnl\u0259rinin t\u0259sis edilm\u0259sini x\u00fcsusi qeyd etm\u0259liyik. C\u0259nab \u0130lham \u018fliyevin bununla ba\u011fl\u0131 imzalad\u0131\u011f\u0131 S\u0259r\u0259ncama \u0259sas\u0259n, 26 avqust La\u00e7\u0131n \u015e\u0259h\u0259ri G\u00fcn\u00fcd\u00fcr. M\u00fcz\u0259ff\u0259r Ali Ba\u015f Komandan \u0130lham \u018fliyev 2022-ci ilin 26 avqust tarixind\u0259 \u00f6z\u00fcn\u00fcn \u201cTwitter\u201d s\u0259hif\u0259sind\u0259 bu payla\u015f\u0131m\u0131 etmi\u015fdir: \u201cBu g\u00fcn, avqustun 26-da biz \u2013 az\u0259rbaycanl\u0131lar La\u00e7\u0131n \u015f\u0259h\u0259rin\u0259 qay\u0131tm\u0131\u015f\u0131q. Az\u0259rbaycan Ordusu La\u00e7\u0131n \u015f\u0259h\u0259rin\u0259 yerl\u0259\u015fdi. Zabux v\u0259 Sus k\u0259ndl\u0259ri n\u0259zar\u0259t\u0259 g\u00f6t\u00fcr\u00fcld\u00fc. B\u00fct\u00fcn la\u00e7\u0131nl\u0131lar\u0131 v\u0259 Az\u0259rbaycan xalq\u0131n\u0131 bu m\u00fcnasib\u0259tl\u0259 t\u0259brik edir\u0259m. Ya\u015fas\u0131n La\u00e7\u0131n! Ya\u015fas\u0131n Az\u0259rbaycan!\u201d<\/p>\n<p>T\u0259kc\u0259 La\u00e7\u0131n rayonunda g\u00f6r\u00fcl\u0259n b\u0259rpa-quruculuq i\u015fl\u0259rinin fonunda \u00fcmumilikd\u0259 i\u015f\u011faldan azad edilmi\u015f \u0259razil\u0259rd\u0259 h\u0259yata ke\u00e7iril\u0259n t\u0259dbirl\u0259r bar\u0259d\u0259 ayd\u0131n t\u0259s\u0259vv\u00fcr yaran\u0131r. Bel\u0259 ki, 2021-ci ild\u0259 La\u00e7\u0131n rayonunda generasiya g\u00fcc\u00fc 8 meqavat olan G\u00fcl\u0259bird Su Elektrik Stansiyas\u0131 i\u015f\u0259 sal\u0131n\u0131b.\u00a0Stansiya t\u0259xmin\u0259n 7000 n\u0259f\u0259r \u0259halinin elektrik enerjisi il\u0259 t\u0259minat\u0131nda m\u00fch\u00fcm rol oynayacaq. Burada istehsal olunan elektrik enerjisi Qubadl\u0131 rayonunun Xanl\u0131q k\u0259ndini, La\u00e7\u0131n rayonunun c\u0259nub hiss\u0259sini v\u0259 \u0259razid\u0259 yerl\u0259\u015f\u0259n dig\u0259r infrastruktur layih\u0259l\u0259rini elektrik enerjisi il\u0259 t\u0259min ed\u0259c\u0259k. La\u00e7\u0131n rayonunda H\u0259k\u0259ri \u00e7ay\u0131n\u0131n \u0259n b\u00f6y\u00fck qolu olan Ho\u00e7az \u00e7ay\u0131 \u00fcz\u0259rind\u0259 yerl\u0259\u015f\u0259n v\u0259 erm\u0259nil\u0259r t\u0259r\u0259find\u0259n tamamil\u0259 da\u011f\u0131d\u0131lan 14,25 meqavat g\u00fcc\u00fcnd\u0259 \u201cA\u011fbulaq\u201d, 8,25 meqavat g\u00fcc\u00fcnd\u0259 \u201cMi\u015fni\u201d v\u0259 6 meqavat g\u00fcc\u00fcnd\u0259 \u201cAlxasl\u0131\u201d Su Elektrik stansiyalar\u0131 Prezident \u0130lham \u018fliyevin tap\u015f\u0131r\u0131\u011f\u0131na uy\u011fun olaraq tam yenid\u0259n qurulub. Haz\u0131rda \u201cMerik\u201d v\u0259 \u201cA\u011fbulaq\u201d Su Elektrik stansiyalar\u0131nda son tamamlama i\u015fl\u0259ri apar\u0131l\u0131r. \u201cMi\u015fni\u201d v\u0259 \u201cAlxasl\u0131\u201d Ki\u00e7ik Su Elektrik stansiyalar\u0131 2023-c\u00fc il avqustun 25-d\u0259, \u201cZabux\u201d v\u0259 \u201cQar\u0131q\u0131\u015flaq\u201d Ki\u00e7ik Su Elektrik stansiyalar\u0131 is\u0259 2024-c\u00fc il may\u0131n 10-da i\u015f\u0259 sal\u0131n\u0131b. La\u00e7\u0131n rayonunda \u00fcmumi g\u00fcc\u00fc 40,5 MVt, illik enerji istehsal\u0131 potensial\u0131 120 milyon kilovat-saat olan 5 ki\u00e7ik su elektrik stansiyas\u0131 yenid\u0259n qurularaq istismara verilib. \u00dcmumilikd\u0259 La\u00e7\u0131n rayonunda \u00fcmumi g\u00fcc\u00fc 65,5 MVt, illik elektrik enerjisi istehsal potensial\u0131 194 milyon kilovat-saat olan 9 su elektrik stansiyas\u0131 f\u0259aliyy\u0259t g\u00f6st\u0259r\u0259c\u0259k. \u0130\u015f\u011faldan azad olunmu\u015f \u0259razil\u0259rd\u0259, o c\u00fcml\u0259d\u0259n La\u00e7\u0131nda hava liman\u0131n\u0131n in\u015fas\u0131 b\u00f6lg\u0259nin beyn\u0259lxalq statusunu art\u0131racaq. La\u00e7\u0131n hava liman\u0131n\u0131n in\u015fas\u0131 h\u0259m d\u0259 i\u015f\u011faldan azad edilmi\u015f tarixi torpaqlar\u0131m\u0131zda apar\u0131lan abadl\u0131q-quruculuq i\u015fl\u0259rinin miqyas\u0131n\u0131 g\u00f6st\u0259rir. T\u0259m\u0259li 2021-ci ild\u0259 qoyulan La\u00e7\u0131n Beyn\u0259lxalq Hava Liman\u0131n\u0131n 2025-ci ild\u0259 istifad\u0259y\u0259 verilm\u0259si planla\u015fd\u0131r\u0131l\u0131r. Hava liman\u0131 Qor\u00e7u k\u0259ndi yax\u0131nl\u0131\u011f\u0131nda d\u0259niz s\u0259viyy\u0259sind\u0259n 1800 metr h\u00fcnd\u00fcrl\u00fckd\u0259 in\u015fa edilir v\u0259 postsovet m\u0259kan\u0131nda \u0259n y\u00fcks\u0259k da\u011fl\u0131q \u0259razid\u0259 yerl\u0259\u015f\u0259n hava limanlar\u0131ndan biri olacaq. Bu hava liman\u0131 strateji t\u0259yinat\u0131 il\u0259 yana\u015f\u0131, g\u0259l\u0259c\u0259kd\u0259 regionun turizm potensial\u0131n\u0131n inki\u015faf\u0131na da imkan ver\u0259c\u0259k. La\u00e7\u0131n\u0131n b\u0259rpas\u0131 konsepsiyas\u0131nda \u015f\u0259h\u0259rin turizm potensial\u0131 da n\u0259z\u0259r\u0259 al\u0131naraq ona uy\u011fun infrastruktur yarad\u0131l\u0131r. La\u00e7\u0131n \u015f\u0259h\u0259rind\u0259 yarad\u0131lan Aqro v\u0259 S\u0259naye Park\u0131nda \u00fcmumilikd\u0259 46 m\u00fc\u0259ssis\u0259 f\u0259aliyy\u0259t g\u00f6st\u0259r\u0259c\u0259k. \u00d6t\u0259n ilin 28 May-M\u00fcst\u0259qillik G\u00fcn\u00fcnd\u0259n ba\u015flayaraq la\u00e7\u0131nl\u0131lar\u0131n do\u011fma yurda qay\u0131d\u0131\u015f\u0131na start verilib. La\u00e7\u0131nl\u0131lar 31 ild\u0259n sonra \u00f6z do\u011fma yurdlar\u0131na qay\u0131d\u0131blar v\u0259 art\u0131q burada ya\u015fay\u0131rlar. K\u00f6\u00e7\u00fcr\u00fcl\u0259n ail\u0259l\u0259rin La\u00e7\u0131n \u015f\u0259h\u0259rind\u0259 vaxtil\u0259 ya\u015fad\u0131qlar\u0131, i\u015f\u011fala son qoyulduqdan sonra d\u00f6vl\u0259timizin ba\u015f\u00e7\u0131s\u0131n\u0131n g\u00f6st\u0259ri\u015fi \u0259sas\u0131nda b\u0259rpa edil\u0259n v\u0259 ya yenid\u0259n tikil\u0259n evl\u0259rd\u0259 m\u0259skunla\u015fmas\u0131 \u00fc\u00e7\u00fcn b\u00fct\u00fcn \u015f\u0259rait yarad\u0131l\u0131b. B\u00f6y\u00fck Qay\u0131d\u0131\u015f\u0131 t\u0259min ed\u0259c\u0259k D\u00f6vl\u0259t Proqram\u0131na \u0259sas\u0259n, indiy\u0259d\u0259k La\u00e7\u0131n \u015f\u0259h\u0259rind\u0259 534 ail\u0259nin, y\u0259ni 1971 n\u0259f\u0259rin daimi m\u0259skunla\u015fmas\u0131 t\u0259min edilib. \u00dcmumi sah\u0259si 81 hektar olan Zabux k\u0259ndin\u0259 245 ail\u0259nin k\u00f6\u00e7\u00fcr\u00fclm\u0259si n\u0259z\u0259rd\u0259 tutulur. Tamamil\u0259 yenid\u0259n tikil\u0259r\u0259k istifad\u0259y\u0259 veril\u0259n Sus k\u0259ndin\u0259 is\u0259 \u00fcmumilikd\u0259 59 ail\u0259 &#8211; 214 n\u0259f\u0259rin k\u00f6\u00e7\u00fcr\u00fclm\u0259si n\u0259z\u0259rd\u0259 tutulur. Haz\u0131rda k\u0259nd\u0259 20 ail\u0259nin k\u00f6\u00e7\u00fcr\u00fclm\u0259si t\u0259min olunub.<\/p>\n<p>Qeyd etdikl\u0259rimiz La\u00e7\u0131n rayonunda g\u00f6r\u00fcl\u0259n i\u015fl\u0259rin \u00e7ox az hiss\u0259sidir. B\u0259rpa-quruculuq i\u015fl\u0259rinin miqyas\u0131n\u0131n geni\u015fliyi Az\u0259rbaycan\u0131n iqtisadi imkanlar\u0131n\u0131n t\u0259qdimat\u0131d\u0131r. D\u00f6vl\u0259timizin ba\u015f\u00e7\u0131s\u0131 \u0130lham \u018fliyev yeni d\u00f6vr\u00fcn h\u0259d\u0259fl\u0259rini a\u00e7\u0131qlayark\u0259n bu \u00e7a\u011f\u0131r\u0131\u015f\u0131 x\u00fcsusi qeyd edir ki, b\u00fct\u00fcn bunlara nail olmaq \u00fc\u00e7\u00fcn iqtisadiyyat\u0131m\u0131z inki\u015faf etm\u0259lidir.<\/p>\n<p><strong>Yegan\u0259 \u018fliyeva, \u201c\u0130ki sahil\u201d<\/strong><\/p>\n","protected":false},"excerpt":{"rendered":"<p>D\u00f6vl\u0259timizin ba\u015f\u00e7\u0131s\u0131 \u0130lham \u018fliyev yeni d\u00f6vr\u00fcn yeni h\u0259d\u0259fl\u0259rini a\u00e7\u0131qlayark\u0259n bu \u00e7a\u011f\u0131r\u0131\u015f\u0131 etdi ki, b\u00fct\u00fcn bunlara nail olmaq \u00fc\u00e7\u00fcn iqtisadiyyat\u0131m\u0131z inki\u015faf etm\u0259lidir D\u00f6rd il bundan \u00f6nc\u0259 bu arzu il\u0259 ya\u015fay\u0131rd\u0131q- \u0130\u015f\u011fal alt\u0131nda olan torpaqlar\u0131m\u0131z azad edilsin, soyda\u015flar\u0131m\u0131z do\u011fma yurd-yuvalar\u0131na qay\u0131ts\u0131n v\u0259 bu \u0259razil\u0259rd\u0259 yeni h\u0259yat ba\u015flas\u0131n. Bu, arzu olmaqla yana\u015f\u0131, h\u0259m d\u0259 \u0259minlik idi. \u00c7\u00fcnki xalq\u0131m\u0131z \u0259min idi ki, d\u00f6vl\u0259timizin u\u011furlu siyas\u0259ti, q\u0259tiyy\u0259ti say\u0259sind\u0259 torpaqlar\u0131m\u0131z tarixi sahibin\u0259 qay\u0131dacaq. \u018fdal\u0259tin Z\u0259f\u0259r \u00e7alaca\u011f\u0131 g\u00fcn uzaqda deyil. 30 il Az\u0259rbaycan d\u00f6vl\u0259ti m\u00fcnaqi\u015f\u0259nin h\u0259lli istiqam\u0259tind\u0259 s\u0259yl\u0259r g\u00f6st\u0259rdi, s\u00fclh dan\u0131\u015f\u0131qlar\u0131 \u0259sas\u0131nda m\u0259s\u0259l\u0259nin nizamlanmas\u0131na \u00e7al\u0131\u015fd\u0131. Lakin Erm\u0259nistan\u0131n&hellip;<\/p>\n","protected":false},"author":2,"featured_media":746487,"comment_status":"closed","ping_status":"closed","sticky":false,"template":"","format":"standard","meta":{"om_disable_all_campaigns":false,"_monsterinsights_skip_tracking":false,"_monsterinsights_sitenote_active":false,"_monsterinsights_sitenote_note":"","_monsterinsights_sitenote_category":0},"categories":[8],"tags":[],"aioseo_notices":[],"gutentor_comment":0,"rttpg_featured_image_url":{"full":["https:\/\/arantv.az\/wp-content\/uploads\/2024\/08\/cd17d3ce17153496905287905491095560.jpg",975,540,false],"landscape":["https:\/\/arantv.az\/wp-content\/uploads\/2024\/08\/cd17d3ce17153496905287905491095560.jpg",975,540,false],"portraits":["https:\/\/arantv.az\/wp-content\/uploads\/2024\/08\/cd17d3ce17153496905287905491095560.jpg",975,540,false],"thumbnail":["https:\/\/arantv.az\/wp-content\/uploads\/2024\/08\/cd17d3ce17153496905287905491095560-500x280.jpg",500,280,true],"medium":["https:\/\/arantv.az\/wp-content\/uploads\/2024\/08\/cd17d3ce17153496905287905491095560-660x365.jpg",660,365,true],"large":["https:\/\/arantv.az\/wp-content\/uploads\/2024\/08\/cd17d3ce17153496905287905491095560-840x465.jpg",640,354,true],"1536x1536":["https:\/\/arantv.az\/wp-content\/uploads\/2024\/08\/cd17d3ce17153496905287905491095560.jpg",975,540,false],"2048x2048":["https:\/\/arantv.az\/wp-content\/uploads\/2024\/08\/cd17d3ce17153496905287905491095560.jpg",975,540,false],"post-thumbnail":["https:\/\/arantv.az\/wp-content\/uploads\/2024\/08\/cd17d3ce17153496905287905491095560-240x172.jpg",240,172,true],"advps-thumb-one":["https:\/\/arantv.az\/wp-content\/uploads\/2024\/08\/cd17d3ce17153496905287905491095560.jpg",975,540,false]},"rttpg_author":{"display_name":"V\u00fcsal Rafiqo\u011flu","author_link":"https:\/\/arantv.az\/?author=2"},"rttpg_comment":0,"rttpg_category":"<a href=\"https:\/\/arantv.az\/?cat=8\" rel=\"category\">\u018fsas s\u0259hif\u0259<\/a>","rttpg_excerpt":"D\u00f6vl\u0259timizin ba\u015f\u00e7\u0131s\u0131 \u0130lham \u018fliyev yeni d\u00f6vr\u00fcn yeni h\u0259d\u0259fl\u0259rini a\u00e7\u0131qlayark\u0259n bu \u00e7a\u011f\u0131r\u0131\u015f\u0131 etdi ki, b\u00fct\u00fcn bunlara nail olmaq \u00fc\u00e7\u00fcn iqtisadiyyat\u0131m\u0131z inki\u015faf etm\u0259lidir D\u00f6rd il bundan \u00f6nc\u0259 bu arzu il\u0259 ya\u015fay\u0131rd\u0131q- \u0130\u015f\u011fal alt\u0131nda olan torpaqlar\u0131m\u0131z azad edilsin, soyda\u015flar\u0131m\u0131z do\u011fma yurd-yuvalar\u0131na qay\u0131ts\u0131n v\u0259 bu \u0259razil\u0259rd\u0259 yeni h\u0259yat ba\u015flas\u0131n. Bu, arzu olmaqla yana\u015f\u0131, h\u0259m d\u0259 \u0259minlik idi. \u00c7\u00fcnki xalq\u0131m\u0131z&hellip;","_links":{"self":[{"href":"https:\/\/arantv.az\/index.php?rest_route=\/wp\/v2\/posts\/746486"}],"collection":[{"href":"https:\/\/arantv.az\/index.php?rest_route=\/wp\/v2\/posts"}],"about":[{"href":"https:\/\/arantv.az\/index.php?rest_route=\/wp\/v2\/types\/post"}],"author":[{"embeddable":true,"href":"https:\/\/arantv.az\/index.php?rest_route=\/wp\/v2\/users\/2"}],"replies":[{"embeddable":true,"href":"https:\/\/arantv.az\/index.php?rest_route=%2Fwp%2Fv2%2Fcomments&post=746486"}],"version-history":[{"count":2,"href":"https:\/\/arantv.az\/index.php?rest_route=\/wp\/v2\/posts\/746486\/revisions"}],"predecessor-version":[{"id":746489,"href":"https:\/\/arantv.az\/index.php?rest_route=\/wp\/v2\/posts\/746486\/revisions\/746489"}],"wp:featuredmedia":[{"embeddable":true,"href":"https:\/\/arantv.az\/index.php?rest_route=\/wp\/v2\/media\/746487"}],"wp:attachment":[{"href":"https:\/\/arantv.az\/index.php?rest_route=%2Fwp%2Fv2%2Fmedia&parent=746486"}],"wp:term":[{"taxonomy":"category","embeddable":true,"href":"https:\/\/arantv.az\/index.php?rest_route=%2Fwp%2Fv2%2Fcategories&post=746486"},{"taxonomy":"post_tag","embeddable":true,"href":"https:\/\/arantv.az\/index.php?rest_route=%2Fwp%2Fv2%2Ftags&post=746486"}],"curies":[{"name":"wp","href":"https:\/\/api.w.org\/{rel}","templated":true}]}}