{"id":746490,"date":"2024-08-21T11:17:40","date_gmt":"2024-08-21T07:17:40","guid":{"rendered":"https:\/\/arantv.az\/?p=746490"},"modified":"2024-08-21T11:17:40","modified_gmt":"2024-08-21T07:17:40","slug":"az%c9%99rbaycan-nazir-muavinini-talibanla-danisiqlara-gond%c9%99rib","status":"publish","type":"post","link":"https:\/\/arantv.az\/?p=746490","title":{"rendered":"Az\u0259rbaycan nazir m\u00fcavinini Talibanla dan\u0131\u015f\u0131qlara g\u00f6nd\u0259rib"},"content":{"rendered":"<p><strong>Bu \u00f6lk\u0259y\u0259 investisiya yat\u0131rmaq v\u0259 ticar\u0259t \u00fc\u00e7\u00fcn riskl\u0259r qal\u0131rm\u0131?<\/strong><\/p>\n<p>Bu g\u00fcnl\u0259rd\u0259 Kabild\u0259 \u018ffqan\u0131stan, \u00d6zb\u0259kistan v\u0259 Az\u0259rbaycan aras\u0131nda \u00fc\u00e7t\u0259r\u0259fli dan\u0131\u015f\u0131qlar ba\u015f tutub. Haqq\u0131n.az \u018ffqan\u0131stan\u0131n \u201cTolo News\u201d n\u0259\u015frin\u0259 istinad\u0259n verdiyi m\u0259lumat\u0131na g\u00f6r\u0259, bu m\u00fczakir\u0259l\u0259ri Taliban h\u00f6kum\u0259tinin s\u0259naye v\u0259 ticar\u0259t naziri t\u0259\u015fkil edib. Dan\u0131\u015f\u0131qlarda \u00d6zb\u0259kistan\u0131 s\u0259naye, ticar\u0259t v\u0259 investisiyalar naziri, Az\u0259rbaycan\u0131 is\u0259 iqtisadiyyat nazirinin m\u00fcavini t\u0259msil edib.<\/p>\n<p>Taliban h\u00f6kum\u0259tinin S\u0259naye v\u0259 Ticar\u0259t Nazirliyi bildirib ki, g\u00f6r\u00fc\u015fd\u0259 regional \u0259m\u0259kda\u015fl\u0131q, ticar\u0259t v\u0259 tranzitin t\u0259\u015fviqi v\u0259 \u018ffqan\u0131stana s\u0259rmay\u0259l\u0259rin c\u0259lb edilm\u0259si m\u00fczakir\u0259 olunub.<\/p>\n<p>\u201cQazax\u0131stan v\u0259 \u00d6zb\u0259kistan \u018ffqan\u0131stan vasit\u0259sil\u0259 C\u0259nubi Asiyaya \u00e7atma\u011fa v\u0259 qlobal layih\u0259l\u0259r h\u0259yata ke\u00e7irm\u0259y\u0259 \u00e7al\u0131\u015f\u0131r v\u0259 r\u0259smil\u0259rimiz \u0259m\u0259kda\u015fl\u0131\u011fa haz\u0131r olmal\u0131d\u0131r\u201d, &#8211; dey\u0259 iqtisadi ekspert M\u0259h\u0259mm\u0259d N\u0259bi \u018ffqan bildirib.<\/p>\n<p><strong>M\u0259lum oldu\u011fu kimi, region \u00f6lk\u0259l\u0259ri \u0259vv\u0259lc\u0259 Taliban\u0131n g\u00fcc\u00fcn\u00fc tan\u0131maqdan \u00e7\u0259kins\u0259l\u0259r d\u0259, sonradan ehtiyatla da olsa, yeni siyasi reall\u0131\u011f\u0131 q\u0259bul etdil\u0259r. X\u00fcsusil\u0259 Rusiya h\u00f6kum\u0259ti Taliban h\u00f6kum\u0259tini tan\u0131d\u0131 v\u0259 \u018ffqan\u0131stanla ikit\u0259r\u0259fli diplomatik v\u0259 siyasi \u0259laq\u0259l\u0259ri b\u0259rpa etdi.<\/strong><\/p>\n<p>Az\u0259rbaycan Asiya il\u0259 Avropan\u0131 birl\u0259\u015fdir\u0259n n\u0259qliyyat d\u0259hlizl\u0259rind\u0259 yerl\u0259\u015f\u0259n \u00f6lk\u0259 olmaqla \u018ffqan\u0131stanla \u0259laq\u0259l\u0259rin inki\u015faf\u0131nda maraql\u0131d\u0131r.<\/p>\n<p>\u018ffqan\u0131stan Az\u0259rbaycana \u00e7ox uzaq \u00f6lk\u0259 deyil. Tarixi, m\u0259d\u0259ni \u0259laq\u0259l\u0259r var, haz\u0131rda iqtisadi bax\u0131mdan \u018ffqan\u0131stan m\u00fch\u00fcm enerji v\u0259 n\u0259qliyyat d\u0259hlizinin \u00fcz\u0259rind\u0259 yerl\u0259\u015fir.<\/p>\n<p>Xat\u0131rladaq ki, Az\u0259rbaycan Prezidentinin 28 iyul 2021-ci il tarixli s\u0259r\u0259ncam\u0131 il\u0259 \u0130lham M\u0259mm\u0259dov \u00f6lk\u0259mizin \u018ffqan\u0131stan \u0130slam Respublikas\u0131ndak\u0131 s\u0259firi t\u0259yin olunub. O, bu il fevral\u0131n ortalar\u0131nda Kabil\u0259 gedib v\u0259 Taliban\u0131n xarici i\u015fl\u0259r naziri \u018fmir Xan M\u00fctt\u0259qi il\u0259 g\u00f6r\u00fc\u015f\u00fcb.<\/p>\n<p>Onu da bildir\u0259k ki, \u018ffqan\u0131stan Az\u0259rbaycan\u0131n m\u00fcst\u0259qilliyini 1991-ci il dekabr\u0131n 21-d\u0259 ilk tan\u0131yan d\u00f6vl\u0259tl\u0259rd\u0259n biridir. 1994-c\u00fc ild\u0259n \u00f6lk\u0259l\u0259r aras\u0131nda diplomatik m\u00fcnasib\u0259tl\u0259r m\u00f6vcuddur. 2012-ci ild\u0259n Bak\u0131da \u018ffqan\u0131stan\u0131n s\u0259firliyi f\u0259aliyy\u0259t g\u00f6st\u0259rir.<\/p>\n<p>Az\u0259rbaycan \u018ffqan\u0131stan\u0131n ke\u00e7mi\u015f hakimiyy\u0259tl\u0259ri il\u0259 s\u0131x \u0259m\u0259kda\u015fl\u0131q edirdi. \u0130ndiy\u0259 q\u0259d\u0259r Az\u0259rbaycan Respublikas\u0131 il\u0259 \u018ffqan\u0131stan \u0130slam Respublikas\u0131 aras\u0131nda 15 s\u0259n\u0259d imzalan\u0131b.<\/p>\n<p><strong>Bu \u00f6lk\u0259y\u0259 investisiya yat\u0131rmaq v\u0259 ticar\u0259t \u00fc\u00e7\u00fcn riskl\u0259r qal\u0131rm\u0131?<\/strong><\/p>\n<p><strong><img loading=\"lazy\" src=\"https:\/\/cdn.musavat.com\/news\/thumbnails\/b1976ea1189a34accb75f68b01589ad6.jpg\" alt=\"Fikr\u0259t Yusifov.jpeg (199 KB)\" width=\"800\" height=\"483\" \/><\/strong><\/p>\n<p><strong>Fikr\u0259t Yusifov<\/strong><\/p>\n<p>Sabiq maliyy\u0259 naziri, siyasi v\u0259 iqtisadi m\u0259s\u0259l\u0259l\u0259r \u00fczr\u0259 ekspert Fikr\u0259t Yusifov \u018ffqan\u0131stan\u0131n t\u0259bii s\u0259rv\u0259tl\u0259rin\u0259 x\u00fcsusi diqq\u0259t \u00e7\u0259kdi: \u201c\u018ffqan\u0131stan q\u0131z\u0131ldan v\u0259 qiym\u0259tli da\u015flardan tutmu\u015f mis v\u0259 \u0259n q\u0131t litiumlara q\u0259d\u0259r b\u00fct\u00fcn d\u00fcnyan\u0131n mara\u011f\u0131 olan t\u0259bii s\u0259rv\u0259tl\u0259rl\u0259 sonsuz z\u0259ngindir. M\u00fct\u0259x\u0259ssisl\u0259r b\u00fct\u00fcn bu resurslar\u0131 ilkin olaraq 1 trilyon dollardan \u00e7ox d\u0259y\u0259rl\u0259ndirirl\u0259r.<\/p>\n<p>D\u00fcnyan\u0131n apar\u0131c\u0131 \u00f6lk\u0259l\u0259rinin geoloqlar\u0131 iddia edirl\u0259r ki, xa\u015fxa\u015f plantasiyalar\u0131n\u0131n sal\u0131nd\u0131\u011f\u0131 v\u0259 piyada \u0259leyhin\u0259 minalar\u0131n basd\u0131r\u0131ld\u0131\u011f\u0131 \u018ffqan\u0131stan da\u011flar\u0131 v\u0259 d\u0259r\u0259l\u0259rind\u0259 on milyonlarla ton mis v\u0259 boksit, milyardlarla ton d\u0259mir filizi, h\u0259m\u00e7inin q\u0131z\u0131l, m\u0259rm\u0259r v\u0259 s. qiym\u0259tli minerallar \u00e7oxdur. Ancaq indiy\u0259 q\u0259d\u0259r \u018ffqan\u0131stan b\u00fct\u00fcn bunlar\u0131 \u00e7\u0131xar\u0131b satmaq, \u0259ld\u0259 olunan g\u0259liri v\u0259t\u0259nda\u015flar\u0131n h\u0259yat s\u0259viyy\u0259sinin yax\u015f\u0131la\u015fd\u0131r\u0131lmas\u0131na, tibb\u0259, t\u0259hsil\u0259, elm\u0259, he\u00e7 olmasa r\u0259hb\u0259rliyin v\u0259 onlara yax\u0131n olan \u015f\u0259xsl\u0259rin z\u0259nginl\u0259\u015fm\u0259sin\u0259 bel\u0259 x\u0259rcl\u0259m\u0259k imkanlar\u0131na malik olmay\u0131b. Amerikal\u0131lar 20 illik i\u015f\u011faldan sonra \u018ffqan\u0131stan\u0131 t\u0259rk etm\u0259k q\u0259rar\u0131na g\u0259l\u0259n kimi Taliban \u018ffqan\u0131standa hakimiyy\u0259ti \u0259l\u0259 ke\u00e7irdi. \u018fsrl\u0259r boyu m\u00fcharib\u0259l\u0259r n\u0259tic\u0259sind\u0259 par\u00e7alanan \u00f6lk\u0259d\u0259 rejim d\u0259yi\u015fikliyi n\u0259hay\u0259t ki, B\u00f6y\u00fck \u0130p\u0259k Yolunun m\u0259rk\u0259zind\u0259, quru yollar\u0131n\u0131n k\u0259si\u015fm\u0259sind\u0259 yerl\u0259\u015f\u0259n t\u0259bii s\u0259rv\u0259tl\u0259rd\u0259n, insan kapital\u0131ndan v\u0259 \u0259lveri\u015fli co\u011frafi m\u00f6vqed\u0259n yararlana bil\u0259c\u0259kmi sual\u0131n\u0131 bir daha g\u00fcnd\u0259m\u0259 g\u0259tirdi.<\/p>\n<p>Bu g\u00fcn az-\u00e7ox sabit h\u0259yat ya\u015fayan \u018ffqan\u0131stana beyn\u0259lxalq kapital\u0131n b\u00f6y\u00fck mara\u011f\u0131 olsa da h\u0259l\u0259 ki \u00f6lk\u0259d\u0259 t\u0259bii resurslar\u0131n istifad\u0259 edilm\u0259sin\u0259 ciddi r\u0259vac verilm\u0259yib. On ill\u0259r boyu m\u00fcharib\u0259l\u0259r, hakimiyy\u0259t d\u0259yi\u015fiklikl\u0259ri ya\u015fam\u0131\u015f \u018ffqan\u0131standa sabitliyin olaca\u011f\u0131na \u015f\u00fcbh\u0259l\u0259r h\u0259l\u0259 d\u0259 investorlar\u0131n \u015f\u00fcurundan silinm\u0259yib.<\/p>\n<p>T\u0259bii ki, bu q\u0259d\u0259r z\u0259ngin v\u0259 m\u00fch\u00fcm co\u011frafi m\u00f6vqeyi olan bir \u00f6lk\u0259 il\u0259 \u0259m\u0259kda\u015fl\u0131q bar\u0259d\u0259 d\u00fc\u015f\u00fcnm\u0259k laz\u0131md\u0131r. Lakin riskl\u0259rin minimalla\u015fd\u0131r\u0131lmas\u0131 \u00fc\u00e7\u00fcn zamanla \u00f6lk\u0259 daxilind\u0259 ged\u0259n prosesl\u0259ri izl\u0259m\u0259k g\u0259r\u0259kdir. Az\u0259rbaycan h\u00f6kum\u0259ti d\u0259 \u018ffqan\u0131stanla iqtisadi m\u00fcst\u0259vid\u0259 m\u00fcnasib\u0259tl\u0259r qurark\u0259n bu inc\u0259likl\u0259ri diqq\u0259td\u0259n qa\u00e7\u0131rmamal\u0131d\u0131r. \u018ffqan\u0131standa u\u015faq d\u00fcnyaya g\u0259l\u0259nd\u0259 ilk olaraq ona silahdan g\u0259l\u0259n bar\u0131t\u0131 qoxulad\u0131rlar. U\u015faq g\u00f6z\u00fcn\u00fc silahla a\u00e7\u0131r v\u0259 b\u00fct\u00fcn \u00f6mr\u00fcn\u00fc \u0259lind\u0259 silah ya\u015fay\u0131r, sonda da \u0259lind\u0259 silah \u00f6l\u00fcr. Bu \u0259fqan xalq\u0131n\u0131n ger\u00e7\u0259k h\u0259yat f\u0259ls\u0259f\u0259sidir. Odur ki, \u018ffqan\u0131stanla \u0259m\u0259kda\u015fl\u0131q ed\u0259n h\u0259r bir t\u0259r\u0259f bu reall\u0131\u011f\u0131 n\u0259z\u0259rd\u0259n qa\u00e7\u0131rmamal\u0131d\u0131r. Taliban ne\u00e7\u0259 ill\u0259r da\u011flarda ya\u015fay\u0131b, vuru\u015fdu. Onu he\u00e7 kim dayand\u0131ra bilm\u0259di v\u0259 sonda da hakimiyy\u0259t\u0259 g\u0259ldil\u0259r. Bilirik ki, \u018ffqanstanda ba\u015fqa g\u00fccl\u0259r d\u0259 m\u00f6vcuddur. He\u00e7 bir z\u0259man\u0259t yoxdur ki, bir vaxtlar onlar da Taliban kimi silahl\u0131 yolla hakimiyy\u0259t\u0259 g\u0259lm\u0259y\u0259c\u0259kl\u0259r. B\u00fct\u00fcn bunlar d\u00fc\u015f\u00fcnd\u00fcr\u00fcc\u00fc olmal\u0131d\u0131r&#8230;&#8221;<\/p>\n<p><img loading=\"lazy\" src=\"https:\/\/konkret.az\/cloud\/uploads\/2021\/04\/elxansahinoglu.jpg\" alt=\"Elxan \u015eahino\u011flu son \u00e7\u0131x\u0131\u015f\u0131 il\u0259 \u00f6z\u00fcn\u00fc v\u0259 \u201ca\u011falar\u0131n\u0131\u201d bel\u0259 \u0259l\u0259 verdi -  \u018fTRAFLI | KONKRET\" width=\"840\" height=\"578\" \/><\/p>\n<p><strong>Elxan \u015eahino\u011flu<\/strong><\/p>\n<p><strong>\u201cAtlas\u201d Ara\u015fd\u0131rmalar M\u0259rk\u0259zinin r\u0259hb\u0259ri Elxan \u015eahino\u011flu Taliban amili il\u0259 hesabla\u015fma\u011f\u0131 vacib say\u0131r:<\/strong>\u00a0\u201cR\u0259smi Bak\u0131 bir m\u00fcdd\u0259t \u0259vv\u0259l Az\u0259rbaycan\u0131n \u018ffqan\u0131standak\u0131 s\u0259firliyinin b\u0259rpas\u0131na q\u0259rar verdi v\u0259 s\u0259fir Kabil\u0259 qay\u0131td\u0131. Bu do\u011fru q\u0259rar idi. Taliban \u018ffqan\u0131standa hakimiyy\u0259td\u0259dir v\u0259 bu amill\u0259 hesabla\u015fmaq laz\u0131md\u0131r. Q\u0259rb \u00f6lk\u0259l\u0259ri ke\u00e7mi\u015f ill\u0259rd\u0259 Taliban\u0131 radikal t\u0259\u015fkilat kimi q\u0259bul ets\u0259l\u0259r d\u0259, sonrak\u0131 ill\u0259rd\u0259 Taliban\u0131n g\u00fcc\u00fc il\u0259 hesabla\u015fmaq m\u0259cburiyy\u0259tind\u0259 qald\u0131lar. AB\u015e qo\u015funlar\u0131 \u018ffqan\u0131stan\u0131 t\u0259rk etdi v\u0259 Taliban Kabili n\u0259zar\u0259t\u0259 g\u00f6t\u00fcrd\u00fc. Q\u0259rb \u00f6lk\u0259l\u0259rinin bir qisminin bu g\u00fcn d\u0259 Talibanla \u0259laq\u0259l\u0259ri v\u0259 diplomatik m\u00fcnasib\u0259tl\u0259ri yoxdur. Buna baxmayaraq, \u018ffqan\u0131stana qon\u015fu olan \u00f6lk\u0259l\u0259r Talibanla \u0259m\u0259kda\u015fl\u0131\u011fa q\u0259rar veribl\u0259r. Bunun bir ne\u00e7\u0259 s\u0259b\u0259bi var. Birincisi, M\u0259rk\u0259zi Asiya \u00f6lk\u0259l\u0259ri v\u0259 \u00c7in \u018ffqan\u0131stan \u0259razisind\u0259ki b\u0259zi silahl\u0131 qruplar\u0131n f\u0259aliyy\u0259tind\u0259n narahatd\u0131r. H\u0259min silahl\u0131 qruplar\u0131n M\u0259rk\u0259zi Asiya \u00f6lk\u0259l\u0259rin\u0259 v\u0259 \u00c7in\u0259 m\u00fcdaxil\u0259 etm\u0259m\u0259l\u0259ri \u00fc\u00e7\u00fcn Talibanla \u0259m\u0259kda\u015fl\u0131q vacibdir. Pekin Talibanla s\u0131x \u0259laq\u0259l\u0259r qurub, qar\u015f\u0131l\u0131ql\u0131 s\u0259f\u0259rl\u0259r realla\u015f\u0131b. Bundan ba\u015fqa, \u00c7in Talibanla \u0259m\u0259kda\u015fl\u0131q say\u0259sind\u0259 \u018ffqan\u0131stana b\u00f6y\u00fck yat\u0131r\u0131mlar c\u0259lb edib. \u0130kincisi, \u018ffqan\u0131stan \u0259razisind\u0259n n\u0259qliyyat d\u0259hlizl\u0259rinin ke\u00e7m\u0259si diqq\u0259t m\u0259rk\u0259zind\u0259dir. Bu m\u0259s\u0259l\u0259 Az\u0259rbaycan\u0131n da diqq\u0259tini \u00e7\u0259kib. Az\u0259rbaycan g\u0259l\u0259c\u0259kd\u0259 \u018ffqan\u0131stan\u0131n n\u0259qliyyat d\u0259hlizl\u0259rind\u0259n istifad\u0259 etm\u0259yi planla\u015fd\u0131r\u0131r. \u018ffqan\u0131stan tarix\u0259n d\u0259 Az\u0259rbaycana yax\u0131n \u00f6lk\u0259dir. Orta \u0259srl\u0259rd\u0259 Az\u0259rbaycan\u0131 idar\u0259 ed\u0259nl\u0259r \u018ffqan\u0131stana da n\u0259zar\u0259t edibl\u0259r. Bizi ortaq tarix birl\u0259\u015fdirir. \u018ffqan\u0131stan \u0259razisind\u0259 t\u00fcrk xalqlar\u0131 ya\u015fay\u0131r ki, bizi onlarla qarda\u015fl\u0131q \u0259laq\u0259l\u0259ri birl\u0259\u015fdirir. Az\u0259rbaycanla \u018ffqan\u0131stan aras\u0131nda m\u00fcxt\u0259lif ill\u0259rd\u0259 imzalanan 15 s\u0259n\u0259d \u0259laq\u0259l\u0259ri inki\u015faf etdirm\u0259k \u00fc\u00e7\u00fcn yax\u015f\u0131 z\u0259mindir. Az\u0259rbaycan ke\u00e7mi\u015f ill\u0259rd\u0259 \u018ffqan\u0131stana humanitar yard\u0131mlar edib. Bu yard\u0131mlar\u0131 b\u0259rpa etm\u0259k m\u00fcmk\u00fcnd\u00fcr. \u018fg\u0259r Taliban rejimi Az\u0259rbaycanla \u0259m\u0259kda\u015fl\u0131\u011fa maraq g\u00f6st\u0259rirs\u0259, bundan faydalanmaq laz\u0131md\u0131r. Az\u0259rbaycan M\u0259rk\u0259zi Asiyan\u0131n qarda\u015f d\u00f6vl\u0259tl\u0259ri il\u0259 \u018ffqan\u0131standa ortaq layih\u0259l\u0259rin realla\u015fmas\u0131nda i\u015ftirak ed\u0259 bil\u0259r\u201d.<\/p>\n<p><strong>Cavan\u015fir ABBASLI,<\/strong><br \/>\n<strong>\u201cYeni M\u00fcsavat\u201d<\/strong><\/p>\n","protected":false},"excerpt":{"rendered":"<p>Bu \u00f6lk\u0259y\u0259 investisiya yat\u0131rmaq v\u0259 ticar\u0259t \u00fc\u00e7\u00fcn riskl\u0259r qal\u0131rm\u0131? Bu g\u00fcnl\u0259rd\u0259 Kabild\u0259 \u018ffqan\u0131stan, \u00d6zb\u0259kistan v\u0259 Az\u0259rbaycan aras\u0131nda \u00fc\u00e7t\u0259r\u0259fli dan\u0131\u015f\u0131qlar ba\u015f tutub. Haqq\u0131n.az \u018ffqan\u0131stan\u0131n \u201cTolo News\u201d n\u0259\u015frin\u0259 istinad\u0259n verdiyi m\u0259lumat\u0131na g\u00f6r\u0259, bu m\u00fczakir\u0259l\u0259ri Taliban h\u00f6kum\u0259tinin s\u0259naye v\u0259 ticar\u0259t naziri t\u0259\u015fkil edib. Dan\u0131\u015f\u0131qlarda \u00d6zb\u0259kistan\u0131 s\u0259naye, ticar\u0259t v\u0259 investisiyalar naziri, Az\u0259rbaycan\u0131 is\u0259 iqtisadiyyat nazirinin m\u00fcavini t\u0259msil edib. Taliban h\u00f6kum\u0259tinin S\u0259naye v\u0259 Ticar\u0259t Nazirliyi bildirib ki, g\u00f6r\u00fc\u015fd\u0259 regional \u0259m\u0259kda\u015fl\u0131q, ticar\u0259t v\u0259 tranzitin t\u0259\u015fviqi v\u0259 \u018ffqan\u0131stana s\u0259rmay\u0259l\u0259rin c\u0259lb edilm\u0259si m\u00fczakir\u0259 olunub. \u201cQazax\u0131stan v\u0259 \u00d6zb\u0259kistan \u018ffqan\u0131stan vasit\u0259sil\u0259 C\u0259nubi Asiyaya \u00e7atma\u011fa v\u0259 qlobal layih\u0259l\u0259r h\u0259yata ke\u00e7irm\u0259y\u0259 \u00e7al\u0131\u015f\u0131r&hellip;<\/p>\n","protected":false},"author":2,"featured_media":746491,"comment_status":"closed","ping_status":"closed","sticky":false,"template":"","format":"standard","meta":{"om_disable_all_campaigns":false,"_monsterinsights_skip_tracking":false,"_monsterinsights_sitenote_active":false,"_monsterinsights_sitenote_note":"","_monsterinsights_sitenote_category":0},"categories":[4],"tags":[],"aioseo_notices":[],"gutentor_comment":0,"rttpg_featured_image_url":{"full":["https:\/\/arantv.az\/wp-content\/uploads\/2024\/08\/84e17e9094c4f5bc21f3e010239f1a5a.jpg",610,343,false],"landscape":["https:\/\/arantv.az\/wp-content\/uploads\/2024\/08\/84e17e9094c4f5bc21f3e010239f1a5a.jpg",610,343,false],"portraits":["https:\/\/arantv.az\/wp-content\/uploads\/2024\/08\/84e17e9094c4f5bc21f3e010239f1a5a.jpg",610,343,false],"thumbnail":["https:\/\/arantv.az\/wp-content\/uploads\/2024\/08\/84e17e9094c4f5bc21f3e010239f1a5a-500x280.jpg",500,280,true],"medium":["https:\/\/arantv.az\/wp-content\/uploads\/2024\/08\/84e17e9094c4f5bc21f3e010239f1a5a.jpg",610,343,false],"large":["https:\/\/arantv.az\/wp-content\/uploads\/2024\/08\/84e17e9094c4f5bc21f3e010239f1a5a.jpg",610,343,false],"1536x1536":["https:\/\/arantv.az\/wp-content\/uploads\/2024\/08\/84e17e9094c4f5bc21f3e010239f1a5a.jpg",610,343,false],"2048x2048":["https:\/\/arantv.az\/wp-content\/uploads\/2024\/08\/84e17e9094c4f5bc21f3e010239f1a5a.jpg",610,343,false],"post-thumbnail":["https:\/\/arantv.az\/wp-content\/uploads\/2024\/08\/84e17e9094c4f5bc21f3e010239f1a5a-240x172.jpg",240,172,true],"advps-thumb-one":["https:\/\/arantv.az\/wp-content\/uploads\/2024\/08\/84e17e9094c4f5bc21f3e010239f1a5a.jpg",610,343,false]},"rttpg_author":{"display_name":"V\u00fcsal Rafiqo\u011flu","author_link":"https:\/\/arantv.az\/?author=2"},"rttpg_comment":0,"rttpg_category":"<a href=\"https:\/\/arantv.az\/?cat=4\" rel=\"category\">Siyas\u0259t<\/a>","rttpg_excerpt":"Bu \u00f6lk\u0259y\u0259 investisiya yat\u0131rmaq v\u0259 ticar\u0259t \u00fc\u00e7\u00fcn riskl\u0259r qal\u0131rm\u0131? Bu g\u00fcnl\u0259rd\u0259 Kabild\u0259 \u018ffqan\u0131stan, \u00d6zb\u0259kistan v\u0259 Az\u0259rbaycan aras\u0131nda \u00fc\u00e7t\u0259r\u0259fli dan\u0131\u015f\u0131qlar ba\u015f tutub. Haqq\u0131n.az \u018ffqan\u0131stan\u0131n \u201cTolo News\u201d n\u0259\u015frin\u0259 istinad\u0259n verdiyi m\u0259lumat\u0131na g\u00f6r\u0259, bu m\u00fczakir\u0259l\u0259ri Taliban h\u00f6kum\u0259tinin s\u0259naye v\u0259 ticar\u0259t naziri t\u0259\u015fkil edib. Dan\u0131\u015f\u0131qlarda \u00d6zb\u0259kistan\u0131 s\u0259naye, ticar\u0259t v\u0259 investisiyalar naziri, Az\u0259rbaycan\u0131 is\u0259 iqtisadiyyat nazirinin m\u00fcavini t\u0259msil edib. Taliban&hellip;","_links":{"self":[{"href":"https:\/\/arantv.az\/index.php?rest_route=\/wp\/v2\/posts\/746490"}],"collection":[{"href":"https:\/\/arantv.az\/index.php?rest_route=\/wp\/v2\/posts"}],"about":[{"href":"https:\/\/arantv.az\/index.php?rest_route=\/wp\/v2\/types\/post"}],"author":[{"embeddable":true,"href":"https:\/\/arantv.az\/index.php?rest_route=\/wp\/v2\/users\/2"}],"replies":[{"embeddable":true,"href":"https:\/\/arantv.az\/index.php?rest_route=%2Fwp%2Fv2%2Fcomments&post=746490"}],"version-history":[{"count":2,"href":"https:\/\/arantv.az\/index.php?rest_route=\/wp\/v2\/posts\/746490\/revisions"}],"predecessor-version":[{"id":746493,"href":"https:\/\/arantv.az\/index.php?rest_route=\/wp\/v2\/posts\/746490\/revisions\/746493"}],"wp:featuredmedia":[{"embeddable":true,"href":"https:\/\/arantv.az\/index.php?rest_route=\/wp\/v2\/media\/746491"}],"wp:attachment":[{"href":"https:\/\/arantv.az\/index.php?rest_route=%2Fwp%2Fv2%2Fmedia&parent=746490"}],"wp:term":[{"taxonomy":"category","embeddable":true,"href":"https:\/\/arantv.az\/index.php?rest_route=%2Fwp%2Fv2%2Fcategories&post=746490"},{"taxonomy":"post_tag","embeddable":true,"href":"https:\/\/arantv.az\/index.php?rest_route=%2Fwp%2Fv2%2Ftags&post=746490"}],"curies":[{"name":"wp","href":"https:\/\/api.w.org\/{rel}","templated":true}]}}