{"id":746494,"date":"2024-08-21T11:18:45","date_gmt":"2024-08-21T07:18:45","guid":{"rendered":"https:\/\/arantv.az\/?p=746494"},"modified":"2024-08-21T11:18:45","modified_gmt":"2024-08-21T07:18:45","slug":"eldar-%c9%99zizovdan-icra-bascilarina-ciddi-x%c9%99b%c9%99rdarliq-bir-aydan-sonra","status":"publish","type":"post","link":"https:\/\/arantv.az\/?p=746494","title":{"rendered":"Eldar \u018fzizovdan icra ba\u015f\u00e7\u0131lar\u0131na C\u0130DD\u0130 X\u018fB\u018fRDARLIQ: &#8220;Bir aydan sonra&#8230;&#8221;"},"content":{"rendered":"<p><strong>Bak\u0131 \u015e\u0259h\u0259r \u0130cra Hakimiyy\u0259tind\u0259 paytaxt rayonlar\u0131 \u0130cra Hakimiyy\u0259tl\u0259ri ba\u015f\u00e7\u0131lar\u0131 v\u0259 \u015f\u0259h\u0259rin t\u0259s\u0259rr\u00fcfat xidm\u0259tl\u0259ri r\u0259hb\u0259rl\u0259rinin i\u015ftirak\u0131 il\u0259 n\u00f6vb\u0259ti m\u00fc\u015favir\u0259 ke\u00e7irilib.<\/strong><\/p>\n<p>Bak\u0131 \u015e\u0259h\u0259r \u0130cra Hakimiyy\u0259tinin M\u0259tbuat xidm\u0259tind\u0259n\u00a0<strong>Musavat.com<\/strong>-a\u00a0veril\u0259n m\u0259lumata g\u00f6r\u0259, m\u00fc\u015favir\u0259d\u0259 bir s\u0131ra m\u0259s\u0259l\u0259l\u0259r, o c\u00fcml\u0259d\u0259n\u00a0 paytaxtda apar\u0131lan \u0259sasl\u0131 t\u0259mir, abadl\u0131q-quruculuq, ya\u015f\u0131lla\u015fd\u0131rma\u00a0 i\u015fl\u0259rin v\u0259ziyy\u0259ti v\u0259 dig\u0259r m\u0259s\u0259l\u0259l\u0259r m\u00fczakir\u0259 edilib.<\/p>\n<p>Qeyd edilib ki, \u00f6lk\u0259 ba\u015f\u00e7\u0131s\u0131 \u0130lham \u018fliyevin h\u0259yata ke\u00e7irdiyi u\u011furlu siyas\u0259t n\u0259tic\u0259sind\u0259 bu g\u00fcn paytaxt\u0131m\u0131z keyfiyy\u0259tc\u0259 yeni inki\u015faf s\u0259viyy\u0259sin\u0259 y\u00fcks\u0259lib, \u0259halinin h\u0259yat v\u0259 m\u0259d\u0259ni s\u0259viyy\u0259si art\u0131b, \u015f\u0259h\u0259rd\u0259 geni\u015f miqyasl\u0131 quruculu\u011f i\u015fl\u0259ri h\u0259yata ke\u00e7irilir.<\/p>\n<p>\u015e\u0259h\u0259r \u0259razisind\u0259 h\u0259yata ke\u00e7iril\u0259n i\u015fl\u0259rin monitorinql\u0259rinin n\u0259tic\u0259l\u0259ri m\u00fc\u015favir\u0259 i\u015ftirak\u00e7\u0131lar\u0131n\u0131n n\u0259z\u0259rin\u0259 \u00e7atd\u0131r\u0131l\u0131b. H\u0259m\u00e7inin son vaxtlarda Bin\u0259q\u0259di v\u0259 Yasamal rayonlar\u0131nda bu istiqam\u0259td\u0259 pozitiv d\u0259yi\u015fiklikl\u0259rin m\u00fc\u015fahid\u0259 edildiyi qeyd edilib. Paytaxtda apar\u0131lan \u0259sasl\u0131 t\u0259mir, abadl\u0131q-quruculuq i\u015fl\u0259rinin s\u00fcr\u0259tl\u0259ndirilm\u0259si il\u0259 ba\u011fl\u0131 m\u00fcvafiq tap\u015f\u0131r\u0131qlar verilib.<\/p>\n<p>M\u00fc\u015favir\u0259d\u0259 qanunsuz tikilil\u0259rl\u0259 ba\u011fl\u0131 m\u0259s\u0259l\u0259 ciddi m\u00fczakir\u0259 edilib v\u0259 rayonlarda apar\u0131lan monitorinql\u0259rin n\u0259tic\u0259l\u0259rin\u0259 dair g\u00f6r\u00fcnt\u00fcl\u0259r n\u00fcmayi\u015f etdirilib. M\u00fc\u015favir\u0259d\u0259 \u00e7\u0131x\u0131\u015f ed\u0259n Baki \u015e\u0259h\u0259r \u0130cra Hakimiyy\u0259ti ba\u015f\u00e7\u0131s\u0131 Eldar \u018fzizov bildirib ki, bu g\u00fcn \u00f6lk\u0259 ba\u015f\u00e7\u0131s\u0131 \u0130lham \u018fliyev m\u0259murlar qar\u015f\u0131s\u0131nda ciddi t\u0259l\u0259bl\u0259r qoyub, onlara t\u0259miz \u0259ll\u0259rl\u0259 i\u015fl\u0259m\u0259yi v\u0259 t\u0259v\u0259z\u00f6kar olmalar\u0131n\u0131 bir v\u0259zif\u0259 kimi tap\u015f\u0131r\u0131b. Lakin h\u0259l\u0259 d\u0259 b\u0259z\u0259n neqativ hallar m\u00fc\u015fahid\u0259 edilm\u0259kd\u0259dir.\u00a0<strong>Bununla \u0259laq\u0259dar rayon \u0130cra Hakimiyy\u0259tl\u0259rin ba\u015f\u00e7\u0131lar\u0131na ciddi x\u0259b\u0259rdarl\u0131q edil\u0259r\u0259k t\u0259cili t\u0259dbirl\u0259rin g\u00f6r\u00fclm\u0259si t\u0259l\u0259b edilib.\u00a0<\/strong>Bildirilib ki, B\u015e\u0130H-nin monitorinq qrupu t\u0259r\u0259find\u0259n i\u015fl\u0259r\u0259 n\u0259zar\u0259t edil\u0259c\u0259k v\u0259 n\u0259tic\u0259l\u0259ri bir aydan sonra yenid\u0259n m\u00fczakir\u0259y\u0259 \u00e7\u0131xar\u0131lacaq.<\/p>\n","protected":false},"excerpt":{"rendered":"<p>Bak\u0131 \u015e\u0259h\u0259r \u0130cra Hakimiyy\u0259tind\u0259 paytaxt rayonlar\u0131 \u0130cra Hakimiyy\u0259tl\u0259ri ba\u015f\u00e7\u0131lar\u0131 v\u0259 \u015f\u0259h\u0259rin t\u0259s\u0259rr\u00fcfat xidm\u0259tl\u0259ri r\u0259hb\u0259rl\u0259rinin i\u015ftirak\u0131 il\u0259 n\u00f6vb\u0259ti m\u00fc\u015favir\u0259 ke\u00e7irilib. Bak\u0131 \u015e\u0259h\u0259r \u0130cra Hakimiyy\u0259tinin M\u0259tbuat xidm\u0259tind\u0259n\u00a0Musavat.com-a\u00a0veril\u0259n m\u0259lumata g\u00f6r\u0259, m\u00fc\u015favir\u0259d\u0259 bir s\u0131ra m\u0259s\u0259l\u0259l\u0259r, o c\u00fcml\u0259d\u0259n\u00a0 paytaxtda apar\u0131lan \u0259sasl\u0131 t\u0259mir, abadl\u0131q-quruculuq, ya\u015f\u0131lla\u015fd\u0131rma\u00a0 i\u015fl\u0259rin v\u0259ziyy\u0259ti v\u0259 dig\u0259r m\u0259s\u0259l\u0259l\u0259r m\u00fczakir\u0259 edilib. Qeyd edilib ki, \u00f6lk\u0259 ba\u015f\u00e7\u0131s\u0131 \u0130lham \u018fliyevin h\u0259yata ke\u00e7irdiyi u\u011furlu siyas\u0259t n\u0259tic\u0259sind\u0259 bu g\u00fcn paytaxt\u0131m\u0131z keyfiyy\u0259tc\u0259 yeni inki\u015faf s\u0259viyy\u0259sin\u0259 y\u00fcks\u0259lib, \u0259halinin h\u0259yat v\u0259 m\u0259d\u0259ni s\u0259viyy\u0259si art\u0131b, \u015f\u0259h\u0259rd\u0259 geni\u015f miqyasl\u0131 quruculu\u011f i\u015fl\u0259ri h\u0259yata ke\u00e7irilir. \u015e\u0259h\u0259r \u0259razisind\u0259 h\u0259yata ke\u00e7iril\u0259n i\u015fl\u0259rin monitorinql\u0259rinin n\u0259tic\u0259l\u0259ri m\u00fc\u015favir\u0259 i\u015ftirak\u00e7\u0131lar\u0131n\u0131n n\u0259z\u0259rin\u0259 \u00e7atd\u0131r\u0131l\u0131b.&hellip;<\/p>\n","protected":false},"author":2,"featured_media":746495,"comment_status":"closed","ping_status":"closed","sticky":false,"template":"","format":"standard","meta":{"om_disable_all_campaigns":false,"_monsterinsights_skip_tracking":false,"_monsterinsights_sitenote_active":false,"_monsterinsights_sitenote_note":"","_monsterinsights_sitenote_category":0},"categories":[19],"tags":[],"aioseo_notices":[],"gutentor_comment":0,"rttpg_featured_image_url":{"full":["https:\/\/arantv.az\/wp-content\/uploads\/2024\/08\/7d5c66ae69a5f8d816efa9fada0803da.jpg",800,450,false],"landscape":["https:\/\/arantv.az\/wp-content\/uploads\/2024\/08\/7d5c66ae69a5f8d816efa9fada0803da.jpg",800,450,false],"portraits":["https:\/\/arantv.az\/wp-content\/uploads\/2024\/08\/7d5c66ae69a5f8d816efa9fada0803da.jpg",800,450,false],"thumbnail":["https:\/\/arantv.az\/wp-content\/uploads\/2024\/08\/7d5c66ae69a5f8d816efa9fada0803da-500x280.jpg",500,280,true],"medium":["https:\/\/arantv.az\/wp-content\/uploads\/2024\/08\/7d5c66ae69a5f8d816efa9fada0803da-649x365.jpg",649,365,true],"large":["https:\/\/arantv.az\/wp-content\/uploads\/2024\/08\/7d5c66ae69a5f8d816efa9fada0803da.jpg",640,360,false],"1536x1536":["https:\/\/arantv.az\/wp-content\/uploads\/2024\/08\/7d5c66ae69a5f8d816efa9fada0803da.jpg",800,450,false],"2048x2048":["https:\/\/arantv.az\/wp-content\/uploads\/2024\/08\/7d5c66ae69a5f8d816efa9fada0803da.jpg",800,450,false],"post-thumbnail":["https:\/\/arantv.az\/wp-content\/uploads\/2024\/08\/7d5c66ae69a5f8d816efa9fada0803da-240x172.jpg",240,172,true],"advps-thumb-one":["https:\/\/arantv.az\/wp-content\/uploads\/2024\/08\/7d5c66ae69a5f8d816efa9fada0803da.jpg",800,450,false]},"rttpg_author":{"display_name":"V\u00fcsal Rafiqo\u011flu","author_link":"https:\/\/arantv.az\/?author=2"},"rttpg_comment":0,"rttpg_category":"<a href=\"https:\/\/arantv.az\/?cat=19\" rel=\"category\">G\u00fcnd\u0259m<\/a>","rttpg_excerpt":"Bak\u0131 \u015e\u0259h\u0259r \u0130cra Hakimiyy\u0259tind\u0259 paytaxt rayonlar\u0131 \u0130cra Hakimiyy\u0259tl\u0259ri ba\u015f\u00e7\u0131lar\u0131 v\u0259 \u015f\u0259h\u0259rin t\u0259s\u0259rr\u00fcfat xidm\u0259tl\u0259ri r\u0259hb\u0259rl\u0259rinin i\u015ftirak\u0131 il\u0259 n\u00f6vb\u0259ti m\u00fc\u015favir\u0259 ke\u00e7irilib. Bak\u0131 \u015e\u0259h\u0259r \u0130cra Hakimiyy\u0259tinin M\u0259tbuat xidm\u0259tind\u0259n\u00a0Musavat.com-a\u00a0veril\u0259n m\u0259lumata g\u00f6r\u0259, m\u00fc\u015favir\u0259d\u0259 bir s\u0131ra m\u0259s\u0259l\u0259l\u0259r, o c\u00fcml\u0259d\u0259n\u00a0 paytaxtda apar\u0131lan \u0259sasl\u0131 t\u0259mir, abadl\u0131q-quruculuq, ya\u015f\u0131lla\u015fd\u0131rma\u00a0 i\u015fl\u0259rin v\u0259ziyy\u0259ti v\u0259 dig\u0259r m\u0259s\u0259l\u0259l\u0259r m\u00fczakir\u0259 edilib. Qeyd edilib ki, \u00f6lk\u0259 ba\u015f\u00e7\u0131s\u0131 \u0130lham \u018fliyevin h\u0259yata ke\u00e7irdiyi&hellip;","_links":{"self":[{"href":"https:\/\/arantv.az\/index.php?rest_route=\/wp\/v2\/posts\/746494"}],"collection":[{"href":"https:\/\/arantv.az\/index.php?rest_route=\/wp\/v2\/posts"}],"about":[{"href":"https:\/\/arantv.az\/index.php?rest_route=\/wp\/v2\/types\/post"}],"author":[{"embeddable":true,"href":"https:\/\/arantv.az\/index.php?rest_route=\/wp\/v2\/users\/2"}],"replies":[{"embeddable":true,"href":"https:\/\/arantv.az\/index.php?rest_route=%2Fwp%2Fv2%2Fcomments&post=746494"}],"version-history":[{"count":1,"href":"https:\/\/arantv.az\/index.php?rest_route=\/wp\/v2\/posts\/746494\/revisions"}],"predecessor-version":[{"id":746496,"href":"https:\/\/arantv.az\/index.php?rest_route=\/wp\/v2\/posts\/746494\/revisions\/746496"}],"wp:featuredmedia":[{"embeddable":true,"href":"https:\/\/arantv.az\/index.php?rest_route=\/wp\/v2\/media\/746495"}],"wp:attachment":[{"href":"https:\/\/arantv.az\/index.php?rest_route=%2Fwp%2Fv2%2Fmedia&parent=746494"}],"wp:term":[{"taxonomy":"category","embeddable":true,"href":"https:\/\/arantv.az\/index.php?rest_route=%2Fwp%2Fv2%2Fcategories&post=746494"},{"taxonomy":"post_tag","embeddable":true,"href":"https:\/\/arantv.az\/index.php?rest_route=%2Fwp%2Fv2%2Ftags&post=746494"}],"curies":[{"name":"wp","href":"https:\/\/api.w.org\/{rel}","templated":true}]}}