{"id":746635,"date":"2024-08-21T20:37:49","date_gmt":"2024-08-21T16:37:49","guid":{"rendered":"https:\/\/arantv.az\/?p=746635"},"modified":"2024-08-21T20:37:49","modified_gmt":"2024-08-21T16:37:49","slug":"bu-il-parlament-seckil%c9%99rini-rekord-sayda-qht-musahid%c9%99cil%c9%99ri-izl%c9%99y%c9%99c%c9%99k","status":"publish","type":"post","link":"https:\/\/arantv.az\/?p=746635","title":{"rendered":"Bu il parlament se\u00e7kil\u0259rini rekord sayda QHT m\u00fc\u015fahid\u0259\u00e7il\u0259ri izl\u0259y\u0259c\u0259k"},"content":{"rendered":"<p><strong>Sentyabr\u0131n 1-d\u0259 ke\u00e7iril\u0259c\u0259k parlament se\u00e7kil\u0259rind\u0259 b\u00fct\u00fcn respublika \u00fczr\u0259 m\u00fc\u015fahid\u0259 aparmaq m\u0259qs\u0259dil\u0259 v\u0259t\u0259nda\u015f c\u0259miyy\u0259ti v\u0259 QHT-l\u0259ri t\u0259msil ed\u0259n 5100 n\u0259f\u0259rd\u0259n \u00e7ox m\u00fc\u015fahid\u0259\u00e7i qeydiyyatdan ke\u00e7ib ki, bu da \u0259vv\u0259lki parlament se\u00e7kil\u0259ri il\u0259 m\u00fcqayis\u0259d\u0259 rekord g\u00f6st\u0259ricidir.<\/strong><\/p>\n<p>&#8220;Report&#8221; x\u0259b\u0259r verir ki, bu r\u0259q\u0259m qeyd olunan kateqoriya \u00fczr\u0259 2015-ci ild\u0259 Milli M\u0259clis\u0259 se\u00e7kil\u0259rd\u0259ki g\u00f6st\u0259ricid\u0259n 7 d\u0259f\u0259, 2020-ci ild\u0259ki parlament se\u00e7kil\u0259rind\u0259ki saydan is\u0259 4 d\u0259f\u0259 \u00e7oxdur.<\/p>\n<p>Bu il QHT-l\u0259r Milli M\u0259clis\u0259 se\u00e7kil\u0259ri monitorinq etm\u0259k \u00fc\u00e7\u00fcn 2 se\u00e7ki koalisiyas\u0131 t\u0259sis edib. Onlardan biri \u201cM\u0259nim s\u0259sim\u201d Se\u00e7ki Monitorinq Koalisiyas\u0131d\u0131r. Bu Koalisiyan\u0131n h\u0259mt\u0259sis\u00e7il\u0259ri tan\u0131nm\u0131\u015f h\u00fcquq m\u00fcdafi\u0259\u00e7il\u0259ri &#8211; D.\u018fliyeva ad\u0131na Az\u0259rbaycan Qad\u0131nlar\u0131n\u0131n H\u00fcquqlar\u0131n\u0131n M\u00fcdafi\u0259 C\u0259miyy\u0259ti \u0130ctimai Birliyinin s\u0259dri Novella C\u0259f\u0259ro\u011flu, Beyn\u0259lxalq \u0130nsan H\u00fcquqlar\u0131 C\u0259miyy\u0259tinin Az\u0259rbaycan Milli B\u00f6lm\u0259si \u0130ctimai Birliyinin s\u0259dri S\u0259ad\u0259t B\u0259n\u0259nyarl\u0131, \u0130nsan H\u00fcquqlar\u0131 v\u0259 Qanun\u00e7ulu\u011fun M\u00fcdafi\u0259si \u0130ctimai Birliyinin s\u0259dri S\u0259id\u0259 Qocamanl\u0131d\u0131r.<\/p>\n<p>\u201cV\u0259t\u0259nda\u015f c\u0259miyy\u0259ti u\u011frunda\u201d Se\u00e7ki M\u00fc\u015fahid\u0259 Koalisiyas\u0131n\u0131 is\u0259 n\u00fcfuzlu QHT r\u0259hb\u0259rl\u0259ri &#8211; \u201cPrioritet\u201d Sosial-\u0130qtisadi Ara\u015fd\u0131rmalar M\u0259rk\u0259zi \u0130ctimai Birliyinin s\u0259dri Zaur \u0130brahimli, H\u00fcquqi T\u0259hlil v\u0259 Ara\u015fd\u0131rmalar \u0130ctimai Birliyinin s\u0259dri Ramil \u0130sk\u0259nd\u0259rli, \u201cB\u0259l\u0259diyy\u0259l\u0259rin f\u0259aliyy\u0259tinin t\u0259bli\u011fi\u201d \u0130ctimai Birliyinin s\u0259dri V\u00fcqar Tofiqli t\u0259sis edib.<\/p>\n<p>Se\u00e7ki g\u00fcn\u00fc m\u0259nt\u0259q\u0259l\u0259rd\u0259 m\u00fc\u015fahid\u0259 aparacaq QHT t\u0259msil\u00e7il\u0259rind\u0259n 20%-i bu 2 se\u00e7ki koalisiyas\u0131n\u0131n n\u00fcmay\u0259nd\u0259l\u0259ri olacaq. Koalisiyalar\u0131n mediada verdikl\u0259ri a\u00e7\u0131qlamalardan g\u00f6r\u00fcn\u00fcr ki, onlar\u0131n h\u0259r biri 500 n\u0259f\u0259rd\u0259n \u00e7ox se\u00e7ki m\u00fc\u015fahid\u0259\u00e7isi il\u0259 prosesi izl\u0259y\u0259c\u0259k.<\/p>\n<p>Dig\u0259r maraql\u0131 m\u0259qam h\u0259r iki Koalisiyan\u0131n ayr\u0131-ayr\u0131l\u0131qda se\u00e7ki dair\u0259l\u0259rinin 50%-d\u0259n \u00e7oxunda t\u0259msil olunacaqlar\u0131 il\u0259 \u0259laq\u0259dar a\u00e7\u0131qlad\u0131qlar\u0131 m\u0259lumatlard\u0131r. Beyn\u0259lxalq t\u0259cr\u00fcb\u0259y\u0259 g\u00f6r\u0259, se\u00e7ki dair\u0259l\u0259rinin yar\u0131dan \u00e7oxunda m\u00fc\u015fahid\u0259 aparm\u0131\u015f qurumlar\u0131n r\u0259yl\u0259ri daha etibarl\u0131 say\u0131l\u0131r.<\/p>\n<p>Koalisiyalarda birl\u0259\u015fm\u0259d\u0259n se\u00e7kil\u0259ri m\u00fc\u015fahid\u0259 ed\u0259c\u0259k QHT-l\u0259r d\u0259 var. Az\u0259rbaycan Respublikas\u0131 M\u00fcharib\u0259, \u018fm\u0259k v\u0259 Silahl\u0131 Q\u00fcvv\u0259l\u0259r Veteranlar\u0131 T\u0259\u015fkilat\u0131ndan veril\u0259n m\u0259lumata g\u00f6r\u0259, t\u0259\u015fkilat 700 n\u0259f\u0259r\u0259 yax\u0131n \u00fcmumrespublika m\u00fc\u015fahid\u0259\u00e7i il\u0259 se\u00e7ki g\u00fcn\u00fc m\u00fc\u015fahid\u0259 apacaq.<\/p>\n<p>Az\u0259rbaycan T\u0259l\u0259b\u0259 G\u0259ncl\u0259r T\u0259\u015fkilatlar\u0131 \u0130ttifaq\u0131, Az\u0259rbaycan K\u00f6n\u00fcll\u00fc T\u0259\u015fkilatlar\u0131 \u0130ttifaq\u0131 is\u0259 \u00fcmumilikd\u0259 1500 n\u0259f\u0259rlik \u00fcmumrespublika m\u00fc\u015fahid\u0259\u00e7isi il\u0259 t\u0259msil olunur.<\/p>\n<p>Az\u0259rbaycan Qaraba\u011f M\u00fcharib\u0259si \u018flill\u0259ri, Veteranlar\u0131 v\u0259 \u015e\u0259hid Ail\u0259l\u0259ri \u0130ctimai Birliyind\u0259n veril\u0259n m\u0259lumata g\u00f6r\u0259, bu t\u0259\u015fkilat 100 n\u0259f\u0259r \u00fcmumrespublika m\u00fc\u015fahid\u0259\u00e7isi il\u0259 prosesi izl\u0259y\u0259c\u0259k.<\/p>\n<p>QHT-l\u0259rin a\u00e7\u0131qlamalar\u0131ndan g\u00f6r\u00fcn\u00fcr ki, bu il onlar\u0131n h\u0259r biri i\u015f\u011faldan azad edilmi\u015f \u0259razil\u0259rd\u0259ki se\u00e7ki m\u0259nt\u0259q\u0259l\u0259rind\u0259 d\u0259 m\u00fc\u015fahid\u0259\u00e7iliyi t\u0259min ed\u0259c\u0259k.<\/p>\n","protected":false},"excerpt":{"rendered":"<p>Sentyabr\u0131n 1-d\u0259 ke\u00e7iril\u0259c\u0259k parlament se\u00e7kil\u0259rind\u0259 b\u00fct\u00fcn respublika \u00fczr\u0259 m\u00fc\u015fahid\u0259 aparmaq m\u0259qs\u0259dil\u0259 v\u0259t\u0259nda\u015f c\u0259miyy\u0259ti v\u0259 QHT-l\u0259ri t\u0259msil ed\u0259n 5100 n\u0259f\u0259rd\u0259n \u00e7ox m\u00fc\u015fahid\u0259\u00e7i qeydiyyatdan ke\u00e7ib ki, bu da \u0259vv\u0259lki parlament se\u00e7kil\u0259ri il\u0259 m\u00fcqayis\u0259d\u0259 rekord g\u00f6st\u0259ricidir. &#8220;Report&#8221; x\u0259b\u0259r verir ki, bu r\u0259q\u0259m qeyd olunan kateqoriya \u00fczr\u0259 2015-ci ild\u0259 Milli M\u0259clis\u0259 se\u00e7kil\u0259rd\u0259ki g\u00f6st\u0259ricid\u0259n 7 d\u0259f\u0259, 2020-ci ild\u0259ki parlament se\u00e7kil\u0259rind\u0259ki saydan is\u0259 4 d\u0259f\u0259 \u00e7oxdur. Bu il QHT-l\u0259r Milli M\u0259clis\u0259 se\u00e7kil\u0259ri monitorinq etm\u0259k \u00fc\u00e7\u00fcn 2 se\u00e7ki koalisiyas\u0131 t\u0259sis edib. Onlardan biri \u201cM\u0259nim s\u0259sim\u201d Se\u00e7ki Monitorinq Koalisiyas\u0131d\u0131r. Bu Koalisiyan\u0131n h\u0259mt\u0259sis\u00e7il\u0259ri tan\u0131nm\u0131\u015f h\u00fcquq m\u00fcdafi\u0259\u00e7il\u0259ri &#8211; D.\u018fliyeva ad\u0131na&hellip;<\/p>\n","protected":false},"author":2,"featured_media":746636,"comment_status":"closed","ping_status":"closed","sticky":false,"template":"","format":"standard","meta":{"om_disable_all_campaigns":false,"_monsterinsights_skip_tracking":false,"_monsterinsights_sitenote_active":false,"_monsterinsights_sitenote_note":"","_monsterinsights_sitenote_category":0},"categories":[19],"tags":[],"aioseo_notices":[],"gutentor_comment":0,"rttpg_featured_image_url":{"full":["https:\/\/arantv.az\/wp-content\/uploads\/2024\/08\/d65748703f543ee933b24807db6b8718.jpg",850,500,false],"landscape":["https:\/\/arantv.az\/wp-content\/uploads\/2024\/08\/d65748703f543ee933b24807db6b8718.jpg",850,500,false],"portraits":["https:\/\/arantv.az\/wp-content\/uploads\/2024\/08\/d65748703f543ee933b24807db6b8718.jpg",850,500,false],"thumbnail":["https:\/\/arantv.az\/wp-content\/uploads\/2024\/08\/d65748703f543ee933b24807db6b8718-500x280.jpg",500,280,true],"medium":["https:\/\/arantv.az\/wp-content\/uploads\/2024\/08\/d65748703f543ee933b24807db6b8718-621x365.jpg",621,365,true],"large":["https:\/\/arantv.az\/wp-content\/uploads\/2024\/08\/d65748703f543ee933b24807db6b8718-840x494.jpg",640,376,true],"1536x1536":["https:\/\/arantv.az\/wp-content\/uploads\/2024\/08\/d65748703f543ee933b24807db6b8718.jpg",850,500,false],"2048x2048":["https:\/\/arantv.az\/wp-content\/uploads\/2024\/08\/d65748703f543ee933b24807db6b8718.jpg",850,500,false],"post-thumbnail":["https:\/\/arantv.az\/wp-content\/uploads\/2024\/08\/d65748703f543ee933b24807db6b8718-240x172.jpg",240,172,true],"advps-thumb-one":["https:\/\/arantv.az\/wp-content\/uploads\/2024\/08\/d65748703f543ee933b24807db6b8718.jpg",850,500,false]},"rttpg_author":{"display_name":"V\u00fcsal Rafiqo\u011flu","author_link":"https:\/\/arantv.az\/?author=2"},"rttpg_comment":0,"rttpg_category":"<a href=\"https:\/\/arantv.az\/?cat=19\" rel=\"category\">G\u00fcnd\u0259m<\/a>","rttpg_excerpt":"Sentyabr\u0131n 1-d\u0259 ke\u00e7iril\u0259c\u0259k parlament se\u00e7kil\u0259rind\u0259 b\u00fct\u00fcn respublika \u00fczr\u0259 m\u00fc\u015fahid\u0259 aparmaq m\u0259qs\u0259dil\u0259 v\u0259t\u0259nda\u015f c\u0259miyy\u0259ti v\u0259 QHT-l\u0259ri t\u0259msil ed\u0259n 5100 n\u0259f\u0259rd\u0259n \u00e7ox m\u00fc\u015fahid\u0259\u00e7i qeydiyyatdan ke\u00e7ib ki, bu da \u0259vv\u0259lki parlament se\u00e7kil\u0259ri il\u0259 m\u00fcqayis\u0259d\u0259 rekord g\u00f6st\u0259ricidir. &#8220;Report&#8221; x\u0259b\u0259r verir ki, bu r\u0259q\u0259m qeyd olunan kateqoriya \u00fczr\u0259 2015-ci ild\u0259 Milli M\u0259clis\u0259 se\u00e7kil\u0259rd\u0259ki g\u00f6st\u0259ricid\u0259n 7 d\u0259f\u0259, 2020-ci ild\u0259ki parlament se\u00e7kil\u0259rind\u0259ki&hellip;","_links":{"self":[{"href":"https:\/\/arantv.az\/index.php?rest_route=\/wp\/v2\/posts\/746635"}],"collection":[{"href":"https:\/\/arantv.az\/index.php?rest_route=\/wp\/v2\/posts"}],"about":[{"href":"https:\/\/arantv.az\/index.php?rest_route=\/wp\/v2\/types\/post"}],"author":[{"embeddable":true,"href":"https:\/\/arantv.az\/index.php?rest_route=\/wp\/v2\/users\/2"}],"replies":[{"embeddable":true,"href":"https:\/\/arantv.az\/index.php?rest_route=%2Fwp%2Fv2%2Fcomments&post=746635"}],"version-history":[{"count":2,"href":"https:\/\/arantv.az\/index.php?rest_route=\/wp\/v2\/posts\/746635\/revisions"}],"predecessor-version":[{"id":746638,"href":"https:\/\/arantv.az\/index.php?rest_route=\/wp\/v2\/posts\/746635\/revisions\/746638"}],"wp:featuredmedia":[{"embeddable":true,"href":"https:\/\/arantv.az\/index.php?rest_route=\/wp\/v2\/media\/746636"}],"wp:attachment":[{"href":"https:\/\/arantv.az\/index.php?rest_route=%2Fwp%2Fv2%2Fmedia&parent=746635"}],"wp:term":[{"taxonomy":"category","embeddable":true,"href":"https:\/\/arantv.az\/index.php?rest_route=%2Fwp%2Fv2%2Fcategories&post=746635"},{"taxonomy":"post_tag","embeddable":true,"href":"https:\/\/arantv.az\/index.php?rest_route=%2Fwp%2Fv2%2Ftags&post=746635"}],"curies":[{"name":"wp","href":"https:\/\/api.w.org\/{rel}","templated":true}]}}