{"id":746642,"date":"2024-08-21T20:40:16","date_gmt":"2024-08-21T16:40:16","guid":{"rendered":"https:\/\/arantv.az\/?p=746642"},"modified":"2024-08-21T20:40:16","modified_gmt":"2024-08-21T16:40:16","slug":"xin-az%c9%99rbaycan-terrorla-mubariz%c9%99-sah%c9%99sind%c9%99-daim-on-siralardadir","status":"publish","type":"post","link":"https:\/\/arantv.az\/?p=746642","title":{"rendered":"X\u0130N: Az\u0259rbaycan terrorla m\u00fcbariz\u0259 sah\u0259sind\u0259 daim \u00f6n s\u0131ralardad\u0131r"},"content":{"rendered":"<div class=\"text-content\" data-id=\"\" data-url=\"\">\n<p><strong>Az\u0259rbaycan terrordan ciddi \u015f\u0259kild\u0259 \u0259ziyy\u0259t \u00e7\u0259k\u0259n bir \u00f6lk\u0259 olaraq milli v\u0259 beyn\u0259lxalq s\u0259viyy\u0259d\u0259 terrorla m\u00fcbariz\u0259 sah\u0259sind\u0259 daim \u00f6n s\u0131ralardad\u0131r.<\/strong><\/p>\n<p><strong>ARANTV.AZ <\/strong>\u00a0x\u0259b\u0259r verir ki, bu bar\u0259d\u0259 Az\u0259rbaycan Xarici \u0130\u015fl\u0259r Nazirliyinin (X\u0130N) Terrorizm Qurbanlar\u0131n\u0131n Xatir\u0259sini Beyn\u0259lxalq Anma G\u00fcn\u00fc il\u0259 ba\u011fl\u0131 &#8220;X&#8221; hesab\u0131nda etdiyi payla\u015f\u0131mda bildirilib:<\/p>\n<p>&#8220;Biz terrorizmin b\u00fct\u00fcn forma v\u0259 t\u0259zah\u00fcrl\u0259rini q\u0259tiyy\u0259tl\u0259 r\u0259dd edirik v\u0259 bu ciddi t\u0259hl\u00fck\u0259y\u0259 qar\u015f\u0131 g\u00fccl\u00fc beyn\u0259lxalq f\u0259aliyy\u0259tin t\u0259r\u0259fdar\u0131y\u0131q&#8221;.<\/p>\n<div class=\"twitter-tweet twitter-tweet-rendered\"><iframe loading=\"lazy\" id=\"twitter-widget-0\" class=\"\" title=\"X Post\" src=\"https:\/\/platform.twitter.com\/embed\/Tweet.html?dnt=false&amp;embedId=twitter-widget-0&amp;features=eyJ0ZndfdGltZWxpbmVfbGlzdCI6eyJidWNrZXQiOltdLCJ2ZXJzaW9uIjpudWxsfSwidGZ3X2ZvbGxvd2VyX2NvdW50X3N1bnNldCI6eyJidWNrZXQiOnRydWUsInZlcnNpb24iOm51bGx9LCJ0ZndfdHdlZXRfZWRpdF9iYWNrZW5kIjp7ImJ1Y2tldCI6Im9uIiwidmVyc2lvbiI6bnVsbH0sInRmd19yZWZzcmNfc2Vzc2lvbiI6eyJidWNrZXQiOiJvbiIsInZlcnNpb24iOm51bGx9LCJ0ZndfZm9zbnJfc29mdF9pbnRlcnZlbnRpb25zX2VuYWJsZWQiOnsiYnVja2V0Ijoib24iLCJ2ZXJzaW9uIjpudWxsfSwidGZ3X21peGVkX21lZGlhXzE1ODk3Ijp7ImJ1Y2tldCI6InRyZWF0bWVudCIsInZlcnNpb24iOm51bGx9LCJ0ZndfZXhwZXJpbWVudHNfY29va2llX2V4cGlyYXRpb24iOnsiYnVja2V0IjoxMjA5NjAwLCJ2ZXJzaW9uIjpudWxsfSwidGZ3X3Nob3dfYmlyZHdhdGNoX3Bpdm90c19lbmFibGVkIjp7ImJ1Y2tldCI6Im9uIiwidmVyc2lvbiI6bnVsbH0sInRmd19kdXBsaWNhdGVfc2NyaWJlc190b19zZXR0aW5ncyI6eyJidWNrZXQiOiJvbiIsInZlcnNpb24iOm51bGx9LCJ0ZndfdXNlX3Byb2ZpbGVfaW1hZ2Vfc2hhcGVfZW5hYmxlZCI6eyJidWNrZXQiOiJvbiIsInZlcnNpb24iOm51bGx9LCJ0ZndfdmlkZW9faGxzX2R5bmFtaWNfbWFuaWZlc3RzXzE1MDgyIjp7ImJ1Y2tldCI6InRydWVfYml0cmF0ZSIsInZlcnNpb24iOm51bGx9LCJ0ZndfbGVnYWN5X3RpbWVsaW5lX3N1bnNldCI6eyJidWNrZXQiOnRydWUsInZlcnNpb24iOm51bGx9LCJ0ZndfdHdlZXRfZWRpdF9mcm9udGVuZCI6eyJidWNrZXQiOiJvbiIsInZlcnNpb24iOm51bGx9fQ%3D%3D&amp;frame=false&amp;hideCard=false&amp;hideThread=false&amp;id=1826238561017880731&amp;lang=en&amp;origin=https%3A%2F%2Freport.az%2Fxarici-siyaset%2Fxin-azerbaycan-terrorla-mubarize-sahesinde-daima-on-siralardadir%2F&amp;sessionId=6df2e1ecc0bb1f492ffe2e3887a23a70906f3573&amp;theme=light&amp;widgetsVersion=2615f7e52b7e0%3A1702314776716&amp;width=550px\" width=\"750\" height=\"375\" frameborder=\"0\" scrolling=\"no\" allowfullscreen=\"allowfullscreen\" data-tweet-id=\"1826238561017880731\" data-mce-fragment=\"1\"><\/iframe><\/div>\n<\/div>\n<div><\/div>\n<div><\/div>\n<div class=\"inner-social-box\">\n<div class=\"subs-in-social subs-whatsapp\"><\/div>\n<\/div>\n","protected":false},"excerpt":{"rendered":"<p>Az\u0259rbaycan terrordan ciddi \u015f\u0259kild\u0259 \u0259ziyy\u0259t \u00e7\u0259k\u0259n bir \u00f6lk\u0259 olaraq milli v\u0259 beyn\u0259lxalq s\u0259viyy\u0259d\u0259 terrorla m\u00fcbariz\u0259 sah\u0259sind\u0259 daim \u00f6n s\u0131ralardad\u0131r. ARANTV.AZ \u00a0x\u0259b\u0259r verir ki, bu bar\u0259d\u0259 Az\u0259rbaycan Xarici \u0130\u015fl\u0259r Nazirliyinin (X\u0130N) Terrorizm Qurbanlar\u0131n\u0131n Xatir\u0259sini Beyn\u0259lxalq Anma G\u00fcn\u00fc il\u0259 ba\u011fl\u0131 &#8220;X&#8221; hesab\u0131nda etdiyi payla\u015f\u0131mda bildirilib: &#8220;Biz terrorizmin b\u00fct\u00fcn forma v\u0259 t\u0259zah\u00fcrl\u0259rini q\u0259tiyy\u0259tl\u0259 r\u0259dd edirik v\u0259 bu ciddi t\u0259hl\u00fck\u0259y\u0259 qar\u015f\u0131 g\u00fccl\u00fc beyn\u0259lxalq f\u0259aliyy\u0259tin t\u0259r\u0259fdar\u0131y\u0131q&#8221;.<\/p>\n","protected":false},"author":2,"featured_media":746643,"comment_status":"closed","ping_status":"closed","sticky":false,"template":"","format":"standard","meta":{"om_disable_all_campaigns":false,"_monsterinsights_skip_tracking":false,"_monsterinsights_sitenote_active":false,"_monsterinsights_sitenote_note":"","_monsterinsights_sitenote_category":0},"categories":[4],"tags":[],"aioseo_notices":[],"gutentor_comment":0,"rttpg_featured_image_url":{"full":["https:\/\/arantv.az\/wp-content\/uploads\/2024\/08\/b2e5af30ec1ae72a29a4c88d970adf9f.jpg",850,500,false],"landscape":["https:\/\/arantv.az\/wp-content\/uploads\/2024\/08\/b2e5af30ec1ae72a29a4c88d970adf9f.jpg",850,500,false],"portraits":["https:\/\/arantv.az\/wp-content\/uploads\/2024\/08\/b2e5af30ec1ae72a29a4c88d970adf9f.jpg",850,500,false],"thumbnail":["https:\/\/arantv.az\/wp-content\/uploads\/2024\/08\/b2e5af30ec1ae72a29a4c88d970adf9f-500x280.jpg",500,280,true],"medium":["https:\/\/arantv.az\/wp-content\/uploads\/2024\/08\/b2e5af30ec1ae72a29a4c88d970adf9f-621x365.jpg",621,365,true],"large":["https:\/\/arantv.az\/wp-content\/uploads\/2024\/08\/b2e5af30ec1ae72a29a4c88d970adf9f-840x494.jpg",640,376,true],"1536x1536":["https:\/\/arantv.az\/wp-content\/uploads\/2024\/08\/b2e5af30ec1ae72a29a4c88d970adf9f.jpg",850,500,false],"2048x2048":["https:\/\/arantv.az\/wp-content\/uploads\/2024\/08\/b2e5af30ec1ae72a29a4c88d970adf9f.jpg",850,500,false],"post-thumbnail":["https:\/\/arantv.az\/wp-content\/uploads\/2024\/08\/b2e5af30ec1ae72a29a4c88d970adf9f-240x172.jpg",240,172,true],"advps-thumb-one":["https:\/\/arantv.az\/wp-content\/uploads\/2024\/08\/b2e5af30ec1ae72a29a4c88d970adf9f.jpg",850,500,false]},"rttpg_author":{"display_name":"V\u00fcsal Rafiqo\u011flu","author_link":"https:\/\/arantv.az\/?author=2"},"rttpg_comment":0,"rttpg_category":"<a href=\"https:\/\/arantv.az\/?cat=4\" rel=\"category\">Siyas\u0259t<\/a>","rttpg_excerpt":"Az\u0259rbaycan terrordan ciddi \u015f\u0259kild\u0259 \u0259ziyy\u0259t \u00e7\u0259k\u0259n bir \u00f6lk\u0259 olaraq milli v\u0259 beyn\u0259lxalq s\u0259viyy\u0259d\u0259 terrorla m\u00fcbariz\u0259 sah\u0259sind\u0259 daim \u00f6n s\u0131ralardad\u0131r. ARANTV.AZ \u00a0x\u0259b\u0259r verir ki, bu bar\u0259d\u0259 Az\u0259rbaycan Xarici \u0130\u015fl\u0259r Nazirliyinin (X\u0130N) Terrorizm Qurbanlar\u0131n\u0131n Xatir\u0259sini Beyn\u0259lxalq Anma G\u00fcn\u00fc il\u0259 ba\u011fl\u0131 &#8220;X&#8221; hesab\u0131nda etdiyi payla\u015f\u0131mda bildirilib: &#8220;Biz terrorizmin b\u00fct\u00fcn forma v\u0259 t\u0259zah\u00fcrl\u0259rini q\u0259tiyy\u0259tl\u0259 r\u0259dd edirik v\u0259 bu ciddi&hellip;","_links":{"self":[{"href":"https:\/\/arantv.az\/index.php?rest_route=\/wp\/v2\/posts\/746642"}],"collection":[{"href":"https:\/\/arantv.az\/index.php?rest_route=\/wp\/v2\/posts"}],"about":[{"href":"https:\/\/arantv.az\/index.php?rest_route=\/wp\/v2\/types\/post"}],"author":[{"embeddable":true,"href":"https:\/\/arantv.az\/index.php?rest_route=\/wp\/v2\/users\/2"}],"replies":[{"embeddable":true,"href":"https:\/\/arantv.az\/index.php?rest_route=%2Fwp%2Fv2%2Fcomments&post=746642"}],"version-history":[{"count":1,"href":"https:\/\/arantv.az\/index.php?rest_route=\/wp\/v2\/posts\/746642\/revisions"}],"predecessor-version":[{"id":746644,"href":"https:\/\/arantv.az\/index.php?rest_route=\/wp\/v2\/posts\/746642\/revisions\/746644"}],"wp:featuredmedia":[{"embeddable":true,"href":"https:\/\/arantv.az\/index.php?rest_route=\/wp\/v2\/media\/746643"}],"wp:attachment":[{"href":"https:\/\/arantv.az\/index.php?rest_route=%2Fwp%2Fv2%2Fmedia&parent=746642"}],"wp:term":[{"taxonomy":"category","embeddable":true,"href":"https:\/\/arantv.az\/index.php?rest_route=%2Fwp%2Fv2%2Fcategories&post=746642"},{"taxonomy":"post_tag","embeddable":true,"href":"https:\/\/arantv.az\/index.php?rest_route=%2Fwp%2Fv2%2Ftags&post=746642"}],"curies":[{"name":"wp","href":"https:\/\/api.w.org\/{rel}","templated":true}]}}