{"id":746649,"date":"2024-08-21T20:51:01","date_gmt":"2024-08-21T16:51:01","guid":{"rendered":"https:\/\/arantv.az\/?p=746649"},"modified":"2024-08-21T20:51:01","modified_gmt":"2024-08-21T16:51:01","slug":"az%c9%99rbaycan-ozb%c9%99kistan-munasib%c9%99tl%c9%99ri-turk-dunyasinin-birliyin%c9%99-xidm%c9%99t-edir","status":"publish","type":"post","link":"https:\/\/arantv.az\/?p=746649","title":{"rendered":"Az\u0259rbaycan-\u00d6zb\u0259kistan m\u00fcnasib\u0259tl\u0259ri T\u00fcrk d\u00fcnyas\u0131n\u0131n birliyin\u0259 xidm\u0259t edir"},"content":{"rendered":"<p><em><strong>Son iyirmi ild\u0259 Az\u0259rbaycan qar\u015f\u0131s\u0131na qoydu\u011fu b\u00fct\u00fcn h\u0259d\u0259fl\u0259r\u0259 \u00e7atmaq \u00fc\u00e7\u00fcn g\u0259l\u0259c\u0259y\u0259 hesablanm\u0131\u015f u\u011furlu daxili v\u0259 xarici siyas\u0259t h\u0259yata ke\u00e7irir. B\u00fct\u00fcn d\u00f6vl\u0259tl\u0259rl\u0259 v\u0259 xalqlarla s\u00fclh, dostluq \u015f\u0259raitind\u0259 ya\u015famaq niyy\u0259tini israrla b\u0259yan ed\u0259n \u00f6lk\u0259miz \u0259n m\u00f6t\u0259b\u0259r beyn\u0259lxalq t\u0259\u015fkilatlarda t\u0259msil olunaraq qar\u015f\u0131l\u0131ql\u0131 \u0259laq\u0259l\u0259rin geni\u015fl\u0259ndirilm\u0259si v\u0259 bu m\u00fcnasib\u0259tl\u0259rin \u00e7ox\u015fax\u0259li \u0259m\u0259kda\u015fl\u0131\u011fa \u00e7evrilm\u0259si istiqam\u0259tind\u0259 f\u0259al i\u015f apar\u0131r, d\u00fcnyada v\u0259 regionda s\u00fclh\u00fcn, t\u0259hl\u00fck\u0259sizliyin qorunmas\u0131na v\u0259 m\u00f6hk\u0259ml\u0259nm\u0259sin\u0259 layiqli t\u00f6hf\u0259l\u0259r verir. Etibarl\u0131 t\u0259r\u0259fda\u015f, s\u00f6z\u00fc il\u0259 \u0259m\u0259li bir olan, d\u00fcnyada s\u00fclh\u00fcn, \u0259min-amanl\u0131\u011f\u0131n b\u0259rq\u0259rar olunmas\u0131na m\u00fch\u00fcm t\u00f6hf\u0259l\u0259r ver\u0259n m\u00fcst\u0259qil Az\u0259rbaycan \u0130kinci Qaraba\u011f m\u00fcharib\u0259sind\u0259n sonra b\u00f6lg\u0259d\u0259 tamamil\u0259 yeni reall\u0131q yarad\u0131b. Regionda v\u0259 d\u00fcnyada n\u00fcfuzu durmadan artan Az\u0259rbaycan\u0131n b\u00f6lg\u0259d\u0259 s\u00fclh\u00fcn b\u0259rpas\u0131 prosesind\u0259 ir\u0259li s\u00fcrd\u00fcy\u00fc t\u0259klifl\u0259r v\u0259 t\u0259\u015f\u0259bb\u00fcsl\u0259r ist\u0259r region \u00f6lk\u0259l\u0259ri, ist\u0259rs\u0259 d\u0259 d\u00fcnyan\u0131n superg\u00fccl\u0259ri v\u0259 beyn\u0259lxalq t\u0259\u015fkilatlar t\u0259r\u0259find\u0259n q\u0259bul edilm\u0259kd\u0259dir. Az\u0259rbaycan h\u00f6kum\u0259tinin h\u0259yata ke\u00e7irdiyi irimiqyasl\u0131 enerji v\u0259 n\u0259qliyyat layih\u0259l\u0259ri regiondak\u0131 dig\u0259r d\u00f6vl\u0259tl\u0259rin d\u0259 inki\u015faf\u0131na, xalqlar\u0131n rifah\u0131na xidm\u0259t g\u00f6st\u0259rir. M\u0259hz bu amill\u0259r Az\u0259rbaycan il\u0259 m\u00fcxt\u0259lif \u00f6lk\u0259l\u0259r aras\u0131nda ikit\u0259r\u0259fli \u0259laq\u0259l\u0259rin s\u00fcr\u0259tli inki\u015faf\u0131na t\u0259kan verir. Az\u0259rbaycan\u0131n xarici siyas\u0259tind\u0259 M\u0259rk\u0259zi Asiya \u00f6lk\u0259l\u0259ri, h\u0259m\u00e7inin \u00d6zb\u0259kistan il\u0259 m\u00fcnasib\u0259tl\u0259rin inki\u015faf\u0131 m\u00fch\u00fcm yer tutur. M\u0259rk\u0259zi Asiyan\u0131n \u0259n b\u00f6y\u00fck d\u00f6vl\u0259tl\u0259rind\u0259n olan v\u0259 s\u00fcr\u0259tl\u0259 inki\u015faf ed\u0259n \u00d6zb\u0259kistan il\u0259 Az\u0259rbaycan\u0131n qar\u015f\u0131l\u0131ql\u0131 m\u00fcnasib\u0259tl\u0259ri x\u00fcsusil\u0259 son ill\u0259rd\u0259 durmadan geni\u015fl\u0259nir. Respublikam\u0131z\u0131n bu \u00f6lk\u0259 il\u0259 \u0259laq\u0259l\u0259ri h\u0259m ikit\u0259r\u0259fli, h\u0259m d\u0259 \u00e7oxt\u0259r\u0259fli platformalarda, o c\u00fcml\u0259d\u0259n d\u0259 T\u00fcrk D\u00f6vl\u0259tl\u0259ri T\u0259\u015fkilat\u0131nda intensiv \u015f\u0259kild\u0259 inki\u015faf edir.<\/strong><\/em><\/p>\n<p><em><strong><img src=\"https:\/\/ikisahil.az\/upload\/\/2024\/08\/21\/\/-8c8a58fa172424464837666415110704773.jpg\" alt=\"\" \/><\/strong><\/em><\/p>\n<p><strong>\u201c\u0130ki sahil\u201d\u00a0<\/strong>Az\u0259rbaycan-\u00d6zb\u0259kistan \u0259laq\u0259l\u0259rinin tarixin\u0259 v\u0259 inki\u015faf yoluna q\u0131sa n\u0259z\u0259r sal\u0131r.<\/p>\n<p>\u018fminlikl\u0259 dey\u0259 bil\u0259rik ki, h\u0259r iki \u00f6lk\u0259ni tarixd\u0259n g\u0259l\u0259n bir s\u0131ra ba\u011fl\u0131l\u0131qlar, d\u00f6vl\u0259tl\u0259rin siyasi irad\u0259si v\u0259 c\u0259miyy\u0259tl\u0259rin ist\u0259yi birl\u0259\u015fdirir. \u00d6lk\u0259l\u0259rimizin diplomatik m\u00fcnasib\u0259tl\u0259rinin 1995-ci il oktyabr\u0131n 2-d\u0259 qurulmas\u0131na baxmayaraq, Az\u0259rbaycan v\u0259 \u00f6zb\u0259k xalqlar\u0131 aras\u0131nda \u0259n\u0259n\u0259vi dostluq v\u0259 qarda\u015fl\u0131q \u0259laq\u0259l\u0259ri tarix\u0259n m\u00f6vcud olub. Ortaq tarixi, dini v\u0259 m\u0259d\u0259niyy\u0259ti b\u00f6l\u00fc\u015f\u0259n, eyni k\u00f6k\u0259 malik olan h\u0259r iki xalq aras\u0131ndak\u0131 \u0259laq\u0259l\u0259r q\u0259dim d\u00f6vrl\u0259r\u0259 gedib \u00e7\u0131x\u0131r. T\u0259sad\u00fcfi deyil ki, dahi \u00f6zb\u0259k m\u00fct\u0259f\u0259kkiri \u018fli\u015fir N\u0259vai \u00f6z \u201cX\u0259ms\u0259\u201dsini Nizami G\u0259nc\u0259vinin \u201cX\u0259ms\u0259\u201dsind\u0259n ilhamlanaraq q\u0259l\u0259m\u0259 al\u0131b.<\/p>\n<p>\u00d6zb\u0259kistan\u0131n sabiq Prezidenti \u0130slam K\u0259rimov d\u00f6vl\u0259tl\u0259rimiz v\u0259 xalqlar\u0131m\u0131z aras\u0131nda m\u0259d\u0259ni \u0259laq\u0259l\u0259r\u0259 toxunaraq demi\u015fdir ki, Da\u015fk\u0259nd v\u0259 Bak\u0131 \u015f\u0259h\u0259rl\u0259rind\u0259 dahi \u0259cdadlar\u0131m\u0131z Nizami G\u0259nc\u0259vi v\u0259 \u018fli\u015fir N\u0259vainin abid\u0259l\u0259rinin ucald\u0131lmas\u0131, Az\u0259rbaycan paytaxt\u0131n\u0131n k\u00fc\u00e7\u0259l\u0259rind\u0259n birin\u0259 d\u00fcnya\u015f\u00f6hr\u0259tli astronom Mirz\u0259 Uluqb\u0259yin ad\u0131n\u0131n verilm\u0259si az\u0259rbaycanl\u0131lar v\u0259 \u00f6zb\u0259kl\u0259r aras\u0131nda tarix\u0259n m\u00f6vcud olan qar\u015f\u0131l\u0131ql\u0131 mara\u011f\u0131n v\u0259 h\u00f6rm\u0259tin parlaq n\u00fcmun\u0259l\u0259ridir.<\/p>\n<p>Bak\u0131da, \u0130\u00e7\u0259ri\u015f\u0259h\u0259rd\u0259 yerl\u0259\u015f\u0259n, XV \u0259sr\u0259 aid Buxara karvansaras\u0131 M\u0259rk\u0259zi Asiyadan g\u0259l\u0259n tacirl\u0259r t\u0259r\u0259find\u0259n in\u015fa edilib. XVI-XVII \u0259srl\u0259rd\u0259 ya\u015fam\u0131\u015f Az\u0259rbaycan filosofu, \u015fairi v\u0259 b\u00f6y\u00fck din xadimi, \u0259sl\u0259n Qaraba\u011fdan olan Yusif ibn M\u0259h\u0259mm\u0259dcan Qaraba\u011finin q\u0259bri \u00d6zb\u0259kistan\u0131n S\u0259m\u0259rq\u0259nd \u015f\u0259h\u0259rind\u0259 yerl\u0259\u015fir. Bu faktlar m\u00fcnasib\u0259tl\u0259rimizin ke\u00e7mi\u015find\u0259n x\u0259b\u0259r verir v\u0259 g\u00f6st\u0259rir ki, h\u0259l\u0259 XV \u0259srd\u0259 xalqlar\u0131m\u0131z aras\u0131nda ticar\u0259t \u0259laq\u0259l\u0259ri v\u0259 elmi m\u00fcbadil\u0259 m\u00f6vcud olub.<\/p>\n<p>\u0130ki qarda\u015f xalq aras\u0131nda m\u0259d\u0259ni \u0259laq\u0259l\u0259r sovet d\u00f6n\u0259mind\u0259 d\u0259 xeyli inki\u015faf edib. \u00d6t\u0259n \u0259srin 30-cu ill\u0259rind\u0259 k\u00fctl\u0259vi repressiyalar zaman\u0131 on minl\u0259rl\u0259 az\u0259rbaycanl\u0131 \u00d6zb\u0259kistanda s\u0131\u011f\u0131nacaq tap\u0131b. 1966-c\u0131 ilin aprelind\u0259 da\u011f\u0131d\u0131c\u0131 z\u0259lz\u0259l\u0259d\u0259n sonra Da\u015fk\u0259ndin b\u0259rpas\u0131nda az\u0259rbaycanl\u0131lar da yax\u0131ndan i\u015ftirak edibl\u0259r. Bu g\u00fcn 70 min\u0259 yax\u0131n az\u0259rbaycanl\u0131 \u00d6zb\u0259kistan c\u0259miyy\u0259tinin sosial, ictimai, iqtisadi v\u0259 dig\u0259r sah\u0259l\u0259rind\u0259 f\u0259al i\u015ftirak edir. X\u00fcsusil\u0259 xat\u0131rlatmaq laz\u0131md\u0131r ki, haz\u0131rda \u00e7oxsayl\u0131 erm\u0259ni icmas\u0131n\u0131n ya\u015famas\u0131na baxmayaraq, \u00d6zb\u0259kistanda Erm\u0259nistan s\u0259firliyi v\u0259 Erm\u0259nistanda \u00d6zb\u0259kistan s\u0259firliyi f\u0259aliyy\u0259t g\u00f6st\u0259rmir.<\/p>\n<p>Az\u0259rbaycanla \u00d6zb\u0259kistan\u0131n tarixi dostluq, qarda\u015fl\u0131q m\u00fcnasib\u0259tl\u0259ri d\u00f6vl\u0259t m\u00fcst\u0259qillikl\u0259rini \u0259ld\u0259 etdikd\u0259n sonra daha da inki\u015faf etdirilib v\u0259 uzun ill\u0259rin s\u0131na\u011f\u0131ndan \u00e7\u0131xaraq bug\u00fcnk\u00fc s\u0259viyy\u0259y\u0259 g\u0259lib \u00e7at\u0131b. M\u00fcst\u0259qillik ill\u0259rind\u0259 iki qarda\u015f \u00f6lk\u0259 aras\u0131nda \u0259laq\u0259l\u0259rin inki\u015faf\u0131nda v\u0259 d\u00f6vl\u0259tl\u0259raras\u0131 m\u00fcnasib\u0259tl\u0259rin formala\u015fmas\u0131nda \u00dcmummilli Lider Heyd\u0259r \u018fliyevin v\u0259 \u00d6zb\u0259kistan\u0131n sabiq Prezidenti \u0130slam K\u0259rimovun m\u00fcst\u0259sna xidm\u0259tl\u0259ri olub. Prezident \u0130slam K\u0259rimovun 1996-c\u0131 ild\u0259 Az\u0259rbaycana v\u0259 Ulu \u00d6nd\u0259r Heyd\u0259r \u018fliyevin is\u0259 1997-ci ild\u0259 \u00d6zb\u0259kistana s\u0259f\u0259rl\u0259ri zaman\u0131 \u00f6lk\u0259l\u0259rimiz aras\u0131nda m\u00fcnasib\u0259tl\u0259rin strateji istiqam\u0259tl\u0259ri m\u00fc\u0259yy\u0259n edilib. Bel\u0259 ki, Prezident \u0130slam K\u0259rimovun 1996-c\u0131 il may\u0131n 26-27-d\u0259 Az\u0259rbaycana ilk r\u0259smi s\u0259f\u0259ri zaman\u0131 iki \u00f6lk\u0259 aras\u0131nda 18 sazi\u015fd\u0259n ibar\u0259t x\u00fcsusi s\u0259n\u0259dl\u0259r paketi, o c\u00fcml\u0259d\u0259n \u201cAz\u0259rbaycan Respublikas\u0131 v\u0259 \u00d6zb\u0259kistan Respublikas\u0131 aras\u0131nda dostluq v\u0259 \u0259m\u0259kda\u015fl\u0131q haqq\u0131nda m\u00fcqavil\u0259\u201d imzalan\u0131b. 1996-c\u0131 il oktyabr\u0131n 21-22-d\u0259 Az\u0259rbaycan Prezidenti Heyd\u0259r \u018fliyev T\u00fcrkdilli \u00d6lk\u0259l\u0259rin D\u00f6vl\u0259t Ba\u015f\u00e7\u0131lar\u0131n\u0131n IV Forumunda v\u0259 g\u00f6rk\u0259mli d\u00f6vl\u0259t xadimi \u018fmir Teymurun 660 illik yubiley m\u0259rasimind\u0259 i\u015ftirak etm\u0259k \u00fc\u00e7\u00fcn Da\u015fk\u0259ndd\u0259 s\u0259f\u0259rd\u0259 olub.<\/p>\n<p>\u00dcmumiyy\u0259tl\u0259, Ulu \u00d6nd\u0259r Heyd\u0259r \u018fliyev \u00f6zb\u0259k xalq\u0131na b\u00f6y\u00fck sevgi il\u0259 yana\u015f\u0131rd\u0131. 1970-ci ill\u0259rd\u0259 onun \u015e\u0259r\u0259f R\u0259\u015fidov il\u0259, ondan sonra &#8211; 1990-c\u0131 ill\u0259rd\u0259 is\u0259 \u0130slam K\u0259rimovla dostlu\u011fu m\u00fcnasib\u0259tl\u0259rimizin bug\u00fcnk\u00fc inki\u015faf\u0131n\u0131n t\u0259m\u0259lini qoyub. 1997-ci il iyunun 18-19-da \u00dcmummilli Lider Heyd\u0259r \u018fliyevin \u00d6zb\u0259kistana r\u0259smi s\u0259f\u0259rini is\u0259 m\u00fcnasib\u0259tl\u0259rin inki\u015faf\u0131nda yeni m\u0259rh\u0259l\u0259 kimi s\u0259ciyy\u0259l\u0259ndirm\u0259k olar. H\u0259min s\u0259f\u0259r zaman\u0131 Da\u015fk\u0259ndd\u0259 \u00f6lk\u0259l\u0259rimiz aras\u0131nda 19 s\u0259n\u0259d imzalan\u0131b. Bu s\u0259n\u0259dl\u0259r aras\u0131nda \u201cAz\u0259rbaycanla \u00d6zb\u0259kistan aras\u0131nda \u0259m\u0259kda\u015fl\u0131\u011f\u0131n daha da inki\u015faf etdirilm\u0259si, dostluq v\u0259 t\u0259r\u0259fda\u015fl\u0131q m\u00fcnasib\u0259tl\u0259rinin m\u00f6hk\u0259ml\u0259ndirilm\u0259si haqq\u0131nda m\u00fcqavil\u0259\u201d b\u00f6y\u00fck \u0259h\u0259miyy\u0259t k\u0259sb edir. H\u0259min s\u0259n\u0259dl\u0259r iki \u00f6lk\u0259 aras\u0131nda u\u011furlu \u0259m\u0259kda\u015fl\u0131q \u00fc\u00e7\u00fcn m\u00f6hk\u0259m fundamental h\u00fcquq-m\u00fcqavil\u0259 bazas\u0131 yarad\u0131b. S\u0259n\u0259dl\u0259rin imzalanmas\u0131 m\u0259rasimind\u0259 \u00e7\u0131x\u0131\u015f ed\u0259n Az\u0259rbaycan Prezidenti Heyd\u0259r \u018fliyev deyib: \u201cBiz Az\u0259rbaycanda \u00d6zb\u0259kistanla etibarl\u0131 t\u0259r\u0259fda\u015fl\u0131q m\u00fcnasib\u0259tl\u0259rin\u0259 malik olmaq ist\u0259yirik v\u0259 h\u0259r \u015fey ed\u0259c\u0259yik ki, bu m\u00fcnasib\u0259tl\u0259r olsun, onlar inki\u015faf edib m\u00f6hk\u0259ml\u0259nsin\u201d. Bug\u00fcnk\u00fc m\u0259nz\u0259r\u0259y\u0259 n\u0259z\u0259r salsaq g\u00f6r\u0259rik ki, Ulu \u00d6nd\u0259rin t\u0259m\u0259lini qoydu\u011fu m\u00fcnasib\u0259tl\u0259r Prezident \u0130lham \u018fliyevin u\u011furlu siyas\u0259ti n\u0259tic\u0259sind\u0259 b\u0259hr\u0259sini verir. 2022-ci ild\u0259 Prezident \u0130lham \u018fliyevin \u00d6zb\u0259kistana s\u0259f\u0259ri zaman\u0131 Da\u015fk\u0259ndin m\u0259rk\u0259zind\u0259 \u00dcmummilli Lider Heyd\u0259r \u018fliyevin xatir\u0259sin\u0259 h\u0259sr edilmi\u015f gu\u015f\u0259nin a\u00e7\u0131l\u0131\u015f\u0131 \u00d6zb\u0259kistan xalq\u0131n\u0131n Az\u0259rbaycan xalq\u0131n\u0131n b\u00f6y\u00fck Liderinin xatir\u0259sin\u0259, b\u00fct\u00fcn Az\u0259rbaycan xalq\u0131na h\u0259qiqi qarda\u015fl\u0131q m\u00fcnasib\u0259tinin t\u0259zah\u00fcr\u00fcd\u00fcr.<\/p>\n<p>Prezident \u0130lham \u018fliyev h\u0259r iki liderin tarixi xidm\u0259tl\u0259rini y\u00fcks\u0259k qiym\u0259tl\u0259ndir\u0259r\u0259k bildirib:\u00a0\u201cH\u0259m sovet d\u00f6vr\u00fcnd\u0259 xalqlar\u0131m\u0131z aras\u0131ndak\u0131 m\u00fcnasib\u0259tl\u0259r \u00e7ox yax\u0131n idi, qarda\u015fl\u0131q z\u0259minind\u0259 qurulmu\u015fdu. H\u0259m d\u0259 x\u00fcsusil\u0259 m\u00fcst\u0259qillik d\u00f6vr\u00fcnd\u0259 Heyd\u0259r \u018fliyev v\u0259 \u0130slam K\u0259rimov &#8211; iki \u00f6lk\u0259nin liderl\u0259ri ikit\u0259r\u0259fli m\u00fcnasib\u0259tl\u0259rin bug\u00fcnk\u00fc s\u0259viyy\u0259y\u0259 g\u0259lib \u00e7atmas\u0131nda \u00e7ox m\u00fch\u00fcm rol oynam\u0131\u015flar. Y\u0259ni, bizim dostlu\u011fumuzun b\u00f6y\u00fck tarixi v\u0259 tarixi k\u00f6kl\u0259ri vard\u0131r. Ancaq m\u00fcst\u0259qil \u00f6lk\u0259l\u0259r kimi \u00d6zb\u0259kistan v\u0259 Az\u0259rbaycan son ill\u0259r bu \u0259m\u0259kda\u015fl\u0131\u011f\u0131 y\u00fcks\u0259k s\u0259viyy\u0259y\u0259 qald\u0131rm\u0131\u015flar\u201d.<\/p>\n<p>1996-c\u0131 ild\u0259 Az\u0259rbaycan\u0131n \u00d6zb\u0259kistanda, 1998-ci ild\u0259 is\u0259 \u00d6zb\u0259kistan\u0131n Bak\u0131da s\u0259firlikl\u0259rinin f\u0259aliyy\u0259t\u0259 ba\u015flamas\u0131 \u00f6lk\u0259l\u0259rimiz aras\u0131nda m\u00fcnasib\u0259tl\u0259rin daha da m\u00f6hk\u0259ml\u0259ndirilm\u0259sin\u0259 \u0259lav\u0259 t\u00f6hf\u0259 verdi.<\/p>\n<p>\u00d6zb\u0259kistan il\u0259 dostluq v\u0259 qarda\u015fl\u0131q m\u00fcnasib\u0259tl\u0259rinin b\u00fct\u00fcn sah\u0259l\u0259rd\u0259 inki\u015faf\u0131na x\u00fcsusi diqq\u0259t yetir\u0259n Prezident \u0130lham \u018fliyevin 2004-c\u00fc il mart\u0131n 23-24-d\u0259 bu \u00f6lk\u0259y\u0259 d\u00f6vl\u0259t s\u0259f\u0259ri zaman\u0131 \u201cAz\u0259rbaycan Respublikas\u0131 v\u0259 \u00d6zb\u0259kistan Respublikas\u0131 aras\u0131nda strateji t\u0259r\u0259fda\u015fl\u0131\u011f\u0131n daha da m\u00f6hk\u0259ml\u0259ndirilm\u0259si haqq\u0131nda B\u0259yannam\u0259\u201d imzalan\u0131b. Strateji t\u0259r\u0259fda\u015fl\u0131q m\u00fcnasib\u0259tl\u0259rinin \u0259sas\u0131n\u0131 qoyan h\u0259min s\u0259n\u0259dd\u0259 t\u0259r\u0259fl\u0259rin ke\u00e7mi\u015f Qaraba\u011f m\u00fcnaqi\u015f\u0259sinin s\u00fclh yolu il\u0259 h\u0259ll edilm\u0259sin\u0259 v\u0259 BMT T\u0259hl\u00fck\u0259sizlik \u015euras\u0131n\u0131n m\u00fcvafiq q\u0259tnam\u0259l\u0259rinin v\u0259 AT\u018fT-in q\u0259rarlar\u0131n\u0131n yerin\u0259 yetirilm\u0259sin\u0259 q\u0259ti \u015f\u0259kild\u0259 d\u0259st\u0259k verdikl\u0259ri ifad\u0259 olunub. \u00d6zb\u0259kistan ke\u00e7mi\u015f Qaraba\u011f m\u00fcnaqi\u015f\u0259sind\u0259 Az\u0259rbaycan\u0131n \u0259dal\u0259tli m\u00f6vqeyini h\u0259r zaman d\u0259st\u0259kl\u0259yib. Bel\u0259 ki, \u00d6zb\u0259kistan 2008-ci il mart\u0131n 14-d\u0259 BMT Ba\u015f Assambleyas\u0131nda s\u0259sverm\u0259y\u0259 \u00e7\u0131xar\u0131lm\u0131\u015f \u201cAz\u0259rbaycan\u0131n i\u015f\u011fal olunmu\u015f \u0259razil\u0259rind\u0259ki v\u0259ziyy\u0259t\u201d adl\u0131 q\u0259tnam\u0259nin lehin\u0259 s\u0259s vermi\u015f yegan\u0259 M\u0259rk\u0259zi Asiya \u00f6lk\u0259si olub. H\u0259m\u00e7inin 2021-ci il mart\u0131n 31-d\u0259 T\u00fcrkdilli D\u00f6vl\u0259tl\u0259rin \u018fm\u0259kda\u015fl\u0131q \u015euras\u0131n\u0131n videokonfrans format\u0131nda ke\u00e7irilmi\u015f qeyri-formal Zirv\u0259 g\u00f6r\u00fc\u015f\u00fcnd\u0259 \u00d6zb\u0259kistan Prezidenti \u015eavkat Mirziyoyev Az\u0259rbaycan\u0131 Qaraba\u011f\u0131n qaytar\u0131lmas\u0131 v\u0259 tarixi \u0259dal\u0259tin b\u0259rpa olunmas\u0131 m\u00fcnasib\u0259til\u0259 t\u0259brik edib. \u015eavkat Mirziyoyev t\u0259r\u0259find\u0259n \u00f6zb\u0259k xalq\u0131 ad\u0131ndan h\u0259diyy\u0259 olaraq F\u00fczulid\u0259 in\u015fa etdiril\u0259n v\u0259 \u00f6t\u0259n il avqustun 23-d\u0259 a\u00e7\u0131l\u0131\u015f\u0131 olan Mirz\u0259 Uluqb\u0259y ad\u0131na 960 \u015fagird yerlik tam orta m\u0259kt\u0259b is\u0259 Az\u0259rbaycan v\u0259 \u00d6zb\u0259kistan xalqlar\u0131n\u0131n qarda\u015fl\u0131\u011f\u0131n\u0131n r\u0259mzin\u0259 \u00e7evrilib.<\/p>\n<p>B\u00fct\u00fcn bunlar onu dem\u0259y\u0259 \u0259sas verir ki, haz\u0131rk\u0131 Az\u0259rbaycan-\u00d6zb\u0259kistan \u0259laq\u0259l\u0259rinin y\u00fcks\u0259k s\u0259viyy\u0259y\u0259 \u00e7atmas\u0131nda Prezident \u0130lham \u018fliyevin v\u0259 Prezident \u015eavkat Mirziyoyevin \u015f\u0259xsi m\u00fcnasib\u0259tl\u0259ri h\u0259lledici rol oynay\u0131r. T\u0259sad\u00fcfi deyil ki, h\u0259r iki prezident d\u00f6vl\u0259t s\u0259f\u0259rl\u0259ri v\u0259 r\u0259smi s\u0259f\u0259rl\u0259rd\u0259n \u0259lav\u0259 m\u00fcxt\u0259lif beyn\u0259lxalq t\u0259dbirl\u0259r \u00e7\u0259r\u00e7iv\u0259sind\u0259 d\u0259 tez-tez g\u00f6r\u00fc\u015f\u00fcrl\u0259r.<\/p>\n<p><img src=\"https:\/\/ikisahil.az\/upload\/\/2024\/08\/21\/\/-6fd9a99a172424468078959374910341851.jpg\" alt=\"\" \/><\/p>\n<p>X\u00fcsusil\u0259 2022-ci il Az\u0259rbaycan-\u00d6zb\u0259kistan \u0259laq\u0259l\u0259rinin inki\u015faf\u0131 bax\u0131m\u0131ndan m\u0259hsuldar olub. M\u0259hz h\u0259min il d\u00f6vl\u0259timizin ba\u015f\u00e7\u0131s\u0131n\u0131n \u00d6zb\u0259kistana \u00fc\u00e7 d\u0259f\u0259 s\u0259f\u0259r etm\u0259si Az\u0259rbaycan Prezidentinin qarda\u015f \u00f6lk\u0259 il\u0259 \u0259m\u0259kda\u015fl\u0131\u011f\u0131n inki\u015faf\u0131na b\u00f6y\u00fck \u00f6n\u0259m verm\u0259sinin g\u00f6st\u0259ricisidir. \u00d6t\u0259n il noyabr\u0131n 8-d\u0259 is\u0259 Prezident \u0130lham \u018fliyev \u0130qtisadi \u018fm\u0259kda\u015fl\u0131q T\u0259\u015fkilat\u0131n\u0131n 16-c\u0131 Zirv\u0259 toplant\u0131s\u0131nda i\u015ftirak etm\u0259k \u00fc\u00e7\u00fcn \u00d6zb\u0259kistanda s\u0259f\u0259rd\u0259 olub. D\u00f6vl\u0259timizin ba\u015f\u00e7\u0131s\u0131n\u0131n b\u00fct\u00fcn bu s\u0259f\u0259rl\u0259ri zaman\u0131 \u0259ld\u0259 edilmi\u015f raz\u0131la\u015fmalar M\u0259rk\u0259zi Asiyan\u0131n apar\u0131c\u0131 \u00f6lk\u0259l\u0259rind\u0259n olan \u00d6zb\u0259kistanla \u0259laq\u0259l\u0259rimizin yeni m\u0259rh\u0259l\u0259d\u0259 \u0259sas konturlar\u0131n\u0131 m\u00fc\u0259yy\u0259nl\u0259\u015fdirib.<\/p>\n<p>H\u0259m Az\u0259rbaycan, h\u0259m d\u0259 \u00d6zb\u0259kistan iqtisadi bax\u0131mdan da b\u00fct\u00fcn T\u00fcrk d\u00fcnyas\u0131n\u0131n q\u00fcdr\u0259tli d\u00f6vl\u0259tl\u0259ri hesab olunurlar. N\u0259qliyyat sektoru iki qarda\u015f d\u00f6vl\u0259t, b\u00fct\u00f6vl\u00fckd\u0259 t\u00fcrkdilli \u00f6lk\u0259l\u0259r aras\u0131nda \u0259laq\u0259l\u0259rin m\u00f6hk\u0259ml\u0259nm\u0259sin\u0259 m\u00fch\u00fcm t\u00f6hf\u0259l\u0259r verm\u0259k perspektivl\u0259rin\u0259 malik istiqam\u0259tl\u0259rd\u0259n biridir. M\u00fch\u00fcm n\u0259qliyyat mar\u015frutlar\u0131n\u0131n \u00fcz\u0259rind\u0259 yerl\u0259\u015f\u0259n \u00f6lk\u0259l\u0259rimiz bu sah\u0259d\u0259 d\u0259 f\u0259al \u0259m\u0259kda\u015fl\u0131q h\u0259yata ke\u00e7irir. Prezident \u0130lham \u018fliyevin uzaqg\u00f6r\u0259n siyas\u0259tinin n\u0259tic\u0259si olaraq Az\u0259rbaycanda bir s\u0131ra m\u00fch\u00fcm n\u0259qliyyat-logistika infrastrukturu yarad\u0131l\u0131b v\u0259 \u00f6lk\u0259miz beyn\u0259lxalq n\u0259qliyyat \u015f\u0259b\u0259k\u0259l\u0259rin\u0259 inteqrasiya olunub. B\u00fct\u00fcn bunlar Az\u0259rbaycan vasit\u0259sil\u0259 M\u0259rk\u0259zi Asiya \u00f6lk\u0259l\u0259rind\u0259n, o c\u00fcml\u0259d\u0259n \u00d6zb\u0259kistandan y\u00fckda\u015f\u0131malar\u0131n h\u0259cminin daha da artmas\u0131na t\u0259kan verir. Prezident \u0130lham \u018fliyevin 2022-ci ilin iyununda \u00d6zb\u0259kistana d\u00f6vl\u0259t s\u0259f\u0259ri zaman\u0131 imzalanan \u201cAz\u0259rbaycan Respublikas\u0131 H\u00f6kum\u0259ti il\u0259 \u00d6zb\u0259kistan Respublikas\u0131 H\u00f6kum\u0259ti aras\u0131nda beyn\u0259lxalq avtomobil \u0259laq\u0259l\u0259ri haqq\u0131nda Sazi\u015f\u201d bu bax\u0131mdan m\u00fch\u00fcm \u0259h\u0259miyy\u0259t k\u0259sb edir.<\/p>\n<p>H\u0259min s\u0259f\u0259r zaman\u0131 d\u00f6vl\u0259t ba\u015f\u00e7\u0131lar\u0131n\u0131n diqq\u0259t g\u00f6st\u0259rdiyi \u0259sas istiqam\u0259tl\u0259rd\u0259n biri d\u0259 m\u0259d\u0259niyy\u0259t sah\u0259sind\u0259 \u0259m\u0259kda\u015fl\u0131\u011f\u0131n inki\u015faf etdirilm\u0259si oldu. M\u0259hz bu niyy\u0259tin ifad\u0259si olaraq, Az\u0259rbaycan\u0131n v\u0259 \u00d6zb\u0259kistan\u0131n m\u0259d\u0259niyy\u0259t xadiml\u0259rinin bir qrupu d\u00f6vl\u0259t ba\u015f\u00e7\u0131lar\u0131n\u0131n s\u0259r\u0259ncamlar\u0131 il\u0259 y\u00fcks\u0259k f\u0259xri adlar, orden v\u0259 medallarla t\u0259ltif edildi. H\u0259m\u00e7inin \u00f6t\u0259n il avqustun \u0259vv\u0259lind\u0259 Bak\u0131da \u00d6zb\u0259kistan m\u0259d\u0259niyy\u0259t g\u00fcnl\u0259ri b\u00f6y\u00fck t\u0259nt\u0259n\u0259 il\u0259 qeyd olundu.<\/p>\n<p>Prezident \u015eavkat Mirziyoyevin \u00f6t\u0259n il avqustun 22-23-d\u0259 Az\u0259rbaycana d\u00f6vl\u0259t s\u0259f\u0259ri qarda\u015f \u00f6lk\u0259l\u0259rimiz aras\u0131nda m\u00fcnasib\u0259tl\u0259rin tarixind\u0259 yeni s\u0259hif\u0259 a\u00e7d\u0131. Bu s\u0259f\u0259r zaman\u0131 imzalanan s\u0259n\u0259dl\u0259r v\u0259 yol x\u0259rit\u0259l\u0259ri \u00d6zb\u0259kistan-Az\u0259rbaycan strateji t\u0259r\u0259fda\u015fl\u0131q m\u00fcnasib\u0259tl\u0259rinin daha da m\u00f6hk\u0259ml\u0259ndirilm\u0259sin\u0259 v\u0259 \u00e7ox\u015fax\u0259li \u0259m\u0259kda\u015fl\u0131\u011f\u0131n geni\u015fl\u0259ndirilm\u0259sin\u0259 xidm\u0259t edir. \u00d6zb\u0259kistan Prezidentinin erm\u0259ni i\u015f\u011fal\u0131ndan azad edilmi\u015f \u0259razil\u0259r\u0259 &#8211; F\u00fczuliy\u0259 v\u0259 \u015eu\u015faya s\u0259f\u0259ri qarda\u015f \u00f6lk\u0259nin Az\u0259rbaycan\u0131n h\u0259yata ke\u00e7irdiyi b\u0259rpa-quruculuq i\u015fl\u0259rin\u0259 t\u00f6hf\u0259sinin v\u0259 d\u0259st\u0259yinin daha bir g\u00f6st\u0259ricisi oldu.<\/p>\n<p>\u00d6zb\u0259kistan Prezidenti \u015eavkat Mirziyoyev \u0259n son T\u00fcrk D\u00f6vl\u0259tl\u0259ri T\u0259\u015fkilat\u0131n\u0131n (TDT) \u015eu\u015fada ke\u00e7iril\u0259n qeyri-r\u0259smi Zirv\u0259 g\u00f6r\u00fc\u015f\u00fcnd\u0259 i\u015ftirak etm\u0259k m\u0259qs\u0259dil\u0259 cari il iyulun 5-6-da Az\u0259rbaycanda s\u0259f\u0259rd\u0259 olub.<\/p>\n<p>Sonda bel\u0259 n\u0259tic\u0259y\u0259 g\u0259lm\u0259k olar ki, eyni soyk\u00f6k\u0259 v\u0259 uzun tarix\u0259 s\u00f6yk\u0259n\u0259n Az\u0259rbaycan-\u00d6zb\u0259kistan \u0259laq\u0259l\u0259ri bu g\u00fcn yeni d\u00f6vr\u00fcn reall\u0131qlar\u0131na uy\u011fun olaraq s\u00fcr\u0259tl\u0259 inki\u015faf etdirilir. \u0130ki \u00f6lk\u0259 aras\u0131nda bu vaxtad\u0259k imzalanm\u0131\u015f 170-d\u0259n \u00e7ox s\u0259n\u0259d, o c\u00fcml\u0259d\u0259n Strateji t\u0259r\u0259fda\u015fl\u0131\u011f\u0131n d\u0259rinl\u0259\u015fdirilm\u0259si v\u0259 h\u0259rt\u0259r\u0259fli \u0259m\u0259kda\u015fl\u0131\u011f\u0131n inki\u015faf\u0131na dair B\u0259yannam\u0259 bu \u0259m\u0259kda\u015fl\u0131q \u00fc\u00e7\u00fcn m\u00f6hk\u0259m h\u00fcquqi baza yarad\u0131b. Az\u0259rbaycan\u0131n \u00d6zb\u0259kistan, el\u0259c\u0259 d\u0259 dig\u0259r Orta Asiya \u00f6lk\u0259l\u0259ri il\u0259 g\u00fcnd\u0259n-g\u00fcn\u0259 daha da m\u00f6hk\u0259ml\u0259n\u0259n \u0259m\u0259kda\u015fl\u0131\u011f\u0131 h\u0259m \u00f6lk\u0259l\u0259rimizin v\u0259 xalqlar\u0131m\u0131z\u0131n, h\u0259m d\u0259 b\u00fct\u00fcn T\u00fcrk d\u00fcnyas\u0131n\u0131n inki\u015faf\u0131na \u0259h\u0259miyy\u0259tli t\u00f6hf\u0259l\u0259r verm\u0259kd\u0259dir. \u018fminik ki, \u00f6lk\u0259l\u0259rimiz aras\u0131ndak\u0131 qar\u015f\u0131l\u0131ql\u0131 etimada s\u00f6yk\u0259n\u0259n v\u0259 \u0259srl\u0259rdir davam ed\u0259n dostluq v\u0259 qarda\u015fl\u0131q \u0259laq\u0259l\u0259ri bundan sonra da inki\u015faf ed\u0259c\u0259k, xalqlar\u0131m\u0131z\u0131n rifah\u0131n\u0131n yax\u015f\u0131la\u015fmas\u0131na xidm\u0259t g\u00f6st\u0259r\u0259c\u0259k. (AZ\u018fRTAC)<\/p>\n","protected":false},"excerpt":{"rendered":"<p>Son iyirmi ild\u0259 Az\u0259rbaycan qar\u015f\u0131s\u0131na qoydu\u011fu b\u00fct\u00fcn h\u0259d\u0259fl\u0259r\u0259 \u00e7atmaq \u00fc\u00e7\u00fcn g\u0259l\u0259c\u0259y\u0259 hesablanm\u0131\u015f u\u011furlu daxili v\u0259 xarici siyas\u0259t h\u0259yata ke\u00e7irir. B\u00fct\u00fcn d\u00f6vl\u0259tl\u0259rl\u0259 v\u0259 xalqlarla s\u00fclh, dostluq \u015f\u0259raitind\u0259 ya\u015famaq niyy\u0259tini israrla b\u0259yan ed\u0259n \u00f6lk\u0259miz \u0259n m\u00f6t\u0259b\u0259r beyn\u0259lxalq t\u0259\u015fkilatlarda t\u0259msil olunaraq qar\u015f\u0131l\u0131ql\u0131 \u0259laq\u0259l\u0259rin geni\u015fl\u0259ndirilm\u0259si v\u0259 bu m\u00fcnasib\u0259tl\u0259rin \u00e7ox\u015fax\u0259li \u0259m\u0259kda\u015fl\u0131\u011fa \u00e7evrilm\u0259si istiqam\u0259tind\u0259 f\u0259al i\u015f apar\u0131r, d\u00fcnyada v\u0259 regionda s\u00fclh\u00fcn, t\u0259hl\u00fck\u0259sizliyin qorunmas\u0131na v\u0259 m\u00f6hk\u0259ml\u0259nm\u0259sin\u0259 layiqli t\u00f6hf\u0259l\u0259r verir. Etibarl\u0131 t\u0259r\u0259fda\u015f, s\u00f6z\u00fc il\u0259 \u0259m\u0259li bir olan, d\u00fcnyada s\u00fclh\u00fcn, \u0259min-amanl\u0131\u011f\u0131n b\u0259rq\u0259rar olunmas\u0131na m\u00fch\u00fcm t\u00f6hf\u0259l\u0259r ver\u0259n m\u00fcst\u0259qil Az\u0259rbaycan \u0130kinci Qaraba\u011f m\u00fcharib\u0259sind\u0259n sonra b\u00f6lg\u0259d\u0259 tamamil\u0259 yeni reall\u0131q yarad\u0131b. Regionda v\u0259&hellip;<\/p>\n","protected":false},"author":2,"featured_media":746650,"comment_status":"closed","ping_status":"closed","sticky":false,"template":"","format":"standard","meta":{"om_disable_all_campaigns":false,"_monsterinsights_skip_tracking":false,"_monsterinsights_sitenote_active":false,"_monsterinsights_sitenote_note":"","_monsterinsights_sitenote_category":0},"categories":[4],"tags":[],"aioseo_notices":[],"gutentor_comment":0,"rttpg_featured_image_url":{"full":["https:\/\/arantv.az\/wp-content\/uploads\/2024\/08\/15a50c8b172424462533442476210444505.jpg",975,540,false],"landscape":["https:\/\/arantv.az\/wp-content\/uploads\/2024\/08\/15a50c8b172424462533442476210444505.jpg",975,540,false],"portraits":["https:\/\/arantv.az\/wp-content\/uploads\/2024\/08\/15a50c8b172424462533442476210444505.jpg",975,540,false],"thumbnail":["https:\/\/arantv.az\/wp-content\/uploads\/2024\/08\/15a50c8b172424462533442476210444505-500x280.jpg",500,280,true],"medium":["https:\/\/arantv.az\/wp-content\/uploads\/2024\/08\/15a50c8b172424462533442476210444505-660x365.jpg",660,365,true],"large":["https:\/\/arantv.az\/wp-content\/uploads\/2024\/08\/15a50c8b172424462533442476210444505-840x465.jpg",640,354,true],"1536x1536":["https:\/\/arantv.az\/wp-content\/uploads\/2024\/08\/15a50c8b172424462533442476210444505.jpg",975,540,false],"2048x2048":["https:\/\/arantv.az\/wp-content\/uploads\/2024\/08\/15a50c8b172424462533442476210444505.jpg",975,540,false],"post-thumbnail":["https:\/\/arantv.az\/wp-content\/uploads\/2024\/08\/15a50c8b172424462533442476210444505-240x172.jpg",240,172,true],"advps-thumb-one":["https:\/\/arantv.az\/wp-content\/uploads\/2024\/08\/15a50c8b172424462533442476210444505.jpg",975,540,false]},"rttpg_author":{"display_name":"V\u00fcsal Rafiqo\u011flu","author_link":"https:\/\/arantv.az\/?author=2"},"rttpg_comment":0,"rttpg_category":"<a href=\"https:\/\/arantv.az\/?cat=4\" rel=\"category\">Siyas\u0259t<\/a>","rttpg_excerpt":"Son iyirmi ild\u0259 Az\u0259rbaycan qar\u015f\u0131s\u0131na qoydu\u011fu b\u00fct\u00fcn h\u0259d\u0259fl\u0259r\u0259 \u00e7atmaq \u00fc\u00e7\u00fcn g\u0259l\u0259c\u0259y\u0259 hesablanm\u0131\u015f u\u011furlu daxili v\u0259 xarici siyas\u0259t h\u0259yata ke\u00e7irir. B\u00fct\u00fcn d\u00f6vl\u0259tl\u0259rl\u0259 v\u0259 xalqlarla s\u00fclh, dostluq \u015f\u0259raitind\u0259 ya\u015famaq niyy\u0259tini israrla b\u0259yan ed\u0259n \u00f6lk\u0259miz \u0259n m\u00f6t\u0259b\u0259r beyn\u0259lxalq t\u0259\u015fkilatlarda t\u0259msil olunaraq qar\u015f\u0131l\u0131ql\u0131 \u0259laq\u0259l\u0259rin geni\u015fl\u0259ndirilm\u0259si v\u0259 bu m\u00fcnasib\u0259tl\u0259rin \u00e7ox\u015fax\u0259li \u0259m\u0259kda\u015fl\u0131\u011fa \u00e7evrilm\u0259si istiqam\u0259tind\u0259 f\u0259al i\u015f apar\u0131r, d\u00fcnyada v\u0259 regionda s\u00fclh\u00fcn,&hellip;","_links":{"self":[{"href":"https:\/\/arantv.az\/index.php?rest_route=\/wp\/v2\/posts\/746649"}],"collection":[{"href":"https:\/\/arantv.az\/index.php?rest_route=\/wp\/v2\/posts"}],"about":[{"href":"https:\/\/arantv.az\/index.php?rest_route=\/wp\/v2\/types\/post"}],"author":[{"embeddable":true,"href":"https:\/\/arantv.az\/index.php?rest_route=\/wp\/v2\/users\/2"}],"replies":[{"embeddable":true,"href":"https:\/\/arantv.az\/index.php?rest_route=%2Fwp%2Fv2%2Fcomments&post=746649"}],"version-history":[{"count":1,"href":"https:\/\/arantv.az\/index.php?rest_route=\/wp\/v2\/posts\/746649\/revisions"}],"predecessor-version":[{"id":746651,"href":"https:\/\/arantv.az\/index.php?rest_route=\/wp\/v2\/posts\/746649\/revisions\/746651"}],"wp:featuredmedia":[{"embeddable":true,"href":"https:\/\/arantv.az\/index.php?rest_route=\/wp\/v2\/media\/746650"}],"wp:attachment":[{"href":"https:\/\/arantv.az\/index.php?rest_route=%2Fwp%2Fv2%2Fmedia&parent=746649"}],"wp:term":[{"taxonomy":"category","embeddable":true,"href":"https:\/\/arantv.az\/index.php?rest_route=%2Fwp%2Fv2%2Fcategories&post=746649"},{"taxonomy":"post_tag","embeddable":true,"href":"https:\/\/arantv.az\/index.php?rest_route=%2Fwp%2Fv2%2Ftags&post=746649"}],"curies":[{"name":"wp","href":"https:\/\/api.w.org\/{rel}","templated":true}]}}