{"id":746876,"date":"2024-08-22T14:49:14","date_gmt":"2024-08-22T10:49:14","guid":{"rendered":"https:\/\/arantv.az\/?p=746876"},"modified":"2024-08-22T14:49:14","modified_gmt":"2024-08-22T10:49:14","slug":"%c9%99laq%c9%99l%c9%99rin-inkisafi-ucun-mohk%c9%99m-huquqi-baza-movcuddur","status":"publish","type":"post","link":"https:\/\/arantv.az\/?p=746876","title":{"rendered":"\u018flaq\u0259l\u0259rin inki\u015faf\u0131 \u00fc\u00e7\u00fcn m\u00f6hk\u0259m h\u00fcquqi baza m\u00f6vcuddur"},"content":{"rendered":"<p><strong>F\u0259q\u0259t \u015eadlinskaya<\/strong><\/p>\n<p><strong>YAP B\u0259rd\u0259 rayon t\u0259\u015fkilat\u0131n\u0131n s\u0259dri<\/strong><\/p>\n<p>Rusiya Prezidenti Vladimir Putinin bu g\u00fcnl\u0259rd\u0259 Az\u0259rbaycana d\u00f6vl\u0259t s\u0259f\u0259ri \u00f6lk\u0259 v\u0259 d\u00fcnya m\u0259tbuat\u0131nda geni\u015f m\u00fczakir\u0259 edilir. H\u0259r bir s\u0259f\u0259r \u0259laq\u0259l\u0259rin inki\u015faf\u0131nda yeni m\u0259rh\u0259l\u0259nin ba\u015flan\u011f\u0131c\u0131d\u0131r. C\u0259nab \u0130lham \u018fliyevin \u201cS\u0259f\u0259r x\u00fcsusi xarakter da\u015f\u0131y\u0131r. Bizim \u0259n y\u00fcks\u0259k s\u0259viyy\u0259d\u0259 g\u00f6r\u00fc\u015fl\u0259rimiz m\u00fcnt\u0259z\u0259m xarakter da\u015f\u0131y\u0131r. Bu il iki d\u0259f\u0259 &#8211; bir d\u0259f\u0259 Moskvada, bir d\u0259f\u0259 is\u0259 beyn\u0259lxalq t\u0259dbir \u00e7\u0259r\u00e7iv\u0259sind\u0259 g\u00f6r\u00fc\u015fm\u00fc\u015f\u00fck. Amma, \u0259lb\u0259tt\u0259 ki, d\u00f6vl\u0259t s\u0259f\u0259rinin format\u0131 v\u0259 xarakteri x\u00fcsusi \u0259h\u0259miyy\u0259t\u0259 malikdir, bel\u0259 dem\u0259k m\u00fcmk\u00fcns\u0259, h\u0259m d\u0259 d\u00f6vl\u0259tl\u0259raras\u0131 m\u00fcnasib\u0259tl\u0259rin y\u00fcks\u0259k s\u0259viyy\u0259sind\u0259n x\u0259b\u0259r verir. Bu g\u00fcn q\u0259bul edil\u0259n s\u0259n\u0259dl\u0259r, ilk n\u00f6vb\u0259d\u0259, prezidentl\u0259rin Birg\u0259 B\u0259yanat\u0131 daxil olmaqla, m\u00fcnasib\u0259tl\u0259rimizin dostluq v\u0259 m\u00fctt\u0259fiqlik xarakterini bir daha t\u0259sdiql\u0259yir. 2022-ci ilin fevral\u0131nda imzalanm\u0131\u015f qar\u015f\u0131l\u0131ql\u0131 m\u00fctt\u0259fiqlik f\u0259aliyy\u0259ti haqq\u0131nda B\u0259yannam\u0259nin m\u00fcdd\u0259alar\u0131 u\u011furla h\u0259yata ke\u00e7irilir. \u00d6lk\u0259l\u0259rimiz m\u00fctt\u0259fiql\u0259r, dostlar, yax\u0131n t\u0259r\u0259fda\u015flar v\u0259 qon\u015fular kimi f\u0259aliyy\u0259t g\u00f6st\u0259rir\u201d fikirl\u0259rinin davam\u0131 olaraq Rusiya Prezidenti Vladimir Putin bildirdi ki, qonaqp\u0259rv\u0259r Az\u0259rbaycan torpa\u011f\u0131nda olmaq, Sizin r\u0259hb\u0259rliyinizl\u0259 inki\u015faf ed\u0259n Bak\u0131n\u0131n m\u0259nz\u0259r\u0259l\u0259rini seyr etm\u0259k bizim \u00fc\u00e7\u00fcn \u00e7ox xo\u015fdur: \u201cVur\u011fulamaq ist\u0259rdim ki, Rusiya Az\u0259rbaycanla \u00e7oxplanl\u0131 dostluq m\u00fcnasib\u0259tl\u0259rinin inki\u015faf\u0131na b\u00f6y\u00fck \u0259h\u0259miyy\u0259t verir. Bu m\u00fcnasib\u0259tl\u0259rin \u0259sas\u0131n\u0131 b\u0259rab\u0259rlik, bir-birinin maraqlar\u0131n\u0131 n\u0259z\u0259r\u0259 almaq v\u0259 \u0259lb\u0259tt\u0259, \u0259srl\u0259r boyu xalqlar\u0131m\u0131z\u0131 birl\u0259\u015fdir\u0259n s\u0131x insani v\u0259 m\u0259d\u0259ni ba\u011flar t\u0259\u015fkil edir.\u201d<\/p>\n<p>Rusiya Prezidenti onu da qeyd etdi ki, Rusiya \u0259n iri investorlar s\u0131ras\u0131na daxildir. Az\u0259rbaycan bazar\u0131nda \u015firk\u0259tl\u0259rimiz \u00f6z\u00fcn\u00fc yet\u0259rinc\u0259 rahat hiss edir. Burada h\u0259m \u201cLUKOYL\u201d, h\u0259m y\u0131\u011f\u0131lma istehsal\u0131n\u0131 t\u0259\u015fkil ed\u0259n \u201cKamAZ\u201d, h\u0259m d\u0259 \u201cSollers\u201d, \u201cUAZ\u201d var. Onlar u\u011furla f\u0259aliyy\u0259t g\u00f6st\u0259rir v\u0259 inki\u015faf perspektivl\u0259rin\u0259 malikdir. Onlar\u0131n i\u015fin\u0259 yarad\u0131lan \u015f\u0259rait\u0259 g\u00f6r\u0259 Az\u0259rbaycan hakimiyy\u0259tin\u0259 minn\u0259tdar\u0131q.<\/p>\n<p>Humanitar sah\u0259d\u0259 m\u00f6vcud \u0259laq\u0259l\u0259rd\u0259n geni\u015f b\u0259hs ed\u0259n Vladimir Putin qeyd etdi ki, iyunda Az\u0259rbaycanda Rusiya M\u0259d\u0259niyy\u0259ti G\u00fcnl\u0259ri u\u011furla ke\u00e7irildi, bu \u00e7\u0259r\u00e7iv\u0259d\u0259 s\u0259rgil\u0259r, konsertl\u0259r, teatr tama\u015falar\u0131, ba\u015fqa parlaq m\u0259d\u0259niyy\u0259t hadis\u0259l\u0259ri oldu. Xo\u015f \u0259n\u0259n\u0259y\u0259 uy\u011fun olaraq, az\u0259rbaycanl\u0131 dostlar\u0131m\u0131z\u0131 sentyabrda onuncu &#8211; yubiley Sankt-Peterburq M\u0259d\u0259niyy\u0259t Forumuna d\u0259v\u0259t edirik: \u201cAz\u0259rbaycanda rus dilind\u0259n h\u0259r yerd\u0259 v\u0259 s\u0259rb\u0259st istifad\u0259 olunur. Hiss edirik ki, Az\u0259rbaycan Respublikas\u0131n\u0131n r\u0259hb\u0259rliyi bu tendensiyan\u0131 h\u0259rt\u0259r\u0259fli d\u0259st\u0259kl\u0259yir. \u0130lham Heyd\u0259r o\u011flu, rus dilin\u0259 g\u00f6st\u0259ril\u0259n bu diqq\u0259t\u0259 g\u00f6r\u0259 Siz\u0259 minn\u0259tdar\u0131q. \u00d6lk\u0259d\u0259 t\u0259drisi rus dilind\u0259 apar\u0131lan 300-d\u0259n \u00e7ox m\u0259kt\u0259b, h\u0259m\u00e7inin Moskva D\u00f6vl\u0259t Universitetinin, Se\u00e7enov ad\u0131na Moskva Tibb Universitetinin filiallar\u0131 f\u0259aliyy\u0259t g\u00f6st\u0259rir.\u201d<\/p>\n<p>\u0130ki dost, m\u00fctt\u0259fiq \u00f6lk\u0259nin ikit\u0259r\u0259fli g\u00fcnd\u0259liyi \u00e7ox z\u0259ngindir. Rusiya v\u0259 Az\u0259rbaycan \u00e7oxt\u0259r\u0259fli platformalar daxil olmaqla, h\u0259m\u00e7inin BMT v\u0259 M\u00fcst\u0259qil D\u00f6vl\u0259tl\u0259r Birliyind\u0259 \u00f6z s\u0259yl\u0259rini s\u0131x \u0259laq\u0259l\u0259ndirirl\u0259r. Rusiya Prezidenti\u00a0 b\u00f6y\u00fck m\u0259mnunluq hissi il\u0259 bu m\u0259qam\u0131 da diqq\u0259t\u0259 \u00e7atd\u0131rd\u0131 \u00a0ki, bu ilin oktyabr\u0131nda Prezident \u0130lham \u018fliyevi MDB D\u00f6vl\u0259t Ba\u015f\u00e7\u0131lar\u0131 \u015euras\u0131n\u0131n iclas\u0131nda, h\u0259m\u00e7inin Kazanda ke\u00e7iril\u0259c\u0259k BRICS sammiti \u00e7\u0259r\u00e7iv\u0259sind\u0259 \u201cautri\u00e7\u201d format\u0131nda g\u00f6r\u00fc\u015fd\u0259 g\u00f6rm\u0259y\u0259 \u015fad olaca\u011f\u0131q.<\/p>\n<p>C\u0259nab \u0130lham \u018fliyev regional t\u0259hl\u00fck\u0259sizlik m\u0259s\u0259l\u0259l\u0259rin\u0259 x\u00fcsusi diqq\u0259t y\u00f6n\u0259ltdi. Bir daha vur\u011fuland\u0131 ki, \u00f6lk\u0259l\u0259rimiz aras\u0131nda \u0259m\u0259kda\u015fl\u0131qdan, qar\u015f\u0131l\u0131ql\u0131 f\u0259aliyy\u0259td\u0259n \u00e7ox \u015fey as\u0131l\u0131d\u0131r. Qar\u015f\u0131l\u0131ql\u0131 f\u0259aliyy\u0259t v\u0259 qar\u015f\u0131l\u0131ql\u0131 maraqlar ruhunda etimad t\u0259dbirl\u0259rinin, \u0259m\u0259kda\u015fl\u0131\u011f\u0131n, qar\u015f\u0131l\u0131ql\u0131 anla\u015fman\u0131n m\u00f6hk\u0259ml\u0259ndirilm\u0259sin\u0259 v\u0259 b\u00fct\u00fcn m\u0259s\u0259l\u0259l\u0259rin nizamlanmas\u0131na \u00e7al\u0131\u015f\u0131r\u0131q: \u201c\u00d6t\u0259n ilin sentyabr\u0131ndan sonra regionda tamamil\u0259 yeni \u015f\u0259rait yaran\u0131b. Az\u0259rbaycan \u00f6z suverenliyini v\u0259 \u0259razi b\u00fct\u00f6vl\u00fcy\u00fcn\u00fc tam \u015f\u0259kild\u0259 b\u0259rpa edib. T\u0259bii ki, yeni \u015f\u0259rait C\u0259nubi Qafqazda m\u00f6hk\u0259m v\u0259 uzunm\u00fcdd\u0259tli s\u00fclh\u00fcn b\u0259rq\u0259rar olmas\u0131 \u00fc\u00e7\u00fcn yeni imkanlar a\u00e7\u0131r. B\u00fct\u00fcn C\u0259nubi Qafqaz regionunda sabitlik v\u0259 t\u0259hl\u00fck\u0259sizlik bir \u00e7ox hallarda Rusiya il\u0259 Az\u0259rbaycan aras\u0131nda s\u0131x qar\u015f\u0131l\u0131ql\u0131 f\u0259aliyy\u0259td\u0259n as\u0131l\u0131d\u0131r.\u201d<\/p>\n<p>\u0130ki \u00f6lk\u0259 aras\u0131nda \u0259m\u0259kda\u015fl\u0131q m\u00f6hk\u0259m t\u0259m\u0259l\u0259 \u0259saslan\u0131r.\u00a0 Vaxtil\u0259 Az\u0259rbaycan v\u0259 Rusiyan\u0131n vahid ittifaqda yer almas\u0131 \u00f6lk\u0259l\u0259rimiz aras\u0131nda m\u00fcnasib\u0259tl\u0259rin \u00f6z\u00fcn\u0259m\u0259xsus xarakterini formala\u015fd\u0131r\u0131b. M\u00fcst\u0259qillik ill\u0259rind\u0259 \u0259laq\u0259l\u0259r daha da inki\u015faf etdi. M\u00fcst\u0259qil Az\u0259rbaycan v\u0259 Rusiya aras\u0131nda diplomatik \u0259laq\u0259l\u0259r 1992-ci il aprelin 4-d\u0259 quruldu. 1992-ci il sentyabr\u0131n 25-d\u0259 Rusiyan\u0131n Az\u0259rbaycanda s\u0259firliyi f\u0259aliyy\u0259t\u0259 ba\u015flad\u0131. \u00dcmummilli Lider Heyd\u0259r \u018fliyevin Az\u0259rbaycanda siyasi hakimiyy\u0259t\u0259 qay\u0131d\u0131\u015f\u0131ndan sonra \u00f6lk\u0259l\u0259rimiz aras\u0131nda m\u00fcnasib\u0259tl\u0259rin \u0259n y\u00fcks\u0259k s\u0259viyy\u0259d\u0259 inki\u015faf etdirilm\u0259sin\u0259 ba\u015flan\u0131ld\u0131. Prezident \u0130lham \u018fliyev d\u0259 Rusiya il\u0259 ikit\u0259r\u0259fli \u0259laq\u0259l\u0259rin geni\u015fl\u0259ndirilm\u0259sini vacib amil kimi diqq\u0259t m\u0259rk\u0259zind\u0259 saxlay\u0131r. Az\u0259rbaycan Prezidentinin 2004-c\u00fc ilin \u0259vv\u0259ll\u0259rind\u0259 Rusiyaya ilk r\u0259smi s\u0259f\u0259ri bu bax\u0131mdan \u0259lam\u0259tdar oldu. D\u00f6vl\u0259timizin ba\u015f\u00e7\u0131s\u0131n\u0131n Rusiyaya ard\u0131c\u0131l r\u0259smi s\u0259f\u0259rl\u0259ri Az\u0259rbaycan\u0131n \u015fimal qon\u015fumuzla dostluq v\u0259 t\u0259r\u0259fda\u015fl\u0131q \u0259laq\u0259l\u0259rinin inki\u015faf\u0131na verdiyi \u00f6n\u0259mi t\u0259sdiql\u0259yir. 2022-ci il fevral\u0131n 22-d\u0259 Moskvada Az\u0259rbaycan v\u0259 Rusiya prezidentl\u0259ri t\u0259r\u0259find\u0259n imzalanan \u201cAz\u0259rbaycan Respublikas\u0131 il\u0259 Rusiya Federasiyas\u0131 aras\u0131nda m\u00fctt\u0259fiqlik qar\u015f\u0131l\u0131ql\u0131 f\u0259aliyy\u0259ti haqq\u0131nda\u201d B\u0259yannam\u0259 xalqlar\u0131m\u0131z aras\u0131nda tarixi dostluq v\u0259 mehriban qon\u015fuluq \u0259n\u0259n\u0259l\u0259rin\u0259, d\u0259rin m\u0259d\u0259ni v\u0259 humanitar \u0259laq\u0259l\u0259r\u0259 \u0259saslanaraq, d\u00f6vl\u0259tl\u0259raras\u0131 m\u00fcnasib\u0259tl\u0259rimizi keyfiyy\u0259tc\u0259 yeni &#8211; m\u00fctt\u0259fiqlik s\u0259viyy\u0259sin\u0259 qald\u0131rd\u0131. Qar\u015f\u0131l\u0131ql\u0131 s\u0259f\u0259rl\u0259r m\u00fcnasib\u0259tl\u0259rd\u0259 h\u00fcquqi baza rolunu oynayan m\u00fch\u00fcm s\u0259n\u0259dl\u0259rin imzalanmas\u0131 il\u0259 yadda qal\u0131r. Rusiya Prezidentinin \u00f6lk\u0259miz\u0259 d\u00f6vl\u0259t s\u0259f\u0259ri \u00e7\u0259r\u00e7iv\u0259sind\u0259 d\u0259 ayr\u0131-ayr\u0131 sah\u0259l\u0259rin inki\u015faf\u0131na xidm\u0259t ed\u0259n m\u00fch\u00fcm s\u0259n\u0259dl\u0259r imzaland\u0131. \u00a0Az\u0259rbaycan-Rusiya \u0259laq\u0259l\u0259rinin inki\u015faf\u0131 \u00fc\u00e7\u00fcn m\u00f6hk\u0259m h\u00fcquqi baza m\u00f6vcuddur.<\/p>\n","protected":false},"excerpt":{"rendered":"<p>F\u0259q\u0259t \u015eadlinskaya YAP B\u0259rd\u0259 rayon t\u0259\u015fkilat\u0131n\u0131n s\u0259dri Rusiya Prezidenti Vladimir Putinin bu g\u00fcnl\u0259rd\u0259 Az\u0259rbaycana d\u00f6vl\u0259t s\u0259f\u0259ri \u00f6lk\u0259 v\u0259 d\u00fcnya m\u0259tbuat\u0131nda geni\u015f m\u00fczakir\u0259 edilir. H\u0259r bir s\u0259f\u0259r \u0259laq\u0259l\u0259rin inki\u015faf\u0131nda yeni m\u0259rh\u0259l\u0259nin ba\u015flan\u011f\u0131c\u0131d\u0131r. C\u0259nab \u0130lham \u018fliyevin \u201cS\u0259f\u0259r x\u00fcsusi xarakter da\u015f\u0131y\u0131r. Bizim \u0259n y\u00fcks\u0259k s\u0259viyy\u0259d\u0259 g\u00f6r\u00fc\u015fl\u0259rimiz m\u00fcnt\u0259z\u0259m xarakter da\u015f\u0131y\u0131r. Bu il iki d\u0259f\u0259 &#8211; bir d\u0259f\u0259 Moskvada, bir d\u0259f\u0259 is\u0259 beyn\u0259lxalq t\u0259dbir \u00e7\u0259r\u00e7iv\u0259sind\u0259 g\u00f6r\u00fc\u015fm\u00fc\u015f\u00fck. Amma, \u0259lb\u0259tt\u0259 ki, d\u00f6vl\u0259t s\u0259f\u0259rinin format\u0131 v\u0259 xarakteri x\u00fcsusi \u0259h\u0259miyy\u0259t\u0259 malikdir, bel\u0259 dem\u0259k m\u00fcmk\u00fcns\u0259, h\u0259m d\u0259 d\u00f6vl\u0259tl\u0259raras\u0131 m\u00fcnasib\u0259tl\u0259rin y\u00fcks\u0259k s\u0259viyy\u0259sind\u0259n x\u0259b\u0259r verir. Bu g\u00fcn q\u0259bul edil\u0259n s\u0259n\u0259dl\u0259r, ilk n\u00f6vb\u0259d\u0259,&hellip;<\/p>\n","protected":false},"author":2,"featured_media":519015,"comment_status":"closed","ping_status":"closed","sticky":false,"template":"","format":"standard","meta":{"om_disable_all_campaigns":false,"_monsterinsights_skip_tracking":false,"_monsterinsights_sitenote_active":false,"_monsterinsights_sitenote_note":"","_monsterinsights_sitenote_category":0},"categories":[2],"tags":[],"aioseo_notices":[],"gutentor_comment":0,"rttpg_featured_image_url":{"full":["https:\/\/arantv.az\/wp-content\/uploads\/2022\/10\/thumb.jpg",360,300,false],"landscape":["https:\/\/arantv.az\/wp-content\/uploads\/2022\/10\/thumb.jpg",360,300,false],"portraits":["https:\/\/arantv.az\/wp-content\/uploads\/2022\/10\/thumb.jpg",360,300,false],"thumbnail":["https:\/\/arantv.az\/wp-content\/uploads\/2022\/10\/thumb-360x280.jpg",360,280,true],"medium":["https:\/\/arantv.az\/wp-content\/uploads\/2022\/10\/thumb.jpg",360,300,false],"large":["https:\/\/arantv.az\/wp-content\/uploads\/2022\/10\/thumb.jpg",360,300,false],"1536x1536":["https:\/\/arantv.az\/wp-content\/uploads\/2022\/10\/thumb.jpg",360,300,false],"2048x2048":["https:\/\/arantv.az\/wp-content\/uploads\/2022\/10\/thumb.jpg",360,300,false],"post-thumbnail":["https:\/\/arantv.az\/wp-content\/uploads\/2022\/10\/thumb-240x172.jpg",240,172,true],"advps-thumb-one":["https:\/\/arantv.az\/wp-content\/uploads\/2022\/10\/thumb.jpg",360,300,false]},"rttpg_author":{"display_name":"V\u00fcsal Rafiqo\u011flu","author_link":"https:\/\/arantv.az\/?author=2"},"rttpg_comment":0,"rttpg_category":"<a href=\"https:\/\/arantv.az\/?cat=2\" rel=\"category\">Region X\u0259b\u0259rl\u0259ri<\/a>","rttpg_excerpt":"F\u0259q\u0259t \u015eadlinskaya YAP B\u0259rd\u0259 rayon t\u0259\u015fkilat\u0131n\u0131n s\u0259dri Rusiya Prezidenti Vladimir Putinin bu g\u00fcnl\u0259rd\u0259 Az\u0259rbaycana d\u00f6vl\u0259t s\u0259f\u0259ri \u00f6lk\u0259 v\u0259 d\u00fcnya m\u0259tbuat\u0131nda geni\u015f m\u00fczakir\u0259 edilir. H\u0259r bir s\u0259f\u0259r \u0259laq\u0259l\u0259rin inki\u015faf\u0131nda yeni m\u0259rh\u0259l\u0259nin ba\u015flan\u011f\u0131c\u0131d\u0131r. C\u0259nab \u0130lham \u018fliyevin \u201cS\u0259f\u0259r x\u00fcsusi xarakter da\u015f\u0131y\u0131r. Bizim \u0259n y\u00fcks\u0259k s\u0259viyy\u0259d\u0259 g\u00f6r\u00fc\u015fl\u0259rimiz m\u00fcnt\u0259z\u0259m xarakter da\u015f\u0131y\u0131r. Bu il iki d\u0259f\u0259 &#8211; bir d\u0259f\u0259 Moskvada, bir&hellip;","_links":{"self":[{"href":"https:\/\/arantv.az\/index.php?rest_route=\/wp\/v2\/posts\/746876"}],"collection":[{"href":"https:\/\/arantv.az\/index.php?rest_route=\/wp\/v2\/posts"}],"about":[{"href":"https:\/\/arantv.az\/index.php?rest_route=\/wp\/v2\/types\/post"}],"author":[{"embeddable":true,"href":"https:\/\/arantv.az\/index.php?rest_route=\/wp\/v2\/users\/2"}],"replies":[{"embeddable":true,"href":"https:\/\/arantv.az\/index.php?rest_route=%2Fwp%2Fv2%2Fcomments&post=746876"}],"version-history":[{"count":1,"href":"https:\/\/arantv.az\/index.php?rest_route=\/wp\/v2\/posts\/746876\/revisions"}],"predecessor-version":[{"id":746877,"href":"https:\/\/arantv.az\/index.php?rest_route=\/wp\/v2\/posts\/746876\/revisions\/746877"}],"wp:featuredmedia":[{"embeddable":true,"href":"https:\/\/arantv.az\/index.php?rest_route=\/wp\/v2\/media\/519015"}],"wp:attachment":[{"href":"https:\/\/arantv.az\/index.php?rest_route=%2Fwp%2Fv2%2Fmedia&parent=746876"}],"wp:term":[{"taxonomy":"category","embeddable":true,"href":"https:\/\/arantv.az\/index.php?rest_route=%2Fwp%2Fv2%2Fcategories&post=746876"},{"taxonomy":"post_tag","embeddable":true,"href":"https:\/\/arantv.az\/index.php?rest_route=%2Fwp%2Fv2%2Ftags&post=746876"}],"curies":[{"name":"wp","href":"https:\/\/api.w.org\/{rel}","templated":true}]}}