{"id":746992,"date":"2024-08-22T20:11:00","date_gmt":"2024-08-22T16:11:00","guid":{"rendered":"https:\/\/arantv.az\/?p=746992"},"modified":"2024-08-22T20:11:00","modified_gmt":"2024-08-22T16:11:00","slug":"yap-boyuk-ugurlara-imza-atmaqdadir","status":"publish","type":"post","link":"https:\/\/arantv.az\/?p=746992","title":{"rendered":"YAP b\u00f6y\u00fck u\u011furlara imza atmaqdad\u0131r"},"content":{"rendered":"<p>2024-c\u00fc il sentyabr\u0131n 1-d\u0259 Az\u0259rbaycan Respublikas\u0131 Milli M\u0259clisin\u0259 ke\u00e7iril\u0259c\u0259k n\u00f6vb\u0259d\u0259nk\u0259nar se\u00e7kil\u0259rin t\u0259bli\u011fat-t\u0259\u015fviqat m\u0259rh\u0259l\u0259si \u00e7\u0259r\u00e7iv\u0259sind\u0259 Yeni Az\u0259rbaycan Partiyas\u0131 (YAP) t\u0259r\u0259find\u0259n 98 sayl\u0131 B\u0259rd\u0259-T\u0259rt\u0259r se\u00e7ki dair\u0259sind\u0259n deputatl\u0131\u011fa namiz\u0259dliyi ir\u0259li s\u00fcr\u00fclm\u00fc\u015f Xanlar F\u0259tiyevin B\u0259rd\u0259 rayonunun Xan\u0259r\u0259b v\u0259 \u015eahv\u0259lil\u0259r k\u0259ndind\u0259 se\u00e7icil\u0259rl\u0259 g\u00f6r\u00fc\u015f\u00fc ke\u00e7irilib.<\/p>\n<p>\u018fvv\u0259lc\u0259 Ulu \u00d6nd\u0259r Heyd\u0259r \u018fliyevin v\u0259 Az\u0259rbaycan\u0131n \u0259razi b\u00fct\u00f6vl\u00fcy\u00fc v\u0259 suverenliyi u\u011frunda canlar\u0131n\u0131 qurban vermi\u015f \u015f\u0259hidl\u0259rimizin \u0259ziz xatir\u0259si ehtiramla yad edilib.<\/p>\n<p>G\u00f6r\u00fc\u015fl\u0259r Az\u0259rbaycan Respublikas\u0131n\u0131n D\u00f6vl\u0259t Himninin s\u0259sl\u0259ndirilm\u0259si il\u0259 ba\u015flan\u0131b.<\/p>\n<p>T\u0259dbirl\u0259ri giri\u015f s\u00f6z\u00fc il\u0259 a\u00e7an YAP B\u0259rd\u0259 rayon t\u0259\u015fkilat\u0131n\u0131n s\u0259dr m\u00fcavini Elm\u0259ddin \u018fsg\u0259rxanov Ulu \u00d6nd\u0259r Heyd\u0259r \u018fliyevin \u00a0ideyalar\u0131ndan g\u00fcc\u00a0alan\u00a0YAP-\u0131n q\u0131sa zamanda \u00f6lk\u0259d\u0259 sabitliyi b\u0259rq\u0259rar ed\u0259n, demokratik d\u0259y\u0259rl\u0259r\u0259 \u00fcst\u00fcnl\u00fck ver\u0259n, h\u00fcquqi, demokratik, d\u00fcny\u0259vi d\u00f6vl\u0259t v\u0259 v\u0259t\u0259nda\u015f c\u0259miyy\u0259ti quruculu\u011fu prosesin\u0259 layiqli t\u00f6hf\u0259l\u0259r ver\u0259n real siyasi q\u00fcvv\u0259 kimi \u00f6z\u00fcn\u00fc t\u0259sdiq etdiyini bildirib.<\/p>\n<p>O, deputatl\u0131\u011fa namiz\u0259d Xanlar F\u0259tiyev haqq\u0131nda se\u00e7icil\u0259r\u0259 m\u0259lumat verib.<\/p>\n<p>\u00c7\u0131x\u0131\u015f ed\u0259n deputatl\u0131\u011fa namiz\u0259d Xanlar F\u0259tiyev bildirib ki, bu g\u00fcn \u00f6lk\u0259nin siyasi h\u0259yat\u0131nda YAP q\u0259d\u0259r geni\u015f sosial bazaya malik, siyasi prosesl\u0259r\u0259 h\u0259lledici t\u0259sir imkan\u0131 olan ikinci bir partiya yoxdur. O, vur\u011fulay\u0131b ki, bu g\u00fcn d\u00fcnya ictimaiyy\u0259ti bizim siyas\u0259timizi b\u0259y\u0259nir v\u0259 d\u0259st\u0259kl\u0259yir.<\/p>\n<p>G\u00f6r\u00fc\u015fl\u0259rd\u0259 t\u0259\u015fviqat qrupunun \u00fczvl\u0259ri M\u0259h\u0259rr\u0259m \u015e\u0259fiyev, \u015f\u0259hid analar\u0131 Mehpar\u0259 Q\u0259ribova, \u0130sb\u0259t H\u0259t\u0259mova \u00e7\u0131x\u0131\u015f ed\u0259r\u0259k, qalib Az\u0259rbaycan\u0131m\u0131z\u0131n bundan sonra daha da inamla ir\u0259liy\u0259 do\u011fru add\u0131mlayaca\u011f\u0131n\u0131, m\u00f6ht\u0259\u015f\u0259m u\u011furlara imza ataca\u011f\u0131n\u0131 ifad\u0259 edibl\u0259r.<\/p>\n<p>\u00c7\u0131x\u0131\u015f ed\u0259n se\u00e7icil\u0259r d\u0259 YAP-\u0131n namiz\u0259dl\u0259rini d\u0259st\u0259kl\u0259y\u0259c\u0259kl\u0259rini bildiribl\u0259r.<\/p>\n<p>G\u00f6r\u00fc\u015fl\u0259r Yeni Az\u0259rbaycan Partiyas\u0131n\u0131n Himninin s\u0259sl\u0259ndirilm\u0259si il\u0259 ba\u015fa \u00e7at\u0131b.<\/p>\n<p>Qeyd ed\u0259k ki, deputatl\u0131\u011fa namiz\u0259d Xanlar F\u0259tiyev Xan\u0259r\u0259b k\u0259ndind\u0259 se\u00e7icil\u0259rl\u0259 f\u0259rdi g\u00f6r\u00fc\u015fl\u0259r d\u0259 ke\u00e7irib.<\/p>\n<p><img loading=\"lazy\" class=\"alignnone size-full wp-image-746993\" src=\"https:\/\/arantv.az\/wp-content\/uploads\/2024\/08\/thumb-177.jpg\" alt=\"\" width=\"360\" height=\"202\" \/> <img loading=\"lazy\" class=\"alignnone size-medium wp-image-746994\" src=\"https:\/\/arantv.az\/wp-content\/uploads\/2024\/08\/thumb-178.jpg\" alt=\"\" width=\"188\" height=\"120\" \/> <img loading=\"lazy\" class=\"alignnone size-medium wp-image-746995\" src=\"https:\/\/arantv.az\/wp-content\/uploads\/2024\/08\/thumb-179.jpg\" alt=\"\" width=\"188\" height=\"120\" \/> <img loading=\"lazy\" class=\"alignnone size-medium wp-image-746996\" src=\"https:\/\/arantv.az\/wp-content\/uploads\/2024\/08\/thumb-180.jpg\" alt=\"\" width=\"188\" height=\"120\" \/> <img loading=\"lazy\" class=\"alignnone size-medium wp-image-746997\" src=\"https:\/\/arantv.az\/wp-content\/uploads\/2024\/08\/thumb-181.jpg\" alt=\"\" width=\"188\" height=\"120\" \/> <img loading=\"lazy\" class=\"alignnone size-medium wp-image-746998\" src=\"https:\/\/arantv.az\/wp-content\/uploads\/2024\/08\/thumb-182.jpg\" alt=\"\" width=\"188\" height=\"120\" \/> <img loading=\"lazy\" class=\"alignnone size-medium wp-image-746999\" src=\"https:\/\/arantv.az\/wp-content\/uploads\/2024\/08\/thumb-183.jpg\" alt=\"\" width=\"188\" height=\"120\" \/> <img loading=\"lazy\" class=\"alignnone size-medium wp-image-747000\" src=\"https:\/\/arantv.az\/wp-content\/uploads\/2024\/08\/thumb-184.jpg\" alt=\"\" width=\"188\" height=\"120\" \/> <img loading=\"lazy\" class=\"alignnone size-medium wp-image-747001\" src=\"https:\/\/arantv.az\/wp-content\/uploads\/2024\/08\/thumb-185.jpg\" alt=\"\" width=\"188\" height=\"120\" \/> <img loading=\"lazy\" class=\"alignnone size-medium wp-image-747002\" src=\"https:\/\/arantv.az\/wp-content\/uploads\/2024\/08\/thumb-186.jpg\" alt=\"\" width=\"188\" height=\"120\" \/> <img loading=\"lazy\" class=\"alignnone size-medium wp-image-747003\" src=\"https:\/\/arantv.az\/wp-content\/uploads\/2024\/08\/thumb-187.jpg\" alt=\"\" width=\"188\" height=\"120\" \/> <img loading=\"lazy\" class=\"alignnone size-medium wp-image-747004\" src=\"https:\/\/arantv.az\/wp-content\/uploads\/2024\/08\/thumb-188.jpg\" alt=\"\" width=\"188\" height=\"120\" \/> <img loading=\"lazy\" class=\"alignnone size-medium wp-image-747005\" src=\"https:\/\/arantv.az\/wp-content\/uploads\/2024\/08\/thumb-189.jpg\" alt=\"\" width=\"188\" height=\"120\" \/><\/p>\n","protected":false},"excerpt":{"rendered":"<p>2024-c\u00fc il sentyabr\u0131n 1-d\u0259 Az\u0259rbaycan Respublikas\u0131 Milli M\u0259clisin\u0259 ke\u00e7iril\u0259c\u0259k n\u00f6vb\u0259d\u0259nk\u0259nar se\u00e7kil\u0259rin t\u0259bli\u011fat-t\u0259\u015fviqat m\u0259rh\u0259l\u0259si \u00e7\u0259r\u00e7iv\u0259sind\u0259 Yeni Az\u0259rbaycan Partiyas\u0131 (YAP) t\u0259r\u0259find\u0259n 98 sayl\u0131 B\u0259rd\u0259-T\u0259rt\u0259r se\u00e7ki dair\u0259sind\u0259n deputatl\u0131\u011fa namiz\u0259dliyi ir\u0259li s\u00fcr\u00fclm\u00fc\u015f Xanlar F\u0259tiyevin B\u0259rd\u0259 rayonunun Xan\u0259r\u0259b v\u0259 \u015eahv\u0259lil\u0259r k\u0259ndind\u0259 se\u00e7icil\u0259rl\u0259 g\u00f6r\u00fc\u015f\u00fc ke\u00e7irilib. \u018fvv\u0259lc\u0259 Ulu \u00d6nd\u0259r Heyd\u0259r \u018fliyevin v\u0259 Az\u0259rbaycan\u0131n \u0259razi b\u00fct\u00f6vl\u00fcy\u00fc v\u0259 suverenliyi u\u011frunda canlar\u0131n\u0131 qurban vermi\u015f \u015f\u0259hidl\u0259rimizin \u0259ziz xatir\u0259si ehtiramla yad edilib. G\u00f6r\u00fc\u015fl\u0259r Az\u0259rbaycan Respublikas\u0131n\u0131n D\u00f6vl\u0259t Himninin s\u0259sl\u0259ndirilm\u0259si il\u0259 ba\u015flan\u0131b. T\u0259dbirl\u0259ri giri\u015f s\u00f6z\u00fc il\u0259 a\u00e7an YAP B\u0259rd\u0259 rayon t\u0259\u015fkilat\u0131n\u0131n s\u0259dr m\u00fcavini Elm\u0259ddin \u018fsg\u0259rxanov Ulu \u00d6nd\u0259r Heyd\u0259r \u018fliyevin \u00a0ideyalar\u0131ndan g\u00fcc\u00a0alan\u00a0YAP-\u0131n q\u0131sa zamanda \u00f6lk\u0259d\u0259&hellip;<\/p>\n","protected":false},"author":2,"featured_media":746993,"comment_status":"closed","ping_status":"closed","sticky":false,"template":"","format":"standard","meta":{"om_disable_all_campaigns":false,"_monsterinsights_skip_tracking":false,"_monsterinsights_sitenote_active":false,"_monsterinsights_sitenote_note":"","_monsterinsights_sitenote_category":0},"categories":[2],"tags":[],"aioseo_notices":[],"gutentor_comment":0,"rttpg_featured_image_url":{"full":["https:\/\/arantv.az\/wp-content\/uploads\/2024\/08\/thumb-177.jpg",360,202,false],"landscape":["https:\/\/arantv.az\/wp-content\/uploads\/2024\/08\/thumb-177.jpg",360,202,false],"portraits":["https:\/\/arantv.az\/wp-content\/uploads\/2024\/08\/thumb-177.jpg",360,202,false],"thumbnail":["https:\/\/arantv.az\/wp-content\/uploads\/2024\/08\/thumb-177.jpg",360,202,false],"medium":["https:\/\/arantv.az\/wp-content\/uploads\/2024\/08\/thumb-177.jpg",360,202,false],"large":["https:\/\/arantv.az\/wp-content\/uploads\/2024\/08\/thumb-177.jpg",360,202,false],"1536x1536":["https:\/\/arantv.az\/wp-content\/uploads\/2024\/08\/thumb-177.jpg",360,202,false],"2048x2048":["https:\/\/arantv.az\/wp-content\/uploads\/2024\/08\/thumb-177.jpg",360,202,false],"post-thumbnail":["https:\/\/arantv.az\/wp-content\/uploads\/2024\/08\/thumb-177-240x172.jpg",240,172,true],"advps-thumb-one":["https:\/\/arantv.az\/wp-content\/uploads\/2024\/08\/thumb-177.jpg",360,202,false]},"rttpg_author":{"display_name":"V\u00fcsal Rafiqo\u011flu","author_link":"https:\/\/arantv.az\/?author=2"},"rttpg_comment":0,"rttpg_category":"<a href=\"https:\/\/arantv.az\/?cat=2\" rel=\"category\">Region X\u0259b\u0259rl\u0259ri<\/a>","rttpg_excerpt":"2024-c\u00fc il sentyabr\u0131n 1-d\u0259 Az\u0259rbaycan Respublikas\u0131 Milli M\u0259clisin\u0259 ke\u00e7iril\u0259c\u0259k n\u00f6vb\u0259d\u0259nk\u0259nar se\u00e7kil\u0259rin t\u0259bli\u011fat-t\u0259\u015fviqat m\u0259rh\u0259l\u0259si \u00e7\u0259r\u00e7iv\u0259sind\u0259 Yeni Az\u0259rbaycan Partiyas\u0131 (YAP) t\u0259r\u0259find\u0259n 98 sayl\u0131 B\u0259rd\u0259-T\u0259rt\u0259r se\u00e7ki dair\u0259sind\u0259n deputatl\u0131\u011fa namiz\u0259dliyi ir\u0259li s\u00fcr\u00fclm\u00fc\u015f Xanlar F\u0259tiyevin B\u0259rd\u0259 rayonunun Xan\u0259r\u0259b v\u0259 \u015eahv\u0259lil\u0259r k\u0259ndind\u0259 se\u00e7icil\u0259rl\u0259 g\u00f6r\u00fc\u015f\u00fc ke\u00e7irilib. \u018fvv\u0259lc\u0259 Ulu \u00d6nd\u0259r Heyd\u0259r \u018fliyevin v\u0259 Az\u0259rbaycan\u0131n \u0259razi b\u00fct\u00f6vl\u00fcy\u00fc v\u0259 suverenliyi u\u011frunda canlar\u0131n\u0131 qurban vermi\u015f \u015f\u0259hidl\u0259rimizin&hellip;","_links":{"self":[{"href":"https:\/\/arantv.az\/index.php?rest_route=\/wp\/v2\/posts\/746992"}],"collection":[{"href":"https:\/\/arantv.az\/index.php?rest_route=\/wp\/v2\/posts"}],"about":[{"href":"https:\/\/arantv.az\/index.php?rest_route=\/wp\/v2\/types\/post"}],"author":[{"embeddable":true,"href":"https:\/\/arantv.az\/index.php?rest_route=\/wp\/v2\/users\/2"}],"replies":[{"embeddable":true,"href":"https:\/\/arantv.az\/index.php?rest_route=%2Fwp%2Fv2%2Fcomments&post=746992"}],"version-history":[{"count":1,"href":"https:\/\/arantv.az\/index.php?rest_route=\/wp\/v2\/posts\/746992\/revisions"}],"predecessor-version":[{"id":747006,"href":"https:\/\/arantv.az\/index.php?rest_route=\/wp\/v2\/posts\/746992\/revisions\/747006"}],"wp:featuredmedia":[{"embeddable":true,"href":"https:\/\/arantv.az\/index.php?rest_route=\/wp\/v2\/media\/746993"}],"wp:attachment":[{"href":"https:\/\/arantv.az\/index.php?rest_route=%2Fwp%2Fv2%2Fmedia&parent=746992"}],"wp:term":[{"taxonomy":"category","embeddable":true,"href":"https:\/\/arantv.az\/index.php?rest_route=%2Fwp%2Fv2%2Fcategories&post=746992"},{"taxonomy":"post_tag","embeddable":true,"href":"https:\/\/arantv.az\/index.php?rest_route=%2Fwp%2Fv2%2Ftags&post=746992"}],"curies":[{"name":"wp","href":"https:\/\/api.w.org\/{rel}","templated":true}]}}