{"id":747074,"date":"2024-08-23T10:20:30","date_gmt":"2024-08-23T06:20:30","guid":{"rendered":"https:\/\/arantv.az\/?p=747074"},"modified":"2024-08-23T10:20:30","modified_gmt":"2024-08-23T06:20:30","slug":"yap-seckid%c9%99-x%c9%99sislik-etmir-b%c9%99s-dig%c9%99r-partiyalar","status":"publish","type":"post","link":"https:\/\/arantv.az\/?p=747074","title":{"rendered":"YAP se\u00e7kid\u0259 x\u0259sislik etmir, b\u0259s dig\u0259r partiyalar?"},"content":{"rendered":"<p><strong>Se\u00e7ki il\u0259 ba\u011fl\u0131 r\u0259y sor\u011fusunun n\u0259tic\u0259l\u0259ri a\u00e7\u0131qland\u0131<\/strong><\/p>\n<p>Hakim Yeni Az\u0259rbaycan Partiyas\u0131 (YAP) sentyabr\u0131n 1-d\u0259 ke\u00e7iril\u0259c\u0259k n\u00f6vb\u0259d\u0259nk\u0259nar parlament se\u00e7kil\u0259rind\u0259 125 se\u00e7ki dair\u0259si \u00fczr\u0259 namiz\u0259d ir\u0259li s\u00fcr\u00fcb. Modern.az-\u0131n m\u0259lumat\u0131na g\u00f6r\u0259, YAP t\u0259\u015fviqat m\u00fcdd\u0259tind\u0259 139.7 min manat pul x\u0259rcl\u0259yib. V\u0259sait se\u00e7kiqaba\u011f\u0131 t\u0259\u015fviqatla ba\u011fl\u0131 t\u0259dbirl\u0259rin, habel\u0259 informasiya v\u0259 m\u0259\u015fv\u0259r\u0259t xidm\u0259tl\u0259rinin \u00f6d\u0259nilm\u0259sin\u0259 s\u0259rf olunub.<\/p>\n<p>M\u0259lumata g\u00f6r\u0259, partiyan\u0131n x\u00fcsusi se\u00e7ki hesab\u0131na 140 min manat daxil olub. S\u00f6z\u00fcged\u0259n v\u0259sait partiyan\u0131n b\u00fcdc\u0259sind\u0259n ayr\u0131l\u0131b. Qeyd ed\u0259k ki, partiya se\u00e7ici imzalar\u0131n\u0131n toplanmas\u0131na v\u0259sait s\u0259rf etm\u0259yib.<\/p>\n<p><strong>Se\u00e7kiy\u0259 qat\u0131lm\u0131\u015f dig\u0259r partiyalarda maliyy\u0259 m\u0259s\u0259l\u0259si n\u0259 yerd\u0259dir? V\u0259sait n\u0259y\u0259 x\u0259rcl\u0259nir? \u00dcmumiyy\u0259tl\u0259, se\u00e7kid\u0259 pul amili n\u0259 q\u0259d\u0259r \u00f6n\u0259mlidir?<\/strong><\/p>\n<p><img loading=\"lazy\" src=\"https:\/\/aktor.az\/wp-content\/uploads\/2024\/06\/Arzuxan.jpg\" alt=\"Arzuxan \u018flizad\u0259 Avropa Parlamentin\u0259 se\u00e7kil\u0259ri m\u00fc\u015fahid\u0259 ed\u0259c\u0259k - D\u018fV\u018fT -  AKTOR.az\" width=\"785\" height=\"523\" \/><\/p>\n<p><strong>Arzuxan \u018flizad\u0259\u00a0<\/strong><\/p>\n<p><strong>AM\u0130P s\u0259dri Arzuxan \u018flizad\u0259 \u201cYeni M\u00fcsavat\u201da bildirdi ki, namiz\u0259dl\u0259rd\u0259n h\u0259r biri \u00f6z daxili imkanlar\u0131 hesab\u0131na se\u00e7ki kampaniyas\u0131n\u0131n maliyy\u0259 t\u0259r\u0259fini h\u0259yata ke\u00e7irirl\u0259r, eyni zamanda partiyan\u0131n r\u0259hb\u0259r strukturlar\u0131 da\u00a0 onlara d\u0259st\u0259k verir:<\/strong>\u00a0\u201cNamiz\u0259dl\u0259rimiz plakatlar\u0131n\u0131 \u00e7ap etdiribl\u0259r, m\u00fcvafiq l\u00f6vh\u0259l\u0259rd\u0259 yerl\u0259\u015fdiribl\u0259r, bukletl\u0259r d\u0259\u00a0 se\u00e7icil\u0259r\u0259 paylanmaqdad\u0131r. Daha \u00e7ox se\u00e7icil\u0259rl\u0259 g\u00f6r\u00fc\u015fl\u0259r\u0259 \u00fcst\u00fcnl\u00fck veririk. Ke\u00e7irdiyimiz se\u00e7ki kampaniyas\u0131na el\u0259 d\u0259 b\u00f6y\u00fck v\u0259sait t\u0259l\u0259b olunmay\u0131b\u201d.<\/p>\n<p>B\u00f6y\u00fck Az\u0259rbaycan Partiyas\u0131n\u0131n s\u0259dri El\u015fad Musayev bildirdi ki, qeydiyyatdan ke\u00e7mi\u015f 6 n\u0259f\u0259r namiz\u0259dl\u0259ri var: \u201cT\u0259bli\u011fat-t\u0259\u015fviqat materiallar\u0131 yaymaqla, se\u00e7icil\u0259rl\u0259 g\u00f6r\u00fc\u015fl\u0259r ke\u00e7irm\u0259kl\u0259 se\u00e7ki kampaniyas\u0131n\u0131 apar\u0131r\u0131q. V\u0259sait m\u0259s\u0259l\u0259sin\u0259 g\u0259ldikd\u0259 \u0259sas\u0259n, t\u0259bli\u011fat-t\u0259\u015fviqat materiallar\u0131na pul x\u0259rcl\u0259nib. Bizim maliyy\u0259 imkanlar\u0131m\u0131z el\u0259 d\u0259 b\u00f6y\u00fck deyil. D\u00fc\u015f\u00fcn\u00fcr\u00fck ki, partiyam\u0131z parlament partiyas\u0131 olacaq v\u0259 bundan sonra partiya \u00fc\u00e7\u00fcn daha geni\u015f qanuni imkanlar a\u00e7\u0131lacaq\u201d.<\/p>\n<p><img src=\"https:\/\/www.bakupost.az\/uploads\/news\/2023-06-22-10-01-46dzobPrjsIxDcX9UYi3af_file.png\" alt=\"Bakupost.az - Tural Abbasl\u0131, xan\u0131m\u0131 v\u0259 qay\u0131natas\u0131 namiz\u0259d oldu\" \/><\/p>\n<p><strong>\u00a0Tural Abbasl\u0131\u00a0<\/strong><\/p>\n<p>A\u011e Partiyan\u0131n s\u0259dri Tural Abbasl\u0131 is\u0259 bildirdi ki, hakim partiyan\u0131n b\u00fcdc\u0259si q\u0259d\u0259r v\u0259sait x\u0259rcl\u0259m\u0259y\u0259 imkanlar\u0131\u00a0 yoxdur: \u201cM\u0259nc\u0259, hakim partiya b\u00fcdc\u0259sini\u00a0 az g\u00f6st\u0259rib. 125 namiz\u0259d\u0259 \u00fcmumilikd\u0259 140 min manat o dem\u0259kdir ki, h\u0259r namiz\u0259d\u0259 t\u0259xmin\u0259n 1000 manat ayr\u0131l\u0131b. Bu,\u00a0 real r\u0259q\u0259m deyil.\u00a0 Bizd\u0259 x\u0259rcl\u0259n\u0259n b\u00fcdc\u0259 \u0259sas\u0259n namiz\u0259dl\u0259rin \u00f6z \u015f\u0259xsi v\u0259saitl\u0259ridir. Se\u00e7kiy\u0259 \u00e7ox v\u0259sait x\u0259rcl\u0259y\u0259n namiz\u0259dl\u0259rimiz d\u0259, az x\u0259rcl\u0259y\u0259n namiz\u0259dl\u0259rimiz d\u0259 var. V\u0259sait daha \u00e7ox t\u0259bli\u011fat-t\u0259\u015fviqat materiallar\u0131na x\u0259rcl\u0259nir. \u00dcmum\u0259n g\u00f6t\u00fcr\u0259nd\u0259 se\u00e7ki x\u0259rc t\u0259l\u0259b el\u0259y\u0259n bahal\u0131 v\u0259 maliyy\u0259siz m\u00fcmk\u00fcn olmayan prosesdir. Amma biz indi se\u00e7ki prosesinin \u00fcmumi hesabat\u0131n\u0131 aparm\u0131r\u0131q ki, h\u0259r namiz\u0259dimiz d\u0259qiq n\u0259 q\u0259d\u0259r x\u0259rcl\u0259yib. Poster v\u0259 bukletl\u0259rin \u00e7ap olunmas\u0131 h\u0259r namiz\u0259d qar\u015f\u0131s\u0131nda t\u0259l\u0259b kimi qoyulmu\u015fdu. Bu t\u0259l\u0259bl\u0259r\u0259 uy\u011fun da i\u015fl\u0259r h\u0259yata ke\u00e7irilib. H\u0259r namiz\u0259dimiz \u00f6z\u00fc f\u0259rdi qaydada DSK-ya se\u00e7ki hesabat\u0131 verir. Bu g\u00fcn \u0259limizd\u0259 d\u0259qiq bir r\u0259q\u0259m yoxdur ki, d\u0259qiq n\u0259 q\u0259d\u0259r v\u0259sait x\u0259rcl\u0259diyimizi ifad\u0259 ed\u0259k\u201d.<\/p>\n<p><img src=\"https:\/\/cebheinfo.az\/uploads\/images\/2024\/07\/720x400\/172113712873862526669677e854a22.jpg\" alt=\"Akif Na\u011f\u0131 namiz\u0259dliyini ir\u0259li s\u00fcr\u00fcb\" \/><\/p>\n<p><strong>Akif Na\u011f\u0131\u00a0<\/strong><\/p>\n<p><strong>Azad V\u0259t\u0259n Partiyas\u0131n\u0131n s\u0259dri Akif Na\u011f\u0131 da dedi ki,\u00a0 6 namiz\u0259dl\u0259 i\u015ftirak edirl\u0259r:<\/strong>\u00a0\u201cBir namiz\u0259d Bak\u0131dak\u0131 dair\u0259d\u0259ndir, be\u015f namiz\u0259d rayonlardak\u0131 dair\u0259l\u0259rd\u0259 m\u00fcbariz\u0259 apar\u0131r. H\u0259r k\u0259s \u00f6z imkanlar\u0131 daxilind\u0259 se\u00e7ki kampaniyas\u0131nda v\u0259sait x\u0259rcl\u0259yir. \u018fsas\u0259n plakatlar\u0131n, bukletl\u0259rin \u00e7ap\u0131na pul x\u0259rcl\u0259nib. H\u0259r namiz\u0259d 100 plakat \u00e7ap etdirdi. Plakatlar\u0131n \u00e7ap\u0131na h\u0259r namiz\u0259dimiz 150 manat x\u0259rcl\u0259yib. Bir ne\u00e7\u0259 saytla \u00f6d\u0259ni\u015fsiz xidm\u0259t m\u00fcqavil\u0259si imzalad\u0131q. Sa\u011f olsunlar, bizim m\u0259lumatlar\u0131m\u0131z\u0131 \u00f6d\u0259ni\u015fsiz yay\u0131rlar. Ba\u015fqa el\u0259 bir x\u0259rcl\u0259rimiz yoxdur\u201d.<\/p>\n<p>N\u00f6vb\u0259d\u0259nk\u0259nar parlament se\u00e7kil\u0259ri il\u0259 \u0259laq\u0259dar se\u00e7ki b\u00fclletenl\u0259rinin haz\u0131rlanmas\u0131 prosesi is\u0259 ba\u015fa \u00e7at\u0131b.<\/p>\n<p>Qanunvericiliy\u0259 \u0259sas\u0259n, se\u00e7ki b\u00fclletenl\u0259rinin haz\u0131rlanmas\u0131 prosesi s\u0259sverm\u0259 g\u00fcn\u00fcn\u0259 \u0259n az\u0131 10 g\u00fcn qalanad\u0259k yekunla\u015fmal\u0131d\u0131r.<\/p>\n<p>Sentyabr\u0131n 1-n\u0259 t\u0259yin edilmi\u015f n\u00f6vb\u0259d\u0259nk\u0259nar parlament se\u00e7kil\u0259ri il\u0259 \u0259laq\u0259dar \u201cexit-poll\u201d ke\u00e7irm\u0259k ist\u0259y\u0259n t\u0259\u015fkilatlar\u0131n akkreditasiyas\u0131 bar\u0259d\u0259 q\u0259rar\u0131n q\u0259bulu \u00fc\u00e7\u00fcn ayr\u0131lm\u0131\u015f m\u00fcdd\u0259t d\u0259 d\u00fcn\u0259n bitib.<\/p>\n<p><strong>\u0130taliyan\u0131n SWG SPA \u015firk\u0259ti is\u0259 se\u00e7ki\u00f6nc\u0259si il\u0259 ba\u011fl\u0131 yerli respondentl\u0259r aras\u0131nda ke\u00e7irdiyi sor\u011funun n\u0259tic\u0259l\u0259rini a\u00e7\u0131qlay\u0131b. Sor\u011fuya \u0259sas\u0259n \u0259halinin 81%-i parlament se\u00e7kil\u0259ri il\u0259 ba\u011fl\u0131 maraqland\u0131qlar\u0131n\u0131 deyibl\u0259r.<\/strong><\/p>\n<p>Respondentl\u0259rin 21%-i parlament se\u00e7kil\u0259ri il\u0259 \u00e7ox maraqland\u0131\u011f\u0131n\u0131, 13% o q\u0259d\u0259r d\u0259 maraq g\u00f6st\u0259rm\u0259diyini, 5% maraql\u0131 olmad\u0131\u011f\u0131n\u0131, 1% is\u0259 bilmir\u0259m dediyini bildiribl\u0259r.<\/p>\n<p>Respondentl\u0259rin 57%-i se\u00e7kid\u0259 i\u015ftirak ed\u0259c\u0259yini, 27%-i \u00e7ox g\u00fcmanki, 6% xeyr, 10%-i is\u0259 bilmir\u0259m cavab\u0131n\u0131 verib.<\/p>\n<p>Qeyd ed\u0259k ki, sor\u011fu 15 iyul &#8211; 15 avqust tarixl\u0259rind\u0259 ke\u00e7irilib.<\/p>\n<p>2024-c\u00fc il sentyabr\u0131n 1-n\u0259 t\u0259yin edilmi\u015f Az\u0259rbaycan Respublikas\u0131n\u0131n Milli M\u0259clisin\u0259 n\u00f6vb\u0259d\u0259nk\u0259nar se\u00e7kil\u0259rl\u0259 \u0259laq\u0259dar avqustun 22-d\u0259 M\u0259rk\u0259zi Se\u00e7ki Komissiyas\u0131 (MSK) n\u0259zdind\u0259 M\u0259tbuat qrupunun iclas\u0131 ke\u00e7irilib. Beyn\u0259lxalq m\u00fc\u015fahid\u0259 missiyas\u0131 t\u0259msil\u00e7il\u0259rinin d\u0259 qat\u0131ld\u0131\u011f\u0131 iclasda, M\u0259tbuat qrupunun t\u0259rkibin\u0259 daxil olan MSK \u00fczvl\u0259ri v\u0259 media subyektl\u0259rinin n\u00fcmay\u0259nd\u0259l\u0259ri i\u015ftirak edib.<\/p>\n<p><strong>\u0130clasda \u00f6nc\u0259 M\u0259tbuat qrupunun funksiya, s\u0259lahiyy\u0259t v\u0259 v\u0259zif\u0259l\u0259rind\u0259n b\u0259hs olunaraq diqq\u0259t\u0259 \u00e7atd\u0131r\u0131l\u0131b ki, qrup mediada se\u00e7kiqaba\u011f\u0131 t\u0259\u015fviqat\u0131n apar\u0131lmas\u0131 qaydalar\u0131na \u0259m\u0259l olunmas\u0131na n\u0259zar\u0259ti h\u0259yata ke\u00e7irir. \u00dczvl\u0259rinin \u0259ks\u0259riyy\u0259ti jurnalistika sah\u0259sind\u0259 \u00e7al\u0131\u015fan m\u00fct\u0259x\u0259ssisl\u0259rd\u0259n ibar\u0259t olan M\u0259tbuat qrupunun f\u0259aliyy\u0259ti Se\u00e7ki M\u0259c\u0259ll\u0259si v\u0259 MSK t\u0259r\u0259find\u0259n q\u0259bul edilmi\u015f m\u00fcvafiq \u0259sasnam\u0259 il\u0259 t\u0259nziml\u0259nir. M\u0259tbuat qrupu \u00f6z f\u0259aliyy\u0259tind\u0259 qanunvericilikl\u0259 m\u00fc\u0259yy\u0259nl\u0259\u015fdirilmi\u015f norma v\u0259 t\u0259l\u0259bl\u0259ri r\u0259hb\u0259r tutmaqla, mediada se\u00e7kiqaba\u011f\u0131 t\u0259\u015fviqat\u0131n apar\u0131lmas\u0131n\u0131n qayda v\u0259 \u00fcsullar\u0131na \u0259m\u0259l olunmas\u0131 \u00fc\u00e7\u00fcn t\u0259dbirl\u0259r g\u00f6r\u00fcr, z\u0259ruri hallarda h\u0259min m\u00fcraci\u0259tl\u0259r \u00fczr\u0259 t\u0259klifl\u0259rini MSK-n\u0131n m\u00fczakir\u0259sin\u0259 \u00e7\u0131xar\u0131r.<\/strong><\/p>\n<p>Sonra median\u0131n se\u00e7kil\u0259rd\u0259 rol v\u0259 v\u0259zif\u0259l\u0259rind\u0259n s\u00f6hb\u0259t a\u00e7\u0131l\u0131b, media m\u0259nsublar\u0131n\u0131n se\u00e7kil\u0259rd\u0259 azad, s\u0259rb\u0259st \u015f\u0259kild\u0259 i\u015ftirak etdiyi, prosesl\u0259rin gedi\u015fi il\u0259 ba\u011fl\u0131 ictimaiyy\u0259tin m\u0259lumatland\u0131r\u0131lmas\u0131nda \u0259h\u0259miyy\u0259tli rol oynad\u0131\u011f\u0131 qeyd olunub. Vur\u011fulan\u0131b ki, qanunvericilik ist\u0259r se\u00e7kil\u0259r zaman\u0131 a\u015fkarl\u0131\u011f\u0131n v\u0259 \u015f\u0259ffafl\u0131\u011f\u0131n t\u0259min edilm\u0259sind\u0259, ist\u0259rs\u0259 d\u0259 se\u00e7kiqaba\u011f\u0131 t\u0259\u015fviqat m\u0259rh\u0259l\u0259sind\u0259 v\u0259 s\u0259sverm\u0259 g\u00fcn\u00fc pe\u015f\u0259 f\u0259aliyy\u0259tl\u0259rini yerin\u0259 yetir\u0259rk\u0259n media n\u00fcmay\u0259nd\u0259l\u0259ri \u00fc\u00e7\u00fcn geni\u015f h\u00fcquqlarla b\u0259rab\u0259r, v\u0259zif\u0259 v\u0259 m\u0259suliyy\u0259tl\u0259r d\u0259 n\u0259z\u0259rd\u0259 tutub. Ona g\u00f6r\u0259 d\u0259 se\u00e7kiqaba\u011f\u0131 t\u0259\u015fviqat prosesind\u0259 Se\u00e7ki M\u0259c\u0259ll\u0259sinin v\u0259 m\u00fcvafiq qanunvericiliyin t\u0259l\u0259bl\u0259rin\u0259 ciddiyy\u0259tl\u0259 v\u0259 d\u0259qiqlikl\u0259 \u0259m\u0259l olunmal\u0131d\u0131r.<\/p>\n<p>\u0130clasda, h\u0259m\u00e7inin Milli M\u0259clis\u0259 se\u00e7kil\u0259r\u0259 haz\u0131rl\u0131qlar\u0131n gedi\u015find\u0259n dan\u0131\u015f\u0131l\u0131b, MSK t\u0259r\u0259find\u0259n se\u00e7icil\u0259rin m\u0259lumatland\u0131r\u0131lmas\u0131 v\u0259 f\u0259rqli statuslu se\u00e7ki i\u015ftirak\u00e7\u0131lar\u0131n\u0131n maarifl\u0259ndirilm\u0259sin\u0259 h\u0259d\u0259fl\u0259n\u0259n geni\u015fmiqyasl\u0131 layih\u0259l\u0259r realla\u015fd\u0131r\u0131ld\u0131\u011f\u0131 bildirilib. Qar\u015f\u0131dan g\u0259l\u0259n se\u00e7kil\u0259rd\u0259 se\u00e7kiqaba\u011f\u0131 t\u0259\u015fviqat apar\u0131lmas\u0131 qaydalar\u0131 bar\u0259d\u0259 m\u0259lumat veril\u0259rk\u0259n diqq\u0259t\u0259 \u00e7atd\u0131r\u0131l\u0131b ki, se\u00e7kil\u0259rin m\u00fch\u00fcm m\u0259rh\u0259l\u0259l\u0259rind\u0259n biri olan se\u00e7kiqaba\u011f\u0131 t\u0259\u015fviqat kampaniyas\u0131n\u0131n sivil v\u0259 m\u00fcasir t\u0259l\u0259bl\u0259r\u0259 cavab ver\u0259n \u015f\u0259raitd\u0259 ke\u00e7m\u0259si \u00fc\u00e7\u00fcn b\u00fct\u00fcn t\u0259\u015fviqat subyektl\u0259rin\u0259 geni\u015f imkanlar v\u0259 h\u0259rt\u0259r\u0259fli b\u0259rab\u0259r \u015f\u0259rait yarad\u0131l\u0131b. Avqustun 9-dan start g\u00f6t\u00fcr\u0259n t\u0259\u015fviqat kampaniyas\u0131 namiz\u0259dl\u0259rin y\u00fcks\u0259k f\u0259all\u0131\u011f\u0131 \u015f\u0259raitind\u0259 m\u00fcv\u0259ff\u0259qiyy\u0259tl\u0259 davam edir. Se\u00e7ki M\u0259c\u0259ll\u0259sinin t\u0259l\u0259bl\u0259rin\u0259 \u0259sas\u0259n Milli M\u0259clis\u0259 se\u00e7kil\u0259rd\u0259 qeyd\u0259 al\u0131nm\u0131\u015f namiz\u0259dl\u0259r, onlar\u0131n s\u0259lahiyy\u0259tli n\u00fcmay\u0259nd\u0259l\u0259ri v\u0259 v\u0259kil edilmi\u015f \u015f\u0259xsl\u0259ri, habel\u0259 namiz\u0259di qeyd\u0259 al\u0131nm\u0131\u015f siyasi partiyalar, onlar\u0131n s\u0259lahiyy\u0259tli n\u00fcmay\u0259nd\u0259l\u0259ri v\u0259 v\u0259kil edilmi\u015f \u015f\u0259xsl\u0259ri se\u00e7kiqaba\u011f\u0131 t\u0259\u015fviqat aparmaq h\u00fcququna malikdirl\u0259r.<\/p>\n<p><strong>MSK n\u0259zdind\u0259 M\u0259tbuat qrupu mediada se\u00e7kiqaba\u011f\u0131 t\u0259\u015fviqat apar\u0131lark\u0259n qanunvericiliyin t\u0259l\u0259bl\u0259rin\u0259 ciddi riay\u0259t olunmas\u0131n\u0131n vacibliyini bir daha vur\u011fulay\u0131b, m\u00fcvafiq t\u0259l\u0259bl\u0259r\u0259 \u0259m\u0259l olunmamas\u0131n\u0131n qanuni m\u0259suliyy\u0259t do\u011furdu\u011funu xat\u0131rlad\u0131b v\u0259 media m\u0259nsublar\u0131n\u0131n \u00f6z \u00fcz\u0259rl\u0259rin\u0259 d\u00fc\u015f\u0259n v\u0259zif\u0259l\u0259ri layiqinc\u0259 yerin\u0259 yetir\u0259c\u0259kl\u0259rin\u0259 inam\u0131n\u0131 ifad\u0259 edib.<\/strong><\/p>\n<p>M\u0259tbuat qrupu se\u00e7kiqaba\u011f\u0131 t\u0259\u015fviqat kampaniyas\u0131 il\u0259 \u0259laq\u0259dar z\u0259rur\u0259t yarand\u0131qda v\u0259 ya aidiyy\u0259ti \u00fczr\u0259 m\u00fcraci\u0259t daxil olduqda n\u00f6vb\u0259ti iclaslar\u0131n\u0131n ke\u00e7irilm\u0259sinin m\u00fcmk\u00fcnl\u00fcy\u00fcn\u00fc d\u0259 n\u0259z\u0259r\u0259 \u00e7atd\u0131r\u0131b.<\/p>\n<p><strong>Etibar SEY\u0130DA\u011eA,<\/strong><br \/>\n<strong>\u201cYeni M\u00fcsavat\u201d<\/strong><\/p>\n","protected":false},"excerpt":{"rendered":"<p>Se\u00e7ki il\u0259 ba\u011fl\u0131 r\u0259y sor\u011fusunun n\u0259tic\u0259l\u0259ri a\u00e7\u0131qland\u0131 Hakim Yeni Az\u0259rbaycan Partiyas\u0131 (YAP) sentyabr\u0131n 1-d\u0259 ke\u00e7iril\u0259c\u0259k n\u00f6vb\u0259d\u0259nk\u0259nar parlament se\u00e7kil\u0259rind\u0259 125 se\u00e7ki dair\u0259si \u00fczr\u0259 namiz\u0259d ir\u0259li s\u00fcr\u00fcb. Modern.az-\u0131n m\u0259lumat\u0131na g\u00f6r\u0259, YAP t\u0259\u015fviqat m\u00fcdd\u0259tind\u0259 139.7 min manat pul x\u0259rcl\u0259yib. V\u0259sait se\u00e7kiqaba\u011f\u0131 t\u0259\u015fviqatla ba\u011fl\u0131 t\u0259dbirl\u0259rin, habel\u0259 informasiya v\u0259 m\u0259\u015fv\u0259r\u0259t xidm\u0259tl\u0259rinin \u00f6d\u0259nilm\u0259sin\u0259 s\u0259rf olunub. M\u0259lumata g\u00f6r\u0259, partiyan\u0131n x\u00fcsusi se\u00e7ki hesab\u0131na 140 min manat daxil olub. S\u00f6z\u00fcged\u0259n v\u0259sait partiyan\u0131n b\u00fcdc\u0259sind\u0259n ayr\u0131l\u0131b. Qeyd ed\u0259k ki, partiya se\u00e7ici imzalar\u0131n\u0131n toplanmas\u0131na v\u0259sait s\u0259rf etm\u0259yib. Se\u00e7kiy\u0259 qat\u0131lm\u0131\u015f dig\u0259r partiyalarda maliyy\u0259 m\u0259s\u0259l\u0259si n\u0259 yerd\u0259dir? V\u0259sait n\u0259y\u0259 x\u0259rcl\u0259nir? \u00dcmumiyy\u0259tl\u0259, se\u00e7kid\u0259 pul amili&hellip;<\/p>\n","protected":false},"author":2,"featured_media":747075,"comment_status":"closed","ping_status":"closed","sticky":false,"template":"","format":"standard","meta":{"om_disable_all_campaigns":false,"_monsterinsights_skip_tracking":false,"_monsterinsights_sitenote_active":false,"_monsterinsights_sitenote_note":"","_monsterinsights_sitenote_category":0},"categories":[4],"tags":[],"aioseo_notices":[],"gutentor_comment":0,"rttpg_featured_image_url":{"full":["https:\/\/arantv.az\/wp-content\/uploads\/2024\/08\/077a2befc2a99ce0e56fb00c47cbd16d.jpg",870,500,false],"landscape":["https:\/\/arantv.az\/wp-content\/uploads\/2024\/08\/077a2befc2a99ce0e56fb00c47cbd16d.jpg",870,500,false],"portraits":["https:\/\/arantv.az\/wp-content\/uploads\/2024\/08\/077a2befc2a99ce0e56fb00c47cbd16d.jpg",870,500,false],"thumbnail":["https:\/\/arantv.az\/wp-content\/uploads\/2024\/08\/077a2befc2a99ce0e56fb00c47cbd16d-500x280.jpg",500,280,true],"medium":["https:\/\/arantv.az\/wp-content\/uploads\/2024\/08\/077a2befc2a99ce0e56fb00c47cbd16d-635x365.jpg",635,365,true],"large":["https:\/\/arantv.az\/wp-content\/uploads\/2024\/08\/077a2befc2a99ce0e56fb00c47cbd16d-840x483.jpg",640,368,true],"1536x1536":["https:\/\/arantv.az\/wp-content\/uploads\/2024\/08\/077a2befc2a99ce0e56fb00c47cbd16d.jpg",870,500,false],"2048x2048":["https:\/\/arantv.az\/wp-content\/uploads\/2024\/08\/077a2befc2a99ce0e56fb00c47cbd16d.jpg",870,500,false],"post-thumbnail":["https:\/\/arantv.az\/wp-content\/uploads\/2024\/08\/077a2befc2a99ce0e56fb00c47cbd16d-240x172.jpg",240,172,true],"advps-thumb-one":["https:\/\/arantv.az\/wp-content\/uploads\/2024\/08\/077a2befc2a99ce0e56fb00c47cbd16d.jpg",870,500,false]},"rttpg_author":{"display_name":"V\u00fcsal Rafiqo\u011flu","author_link":"https:\/\/arantv.az\/?author=2"},"rttpg_comment":0,"rttpg_category":"<a href=\"https:\/\/arantv.az\/?cat=4\" rel=\"category\">Siyas\u0259t<\/a>","rttpg_excerpt":"Se\u00e7ki il\u0259 ba\u011fl\u0131 r\u0259y sor\u011fusunun n\u0259tic\u0259l\u0259ri a\u00e7\u0131qland\u0131 Hakim Yeni Az\u0259rbaycan Partiyas\u0131 (YAP) sentyabr\u0131n 1-d\u0259 ke\u00e7iril\u0259c\u0259k n\u00f6vb\u0259d\u0259nk\u0259nar parlament se\u00e7kil\u0259rind\u0259 125 se\u00e7ki dair\u0259si \u00fczr\u0259 namiz\u0259d ir\u0259li s\u00fcr\u00fcb. Modern.az-\u0131n m\u0259lumat\u0131na g\u00f6r\u0259, YAP t\u0259\u015fviqat m\u00fcdd\u0259tind\u0259 139.7 min manat pul x\u0259rcl\u0259yib. V\u0259sait se\u00e7kiqaba\u011f\u0131 t\u0259\u015fviqatla ba\u011fl\u0131 t\u0259dbirl\u0259rin, habel\u0259 informasiya v\u0259 m\u0259\u015fv\u0259r\u0259t xidm\u0259tl\u0259rinin \u00f6d\u0259nilm\u0259sin\u0259 s\u0259rf olunub. M\u0259lumata g\u00f6r\u0259, partiyan\u0131n x\u00fcsusi se\u00e7ki hesab\u0131na&hellip;","_links":{"self":[{"href":"https:\/\/arantv.az\/index.php?rest_route=\/wp\/v2\/posts\/747074"}],"collection":[{"href":"https:\/\/arantv.az\/index.php?rest_route=\/wp\/v2\/posts"}],"about":[{"href":"https:\/\/arantv.az\/index.php?rest_route=\/wp\/v2\/types\/post"}],"author":[{"embeddable":true,"href":"https:\/\/arantv.az\/index.php?rest_route=\/wp\/v2\/users\/2"}],"replies":[{"embeddable":true,"href":"https:\/\/arantv.az\/index.php?rest_route=%2Fwp%2Fv2%2Fcomments&post=747074"}],"version-history":[{"count":1,"href":"https:\/\/arantv.az\/index.php?rest_route=\/wp\/v2\/posts\/747074\/revisions"}],"predecessor-version":[{"id":747076,"href":"https:\/\/arantv.az\/index.php?rest_route=\/wp\/v2\/posts\/747074\/revisions\/747076"}],"wp:featuredmedia":[{"embeddable":true,"href":"https:\/\/arantv.az\/index.php?rest_route=\/wp\/v2\/media\/747075"}],"wp:attachment":[{"href":"https:\/\/arantv.az\/index.php?rest_route=%2Fwp%2Fv2%2Fmedia&parent=747074"}],"wp:term":[{"taxonomy":"category","embeddable":true,"href":"https:\/\/arantv.az\/index.php?rest_route=%2Fwp%2Fv2%2Fcategories&post=747074"},{"taxonomy":"post_tag","embeddable":true,"href":"https:\/\/arantv.az\/index.php?rest_route=%2Fwp%2Fv2%2Ftags&post=747074"}],"curies":[{"name":"wp","href":"https:\/\/api.w.org\/{rel}","templated":true}]}}