{"id":747322,"date":"2024-08-23T23:38:51","date_gmt":"2024-08-23T19:38:51","guid":{"rendered":"https:\/\/arantv.az\/?p=747322"},"modified":"2024-08-23T23:38:51","modified_gmt":"2024-08-23T19:38:51","slug":"26-avqust-sad%c9%99c%c9%99-lacin-s%c9%99h%c9%99ri-gunu-deyil-h%c9%99m-d%c9%99-diplomatiyamizin-q%c9%99l%c9%99b%c9%99-gunudur","status":"publish","type":"post","link":"https:\/\/arantv.az\/?p=747322","title":{"rendered":"26 avqust sad\u0259c\u0259 La\u00e7\u0131n \u015e\u0259h\u0259ri G\u00fcn\u00fc deyil, h\u0259m d\u0259 diplomatiyam\u0131z\u0131n q\u0259l\u0259b\u0259 g\u00fcn\u00fcd\u00fcr!"},"content":{"rendered":"<p><em><strong>D\u00f6vl\u0259timizin ba\u015f\u00e7\u0131s\u0131 c\u0259nab \u0130lham \u018fliyevin 2023-c\u00fc il iyulun 31-d\u0259 imzalad\u0131\u011f\u0131 S\u0259r\u0259ncama \u0259sas\u0259n La\u00e7\u0131n \u015f\u0259h\u0259rinin i\u015f\u011faldan azad edildiyi 26 avqust tarixi La\u00e7\u0131n \u015f\u0259h\u0259ri g\u00fcn\u00fc kimi qeyd olunur. \u018flam\u0259tdar g\u00fcn\u00fcn bu tarixd\u0259 qeyd olunmas\u0131 Az\u0259rbaycan Ordusunun La\u00e7\u0131n \u015f\u0259h\u0259rind\u0259 \u00f6t\u0259n ilin avqustun 26-da yerl\u0259\u015fm\u0259si il\u0259 \u0259laq\u0259dard\u0131r.\u00a0 Az\u0259rbaycan Prezidentinin diplomatik m\u0259har\u0259ti, prinsipiall\u0131\u011f\u0131, d\u0259mir irad\u0259si v\u0259 Ordumuzun q\u0259hr\u0259manl\u0131\u011f\u0131 say\u0259sind\u0259 44 g\u00fcnl\u00fck V\u0259t\u0259n m\u00fcharib\u0259sind\u0259 qazan\u0131lan Q\u0259l\u0259b\u0259 v\u0259 La\u00e7\u0131n rayonunun i\u015f\u011faldan azad\u00a0 edildi.<\/strong><\/em><\/p>\n<p>\u201cBiz \u00f6z do\u011fma torpaqlar\u0131m\u0131z\u0131 i\u015f\u011fal\u00e7\u0131lardan azad ed\u0259nd\u0259n sonra m\u0259n demi\u015fdim ki, Qaraba\u011f\u0131 v\u0259 \u015e\u0259rqi Z\u0259ng\u0259zuru c\u0259nn\u0259t\u0259 \u00e7evir\u0259c\u0259yik. C\u0259nn\u0259tin \u0259g\u0259r t\u0259sviri varsa, bu g\u00fcn bax, budur. G\u00f6z\u0259l t\u0259bi\u0259t, \u0259z\u0259m\u0259tli da\u011flar, g\u00f6z\u0259l binalar, evl\u0259r \u2013 h\u0259r \u015fey \u00e7ox b\u00f6y\u00fck z\u00f6vql\u0259 yarad\u0131l\u0131r ki, h\u0259m insanlar burada rahat ya\u015fas\u0131nlar, h\u0259m d\u0259 La\u00e7\u0131n \u015f\u0259h\u0259rinin m\u00fcasir simas\u0131 Az\u0259rbaycan\u0131n \u0259ld\u0259 etdiyi u\u011furlar\u0131 il\u0259 eyni s\u0259viyy\u0259d\u0259 olsun\u201d.<\/p>\n<p>Az\u0259rbaycan\u0131n V\u0259t\u0259n m\u00fcharib\u0259sind\u0259 d\u00f6y\u00fc\u015f meydan\u0131nda qazand\u0131\u011f\u0131 b\u00f6y\u00fck q\u0259l\u0259b\u0259 siyasi m\u00fcst\u0259vid\u0259 d\u0259 t\u0259sdiqini tap\u0131b, Erm\u0259nistan A\u011fdam v\u0259 K\u0259lb\u0259c\u0259rl\u0259 yana\u015f\u0131, La\u00e7\u0131n rayonunu da bo\u015faltmaq m\u0259cburiyy\u0259tind\u0259 qal\u0131b. V\u0259t\u0259n m\u00fcharib\u0259sind\u0259 \u0259ld\u0259 edil\u0259n Q\u0259l\u0259b\u0259 n\u0259tic\u0259sind\u0259 imzalanm\u0131\u015f \u00fc\u00e7t\u0259r\u0259fli b\u0259yanata \u0259sas\u0259n, La\u00e7\u0131n rayonu 2020-ci il dekabr\u0131n 1-d\u0259 Az\u0259rbaycana t\u0259hvil verilib.<\/p>\n<p>R\u0259\u015fad\u0259tli Az\u0259rbaycan Ordusunun \u0259sg\u0259r v\u0259 zabitl\u0259rinin can\u0131, qan\u0131 bahas\u0131na V\u0259t\u0259n m\u00fcharib\u0259sind\u0259 C\u0259bray\u0131l, F\u00fczuli, Z\u0259ngilan, Qubadl\u0131 \u015f\u0259h\u0259rl\u0259ri, Z\u0259ngilan rayonunun Mincivan, A\u011fb\u0259nd, Bartaz q\u0259s\u0259b\u0259l\u0259ri, Xocav\u0259nd rayonunun Hadrut q\u0259s\u0259b\u0259si v\u0259 bir \u00e7ox k\u0259ndl\u0259ri, T\u0259rt\u0259r rayonunun Suqovu\u015fan k\u0259ndi, Xocal\u0131 v\u0259 La\u00e7\u0131n rayonlar\u0131n\u0131n bir ne\u00e7\u0259 k\u0259ndi daxil olmaqla, \u00fcmumilikd\u0259 300-d\u0259n \u00e7ox ya\u015fay\u0131\u015f m\u0259nt\u0259q\u0259si, h\u0259m\u00e7inin A\u011fd\u0259r\u0259, Murovda\u011f v\u0259 Z\u0259ngilan istiqam\u0259tl\u0259rind\u0259 m\u00fch\u00fcm strateji y\u00fcks\u0259klikl\u0259r i\u015f\u011faldan azad edilib. Qaraba\u011f\u0131n tac\u0131 \u015eu\u015fa \u015f\u0259h\u0259rinin azad edilm\u0259si v\u0259 Erm\u0259nistan\u0131n kapitulyasiya akt\u0131n\u0131 imzalama\u011fa m\u0259cbur olmas\u0131 il\u0259 m\u00fcharib\u0259 ba\u015fa \u00e7at\u0131b.<\/p>\n<p>Az\u0259rbaycan\u0131n d\u00f6y\u00fc\u015f meydan\u0131nda qazand\u0131\u011f\u0131 b\u00f6y\u00fck q\u0259l\u0259b\u0259 siyasi m\u00fcst\u0259vid\u0259 d\u0259 \u00f6z t\u0259sdiqini tap\u0131b \u2013 Erm\u0259nistan A\u011fdam, K\u0259lb\u0259c\u0259r v\u0259 La\u00e7\u0131n rayonlar\u0131n\u0131 i\u015f\u011faldan azad etm\u0259k m\u0259cburiyy\u0259tind\u0259 qal\u0131b v\u0259 bununla da tarixi \u0259dal\u0259t b\u0259rpa olunub. V\u0259t\u0259n m\u00fcharib\u0259si Az\u0259rbaycan\u0131n q\u0259l\u0259b\u0259si il\u0259 ba\u015fa \u00e7atandan sonra Az\u0259rbaycan, Rusiya v\u0259 Erm\u0259nistan liderl\u0259rinin imzalad\u0131\u011f\u0131 \u00fc\u00e7t\u0259r\u0259fli b\u0259yanata \u0259sas\u0259n, La\u00e7\u0131n rayonu 2020-ci ilin dekabr\u0131n 1-d\u0259 t\u0259hvil verilib. 30 illik i\u015f\u011fal d\u00f6vr\u00fcnd\u0259 Erm\u0259nistan t\u0259r\u0259find\u0259n \u015f\u0259h\u0259rl\u0259rimiz, k\u0259ndl\u0259rimiz, q\u0259s\u0259b\u0259l\u0259rimiz viran edilmi\u015f, m\u0259d\u0259ni irsimiz\u0259 b\u00f6y\u00fck z\u0259rb\u0259 vurulub, tarixi-m\u0259d\u0259ni v\u0259 dini abid\u0259l\u0259rimiz, m\u0259scidl\u0259rimiz da\u011f\u0131d\u0131laraq vandalizm\u0259 m\u0259ruz qal\u0131b. \u0130\u015f\u011faldan azad edilmi\u015f Qaraba\u011f v\u0259 \u015e\u0259rqi Z\u0259ng\u0259zur haz\u0131rda yenid\u0259n qurulur, \u0259razil\u0259r minalardan t\u0259mizl\u0259nir, s\u00fcr\u0259tl\u0259 geni\u015fmiqyasl\u0131 b\u0259rpa v\u0259 yenid\u0259nqurma i\u015fl\u0259ri apar\u0131l\u0131r.<\/p>\n<p>M\u0259cburi k\u00f6\u00e7k\u00fcnl\u0259rin \u00f6z do\u011fma yurdlar\u0131na d\u00f6n\u00fc\u015f\u00fc \u00fc\u00e7\u00fcn Az\u0259rbaycan Prezidentinin 2022-ci il 16 noyabr tarixli 3587 n\u00f6mr\u0259li S\u0259r\u0259ncam\u0131 il\u0259 t\u0259sdiq edilmi\u015f \u201cAz\u0259rbaycan Respublikas\u0131n\u0131n i\u015f\u011faldan azad edilmi\u015f \u0259razil\u0259rin\u0259 B\u00f6y\u00fck Qay\u0131d\u0131\u015fa dair I D\u00f6vl\u0259t Proqram\u0131\u201dn\u0131n icras\u0131na ba\u015flan\u0131l\u0131b. Art\u0131q La\u00e7\u0131n \u015f\u0259h\u0259rin\u0259 m\u0259cburi k\u00f6\u00e7k\u00fcnl\u0259rin qay\u0131d\u0131\u015f\u0131na ba\u015flan\u0131l\u0131b v\u0259 bu istiqam\u0259td\u0259 i\u015fl\u0259r davam etdirilir.<\/p>\n<p>Lakin La\u00e7\u0131n d\u0259hlizi La\u00e7\u0131n \u015f\u0259h\u0259rind\u0259n ke\u00e7diyind\u0259n \u015f\u0259h\u0259r Rusiya s\u00fclhm\u0259raml\u0131 kontingentinin m\u00fcv\u0259qq\u0259ti n\u0259zar\u0259ti alt\u0131nda qal\u0131b. Alternativ yolun istifad\u0259y\u0259 verilm\u0259sind\u0259n sonra Az\u0259rbaycan Ordusu 26 avqust 2022-ci ild\u0259 La\u00e7\u0131n \u015f\u0259h\u0259rin\u0259 yerl\u0259\u015fib, eyni zamanda Zabux v\u0259 Sus k\u0259ndl\u0259ri n\u0259zar\u0259t\u0259 g\u00f6t\u00fcr\u00fcl\u00fcb, La\u00e7\u0131n \u015f\u0259h\u0259rind\u0259 Az\u0259rbaycan bayra\u011f\u0131 ucald\u0131l\u0131b.<\/p>\n<p>1930-cu il avqustun 8-d\u0259 t\u0259\u015fkil edil\u0259n La\u00e7\u0131n rayonunun m\u0259rk\u0259zi La\u00e7\u0131n \u015f\u0259h\u0259ridir. 1923-c\u00fc ild\u0259 Abdallar k\u0259nd ya\u015fay\u0131\u015f m\u0259nt\u0259q\u0259si La\u00e7\u0131n adland\u0131r\u0131l\u0131b v\u0259 \u015f\u0259h\u0259r statusu al\u0131b. B\u00f6y\u00fck strateji \u0259h\u0259miyy\u0259t\u0259 malik La\u00e7\u0131n rayonu (1 \u015f\u0259h\u0259r, 1 q\u0259s\u0259b\u0259 v\u0259 125 k\u0259nd) 1992-ci il may\u0131n 18-d\u0259 Erm\u0259nistan silahl\u0131 q\u00fcvv\u0259l\u0259ri t\u0259r\u0259find\u0259n i\u015f\u011fal olunmu\u015fdu. \u0130\u015f\u011fal n\u0259tic\u0259sind\u0259 rayonun \u0259halisi etnik t\u0259mizl\u0259m\u0259y\u0259 m\u0259ruz qal\u0131b, 300-d\u0259n art\u0131q h\u0259rbi v\u0259 m\u00fclki \u015f\u0259xs h\u0259lak olub v\u0259 itkin d\u00fc\u015f\u00fcb. \u0130\u015f\u011fal n\u0259tic\u0259sind\u0259 217 m\u0259d\u0259niyy\u0259t, 101 t\u0259hsil, 142 s\u0259hiyy\u0259 m\u00fc\u0259ssis\u0259si, 462 ticar\u0259t, 30 rabit\u0259, 133 idar\u0259 v\u0259 m\u00fc\u0259ssis\u0259, 5 musiqi m\u0259kt\u0259bi, 1 internat m\u0259kt\u0259bi, 1 orta texniki pe\u015f\u0259 m\u0259kt\u0259bi, 2 avton\u0259qliyyat v\u0259 m\u00fcxt\u0259lif t\u0259yinatl\u0131 istehsal m\u00fc\u0259ssis\u0259l\u0259ri i\u015f\u011fal\u00e7\u0131lar t\u0259r\u0259find\u0259n talan v\u0259 m\u0259hv edilib. 54 d\u00fcnya, 200-d\u0259n \u00e7ox yerli \u0259h\u0259miyy\u0259tli tarixi abid\u0259 vandalizm\u0259 m\u0259ruz qal\u0131b.<\/p>\n<p>Erm\u0259nistan i\u015f\u011fal\u00e7\u0131 t\u0259r\u0259f olaraq Cenevr\u0259 konvensiyalar\u0131 il\u0259 \u00fcz\u0259rin\u0259 d\u00fc\u015f\u0259n \u00f6hd\u0259likl\u0259rini kobud \u015f\u0259kild\u0259 pozaraq, La\u00e7\u0131n rayonunda co\u011frafi adlar\u0131n d\u0259yi\u015fdirilm\u0259si, rayonun t\u0259bii resurslar\u0131n\u0131n talan edilm\u0259si v\u0259 qazanc m\u0259nb\u0259yin\u0259 \u00e7evrilm\u0259si, \u0259sas\u0259n, Suriyadan olan erm\u0259ni \u0259silli qa\u00e7q\u0131nlar olmaqla, m\u0259qs\u0259dy\u00f6nl\u00fc m\u0259skunla\u015fma siyas\u0259ti apararaq, demoqrafik t\u0259rkibin d\u0259yi\u015fdirilm\u0259si kimi qeyri-qanuni \u0259m\u0259ll\u0259rl\u0259 m\u0259\u015f\u011ful olub. Bel\u0259 \u0259m\u0259ll\u0259r b\u00fct\u00fcn beyn\u0259lxalq konvensiyalarda h\u0259rbi cinay\u0259t kimi t\u0259sbit edilir v\u0259 bu cinay\u0259t d\u00fcnya ictimaiyy\u0259tinin g\u00f6z\u00fc qar\u015f\u0131s\u0131nda ba\u015f verib.<\/p>\n<p>2020-ci ilin sentyabr\u0131n 27-d\u0259 ba\u015flayan v\u0259 tarix\u0259 44 g\u00fcnl\u00fck m\u00fcharib\u0259 kimi d\u00fc\u015f\u0259n ikinci Qaraba\u011f m\u00fcharib\u0259sind\u0259 30 illik i\u015f\u011fala son qoyuldu. Az\u0259rbaycan Prezidentinin diplomatik m\u0259har\u0259ti, prinsipiall\u0131\u011f\u0131, d\u0259mir irad\u0259si v\u0259 Ordumuzun \u015fanl\u0131 Z\u0259f\u0259ri Erm\u0259nistan\u0131 kapitulyasiyaya v\u0259 \u0259razil\u0259ri bo\u015faltma\u011fa m\u0259cbur etdi. Az\u0259rbaycan Prezidenti, Rusiya Prezidenti v\u0259 Erm\u0259nistan\u0131n ba\u015f nazirinin imzalad\u0131\u011f\u0131 birg\u0259 b\u0259yanata \u0259sas\u0259n 2020-ci il dekabr\u0131n 1-d\u0259 La\u00e7\u0131n rayonu Erm\u0259nistan ordusu t\u0259r\u0259find\u0259n bo\u015fald\u0131ld\u0131. Bundan \u0259vv\u0259l, noyabr\u0131n 9-u La\u00e7\u0131n rayonunun Gu\u0308l\u0259bird, S\u0259fiyan v\u0259 Tu\u0308rkl\u0259r k\u0259ndl\u0259ri Az\u0259rbaycan Silahl\u0131 Q\u00fcvv\u0259l\u0259ri t\u0259r\u0259find\u0259n i\u015f\u011faldan azad edilmi\u015fdi. 2022-ci ilin avqustun 26-da is\u0259 La\u00e7\u0131n \u015f\u0259h\u0259ri, Zabux v\u0259 Sus k\u0259ndl\u0259ri n\u0259zar\u0259t\u0259 g\u00f6t\u00fcr\u00fcld\u00fc. La\u00e7\u0131n\u0131n i\u015f\u011faldan azad edilm\u0259sini Az\u0259rbaycan\u0131n h\u0259rbi v\u0259 diplomatik q\u0259l\u0259b\u0259sidir.<\/p>\n<p><strong>Orxan \u0130smay\u0131lov,<\/strong><br \/>\n<em>YAP X\u0259tai\u00a0rayon t\u0259\u015fkilat\u0131n\u0131n \u00fczv\u00fc<\/em><\/p>\n","protected":false},"excerpt":{"rendered":"<p>D\u00f6vl\u0259timizin ba\u015f\u00e7\u0131s\u0131 c\u0259nab \u0130lham \u018fliyevin 2023-c\u00fc il iyulun 31-d\u0259 imzalad\u0131\u011f\u0131 S\u0259r\u0259ncama \u0259sas\u0259n La\u00e7\u0131n \u015f\u0259h\u0259rinin i\u015f\u011faldan azad edildiyi 26 avqust tarixi La\u00e7\u0131n \u015f\u0259h\u0259ri g\u00fcn\u00fc kimi qeyd olunur. \u018flam\u0259tdar g\u00fcn\u00fcn bu tarixd\u0259 qeyd olunmas\u0131 Az\u0259rbaycan Ordusunun La\u00e7\u0131n \u015f\u0259h\u0259rind\u0259 \u00f6t\u0259n ilin avqustun 26-da yerl\u0259\u015fm\u0259si il\u0259 \u0259laq\u0259dard\u0131r.\u00a0 Az\u0259rbaycan Prezidentinin diplomatik m\u0259har\u0259ti, prinsipiall\u0131\u011f\u0131, d\u0259mir irad\u0259si v\u0259 Ordumuzun q\u0259hr\u0259manl\u0131\u011f\u0131 say\u0259sind\u0259 44 g\u00fcnl\u00fck V\u0259t\u0259n m\u00fcharib\u0259sind\u0259 qazan\u0131lan Q\u0259l\u0259b\u0259 v\u0259 La\u00e7\u0131n rayonunun i\u015f\u011faldan azad\u00a0 edildi. \u201cBiz \u00f6z do\u011fma torpaqlar\u0131m\u0131z\u0131 i\u015f\u011fal\u00e7\u0131lardan azad ed\u0259nd\u0259n sonra m\u0259n demi\u015fdim ki, Qaraba\u011f\u0131 v\u0259 \u015e\u0259rqi Z\u0259ng\u0259zuru c\u0259nn\u0259t\u0259 \u00e7evir\u0259c\u0259yik. C\u0259nn\u0259tin \u0259g\u0259r t\u0259sviri varsa, bu g\u00fcn bax,&hellip;<\/p>\n","protected":false},"author":2,"featured_media":747323,"comment_status":"closed","ping_status":"closed","sticky":false,"template":"","format":"standard","meta":{"om_disable_all_campaigns":false,"_monsterinsights_skip_tracking":false,"_monsterinsights_sitenote_active":false,"_monsterinsights_sitenote_note":"","_monsterinsights_sitenote_category":0},"categories":[19],"tags":[],"aioseo_notices":[],"gutentor_comment":0,"rttpg_featured_image_url":{"full":["https:\/\/arantv.az\/wp-content\/uploads\/2024\/08\/819c9fbf171679769592816298610107840-2.jpg",975,540,false],"landscape":["https:\/\/arantv.az\/wp-content\/uploads\/2024\/08\/819c9fbf171679769592816298610107840-2.jpg",975,540,false],"portraits":["https:\/\/arantv.az\/wp-content\/uploads\/2024\/08\/819c9fbf171679769592816298610107840-2.jpg",975,540,false],"thumbnail":["https:\/\/arantv.az\/wp-content\/uploads\/2024\/08\/819c9fbf171679769592816298610107840-2-500x280.jpg",500,280,true],"medium":["https:\/\/arantv.az\/wp-content\/uploads\/2024\/08\/819c9fbf171679769592816298610107840-2-660x365.jpg",660,365,true],"large":["https:\/\/arantv.az\/wp-content\/uploads\/2024\/08\/819c9fbf171679769592816298610107840-2-840x465.jpg",640,354,true],"1536x1536":["https:\/\/arantv.az\/wp-content\/uploads\/2024\/08\/819c9fbf171679769592816298610107840-2.jpg",975,540,false],"2048x2048":["https:\/\/arantv.az\/wp-content\/uploads\/2024\/08\/819c9fbf171679769592816298610107840-2.jpg",975,540,false],"post-thumbnail":["https:\/\/arantv.az\/wp-content\/uploads\/2024\/08\/819c9fbf171679769592816298610107840-2-240x172.jpg",240,172,true],"advps-thumb-one":["https:\/\/arantv.az\/wp-content\/uploads\/2024\/08\/819c9fbf171679769592816298610107840-2.jpg",975,540,false]},"rttpg_author":{"display_name":"V\u00fcsal Rafiqo\u011flu","author_link":"https:\/\/arantv.az\/?author=2"},"rttpg_comment":0,"rttpg_category":"<a href=\"https:\/\/arantv.az\/?cat=19\" rel=\"category\">G\u00fcnd\u0259m<\/a>","rttpg_excerpt":"D\u00f6vl\u0259timizin ba\u015f\u00e7\u0131s\u0131 c\u0259nab \u0130lham \u018fliyevin 2023-c\u00fc il iyulun 31-d\u0259 imzalad\u0131\u011f\u0131 S\u0259r\u0259ncama \u0259sas\u0259n La\u00e7\u0131n \u015f\u0259h\u0259rinin i\u015f\u011faldan azad edildiyi 26 avqust tarixi La\u00e7\u0131n \u015f\u0259h\u0259ri g\u00fcn\u00fc kimi qeyd olunur. \u018flam\u0259tdar g\u00fcn\u00fcn bu tarixd\u0259 qeyd olunmas\u0131 Az\u0259rbaycan Ordusunun La\u00e7\u0131n \u015f\u0259h\u0259rind\u0259 \u00f6t\u0259n ilin avqustun 26-da yerl\u0259\u015fm\u0259si il\u0259 \u0259laq\u0259dard\u0131r.\u00a0 Az\u0259rbaycan Prezidentinin diplomatik m\u0259har\u0259ti, prinsipiall\u0131\u011f\u0131, d\u0259mir irad\u0259si v\u0259 Ordumuzun q\u0259hr\u0259manl\u0131\u011f\u0131 say\u0259sind\u0259 44&hellip;","_links":{"self":[{"href":"https:\/\/arantv.az\/index.php?rest_route=\/wp\/v2\/posts\/747322"}],"collection":[{"href":"https:\/\/arantv.az\/index.php?rest_route=\/wp\/v2\/posts"}],"about":[{"href":"https:\/\/arantv.az\/index.php?rest_route=\/wp\/v2\/types\/post"}],"author":[{"embeddable":true,"href":"https:\/\/arantv.az\/index.php?rest_route=\/wp\/v2\/users\/2"}],"replies":[{"embeddable":true,"href":"https:\/\/arantv.az\/index.php?rest_route=%2Fwp%2Fv2%2Fcomments&post=747322"}],"version-history":[{"count":1,"href":"https:\/\/arantv.az\/index.php?rest_route=\/wp\/v2\/posts\/747322\/revisions"}],"predecessor-version":[{"id":747324,"href":"https:\/\/arantv.az\/index.php?rest_route=\/wp\/v2\/posts\/747322\/revisions\/747324"}],"wp:featuredmedia":[{"embeddable":true,"href":"https:\/\/arantv.az\/index.php?rest_route=\/wp\/v2\/media\/747323"}],"wp:attachment":[{"href":"https:\/\/arantv.az\/index.php?rest_route=%2Fwp%2Fv2%2Fmedia&parent=747322"}],"wp:term":[{"taxonomy":"category","embeddable":true,"href":"https:\/\/arantv.az\/index.php?rest_route=%2Fwp%2Fv2%2Fcategories&post=747322"},{"taxonomy":"post_tag","embeddable":true,"href":"https:\/\/arantv.az\/index.php?rest_route=%2Fwp%2Fv2%2Ftags&post=747322"}],"curies":[{"name":"wp","href":"https:\/\/api.w.org\/{rel}","templated":true}]}}