{"id":747334,"date":"2024-08-23T23:43:10","date_gmt":"2024-08-23T19:43:10","guid":{"rendered":"https:\/\/arantv.az\/?p=747334"},"modified":"2024-08-23T23:43:10","modified_gmt":"2024-08-23T19:43:10","slug":"az%c9%99rbaycanin-v%c9%99-ozb%c9%99kistanin-birinci-xanimlari-dask%c9%99ndd%c9%99ki-mexrli-m%c9%99kt%c9%99bi-il%c9%99-tanis-olublar","status":"publish","type":"post","link":"https:\/\/arantv.az\/?p=747334","title":{"rendered":"Az\u0259rbaycan\u0131n v\u0259 \u00d6zb\u0259kistan\u0131n birinci xan\u0131mlar\u0131 Da\u015fk\u0259ndd\u0259ki \u201cMexrli\u201d m\u0259kt\u0259bi il\u0259 tan\u0131\u015f olublar"},"content":{"rendered":"<p>Az\u0259rbaycan Respublikas\u0131n\u0131n birinci xan\u0131m\u0131 Mehriban \u018fliyeva v\u0259 \u00d6zb\u0259kistan Respublikas\u0131n\u0131n birinci xan\u0131m\u0131 Ziroatxon Mirziyoyeva avqustun 23-d\u0259 Da\u015fk\u0259ndd\u0259 \u201cMexrli\u201d m\u0259kt\u0259bi il\u0259 tan\u0131\u015f olublar.<\/p>\n","protected":false},"excerpt":{"rendered":"<p>Az\u0259rbaycan Respublikas\u0131n\u0131n birinci xan\u0131m\u0131 Mehriban \u018fliyeva v\u0259 \u00d6zb\u0259kistan Respublikas\u0131n\u0131n birinci xan\u0131m\u0131 Ziroatxon Mirziyoyeva avqustun 23-d\u0259 Da\u015fk\u0259ndd\u0259 \u201cMexrli\u201d m\u0259kt\u0259bi il\u0259 tan\u0131\u015f olublar.<\/p>\n","protected":false},"author":2,"featured_media":747335,"comment_status":"closed","ping_status":"closed","sticky":false,"template":"","format":"standard","meta":{"om_disable_all_campaigns":false,"_monsterinsights_skip_tracking":false,"_monsterinsights_sitenote_active":false,"_monsterinsights_sitenote_note":"","_monsterinsights_sitenote_category":0},"categories":[4],"tags":[],"aioseo_notices":[],"gutentor_comment":0,"rttpg_featured_image_url":{"full":["https:\/\/arantv.az\/wp-content\/uploads\/2024\/08\/1724419055_66c885737077366c8857370774172441739566c885737077166c8857370772.jpg",770,415,false],"landscape":["https:\/\/arantv.az\/wp-content\/uploads\/2024\/08\/1724419055_66c885737077366c8857370774172441739566c885737077166c8857370772.jpg",770,415,false],"portraits":["https:\/\/arantv.az\/wp-content\/uploads\/2024\/08\/1724419055_66c885737077366c8857370774172441739566c885737077166c8857370772.jpg",770,415,false],"thumbnail":["https:\/\/arantv.az\/wp-content\/uploads\/2024\/08\/1724419055_66c885737077366c8857370774172441739566c885737077166c8857370772-500x280.jpg",500,280,true],"medium":["https:\/\/arantv.az\/wp-content\/uploads\/2024\/08\/1724419055_66c885737077366c8857370774172441739566c885737077166c8857370772-660x356.jpg",660,356,true],"large":["https:\/\/arantv.az\/wp-content\/uploads\/2024\/08\/1724419055_66c885737077366c8857370774172441739566c885737077166c8857370772.jpg",640,345,false],"1536x1536":["https:\/\/arantv.az\/wp-content\/uploads\/2024\/08\/1724419055_66c885737077366c8857370774172441739566c885737077166c8857370772.jpg",770,415,false],"2048x2048":["https:\/\/arantv.az\/wp-content\/uploads\/2024\/08\/1724419055_66c885737077366c8857370774172441739566c885737077166c8857370772.jpg",770,415,false],"post-thumbnail":["https:\/\/arantv.az\/wp-content\/uploads\/2024\/08\/1724419055_66c885737077366c8857370774172441739566c885737077166c8857370772-240x172.jpg",240,172,true],"advps-thumb-one":["https:\/\/arantv.az\/wp-content\/uploads\/2024\/08\/1724419055_66c885737077366c8857370774172441739566c885737077166c8857370772.jpg",770,415,false]},"rttpg_author":{"display_name":"V\u00fcsal Rafiqo\u011flu","author_link":"https:\/\/arantv.az\/?author=2"},"rttpg_comment":0,"rttpg_category":"<a href=\"https:\/\/arantv.az\/?cat=4\" rel=\"category\">Siyas\u0259t<\/a>","rttpg_excerpt":"Az\u0259rbaycan Respublikas\u0131n\u0131n birinci xan\u0131m\u0131 Mehriban \u018fliyeva v\u0259 \u00d6zb\u0259kistan Respublikas\u0131n\u0131n birinci xan\u0131m\u0131 Ziroatxon Mirziyoyeva avqustun 23-d\u0259 Da\u015fk\u0259ndd\u0259 \u201cMexrli\u201d m\u0259kt\u0259bi il\u0259 tan\u0131\u015f olublar.","_links":{"self":[{"href":"https:\/\/arantv.az\/index.php?rest_route=\/wp\/v2\/posts\/747334"}],"collection":[{"href":"https:\/\/arantv.az\/index.php?rest_route=\/wp\/v2\/posts"}],"about":[{"href":"https:\/\/arantv.az\/index.php?rest_route=\/wp\/v2\/types\/post"}],"author":[{"embeddable":true,"href":"https:\/\/arantv.az\/index.php?rest_route=\/wp\/v2\/users\/2"}],"replies":[{"embeddable":true,"href":"https:\/\/arantv.az\/index.php?rest_route=%2Fwp%2Fv2%2Fcomments&post=747334"}],"version-history":[{"count":1,"href":"https:\/\/arantv.az\/index.php?rest_route=\/wp\/v2\/posts\/747334\/revisions"}],"predecessor-version":[{"id":747336,"href":"https:\/\/arantv.az\/index.php?rest_route=\/wp\/v2\/posts\/747334\/revisions\/747336"}],"wp:featuredmedia":[{"embeddable":true,"href":"https:\/\/arantv.az\/index.php?rest_route=\/wp\/v2\/media\/747335"}],"wp:attachment":[{"href":"https:\/\/arantv.az\/index.php?rest_route=%2Fwp%2Fv2%2Fmedia&parent=747334"}],"wp:term":[{"taxonomy":"category","embeddable":true,"href":"https:\/\/arantv.az\/index.php?rest_route=%2Fwp%2Fv2%2Fcategories&post=747334"},{"taxonomy":"post_tag","embeddable":true,"href":"https:\/\/arantv.az\/index.php?rest_route=%2Fwp%2Fv2%2Ftags&post=747334"}],"curies":[{"name":"wp","href":"https:\/\/api.w.org\/{rel}","templated":true}]}}