{"id":747339,"date":"2024-08-24T09:41:20","date_gmt":"2024-08-24T05:41:20","guid":{"rendered":"https:\/\/arantv.az\/?p=747339"},"modified":"2024-08-24T09:41:20","modified_gmt":"2024-08-24T05:41:20","slug":"israil-livan-savasi-baslayir-olk%c9%99l%c9%99r-v%c9%99t%c9%99ndaslarini-burani-t%c9%99rk-etm%c9%99y%c9%99-cagirir","status":"publish","type":"post","link":"https:\/\/arantv.az\/?p=747339","title":{"rendered":"\u0130srail-Livan sava\u015f\u0131 ba\u015flay\u0131r? &#8211; \u00f6lk\u0259l\u0259r v\u0259t\u0259nda\u015flar\u0131n\u0131 buran\u0131 t\u0259rk etm\u0259y\u0259 \u00e7a\u011f\u0131r\u0131r"},"content":{"rendered":"<div class=\"text-content\" data-id=\"\" data-url=\"\">\n<p><strong>\u018fg\u0259r diplomatik t\u0259\u015f\u0259bb\u00fcsl\u0259r intensivl\u0259\u015fm\u0259s\u0259, bu sava\u015f b\u00f6lg\u0259d\u0259 onsuz da m\u00fcr\u0259kk\u0259b olan durumu dalana aparar<\/strong><\/p>\n<p>\u0130srail-\u0130ran sava\u015f\u0131 arxa plana ke\u00e7ib. H\u0259l\u0259lik bu g\u00f6zl\u0259nilmir. G\u0259l\u0259n m\u0259lumatlar, m\u00fc\u015fahid\u0259l\u0259r onu dem\u0259y\u0259 \u0259sas verir ki, m\u00fcharib\u0259 Livanla \u0130srail aras\u0131nda ba\u015flaya bil\u0259r. Art\u0131q bir ne\u00e7\u0259 \u00f6lk\u0259 v\u0259t\u0259nda\u015flar\u0131na Livan\u0131 t\u0259cili t\u0259rk etm\u0259k bar\u0259d\u0259 x\u0259b\u0259rdarl\u0131q edib.<\/p>\n<p>Son olaraq \u00c7in \u00f6z v\u0259t\u0259nda\u015flar\u0131na Livan\u0131 m\u00fcmk\u00fcn q\u0259d\u0259r tez t\u0259rk etm\u0259l\u0259rin\u0259 dair b\u0259yanat verib.<\/p>\n<p>\u00c7inin Beyrutdak\u0131 s\u0259firliyi Livandak\u0131, x\u00fcsus\u0259n d\u0259 \u00f6lk\u0259nin c\u0259nubundak\u0131 \u201cm\u00fcr\u0259kk\u0259b t\u0259hl\u00fck\u0259sizlik v\u0259ziyy\u0259tini\u201d \u0259sas g\u0259tir\u0259r\u0259k, \u00f6z v\u0259t\u0259nda\u015flar\u0131n\u0131 \u201ckommersiya u\u00e7u\u015flar\u0131 h\u0259l\u0259 d\u0259 m\u00f6vcud oldu\u011fu halda\u201d m\u00fcmk\u00fcn q\u0259d\u0259r tez \u00f6lk\u0259ni t\u0259rk etm\u0259y\u0259 \u00e7a\u011f\u0131r\u0131b. (APA)<\/p>\n<p>Qeyd ed\u0259k ki, m\u00fcxt\u0259lif \u00f6lk\u0259l\u0259r Livandak\u0131 v\u0259t\u0259nda\u015flar\u0131n\u0131 son h\u0259ft\u0259l\u0259rd\u0259 \u0130sraill\u0259 s\u0259rh\u0259dd\u0259 g\u0259rginliyin artmas\u0131 il\u0259 \u0259laq\u0259dar t\u0259xliy\u0259 etm\u0259y\u0259 \u00e7a\u011f\u0131r\u0131b.<\/p>\n<p><strong>Livan yax\u0131n g\u00fcnl\u0259rd\u0259 vurulacaqm\u0131? Cavab\u0131 n\u0259 ola bil\u0259r?<\/strong><\/p>\n<p><strong><img src=\"https:\/\/www.diaspora.tv\/uploads\/news\/2024-05-17-22-27-545DlS9Xo6Hj7gbGhzA0Ew_file.jpg\" alt=\"Diaspora.tv - Soyda\u015flar\u0131m\u0131z Az\u0259rbaycanda \u0259lav\u0259 x\u0259rcl\u0259rl\u0259 y\u00fckl\u0259nm\u0259m\u0259lidirl\u0259r  - \u018fli Orucov\" \/><\/strong><\/p>\n<p><strong>\u00a0\u018fli Orucov\u00a0<\/strong><\/p>\n<p>AM\u0130P liderinin k\u00f6m\u0259k\u00e7isi, politoloq \u018fli Orucov \u0130srailin m\u00fcharib\u0259d\u0259n son ana q\u0259d\u0259r yay\u0131naca\u011f\u0131n\u0131 d\u00fc\u015f\u00fcn\u00fcr: \u201cLivanla \u0130srail aras\u0131nda h\u0259mi\u015f\u0259 g\u0259rgin m\u00fcnasib\u0259tl\u0259r olub. Bu g\u0259rginlik 2006-ci ild\u0259 m\u00fcharib\u0259y\u0259 s\u0259b\u0259b olmu\u015f, h\u0259r iki t\u0259r\u0259fd\u0259n t\u0259l\u0259fatla n\u0259tic\u0259l\u0259nmi\u015fdi. BMT-nin silahl\u0131 toqqu\u015fmaya m\u00fcdaxil\u0259sind\u0259n sonra t\u0259r\u0259fl\u0259r aras\u0131nda at\u0259\u015fk\u0259s \u0259ld\u0259 olunmu\u015fdu. Lakin Livanda f\u0259aliyy\u0259t g\u00f6st\u0259r\u0259n Hizbullah h\u0259r\u0259kat\u0131 zaman-zaman \u0130srail\u0259 probleml\u0259r yaratm\u0131\u015f, raket z\u0259rb\u0259l\u0259ri endirmi\u015fdi. H\u018fMAS-\u0131n \u00f6t\u0259n ilin oktyabr\u0131nda \u0130srail\u0259 h\u00fccumu\u00a0 il\u0259 ba\u015flanan m\u00fcharib\u0259d\u0259n sonra Hizbullah qrupla\u015fmas\u0131 yenid\u0259n f\u0259alla\u015faraq \u0130srail\u0259 qar\u015f\u0131 hava h\u00fccumunu h\u0259yata ke\u00e7irm\u0259kd\u0259dir. T\u0259bii ki, bu h\u00fccumlara \u0130srail cavab verir. Bu qar\u015f\u0131l\u0131ql\u0131 h\u00fccumlar lokal xarakterli olsa da, bunun geni\u015fmiqyasl\u0131 h\u0259rbi \u0259m\u0259liyyatlara ke\u00e7m\u0259 risqi h\u0259r ke\u00e7\u0259n g\u00fcn art\u0131r. Qeyd ed\u0259k ki, Hizbullah silahl\u0131 qrupla\u015fmas\u0131 Livanda xeyli n\u00fcfuza v\u0259 t\u0259r\u0259fdara malikdir. Qrupla\u015fma \u0130randan maliyy\u0259 v\u0259 h\u0259rbi d\u0259st\u0259k al\u0131r. Bu da h\u0259min h\u0259r\u0259kat\u0131n Tehran rejiminin t\u0259siri alt\u0131na d\u00fc\u015fm\u0259sin\u0259 s\u0259b\u0259b olub. H\u018fMAS lideri Haniy\u0259nin Tehranda \u00f6ld\u00fcr\u00fclm\u0259si v\u0259 \u0130srail silahl\u0131 q\u00fcvv\u0259l\u0259ri t\u0259r\u0259find\u0259n Hizbullah\u0131n komadirinin q\u0259tl\u0259 yetirilm\u0259si \u0130srail-Livan aras\u0131nda m\u00fcharib\u0259 v\u0259ziyy\u0259ti yarad\u0131b. Hizbullah\u00e7\u0131lar \u0130srail\u0259 amans\u0131z qisas v\u0259d edibl\u0259r. G\u00f6r\u00fcn\u00fcr, bir s\u0131ra d\u00f6vl\u0259tl\u0259r \u00f6z v\u0259t\u0259nda\u015flar\u0131n\u0131 Livandan \u00e7\u0131xarma\u011fa \u00e7a\u011f\u0131r\u0131\u015f etm\u0259l\u0259ri t\u0259hl\u00fck\u0259sinin b\u00f6y\u00fckl\u00fcy\u00fcnd\u0259n, h\u0259r an m\u00fcharib\u0259nin ba\u015flama ehtimal\u0131ndan qaynaqlan\u0131r. Livanda \u0130srail\u0259 qar\u015f\u0131 qat\u0131 nifr\u0259t v\u0259 d\u00fc\u015fm\u0259n\u00e7ilik \u0259hval-ruhiyy\u0259si hakimdir. Bir q\u0131\u011f\u0131lc\u0131m yet\u0259r ki, regionda yeni bir m\u00fcharib\u0259 alovlans\u0131n. Onsuz da \u0130srail Livana, Hizbullaha hava h\u00fccumlar\u0131 h\u0259yata ke\u00e7irir. H\u0259rbi obyektl\u0259rini raket z\u0259rb\u0259l\u0259ri il\u0259 m\u0259hv edir. Qar\u015f\u0131l\u0131ql\u0131 h\u00fccumlar davam ed\u0259rk\u0259n, \u0130ran\u0131n da q\u0131z\u0131\u015fd\u0131r\u0131c\u0131 m\u00f6vqeyi g\u0259rginliyi daha da art\u0131r\u0131r. Hesab edir\u0259m ki, \u0259g\u0259r diplomatik t\u0259\u015f\u0259bb\u00fcsl\u0259r v\u0259 c\u0259hdl\u0259r intensivl\u0259\u015fm\u0259s\u0259 \u0130srail-Livan m\u00fcharib\u0259si ba\u015flaya bil\u0259r ki, bu da b\u00f6lg\u0259d\u0259 onsuz da m\u00fcr\u0259kk\u0259b olan durumu dalana aparar. M\u0259nc\u0259, Tehran\u0131n m\u0259qs\u0259di Hizbullah\u0131n vasit\u0259si il\u0259 \u0130sraili c\u0259zaland\u0131rmaq, regiondak\u0131 prosesl\u0259ri \u00f6z xeyrin\u0259 d\u0259yi\u015fm\u0259kdir. \u00c7\u00fcnki H\u018fMAS -\u0130srail m\u00fcharib\u0259sind\u0259 \u201dpay&#8221; ala bilm\u0259di. Dan\u0131\u015f\u0131qlar masas\u0131nda yer verilm\u0259di. Haniy\u0259nin \u00f6ld\u00fcr\u00fclm\u0259si is\u0259 onun n\u00fcfuzuna ciddi z\u0259rb\u0259 vurdu.\u00a0 D\u00fc\u015f\u00fcn\u00fcr\u0259m ki, \u0130srailin indiki durumu dig\u0259r d\u00f6vl\u0259tl\u0259rl\u0259 eyni anda m\u00fcharib\u0259 aparma\u011fa tam uy\u011fun olmasa da, Hizbullah\u0131n h\u00fccumlar\u0131n\u0131 da cavabs\u0131z qoymayaca\u011f\u0131 y\u0259qindir. \u0130srail\u0259 m\u00fcharib\u0259nin dayand\u0131r\u0131lmas\u0131 il\u0259 ba\u011fl\u0131 Q\u0259rbin t\u0259zyiql\u0259ri d\u0259 artmaqdad\u0131r. Fikrimc\u0259, Livandan t\u0259hl\u00fck\u0259l\u0259r g\u0259lm\u0259yinc\u0259 \u0130srail m\u00fcharib\u0259d\u0259n maksimum qa\u00e7ma\u011fa \u00e7al\u0131\u015facaq&#8221;.<\/p>\n<p><img src=\"https:\/\/azertag.az\/files\/2024\/1\/1200x630\/17080745841762850959_1200x630.jpg\" alt=\"Bundan sonra beyn\u0259lxalq v\u0259 milli g\u00fcnd\u0259min t\u0259\u015fkilind\u0259 xarici q\u00fcvv\u0259l\u0259r  deyil,m\u0259hz Az\u0259rbaycan \u00f6z\u00fc rol alacaq - R\u018fY - AZ\u018fRTAC\" \/><\/p>\n<p><strong>\u015e\u0259hla C\u0259lilzad\u0259<\/strong><\/p>\n<p><strong>Beyn\u0259lxalq m\u00fcnasib\u0259tl\u0259r \u00fczr\u0259 \u015f\u0259rh\u00e7i \u015e\u0259hla C\u0259lilzad\u0259 qeyd etdi ki, \u0130srail-Livan m\u00fcharib\u0259si h\u0259m d\u0259 F\u0259l\u0259stind\u0259ki, Q\u0259zzadak\u0131 m\u00fcharib\u0259nin son m\u0259rh\u0259l\u0259si olacaq:<\/strong>\u00a0\u201c31 iyulda H\u018fMAS lideri Haniy\u0259nin \u00f6ld\u00fcr\u00fclm\u0259sind\u0259n sonra ya\u015fanan \u0130srail-\u0130ran g\u0259rginliyi fonunda h\u0259r k\u0259s bu iki \u00f6lk\u0259 aras\u0131nda m\u00fcharib\u0259nin ba\u015flayaca\u011f\u0131n\u0131, \u0130ran\u0131n m\u00fcharib\u0259 haz\u0131rl\u0131qlar\u0131 apard\u0131\u011f\u0131n\u0131 t\u0259xmin ed\u0259rk\u0259n h\u00fccum istiqam\u0259ti \u0130sraild\u0259n \u015f\u0259rq\u0259 deyil, \u015fimala y\u00f6n\u0259lm\u0259kd\u0259dir. Bunun is\u0259 \u0259sas s\u0259b\u0259bi \u0130ran\u0131n qisas \u00fc\u00e7\u00fcn birba\u015fa deyil, dolay\u0131 yolla, \u00f6z proksi q\u00fcvv\u0259l\u0259ri vasit\u0259sil\u0259 \u0130srail\u0259 h\u00fccum etm\u0259kd\u0259 oldu\u011fudur. Bilirik ki, 4-5 g\u00fcn \u00f6nc\u0259 Livan \u0259razisind\u0259n \u0130srail\u0259 raket z\u0259rb\u0259l\u0259ri endirilib v\u0259 bu z\u0259rb\u0259l\u0259rin b\u00f6y\u00fck qismi \u201dD\u0259mir Q\u00fcbb\u0259&#8221; t\u0259r\u0259find\u0259n m\u0259hv edils\u0259 d\u0259, bir qismi ya\u015fay\u0131\u015f m\u0259nt\u0259q\u0259si \u0259razisind\u0259 itki v\u0259 da\u011f\u0131nt\u0131lara s\u0259b\u0259b olub. H\u00fccumdan az \u00f6nc\u0259 Livan Hizbullah\u0131 f\u0259l\u0259stinlil\u0259r\u0259 g\u00f6r\u0259 \u0130srail\u0259 qar\u015f\u0131 b\u00fct\u00fcn t\u0259dbirl\u0259r\u0259 d\u0259st\u0259k ver\u0259c\u0259yini b\u0259yan etmi\u015fdi. Hizbullah \u0130rana ba\u011fl\u0131 q\u00fcvv\u0259 olsa da, ayd\u0131nd\u0131r ki, bel\u0259 v\u0259ziyy\u0259td\u0259 \u0130srail \u0130rana deyil, Livana cavab z\u0259rb\u0259l\u0259ri endir\u0259c\u0259kdi. Bundan ba\u015fqa, qeyd etm\u0259k yerin\u0259 d\u00fc\u015f\u0259r ki, Livan Hizbullah\u0131 h\u00fccumu \u0130srailin daha \u00f6nc\u0259ki h\u00fccumlar\u0131na cavab olaraq etdiyini b\u0259yan edib. Onu da vur\u011fulamaq laz\u0131md\u0131r ki, \u0130srail-Livan qar\u015f\u0131durmas\u0131 \u0130srailin yarand\u0131\u011f\u0131 g\u00fcnd\u0259n b\u0259ri davam edir v\u0259 m\u00fct\u0259madi at\u0131\u015fmalarla, m\u00fcnaqi\u015f\u0259nin m\u00fcxt\u0259lif ill\u0259rd\u0259 q\u0131z\u0131\u015fmas\u0131 il\u0259 m\u00fc\u015fayi\u0259t olunur. M\u0259s\u0259l\u0259n, 1980-ci ill\u0259rd\u0259 Livan v\u0259t\u0259nda\u015f m\u00fcharib\u0259si d\u00f6vr\u00fcnd\u0259 iki \u00f6lk\u0259 aras\u0131nda m\u00fcnaqi\u015f\u0259 pik h\u0259dd\u0259 \u00e7atm\u0131\u015f, 1981-ci ild\u0259 Livan\u0131n c\u0259nubu (Qolan y\u00fcks\u0259klikl\u0259ri) \u0130srail t\u0259r\u0259find\u0259n ilhaq olunmu\u015fdur. 2006-c\u0131 ild\u0259 II Livan m\u00fcharib\u0259sind\u0259 1 ay \u00e7\u0259k\u0259n m\u00fcharib\u0259d\u0259n sonra at\u0259\u015fk\u0259s sazi\u015fi imzalanm\u0131\u015fd\u0131sa da, yen\u0259 d\u0259 tam olaraq b\u00f6lg\u0259 sakitl\u0259\u015fm\u0259yib. 2024-c\u00fc ild\u0259n b\u0259ri is\u0259 Livan-\u0130srail aras\u0131nda v\u0259ziyy\u0259t F\u0259l\u0259stind\u0259ki v\u0259ziyy\u0259tl\u0259 \u0259laq\u0259dar olaraq yen\u0259 g\u0259rginl\u0259\u015fib. H\u0259tta 26 iyundan b\u0259ri b\u0259zi d\u00f6vl\u0259tl\u0259r m\u00fcharib\u0259 t\u0259hl\u00fck\u0259si il\u0259 \u0259laq\u0259dar \u00f6z v\u0259t\u0259nda\u015flar\u0131na Livan\u0131 t\u0259rk etm\u0259kl\u0259 ba\u011fl\u0131 \u00e7a\u011f\u0131r\u0131\u015flar edirl\u0259r. \u018fn son h\u00fccumdan az \u00f6nc\u0259 AB\u015e prezidenti Co Bayden \u0130srail Ba\u015f naziri Netanyahuya t\u0259cili olaraq yeni at\u0259\u015fk\u0259s sazi\u015fi imzalama\u011f\u0131 m\u0259sl\u0259h\u0259t g\u00f6rm\u00fc\u015fd\u00fc. Lakin g\u00f6r\u00fcn\u0259n o ki, m\u00fcnaqi\u015f\u0259 yenid\u0259n q\u0131z\u0131\u015fma m\u0259rh\u0259l\u0259sind\u0259dir v\u0259 d\u00f6vl\u0259tl\u0259rin \u00f6z v\u0259t\u0259nda\u015flar\u0131na artan \u00e7a\u011f\u0131r\u0131\u015flar\u0131 m\u00fcharib\u0259nin aktiv fazaya ke\u00e7id ed\u0259c\u0259yin\u0259 i\u015far\u0259dir. Q\u0259rbin \u0259ks\u0259r beyin m\u0259rk\u0259zl\u0259ri v\u0259 d\u00fc\u015f\u00fcnc\u0259 qurulu\u015flar\u0131 yeni m\u00fcharib\u0259nin sad\u0259c\u0259 Livan \u00fc\u00e7\u00fcn deyil, h\u0259m d\u0259 \u0130srailin \u00f6z\u00fc \u00fc\u00e7\u00fcn da\u011f\u0131d\u0131c\u0131 v\u0259 \u00e7ox t\u0259hl\u00fck\u0259li olaca\u011f\u0131n\u0131 d\u00fc\u015f\u00fcn\u00fcr, bunun AB\u015e-\u0131n birba\u015fa h\u0259rbi m\u00fcdaxil\u0259sini t\u0259l\u0259b ed\u0259n regional m\u00fcharib\u0259y\u0259 ke\u00e7id ed\u0259c\u0259yini t\u0259xmin edir v\u0259 buna g\u00f6r\u0259 m\u00fcharib\u0259d\u0259n yay\u0131nma\u011f\u0131n, t\u0259cili at\u0259\u015fk\u0259sin raz\u0131la\u015fd\u0131r\u0131lmas\u0131n\u0131n \u0259h\u0259miyy\u0259tli oldu\u011funu vur\u011fulay\u0131rlar. \u00c7\u00fcnki Livan Hizbullah\u0131n\u0131n r\u0259smil\u0259ri m\u00fcharib\u0259 geni\u015fl\u0259n\u0259rs\u0259 Kiprd\u0259ki h\u0259rbi bazan\u0131n da vurulaca\u011f\u0131n\u0131 b\u0259yan edibl\u0259r. Bu is\u0259 t\u0259bii olaraq m\u00fcharib\u0259nin b\u00f6lg\u0259y\u0259 s\u0131\u00e7rayaca\u011f\u0131 anlam\u0131na g\u0259lir. T\u00fcrkiy\u0259nin\u00a0 bu sava\u015f\u0131n haras\u0131nda yer alaca\u011f\u0131, Az\u0259rbaycan\u0131n T\u00fcrkiy\u0259 il\u0259 qarda\u015f, \u0130srail il\u0259 t\u0259r\u0259fda\u015f, eyni zamanda T\u00fcrk v\u0259 \u0130slam d\u00fcnyas\u0131n\u0131n bir par\u00e7as\u0131, F\u0259l\u0259stinl\u0259 ba\u011fl\u0131 b\u0259lli m\u00f6vqeyi oldu\u011funa g\u00f6r\u0259 m\u00fc\u0259yy\u0259n suallar do\u011fur. T\u0259bii ki, arzuolunan ssenari regional v\u0259 ya lokal m\u00fcharib\u0259 olmadan at\u0259\u015fk\u0259sin raz\u0131la\u015fd\u0131r\u0131lmas\u0131d\u0131r. Lakin n\u0259tic\u0259ni anlamaq \u00fc\u00e7\u00fcn s\u0259b\u0259b\u0259 k\u00f6kl\u0259nm\u0259k laz\u0131m oldu\u011fu kimi, h\u0259r \u015fey ilk \u00f6nc\u0259 \u00f6t\u0259n ilin 7 oktyabr\u0131ndan b\u0259ri Q\u0259zzada 40 mind\u0259n \u00e7ox f\u0259l\u0259stinlinin \u00f6ld\u00fcr\u00fcld\u00fcy\u00fc, 2 mind\u0259n \u00e7ox is\u0259 israillinin h\u0259lak oldu\u011fu m\u00fcharib\u0259nin \u0259dal\u0259tli \u015f\u0259rtl\u0259rl\u0259 sonland\u0131r\u0131lmas\u0131 il\u0259 birba\u015fa ba\u011flant\u0131l\u0131d\u0131r. \u00c7\u00fcnki \u0130srail-Livan m\u00fcharib\u0259si h\u0259m d\u0259 F\u0259l\u0259stind\u0259ki, Q\u0259zzadak\u0131 m\u00fcharib\u0259nin son m\u0259rh\u0259l\u0259si olacaq v\u0259 bu, Yax\u0131n \u015e\u0259rqd\u0259 yeni status-kvonun yaranmas\u0131 il\u0259 n\u0259tic\u0259l\u0259n\u0259c\u0259kdir&#8221;.<\/p>\n<p><strong>Cavan\u015fir ABBASLI,<\/strong><br \/>\n<strong>\u201cYeni M\u00fcsavat\u201d<\/strong><\/p>\n<\/div>\n<div><\/div>\n<div><\/div>\n<div class=\"inner-social-box\">\n<div class=\"subs-in-social subs-whatsapp\"><\/div>\n<\/div>\n","protected":false},"excerpt":{"rendered":"<p>\u018fg\u0259r diplomatik t\u0259\u015f\u0259bb\u00fcsl\u0259r intensivl\u0259\u015fm\u0259s\u0259, bu sava\u015f b\u00f6lg\u0259d\u0259 onsuz da m\u00fcr\u0259kk\u0259b olan durumu dalana aparar \u0130srail-\u0130ran sava\u015f\u0131 arxa plana ke\u00e7ib. H\u0259l\u0259lik bu g\u00f6zl\u0259nilmir. G\u0259l\u0259n m\u0259lumatlar, m\u00fc\u015fahid\u0259l\u0259r onu dem\u0259y\u0259 \u0259sas verir ki, m\u00fcharib\u0259 Livanla \u0130srail aras\u0131nda ba\u015flaya bil\u0259r. Art\u0131q bir ne\u00e7\u0259 \u00f6lk\u0259 v\u0259t\u0259nda\u015flar\u0131na Livan\u0131 t\u0259cili t\u0259rk etm\u0259k bar\u0259d\u0259 x\u0259b\u0259rdarl\u0131q edib. Son olaraq \u00c7in \u00f6z v\u0259t\u0259nda\u015flar\u0131na Livan\u0131 m\u00fcmk\u00fcn q\u0259d\u0259r tez t\u0259rk etm\u0259l\u0259rin\u0259 dair b\u0259yanat verib. \u00c7inin Beyrutdak\u0131 s\u0259firliyi Livandak\u0131, x\u00fcsus\u0259n d\u0259 \u00f6lk\u0259nin c\u0259nubundak\u0131 \u201cm\u00fcr\u0259kk\u0259b t\u0259hl\u00fck\u0259sizlik v\u0259ziyy\u0259tini\u201d \u0259sas g\u0259tir\u0259r\u0259k, \u00f6z v\u0259t\u0259nda\u015flar\u0131n\u0131 \u201ckommersiya u\u00e7u\u015flar\u0131 h\u0259l\u0259 d\u0259 m\u00f6vcud oldu\u011fu halda\u201d m\u00fcmk\u00fcn q\u0259d\u0259r tez \u00f6lk\u0259ni t\u0259rk etm\u0259y\u0259&hellip;<\/p>\n","protected":false},"author":2,"featured_media":747340,"comment_status":"closed","ping_status":"closed","sticky":false,"template":"","format":"standard","meta":{"om_disable_all_campaigns":false,"_monsterinsights_skip_tracking":false,"_monsterinsights_sitenote_active":false,"_monsterinsights_sitenote_note":"","_monsterinsights_sitenote_category":0},"categories":[4],"tags":[],"aioseo_notices":[],"gutentor_comment":0,"rttpg_featured_image_url":{"full":["https:\/\/arantv.az\/wp-content\/uploads\/2024\/08\/e05a1bf86d36140f74e72e67a902b2d9.jpg",870,500,false],"landscape":["https:\/\/arantv.az\/wp-content\/uploads\/2024\/08\/e05a1bf86d36140f74e72e67a902b2d9.jpg",870,500,false],"portraits":["https:\/\/arantv.az\/wp-content\/uploads\/2024\/08\/e05a1bf86d36140f74e72e67a902b2d9.jpg",870,500,false],"thumbnail":["https:\/\/arantv.az\/wp-content\/uploads\/2024\/08\/e05a1bf86d36140f74e72e67a902b2d9-500x280.jpg",500,280,true],"medium":["https:\/\/arantv.az\/wp-content\/uploads\/2024\/08\/e05a1bf86d36140f74e72e67a902b2d9-635x365.jpg",635,365,true],"large":["https:\/\/arantv.az\/wp-content\/uploads\/2024\/08\/e05a1bf86d36140f74e72e67a902b2d9-840x483.jpg",640,368,true],"1536x1536":["https:\/\/arantv.az\/wp-content\/uploads\/2024\/08\/e05a1bf86d36140f74e72e67a902b2d9.jpg",870,500,false],"2048x2048":["https:\/\/arantv.az\/wp-content\/uploads\/2024\/08\/e05a1bf86d36140f74e72e67a902b2d9.jpg",870,500,false],"post-thumbnail":["https:\/\/arantv.az\/wp-content\/uploads\/2024\/08\/e05a1bf86d36140f74e72e67a902b2d9-240x172.jpg",240,172,true],"advps-thumb-one":["https:\/\/arantv.az\/wp-content\/uploads\/2024\/08\/e05a1bf86d36140f74e72e67a902b2d9.jpg",870,500,false]},"rttpg_author":{"display_name":"V\u00fcsal Rafiqo\u011flu","author_link":"https:\/\/arantv.az\/?author=2"},"rttpg_comment":0,"rttpg_category":"<a href=\"https:\/\/arantv.az\/?cat=4\" rel=\"category\">Siyas\u0259t<\/a>","rttpg_excerpt":"\u018fg\u0259r diplomatik t\u0259\u015f\u0259bb\u00fcsl\u0259r intensivl\u0259\u015fm\u0259s\u0259, bu sava\u015f b\u00f6lg\u0259d\u0259 onsuz da m\u00fcr\u0259kk\u0259b olan durumu dalana aparar \u0130srail-\u0130ran sava\u015f\u0131 arxa plana ke\u00e7ib. H\u0259l\u0259lik bu g\u00f6zl\u0259nilmir. G\u0259l\u0259n m\u0259lumatlar, m\u00fc\u015fahid\u0259l\u0259r onu dem\u0259y\u0259 \u0259sas verir ki, m\u00fcharib\u0259 Livanla \u0130srail aras\u0131nda ba\u015flaya bil\u0259r. Art\u0131q bir ne\u00e7\u0259 \u00f6lk\u0259 v\u0259t\u0259nda\u015flar\u0131na Livan\u0131 t\u0259cili t\u0259rk etm\u0259k bar\u0259d\u0259 x\u0259b\u0259rdarl\u0131q edib. Son olaraq \u00c7in \u00f6z v\u0259t\u0259nda\u015flar\u0131na Livan\u0131 m\u00fcmk\u00fcn&hellip;","_links":{"self":[{"href":"https:\/\/arantv.az\/index.php?rest_route=\/wp\/v2\/posts\/747339"}],"collection":[{"href":"https:\/\/arantv.az\/index.php?rest_route=\/wp\/v2\/posts"}],"about":[{"href":"https:\/\/arantv.az\/index.php?rest_route=\/wp\/v2\/types\/post"}],"author":[{"embeddable":true,"href":"https:\/\/arantv.az\/index.php?rest_route=\/wp\/v2\/users\/2"}],"replies":[{"embeddable":true,"href":"https:\/\/arantv.az\/index.php?rest_route=%2Fwp%2Fv2%2Fcomments&post=747339"}],"version-history":[{"count":1,"href":"https:\/\/arantv.az\/index.php?rest_route=\/wp\/v2\/posts\/747339\/revisions"}],"predecessor-version":[{"id":747341,"href":"https:\/\/arantv.az\/index.php?rest_route=\/wp\/v2\/posts\/747339\/revisions\/747341"}],"wp:featuredmedia":[{"embeddable":true,"href":"https:\/\/arantv.az\/index.php?rest_route=\/wp\/v2\/media\/747340"}],"wp:attachment":[{"href":"https:\/\/arantv.az\/index.php?rest_route=%2Fwp%2Fv2%2Fmedia&parent=747339"}],"wp:term":[{"taxonomy":"category","embeddable":true,"href":"https:\/\/arantv.az\/index.php?rest_route=%2Fwp%2Fv2%2Fcategories&post=747339"},{"taxonomy":"post_tag","embeddable":true,"href":"https:\/\/arantv.az\/index.php?rest_route=%2Fwp%2Fv2%2Ftags&post=747339"}],"curies":[{"name":"wp","href":"https:\/\/api.w.org\/{rel}","templated":true}]}}