{"id":747355,"date":"2024-08-24T09:47:04","date_gmt":"2024-08-24T05:47:04","guid":{"rendered":"https:\/\/arantv.az\/?p=747355"},"modified":"2024-08-24T09:47:04","modified_gmt":"2024-08-24T05:47:04","slug":"ozb%c9%99kistan-orn%c9%99yi-%c9%99ndican-usyanini-unutmayan-hokum%c9%99t-olk%c9%99ni-radikal-dincil%c9%99r%c9%99-buraxmir","status":"publish","type":"post","link":"https:\/\/arantv.az\/?p=747355","title":{"rendered":"\u00d6zb\u0259kistan \u00f6rn\u0259yi \u2013 \u018fndican \u00fcsyan\u0131n\u0131 unutmayan h\u00f6kum\u0259t \u00f6lk\u0259ni radikal din\u00e7il\u0259r\u0259 buraxm\u0131r"},"content":{"rendered":"<p><strong>M\u0259rk\u0259zi Asiya regionunda din siyas\u0259ti dig\u0259r m\u00fcs\u0259lman \u00f6lk\u0259l\u0259rin\u0259, x\u00fcsusil\u0259 d\u0259 radikal dini c\u0259r\u0259yanlar\u0131n boy g\u00f6st\u0259rdiyi, \u00f6z siyas\u0259tl\u0259rini h\u00f6kum\u0259tl\u0259r\u0259 dikt\u0259 etdiyi, yaxud da h\u00f6kum\u0259tl\u0259rin m\u0259zh\u0259b\u00e7i siyas\u0259t yeritdiyi \u00f6lk\u0259l\u0259r\u0259 n\u00fcmun\u0259 ola bil\u0259r.<\/strong><\/p>\n<p>Qazax\u0131stan, T\u00fcrkm\u0259nistan, Tacikistan, Q\u0131r\u011f\u0131z\u0131stan v\u0259 \u00d6zb\u0259kistan bu sah\u0259d\u0259 m\u00fc\u0259yy\u0259n m\u0259saf\u0259 q\u0259t edib, d\u00f6vl\u0259t v\u0259 din m\u00fcnasib\u0259tl\u0259rini xeyli d\u0259r\u0259c\u0259d\u0259 t\u0259nziml\u0259yib. D\u00fczd\u00fcr, bu be\u015f m\u00fc\u0259lman \u00f6lk\u0259si buna inzibati resurslarla nail olub, amma bu \u00f6lk\u0259l\u0259rin m\u00fcst\u0259qillik \u0259ld\u0259 etm\u0259sind\u0259n ke\u00e7\u0259n bu 33 ilin hadis\u0259l\u0259rini yada salanda, t\u0259hlil ed\u0259nd\u0259 g\u00f6r\u00fcrs\u0259n ki, onlar\u0131n ba\u015fqa yolu olmay\u0131b.<\/p>\n<p>Bir aralar bu be\u015f d\u00f6vl\u0259tin be\u015find\u0259 d\u0259 dini z\u0259mind\u0259 qar\u015f\u0131durma yaratmaq ist\u0259y\u0259nl\u0259r, siyasi islam\u0131 hakimiyy\u0259t\u0259 g\u0259tirm\u0259k v\u0259 \u00f6lk\u0259l\u0259rd\u0259 \u015f\u0259ri\u0259t rejimi qurma\u011fa \u00e7al\u0131\u015fanlar, b\u0259zil\u0259rind\u0259 v\u0259t\u0259nda\u015f qar\u015f\u0131durmas\u0131, b\u0259zil\u0259rind\u0259 is\u0259 \u0259m\u0259lli-ba\u015fl\u0131 v\u0259t\u0259nda\u015f m\u00fcharib\u0259si salmaq ist\u0259y\u0259nl\u0259r olub.<\/p>\n<p>Bel\u0259 c\u0259hdl\u0259rin qar\u015f\u0131s\u0131 q\u0259tiyy\u0259tl\u0259 al\u0131n\u0131b. M\u0259rk\u0259zi Asiyada daha bir \u018ffqan\u0131stan\u0131n peyda olmas\u0131na imkan verilm\u0259yib.<\/p>\n<p>\u0130ndi radikal dini c\u0259r\u0259yanlar\u0131n n\u00fcmay\u0259nd\u0259l\u0259rini dan\u0131\u015fd\u0131rsaq, dey\u0259rl\u0259r ki, bu \u00f6lk\u0259l\u0259rd\u0259 islam s\u0131x\u0131\u015fd\u0131r\u0131l\u0131r, kafirl\u0259r m\u00f6minl\u0259r\u0259 ibad\u0259t etm\u0259y\u0259 imkan vermirl\u0259r, dini etiqad azadl\u0131\u011f\u0131n\u0131 pozurlar v\u0259 sair v\u0259 ilax\u0131r.<\/p>\n<p><img loading=\"lazy\" src=\"https:\/\/cdn.musavat.com\/news\/images\/XAL%C4%B0D%20K\/maks-2.JPG\" alt=\"maks-2.JPG (5.02 MB)\" width=\"750\" height=\"500\" \/><\/p>\n<p>Ancaq bel\u0259 deyil. Konkret olaraq \u00d6zb\u0259kistan s\u0131rf m\u00fcs\u0259lman \u00f6lk\u0259sidir, burada m\u00f6minl\u0259rin ibad\u0259tin\u0259 qar\u0131\u015fan, onlar\u0131 dind\u0259n d\u00f6nd\u0259rm\u0259y\u0259 \u00e7al\u0131\u015fan, kimis\u0259 m\u00fcs\u0259lman oldu\u011funa g\u00f6r\u0259 t\u0259qib ed\u0259n yoxdur.<\/p>\n<p>\u018fksin\u0259, son ill\u0259rd\u0259 \u00d6zb\u0259kistanda H\u0259cc v\u0259 \u00dcmr\u0259 ziyar\u0259tin\u0259 ged\u0259nl\u0259rin say\u0131 n\u0259z\u0259r\u0259\u00e7arpacaq \u015f\u0259kild\u0259 art\u0131b, \u00f6lk\u0259d\u0259 m\u0259scidl\u0259rin, dini t\u0259may\u00fcll\u00fc tikilil\u0259rin, \u0130slamla ba\u011fl\u0131 ziyar\u0259tgahlar\u0131n say\u0131-hesab\u0131 yoxdur. Regionun \u0259n b\u00f6y\u00fck \u0130slam Sivilizasiyas\u0131 M\u0259rk\u0259zi m\u0259hz Da\u015fk\u0259ndd\u0259 yerl\u0259\u015fir. Bu s\u0259tirl\u0259rin m\u00fc\u0259llifini v\u0259 onlarla ba\u015fqa jurnalisti \u00f6lk\u0259y\u0259 d\u0259v\u0259t ed\u0259n \u0130SM r\u0259hb\u0259rliyi bu m\u00f6ht\u0259\u015f\u0259m tikiliy\u0259 ziyar\u0259timizi t\u0259\u015fkil etm\u0259kl\u0259 \u00d6zb\u0259kistan d\u00f6vl\u0259tinin \u0130slama m\u00fcnasib\u0259tinin nec\u0259 oldu\u011funu \u0259yan\u0131 \u015f\u0259kild\u0259 g\u00f6st\u0259rdi.<\/p>\n<p><img loading=\"lazy\" src=\"https:\/\/cdn.musavat.com\/news\/images\/XAL%C4%B0D%20K\/maks%3D1.JPG\" alt=\"maks=1.JPG (5.69 MB)\" width=\"750\" height=\"500\" \/><\/p>\n<p>S\u00f6z\u00fcged\u0259n kompleks d\u00f6rd hiss\u0259d\u0259n ibar\u0259tdir v\u0259 bir-birin\u0259 biti\u015fik olan C\u0259nub, \u015eimal, \u015e\u0259rq v\u0259 Q\u0259rb korpuslar\u0131na malikdir. 70 hektarl\u0131q \u0259razid\u0259 tikil\u0259n kompleks \u00fc\u00e7 m\u0259rt\u0259d\u0259b\u0259n ibar\u0259tdir, ancaq h\u0259r m\u0259rt\u0259b\u0259nin \u00f6z\u00fc d\u0259 normal ev konsturiksiyalar\u0131n\u0131n \u00fc\u00e7 m\u0259rt\u0259b\u0259si boydad\u0131r. Kompleksd\u0259 son tamamlama i\u015fl\u0259ri gedir v\u0259 ona indiy\u0259d\u0259k 100 milyon dollardan art\u0131q v\u0259sait x\u0259rcl\u0259nib, y\u0259qin ki, tam ba\u015fa g\u0259l\u0259n\u0259 q\u0259d\u0259r daha 50 milyon x\u0259rcl\u0259n\u0259c\u0259k. M\u0259rk\u0259zd\u0259 \u0130slam sivilisaziyas\u0131n\u0131n, din aliml\u0259rinin v\u0259 xadiml\u0259rinin h\u0259yat\u0131na aid \u0259\u015fyalar, onlar\u0131n \u0259s\u0259rl\u0259ri, \u00fcmumiyy\u0259tl\u0259 \u0130slam dinin\u0259 aid eksponatlardan ibar\u0259t muzey f\u0259aliyy\u0259t g\u00f6st\u0259rir. Bir s\u00f6zl\u0259, \u0130SM m\u00f6ht\u0259\u015f\u0259m tikilidir. \u0130slam ad\u0131na bel\u0259 tikilisi olan \u00f6lk\u0259ni dini etiqad azadl\u0131\u011f\u0131n\u0131 m\u0259hdudla\u015fd\u0131rmaqda q\u0131namaq m\u00fcmk\u00fcn deyil.<\/p>\n<p><img loading=\"lazy\" src=\"https:\/\/cdn.musavat.com\/news\/images\/XAL%C4%B0D%20K\/DSC_0221.JPG\" alt=\"DSC_0221.JPG (4.39 MB)\" width=\"750\" height=\"500\" \/><\/p>\n<p>Sad\u0259c\u0259, bu \u00f6lk\u0259d\u0259 xarici d\u00f6vl\u0259tl\u0259rd\u0259ki dini m\u0259rk\u0259zl\u0259r\u0259 ba\u011fl\u0131 olan sektalara, ayr\u0131-ayr\u0131 \u015f\u0259xsl\u0259r\u0259 ba\u015fqa d\u00f6vl\u0259tl\u0259rin siyas\u0259tinin ma\u015fas\u0131 olma\u011fa, onlar\u0131n m\u0259scidl\u0259ri, camel\u0259ri \u201ccihad\u201da d\u00f6y\u00fc\u015f\u00e7\u00fc s\u0259f\u0259rb\u0259r ed\u0259n h\u0259rbi komissarl\u0131\u011fa d\u00f6nd\u0259rm\u0259y\u0259, radikal dini t\u0259\u015fkilatlara r\u0259\u011fb\u0259t qruplar\u0131 t\u0259\u015fkil etm\u0259y\u0259 imkan vermirl\u0259r.<\/p>\n<p>\u00d6zb\u0259kistan d\u00f6vl\u0259ti \u00e7al\u0131\u015f\u0131r ki, islam\u0131 millil\u0259\u015fdirsin, \u00f6lk\u0259 m\u00fcs\u0259lmanlar\u0131 xarici d\u00f6vl\u0259tl\u0259rin, \u00f6zl\u0259rini islam m\u0259d\u0259niyy\u0259tinin paytaxt\u0131 sayan v\u0259 ham\u0131ya nec\u0259 m\u00fcs\u0259lman olma\u011f\u0131, nec\u0259 geyinm\u0259yi, nec\u0259 davranma\u011f\u0131 dikt\u0259 ed\u0259n m\u0259rk\u0259zl\u0259rin a\u011fz\u0131na baxmas\u0131nlar, \u00f6z dini h\u0259yatlar\u0131n\u0131 ist\u0259dikl\u0259ri kimi ya\u015fas\u0131nlar.<\/p>\n<p>H\u0259tta bir ne\u00e7\u0259 ay \u00f6nc\u0259 \u00f6lk\u0259nin din xadiml\u0259ri islamda geyim v\u0259 g\u00f6r\u00fcn\u00fc\u015fl\u0259 ba\u011fl\u0131 ciddi qaydalar\u0131n olmad\u0131\u011f\u0131na dair a\u00e7\u0131qlama da vermi\u015fdil\u0259r. \u00d6zb\u0259kistan\u0131n ali m\u00fcftisi Nuriddin Xolikn\u0259z\u0259rov demi\u015fdi: \u201cBel\u0259 bir fikir formala\u015f\u0131b ki, \u0130slam m\u00fc\u0259yy\u0259n paltar geyinm\u0259yi v\u0259 m\u00fc\u0259yy\u0259n g\u00f6rk\u0259mi n\u0259z\u0259rd\u0259 tutur. Pey\u011f\u0259mb\u0259rimizd\u0259n biz\u0259 qalan bir h\u00f6km var. \u0130slam\u0131n \u00f6z\u00fcn\u0259m\u0259xsus formas\u0131 yoxdur. \u0130slam bir mill\u0259tin, bir iqlimin dini deyil. \u018fr\u0259b \u00fcslubunda qara, \u00e7ox qara paltar geyinm\u0259y\u0259 ehtiyac yoxdur\u201d. Y\u0259ni \u0259r\u0259b \u00f6lk\u0259l\u0259rinin iqlimi il\u0259 \u015fimalda ya\u015fayan \u00f6lk\u0259l\u0259rin m\u00fcs\u0259lmanlar\u0131 eyni geyimi geym\u0259y\u0259 borclu deyill\u0259r. H\u0259r xalq \u00f6z ya\u015fad\u0131\u011f\u0131 m\u0259kan\u0131n iqlimin\u0259 uy\u011fun geyin\u0259 bil\u0259r. Ancaq m\u0259lum oldu\u011fu kimi, d\u00fcnyan\u0131n bir \u00e7ox yerl\u0259rind\u0259 \u0259r\u0259bl\u0259ri t\u0259qlid ed\u0259r\u0259k onlar kimi gey\u0259nl\u0259r var.<\/p>\n<p>Dig\u0259r M\u0259rk\u0259zi Asiya respublikalar\u0131nda oldu\u011fu kimi, \u00d6zb\u0259kistanda da din xadiml\u0259rinin f\u0259aliyy\u0259tin\u0259 ciddi d\u00f6vl\u0259t n\u0259zar\u0259tinin oldu\u011fu faktd\u0131r v\u0259 bu, s\u0259b\u0259bsiz deyil. \u00d6zb\u0259kistanda 19 il \u00f6nc\u0259 ba\u015f vermis \u018fndican hadis\u0259l\u0259rini unutmay\u0131blar.<\/p>\n<p>2005-ci il may\u0131n 12-14-d\u0259 F\u0259rqan\u0259 vilay\u0259tinin \u018fndican \u015f\u0259h\u0259rind\u0259 ba\u015flanm\u0131\u015f kort\u0259bii etiraz aksiyasi zaman\u0131 radikal islam\u00e7\u0131lar tezlikl\u0259 t\u0259\u015f\u0259bb\u00fcs\u00fc \u0259l\u0259 al\u0131blar. Onlar \u015f\u0259h\u0259ri \u0259l\u0259 ke\u00e7ir\u0259r\u0259k \u00d6zb\u0259kistanda \u201c\u0130slam respublikas\u0131\u201dn\u0131n elan edilm\u0259sini t\u0259l\u0259b edibl\u0259r. \u0130\u011fti\u015fa\u015f h\u00f6kum\u0259t qo\u015funlar\u0131 t\u0259r\u0259find\u0259n yat\u0131r\u0131l\u0131b: r\u0259smi m\u0259lumatlara g\u00f6r\u0259, 187 n\u0259f\u0259r, qeyri-r\u0259smi r\u0259q\u0259ml\u0259r\u0259 g\u00f6r\u0259 &#8211; iki min\u0259 q\u0259d\u0259r adam \u00f6l\u00fcb.<\/p>\n<p>\u018fndicanda i\u011fti\u015fa\u015flar\u0131n n\u0259d\u0259n ba\u015flamas\u0131 h\u0259l\u0259 d\u0259 ayd\u0131n deyil. Versiya \u00e7oxdur. Ancaq g\u00fcman olunur ki, o d\u00f6n\u0259md\u0259 \u015f\u0259h\u0259rd\u0259 radikal dini t\u0259\u015fkilatlara maliyy\u0259 yard\u0131m\u0131 g\u00f6st\u0259r\u0259n iyirmi i\u015f adam\u0131n\u0131n m\u0259hk\u0259m\u0259si ke\u00e7iril\u0259n zaman onlar\u0131n qohum-\u0259qr\u0259balar\u0131, t\u0259r\u0259fdarlar\u0131, t\u0259xmin\u0259n 1000 n\u0259f\u0259r h\u00f6km \u00e7\u0131xar\u0131lan g\u00fcn m\u0259hk\u0259m\u0259nin qar\u015f\u0131s\u0131na topla\u015f\u0131blar v\u0259 h\u00f6km\u0259 etiraz edibl\u0259r. Dini radikallar f\u00fcrs\u0259td\u0259n yararlan\u0131blar, h\u0259rbi hiss\u0259y\u0259 basq\u0131n edibl\u0259r, \u00fc\u00e7 y\u00fcz pulemyot, qumbara v\u0259 h\u0259rbi y\u00fck ma\u015f\u0131n\u0131 \u0259l\u0259 ke\u00e7iribl\u0259r, h\u0259bsxanaya h\u00fccum edib, h\u0259min i\u015f adamlar\u0131n\u0131 v\u0259 dig\u0259r m\u0259hbuslar\u0131 azadl\u0131\u011fa burax\u0131blar. Daha sonra islam\u00e7\u0131lar h\u00f6kum\u0259t m\u0259murlar\u0131n\u0131, vergi xidm\u0259tinin v\u0259 prokurorlu\u011fun \u0259m\u0259kda\u015flar\u0131n\u0131 girov g\u00f6t\u00fcr\u00fcbl\u0259r. Prezident K\u0259rimov \u00fcsyan\u00e7\u0131lara at\u0259\u015f a\u00e7\u0131lmas\u0131n\u0131 \u0259mr edib v\u0259 terror\u00e7ilar d\u0259rhal girovlar\u0131 \u00f6ld\u00fcrm\u0259y\u0259 ba\u015flay\u0131blar. Sonda h\u00f6kum\u0259t q\u00fcvv\u0259l\u0259ri \u00fcsyan\u00e7\u0131lar\u0131 ram edib.<\/p>\n<p>Bu amans\u0131zl\u0131\u011fa g\u00f6r\u0259 \u0130slam K\u0259rimovu q\u0131nayanlar h\u0259l\u0259 d\u0259 var, amma \u00e7ox adam bu fikird\u0259dir ki, onun ba\u015fqa variant\u0131 yox idi, bir terror\u00e7u qrupun b\u00fct\u00f6v bir \u015f\u0259h\u0259ri \u0259l\u0259 ke\u00e7irib, \u00f6z \u201crespublika\u201ds\u0131n\u0131 yaratmas\u0131na imkan verm\u0259k olmazd\u0131.<\/p>\n<p>Hesab olunur ki, radikallar\u0131n \u00fcsyan\u0131 F\u0259rqan\u0259 vadisini b\u00fcr\u00fcy\u0259nd\u0259n sonra Da\u015fk\u0259nd\u0259 s\u0131\u00e7rayacaqd\u0131, ona g\u00f6r\u0259 d\u0259 K\u0259rimov t\u0259r\u0259dd\u00fcd etm\u0259d\u0259n i\u011fti\u015fa\u015flar\u0131 yat\u0131r\u0131b v\u0259 \u00d6zb\u0259kistan\u0131 v\u0259t\u0259nda\u015f m\u00fcharib\u0259sind\u0259n xilas edib.<\/p>\n<p>Ondan b\u0259ri islam\u00e7\u0131lar \u018fndicanda daha he\u00e7 bir aksiya ke\u00e7irm\u0259yibl\u0259r v\u0259 onlar\u0131 d\u0259st\u0259kl\u0259y\u0259n \u015f\u0259h\u0259r \u0259halisi d\u0259 g\u00f6r\u00fcb ki, d\u00f6vl\u0259tl\u0259 d\u00f6vl\u0259t\u00e7ilik etm\u0259k olmaz.<\/p>\n<p>\u0130ndiki hakimiyy\u0259t is\u0259 meydan\u0131 radikal qruplara, c\u00fcrb\u0259c\u00fcr t\u0259riq\u0259tl\u0259r\u0259 buraxmaq ist\u0259mir v\u0259 din\u0259, m\u00f6minl\u0259r\u0259 sahib \u00e7\u0131x\u0131r.<\/p>\n<p>Y\u0259qin bu \u00fczd\u0259ndir ki, \u00d6zb\u0259kistanda s\u0259mimi \u015f\u0259kild\u0259 ibad\u0259t ed\u0259nl\u0259rin, \u00f6z m\u0259n\u0259vi d\u00fcnyas\u0131n\u0131 din\u0259 ba\u011flayan \u0259m\u0259li-saleh m\u00f6minl\u0259rin say\u0131 g\u00fcnd\u0259 bir \u201ccihad\u201d ed\u0259n \u00f6lk\u0259l\u0259rd\u0259 oldu\u011fundan \u00e7oxdur.<\/p>\n<p>\u00d6zb\u0259kistan \u0130slam d\u0259y\u0259rl\u0259rin\u0259 b\u00f6y\u00fck h\u00f6rm\u0259t qoymaqla, dini sah\u0259ni siyas\u0259t\u0259 al\u0259t etm\u0259k ist\u0259y\u0259nl\u0259rin t\u0259sirind\u0259n qorumaqla b\u00fct\u00fcn m\u00fcs\u0259lman al\u0259min\u0259 n\u00fcmun\u0259 g\u00f6st\u0259rir.<\/p>\n<p><strong>Xalid Kaz\u0131ml\u0131, Musavat.com<\/strong><\/p>\n<p><strong>Fotolar: Maksad Cangirov<\/strong><\/p>\n","protected":false},"excerpt":{"rendered":"<p>M\u0259rk\u0259zi Asiya regionunda din siyas\u0259ti dig\u0259r m\u00fcs\u0259lman \u00f6lk\u0259l\u0259rin\u0259, x\u00fcsusil\u0259 d\u0259 radikal dini c\u0259r\u0259yanlar\u0131n boy g\u00f6st\u0259rdiyi, \u00f6z siyas\u0259tl\u0259rini h\u00f6kum\u0259tl\u0259r\u0259 dikt\u0259 etdiyi, yaxud da h\u00f6kum\u0259tl\u0259rin m\u0259zh\u0259b\u00e7i siyas\u0259t yeritdiyi \u00f6lk\u0259l\u0259r\u0259 n\u00fcmun\u0259 ola bil\u0259r. Qazax\u0131stan, T\u00fcrkm\u0259nistan, Tacikistan, Q\u0131r\u011f\u0131z\u0131stan v\u0259 \u00d6zb\u0259kistan bu sah\u0259d\u0259 m\u00fc\u0259yy\u0259n m\u0259saf\u0259 q\u0259t edib, d\u00f6vl\u0259t v\u0259 din m\u00fcnasib\u0259tl\u0259rini xeyli d\u0259r\u0259c\u0259d\u0259 t\u0259nziml\u0259yib. D\u00fczd\u00fcr, bu be\u015f m\u00fc\u0259lman \u00f6lk\u0259si buna inzibati resurslarla nail olub, amma bu \u00f6lk\u0259l\u0259rin m\u00fcst\u0259qillik \u0259ld\u0259 etm\u0259sind\u0259n ke\u00e7\u0259n bu 33 ilin hadis\u0259l\u0259rini yada salanda, t\u0259hlil ed\u0259nd\u0259 g\u00f6r\u00fcrs\u0259n ki, onlar\u0131n ba\u015fqa yolu olmay\u0131b. Bir aralar bu be\u015f d\u00f6vl\u0259tin be\u015find\u0259 d\u0259 dini z\u0259mind\u0259 qar\u015f\u0131durma&hellip;<\/p>\n","protected":false},"author":2,"featured_media":747356,"comment_status":"closed","ping_status":"closed","sticky":false,"template":"","format":"standard","meta":{"om_disable_all_campaigns":false,"_monsterinsights_skip_tracking":false,"_monsterinsights_sitenote_active":false,"_monsterinsights_sitenote_note":"","_monsterinsights_sitenote_category":0},"categories":[1],"tags":[],"aioseo_notices":[],"gutentor_comment":0,"rttpg_featured_image_url":{"full":["https:\/\/arantv.az\/wp-content\/uploads\/2024\/08\/2ae1d15ce125156f2fbbfce1cb0454db.jpg",870,500,false],"landscape":["https:\/\/arantv.az\/wp-content\/uploads\/2024\/08\/2ae1d15ce125156f2fbbfce1cb0454db.jpg",870,500,false],"portraits":["https:\/\/arantv.az\/wp-content\/uploads\/2024\/08\/2ae1d15ce125156f2fbbfce1cb0454db.jpg",870,500,false],"thumbnail":["https:\/\/arantv.az\/wp-content\/uploads\/2024\/08\/2ae1d15ce125156f2fbbfce1cb0454db-500x280.jpg",500,280,true],"medium":["https:\/\/arantv.az\/wp-content\/uploads\/2024\/08\/2ae1d15ce125156f2fbbfce1cb0454db-635x365.jpg",635,365,true],"large":["https:\/\/arantv.az\/wp-content\/uploads\/2024\/08\/2ae1d15ce125156f2fbbfce1cb0454db-840x483.jpg",640,368,true],"1536x1536":["https:\/\/arantv.az\/wp-content\/uploads\/2024\/08\/2ae1d15ce125156f2fbbfce1cb0454db.jpg",870,500,false],"2048x2048":["https:\/\/arantv.az\/wp-content\/uploads\/2024\/08\/2ae1d15ce125156f2fbbfce1cb0454db.jpg",870,500,false],"post-thumbnail":["https:\/\/arantv.az\/wp-content\/uploads\/2024\/08\/2ae1d15ce125156f2fbbfce1cb0454db-240x172.jpg",240,172,true],"advps-thumb-one":["https:\/\/arantv.az\/wp-content\/uploads\/2024\/08\/2ae1d15ce125156f2fbbfce1cb0454db.jpg",870,500,false]},"rttpg_author":{"display_name":"V\u00fcsal Rafiqo\u011flu","author_link":"https:\/\/arantv.az\/?author=2"},"rttpg_comment":0,"rttpg_category":"<a href=\"https:\/\/arantv.az\/?cat=1\" rel=\"category\">C\u0259miyy\u0259t<\/a>","rttpg_excerpt":"M\u0259rk\u0259zi Asiya regionunda din siyas\u0259ti dig\u0259r m\u00fcs\u0259lman \u00f6lk\u0259l\u0259rin\u0259, x\u00fcsusil\u0259 d\u0259 radikal dini c\u0259r\u0259yanlar\u0131n boy g\u00f6st\u0259rdiyi, \u00f6z siyas\u0259tl\u0259rini h\u00f6kum\u0259tl\u0259r\u0259 dikt\u0259 etdiyi, yaxud da h\u00f6kum\u0259tl\u0259rin m\u0259zh\u0259b\u00e7i siyas\u0259t yeritdiyi \u00f6lk\u0259l\u0259r\u0259 n\u00fcmun\u0259 ola bil\u0259r. Qazax\u0131stan, T\u00fcrkm\u0259nistan, Tacikistan, Q\u0131r\u011f\u0131z\u0131stan v\u0259 \u00d6zb\u0259kistan bu sah\u0259d\u0259 m\u00fc\u0259yy\u0259n m\u0259saf\u0259 q\u0259t edib, d\u00f6vl\u0259t v\u0259 din m\u00fcnasib\u0259tl\u0259rini xeyli d\u0259r\u0259c\u0259d\u0259 t\u0259nziml\u0259yib. D\u00fczd\u00fcr, bu be\u015f m\u00fc\u0259lman \u00f6lk\u0259si buna&hellip;","_links":{"self":[{"href":"https:\/\/arantv.az\/index.php?rest_route=\/wp\/v2\/posts\/747355"}],"collection":[{"href":"https:\/\/arantv.az\/index.php?rest_route=\/wp\/v2\/posts"}],"about":[{"href":"https:\/\/arantv.az\/index.php?rest_route=\/wp\/v2\/types\/post"}],"author":[{"embeddable":true,"href":"https:\/\/arantv.az\/index.php?rest_route=\/wp\/v2\/users\/2"}],"replies":[{"embeddable":true,"href":"https:\/\/arantv.az\/index.php?rest_route=%2Fwp%2Fv2%2Fcomments&post=747355"}],"version-history":[{"count":1,"href":"https:\/\/arantv.az\/index.php?rest_route=\/wp\/v2\/posts\/747355\/revisions"}],"predecessor-version":[{"id":747357,"href":"https:\/\/arantv.az\/index.php?rest_route=\/wp\/v2\/posts\/747355\/revisions\/747357"}],"wp:featuredmedia":[{"embeddable":true,"href":"https:\/\/arantv.az\/index.php?rest_route=\/wp\/v2\/media\/747356"}],"wp:attachment":[{"href":"https:\/\/arantv.az\/index.php?rest_route=%2Fwp%2Fv2%2Fmedia&parent=747355"}],"wp:term":[{"taxonomy":"category","embeddable":true,"href":"https:\/\/arantv.az\/index.php?rest_route=%2Fwp%2Fv2%2Fcategories&post=747355"},{"taxonomy":"post_tag","embeddable":true,"href":"https:\/\/arantv.az\/index.php?rest_route=%2Fwp%2Fv2%2Ftags&post=747355"}],"curies":[{"name":"wp","href":"https:\/\/api.w.org\/{rel}","templated":true}]}}