{"id":747369,"date":"2024-08-24T09:51:46","date_gmt":"2024-08-24T05:51:46","guid":{"rendered":"https:\/\/arantv.az\/?p=747369"},"modified":"2024-08-24T09:51:46","modified_gmt":"2024-08-24T05:51:46","slug":"prezident-ilham-%c9%99liyevin-ozb%c9%99kistana-dovl%c9%99t-s%c9%99f%c9%99ri-basa-catibfoto","status":"publish","type":"post","link":"https:\/\/arantv.az\/?p=747369","title":{"rendered":"Prezident \u0130lham \u018fliyevin \u00d6zb\u0259kistana d\u00f6vl\u0259t s\u0259f\u0259ri ba\u015fa \u00e7at\u0131bFOTO"},"content":{"rendered":"<div class=\"text-content\" data-id=\"\" data-url=\"\">\n<p><strong>Az\u0259rbaycan Respublikas\u0131n\u0131n Prezidenti \u0130lham \u018fliyevin \u00d6zb\u0259kistan Respublikas\u0131na d\u00f6vl\u0259t s\u0259f\u0259ri ba\u015fa \u00e7at\u0131b.<\/strong><\/p>\n<p><strong>ARANTV.AZ\u00a0<\/strong> x\u0259b\u0259r verir ki, h\u0259r iki \u00f6lk\u0259nin D\u00f6vl\u0259t bayraqlar\u0131n\u0131n dal\u011faland\u0131\u011f\u0131 \u0130slam K\u0259rimov ad\u0131na Da\u015fk\u0259nd Beyn\u0259lxalq Hava Liman\u0131nda d\u00f6vl\u0259timizin ba\u015f\u00e7\u0131s\u0131n\u0131n \u015f\u0259r\u0259fin\u0259 f\u0259xri qarovul d\u0259st\u0259si d\u00fcz\u00fclm\u00fc\u015fd\u00fc.<\/p>\n<p>Prezident \u0130lham \u018fliyevi v\u0259 birinci xan\u0131m Mehriban \u018fliyevan\u0131 \u00d6zb\u0259kistan\u0131n Ba\u015f naziri Abdulla Aripov v\u0259 dig\u0259r r\u0259smi \u015f\u0259xsl\u0259r yola sald\u0131lar.<\/p>\n<\/div>\n<div>\n<div class=\"form-group\"><img class=\"img-responsive\" src=\"https:\/\/cdn.musavat.com\/news\/images\/Gulnar\/musk\/ha\/gg\/rr\/t\/david\/g\/ee\/ggh\/d\/hadis%C9%99\/jj\/forum\/gg\/ol\/g\/%D0%9D%D0%BE%D0%B2%D0%B0%D1%8F%D0%9F%D0%B0%D0%BF%D0%BA%D0%B0\/photo_2024-08-24_00-38-31.jpg\" \/><\/div>\n<div class=\"form-group\"><img class=\"img-responsive\" src=\"https:\/\/cdn.musavat.com\/news\/images\/Gulnar\/musk\/ha\/gg\/rr\/t\/david\/g\/ee\/ggh\/d\/hadis%C9%99\/jj\/forum\/gg\/ol\/g\/%D0%9D%D0%BE%D0%B2%D0%B0%D1%8F%D0%9F%D0%B0%D0%BF%D0%BA%D0%B0\/photo_2024-08-24_00-34-35%20%282%29.jpg\" \/><\/div>\n<div class=\"form-group\"><img class=\"img-responsive\" src=\"https:\/\/cdn.musavat.com\/news\/images\/Gulnar\/musk\/ha\/gg\/rr\/t\/david\/g\/ee\/ggh\/d\/hadis%C9%99\/jj\/forum\/gg\/ol\/g\/%D0%9D%D0%BE%D0%B2%D0%B0%D1%8F%D0%9F%D0%B0%D0%BF%D0%BA%D0%B0\/photo_2024-08-24_00-34-35.jpg\" \/><\/div>\n<div class=\"form-group\"><img class=\"img-responsive\" src=\"https:\/\/cdn.musavat.com\/news\/images\/Gulnar\/musk\/ha\/gg\/rr\/t\/david\/g\/ee\/ggh\/d\/hadis%C9%99\/jj\/forum\/gg\/ol\/g\/%D0%9D%D0%BE%D0%B2%D0%B0%D1%8F%D0%9F%D0%B0%D0%BF%D0%BA%D0%B0\/photo_2024-08-24_00-34-36%20%282%29.jpg\" \/><\/div>\n<div class=\"form-group\"><img class=\"img-responsive\" src=\"https:\/\/cdn.musavat.com\/news\/images\/Gulnar\/musk\/ha\/gg\/rr\/t\/david\/g\/ee\/ggh\/d\/hadis%C9%99\/jj\/forum\/gg\/ol\/g\/%D0%9D%D0%BE%D0%B2%D0%B0%D1%8F%D0%9F%D0%B0%D0%BF%D0%BA%D0%B0\/photo_2024-08-24_00-34-36.jpg\" \/><\/div>\n<div class=\"form-group\"><img class=\"img-responsive\" src=\"https:\/\/cdn.musavat.com\/news\/images\/Gulnar\/musk\/ha\/gg\/rr\/t\/david\/g\/ee\/ggh\/d\/hadis%C9%99\/jj\/forum\/gg\/ol\/g\/%D0%9D%D0%BE%D0%B2%D0%B0%D1%8F%D0%9F%D0%B0%D0%BF%D0%BA%D0%B0\/photo_2024-08-24_00-34-37.jpg\" \/><\/div>\n<div class=\"form-group\"><img class=\"img-responsive\" src=\"https:\/\/cdn.musavat.com\/news\/images\/Gulnar\/musk\/ha\/gg\/rr\/t\/david\/g\/ee\/ggh\/d\/hadis%C9%99\/jj\/forum\/gg\/ol\/g\/%D0%9D%D0%BE%D0%B2%D0%B0%D1%8F%D0%9F%D0%B0%D0%BF%D0%BA%D0%B0\/photo_2024-08-24_00-34-38.jpg\" \/><\/div>\n<\/div>\n","protected":false},"excerpt":{"rendered":"<p>Az\u0259rbaycan Respublikas\u0131n\u0131n Prezidenti \u0130lham \u018fliyevin \u00d6zb\u0259kistan Respublikas\u0131na d\u00f6vl\u0259t s\u0259f\u0259ri ba\u015fa \u00e7at\u0131b. ARANTV.AZ\u00a0 x\u0259b\u0259r verir ki, h\u0259r iki \u00f6lk\u0259nin D\u00f6vl\u0259t bayraqlar\u0131n\u0131n dal\u011faland\u0131\u011f\u0131 \u0130slam K\u0259rimov ad\u0131na Da\u015fk\u0259nd Beyn\u0259lxalq Hava Liman\u0131nda d\u00f6vl\u0259timizin ba\u015f\u00e7\u0131s\u0131n\u0131n \u015f\u0259r\u0259fin\u0259 f\u0259xri qarovul d\u0259st\u0259si d\u00fcz\u00fclm\u00fc\u015fd\u00fc. Prezident \u0130lham \u018fliyevi v\u0259 birinci xan\u0131m Mehriban \u018fliyevan\u0131 \u00d6zb\u0259kistan\u0131n Ba\u015f naziri Abdulla Aripov v\u0259 dig\u0259r r\u0259smi \u015f\u0259xsl\u0259r yola sald\u0131lar.<\/p>\n","protected":false},"author":2,"featured_media":747370,"comment_status":"closed","ping_status":"closed","sticky":false,"template":"","format":"standard","meta":{"om_disable_all_campaigns":false,"_monsterinsights_skip_tracking":false,"_monsterinsights_sitenote_active":false,"_monsterinsights_sitenote_note":"","_monsterinsights_sitenote_category":0},"categories":[4],"tags":[],"aioseo_notices":[],"gutentor_comment":0,"rttpg_featured_image_url":{"full":["https:\/\/arantv.az\/wp-content\/uploads\/2024\/08\/375eb85e659746d03503a8f7ee78d575.jpg",870,500,false],"landscape":["https:\/\/arantv.az\/wp-content\/uploads\/2024\/08\/375eb85e659746d03503a8f7ee78d575.jpg",870,500,false],"portraits":["https:\/\/arantv.az\/wp-content\/uploads\/2024\/08\/375eb85e659746d03503a8f7ee78d575.jpg",870,500,false],"thumbnail":["https:\/\/arantv.az\/wp-content\/uploads\/2024\/08\/375eb85e659746d03503a8f7ee78d575-500x280.jpg",500,280,true],"medium":["https:\/\/arantv.az\/wp-content\/uploads\/2024\/08\/375eb85e659746d03503a8f7ee78d575-635x365.jpg",635,365,true],"large":["https:\/\/arantv.az\/wp-content\/uploads\/2024\/08\/375eb85e659746d03503a8f7ee78d575-840x483.jpg",640,368,true],"1536x1536":["https:\/\/arantv.az\/wp-content\/uploads\/2024\/08\/375eb85e659746d03503a8f7ee78d575.jpg",870,500,false],"2048x2048":["https:\/\/arantv.az\/wp-content\/uploads\/2024\/08\/375eb85e659746d03503a8f7ee78d575.jpg",870,500,false],"post-thumbnail":["https:\/\/arantv.az\/wp-content\/uploads\/2024\/08\/375eb85e659746d03503a8f7ee78d575-240x172.jpg",240,172,true],"advps-thumb-one":["https:\/\/arantv.az\/wp-content\/uploads\/2024\/08\/375eb85e659746d03503a8f7ee78d575.jpg",870,500,false]},"rttpg_author":{"display_name":"V\u00fcsal Rafiqo\u011flu","author_link":"https:\/\/arantv.az\/?author=2"},"rttpg_comment":0,"rttpg_category":"<a href=\"https:\/\/arantv.az\/?cat=4\" rel=\"category\">Siyas\u0259t<\/a>","rttpg_excerpt":"Az\u0259rbaycan Respublikas\u0131n\u0131n Prezidenti \u0130lham \u018fliyevin \u00d6zb\u0259kistan Respublikas\u0131na d\u00f6vl\u0259t s\u0259f\u0259ri ba\u015fa \u00e7at\u0131b. ARANTV.AZ\u00a0 x\u0259b\u0259r verir ki, h\u0259r iki \u00f6lk\u0259nin D\u00f6vl\u0259t bayraqlar\u0131n\u0131n dal\u011faland\u0131\u011f\u0131 \u0130slam K\u0259rimov ad\u0131na Da\u015fk\u0259nd Beyn\u0259lxalq Hava Liman\u0131nda d\u00f6vl\u0259timizin ba\u015f\u00e7\u0131s\u0131n\u0131n \u015f\u0259r\u0259fin\u0259 f\u0259xri qarovul d\u0259st\u0259si d\u00fcz\u00fclm\u00fc\u015fd\u00fc. Prezident \u0130lham \u018fliyevi v\u0259 birinci xan\u0131m Mehriban \u018fliyevan\u0131 \u00d6zb\u0259kistan\u0131n Ba\u015f naziri Abdulla Aripov v\u0259 dig\u0259r r\u0259smi \u015f\u0259xsl\u0259r yola sald\u0131lar.","_links":{"self":[{"href":"https:\/\/arantv.az\/index.php?rest_route=\/wp\/v2\/posts\/747369"}],"collection":[{"href":"https:\/\/arantv.az\/index.php?rest_route=\/wp\/v2\/posts"}],"about":[{"href":"https:\/\/arantv.az\/index.php?rest_route=\/wp\/v2\/types\/post"}],"author":[{"embeddable":true,"href":"https:\/\/arantv.az\/index.php?rest_route=\/wp\/v2\/users\/2"}],"replies":[{"embeddable":true,"href":"https:\/\/arantv.az\/index.php?rest_route=%2Fwp%2Fv2%2Fcomments&post=747369"}],"version-history":[{"count":1,"href":"https:\/\/arantv.az\/index.php?rest_route=\/wp\/v2\/posts\/747369\/revisions"}],"predecessor-version":[{"id":747371,"href":"https:\/\/arantv.az\/index.php?rest_route=\/wp\/v2\/posts\/747369\/revisions\/747371"}],"wp:featuredmedia":[{"embeddable":true,"href":"https:\/\/arantv.az\/index.php?rest_route=\/wp\/v2\/media\/747370"}],"wp:attachment":[{"href":"https:\/\/arantv.az\/index.php?rest_route=%2Fwp%2Fv2%2Fmedia&parent=747369"}],"wp:term":[{"taxonomy":"category","embeddable":true,"href":"https:\/\/arantv.az\/index.php?rest_route=%2Fwp%2Fv2%2Fcategories&post=747369"},{"taxonomy":"post_tag","embeddable":true,"href":"https:\/\/arantv.az\/index.php?rest_route=%2Fwp%2Fv2%2Ftags&post=747369"}],"curies":[{"name":"wp","href":"https:\/\/api.w.org\/{rel}","templated":true}]}}