{"id":747376,"date":"2024-08-24T10:10:38","date_gmt":"2024-08-24T06:10:38","guid":{"rendered":"https:\/\/arantv.az\/?p=747376"},"modified":"2024-08-24T10:10:38","modified_gmt":"2024-08-24T06:10:38","slug":"z%c9%99ng%c9%99zur-d%c9%99hlizi-duyunl%c9%99rin-acaridir","status":"publish","type":"post","link":"https:\/\/arantv.az\/?p=747376","title":{"rendered":"Z\u0259ng\u0259zur d\u0259hlizi d\u00fcy\u00fcnl\u0259rin a\u00e7ar\u0131d\u0131r"},"content":{"rendered":"<p><em><strong>Pa\u015finyan onu \u0259li il\u0259 a\u00e7maq \u0259v\u0259zin\u0259 di\u015fin\u0259 sal\u0131b<\/strong><\/em><\/p>\n<p>Az\u0259rbaycan\u0131n m\u0259qs\u0259di anklavlar qaytar\u0131landan v\u0259 Z\u0259ng\u0259zur d\u0259hlizi a\u00e7\u0131landan sonra Erm\u0259nistanla s\u00fclh m\u00fcqavil\u0259sini ba\u011flamaqd\u0131r. Erm\u0259nistan bunlar\u0131n h\u0259r ikisind\u0259n qa\u00e7ma\u011fa c\u0259hd etdikc\u0259 v\u0259ziyy\u0259t m\u00fc\u0259kk\u0259bl\u0259\u015fir v\u0259 vaxt onun z\u0259r\u0259rin\u0259 i\u015fl\u0259yir. Odur ki, ay\u0131q ba\u015fla d\u00fc\u015f\u00fcn\u0259nl\u0259r Erm\u0259nistan\u0131n h\u0259rbi-siyasi \u015f\u0259raiti m\u00fcr\u0259kk\u0259bl\u0259\u015fdirm\u0259m\u0259sini ist\u0259yirl\u0259r. Onlar anlay\u0131rlar ki, yar\u0131tmaz Nikol Pa\u015finyan h\u00f6kum\u0259ti bacarmad\u0131\u011f\u0131 i\u015fl\u0259rd\u0259n yap\u0131\u015f\u0131b. Ki\u00e7ik bir \u00f6lk\u0259nin Fransa v\u0259 Hindistan silahlar\u0131 il\u0259 doldurulmas\u0131 xo\u015f g\u0259l\u0259c\u0259kd\u0259n x\u0259b\u0259r vermir. \u0130kinci Qaraba\u011f m\u00fcharib\u0259sind\u0259ki ac\u0131lardan h\u0259l\u0259 d\u0259 \u0259ziyy\u0259t \u00e7\u0259k\u0259n sad\u0259 erm\u0259nil\u0259r yeni sava\u015f ist\u0259mirl\u0259r. Ona g\u00f6r\u0259 d\u0259 \u0259halinin b\u00f6y\u00fck \u0259ks\u0259riyy\u0259ti tezlikl\u0259 s\u00fclh\u00fcn b\u0259rq\u0259rar olunmas\u0131n\u0131n t\u0259r\u0259fdar\u0131d\u0131r.<\/p>\n<p>Son g\u00fcnl\u0259r Erm\u0259nistanda s\u00fcni ajiotaj ya\u015fan\u0131r. T\u0259bli\u011fat ruporlar\u0131 israrla iddia edirl\u0259r ki, Az\u0259rbaycan Z\u0259ng\u0259zur d\u0259hlizinin a\u00e7maq \u00fc\u00e7\u00fcn h\u00fccuma ke\u00e7\u0259c\u0259k. \u0130stisna deyil ki, bu, Erm\u0259nistanda \u00e7oxlar\u0131n\u0131n arzudur, b\u0259lk\u0259 el\u0259 Nikol Pa\u015finyan\u0131n \u00f6z\u00fcn\u00fcn d\u0259&#8230;<\/p>\n<p>S\u0259b\u0259bi d\u0259 odur ki, Pa\u015finyan \u00e7\u0259tin durumda qal\u0131b, \u201cZ\u0259ng\u0259zur\u201d dey\u0259n kimi Makron bir t\u0259r\u0259fd\u0259n, AB\u015e dig\u0259r t\u0259r\u0259fd\u0259n, \u00f6lk\u0259d\u0259ki revan\u015fistl\u0259r d\u0259 o biri yandan \u201ca\u011fz\u0131ndan vurur\u201d, ard\u0131n\u0131 g\u0259tirm\u0259y\u0259\u00a0 imkan vermirl\u0259r. \u018fg\u0259r ba\u015f nazir Z\u0259ng\u0259zur d\u0259hlizini a\u00e7maq niyy\u0259tind\u0259 deyildis\u0259, o halda 2020-ci ilin 10 noyabr\u0131nda \u00fc\u00e7t\u0259r\u0259fli B\u0259yanat\u0131 niy\u0259 imzalay\u0131rd\u0131? 9-cu b\u0259ndd\u0259n naraz\u0131l\u0131\u011f\u0131n\u0131 niy\u0259 bildirmirdi?<\/p>\n<p>\u018fslind\u0259 Nikol Pa\u00e7inyan ba\u015fa d\u00fc\u015f\u00fcr ki, kommunikasiyalar\u0131n a\u00e7\u0131lmas\u0131 Erm\u0259nistan\u0131 blokadadan v\u0259 \u00e7\u0259tinlikl\u0259rd\u0259n xilas ed\u0259c\u0259k. Yegan\u0259 &#8220;n\u0259f\u0259slik&#8221; G\u00fcrc\u00fcstandan ke\u00e7\u0259n Lars yoludur ki, o da\u00a0 ilin alt\u0131 ay\u0131 ya\u011f\u0131\u015f, qar, u\u00e7qunlar s\u0259b\u0259bind\u0259n i\u015fl\u0259mir. Amma g\u00f6r\u00fcnd\u00fcy\u00fc kimi, h\u0259r \u015fey onun d\u00fc\u015f\u00fcnd\u00fcy\u00fc kimi deyil.<\/p>\n<p>&#8220;Yax\u0131n vaxtlarda anklavlar\u0131n Az\u0259rbaycana qaytar\u0131lmas\u0131na dair Bak\u0131 v\u0259 \u0130r\u0259van aras\u0131nda raz\u0131la\u015fma imzalana bil\u0259r.&#8221;<\/p>\n<p>Bu s\u00f6zl\u0259ri m\u0259tbuata erm\u0259ni politoloq Suren Zolyan deyib: \u201cLavrovun 10 noyabr s\u0259n\u0259din\u0259 istinad etm\u0259si, m\u0259nc\u0259, Rusiyan\u0131n d\u0259hliz\u0259 (Z\u0259ng\u0259zur) ba\u015fqa \u00f6lk\u0259nin n\u0259zar\u0259tinin qurulmas\u0131n\u0131n qar\u015f\u0131s\u0131n\u0131 almaq m\u0259qs\u0259di da\u015f\u0131y\u0131r. Art\u0131q b\u0259zi ekspertl\u0259r d\u0259hliz\u0259 n\u0259zar\u0259t\u0259 Hollandiya t\u0259\u015fkilat\u0131n\u0131n c\u0259lb olunaca\u011f\u0131n\u0131 m\u00fczakir\u0259 edirl\u0259r. Ekspertl\u0259r bildirirl\u0259r ki, xarici q\u00fcvv\u0259l\u0259rin Erm\u0259nistan Respublikas\u0131n\u0131n suverenliyin\u0259 x\u0259l\u0259l g\u0259tirm\u0259y\u0259c\u0259yi, holland g\u00f6mr\u00fck\u00e7\u00fcl\u0259rinin r\u00fc\u015fv\u0259t almayacaqlar\u0131, \u00f6zba\u015f\u0131nal\u0131q etm\u0259y\u0259c\u0259kl\u0259ri v\u0259 s. he\u00e7 k\u0259s\u0259 m\u0259lum deyil. Rusiya da yum\u015faq \u015f\u0259kild\u0259 biz\u0259 xat\u0131rlad\u0131r ki, bununla raz\u0131 deyil. D\u0259hliz ilk n\u00f6vb\u0259d\u0259 Az\u0259rbaycana laz\u0131md\u0131r. Rusiya da d\u0259hlizin \u0259leyhin\u0259 deyil, b\u00fct\u00fcn dan\u0131\u015f\u0131qlar n\u0259zar\u0259td\u0259n gedir\u201d.<\/p>\n<p>Lakin politoloqun iddia etdiyi kimi, d\u0259hliz t\u0259kc\u0259 Az\u0259rbaycana deyil, Erm\u0259nistana da k\u00fclli miqdarda tranzit haqq\u0131 qazand\u0131racaq, xaricl\u0259 n\u0259qliyyat \u0259laq\u0259l\u0259ri yaranacaq. \u018fvv\u0259ll\u0259r bunu ba\u015f nazir Nikol Pa\u015finyan da qeyd etmi\u015fdi. Lakin indi xarici a\u011falar\u0131 ona bu x\u00fcsusda \u00e7ox da dan\u0131\u015fmama\u011f\u0131 tap\u015f\u0131r\u0131blar. Ancaq d\u0259hlizin a\u00e7\u0131lmas\u0131na \u0259ng\u0259l t\u00f6r\u0259ts\u0259 \u0259li o xeyird\u0259n d\u0259 \u00fcz\u00fcl\u0259c\u0259kdir. Bak\u0131-Tbilisi-Ceyhan neft k\u0259m\u0259rind\u0259 oldu\u011fu kimi. Erm\u0259nil\u0259r sonradan buna pe\u015fman olsalar da, sonrak\u0131 pe\u015fman\u00e7\u0131l\u0131q fayda verm\u0259z-deyibl\u0259r.<\/p>\n<p>Suren Zolyan Az\u0259rbaycan\u0131n C\u0259nubi Qafqazda lider m\u00f6vqeyind\u0259 oldu\u011funu etiraf edib: \u201c2020-ci ild\u0259n sonra Az\u0259rbaycan C\u0259nubi Qafqaz\u0131n m\u0259rk\u0259zin\u0259 \u00e7evrilib, Rusiya da bu fakt\u0131 n\u0259z\u0259r\u0259 al\u0131r, Rusiya Prezidenti Vladimir Putinin Bak\u0131ya s\u0259f\u0259rin\u0259 m\u0259hz bu s\u0259b\u0259b olub. \u00c7ox t\u0259\u0259ss\u00fcf ki, Erm\u0259nistan art\u0131q amil, t\u0259r\u0259f kimi q\u0259bul edilmir v\u0259 Putinin Bak\u0131da Erm\u0259nistanla ba\u011fl\u0131 m\u00fczakir\u0259l\u0259ri m\u00fctl\u0259q Pa\u015finyana dey\u0259c\u0259yin\u0259 dair sarkastik eyham\u0131n\u0131n s\u0259b\u0259bi d\u0259 budur. Bu, son d\u0259r\u0259c\u0259 t\u0259hqiramizdir&#8221;.<\/p>\n<p>A\u00e7\u0131qlamalarda art\u0131q Erm\u0259nistan\u0131n b\u00f6lg\u0259d\u0259 \u0259h\u0259miyy\u0259tli faktor olmad\u0131\u011f\u0131na dair eyhamlar g\u00f6r\u00fcr\u00fck. Dem\u0259li, ham\u0131 bu \u00f6lk\u0259nin oyuncaq bir qurum oldu\u011funu anlay\u0131b. Putinin dem\u0259diyini Lavrov s\u00f6yl\u0259di, Lavrovun dem\u0259diyini Zaxarova dil\u0259 g\u0259tirdi. T\u0259sad\u00fcfi deyil ki, bunun ard\u0131nca Belarus Prezidenti Aleksandr Luka\u015fenkonun erm\u0259nil\u0259ri cin at\u0131na mindir\u0259n b\u0259yanat\u0131 g\u0259ldi, onlar v\u0259ziyy\u0259t\u0259 uy\u011fun olaraq Erm\u0259nistana m\u0259h\u0259l qoymad\u0131qlar\u0131n\u0131 s\u00f6yl\u0259m\u0259y\u0259 \u00e7al\u0131\u015f\u0131rlar. Luka\u015fenkonun &#8220;Erm\u0259nistan he\u00e7 kim\u0259 laz\u0131m deyil&#8221; ifad\u0259si m\u0131\u015fhurla\u015f\u0131b v\u0259 bir ne\u00e7\u0259 \u00f6lk\u0259 m\u0259tbuat\u0131n\u0131n man\u015fetin\u0259 \u00e7\u0131xar\u0131l\u0131b.<\/p>\n<p>Ekspert qeyd edib ki, Az\u0259rbaycan ictimaiyy\u0259t\u0259 a\u00e7\u0131qlad\u0131\u011f\u0131 b\u00fct\u00fcn m\u0259qs\u0259dl\u0259r\u0259 nail olub, Erm\u0259nistan is\u0259 he\u00e7 bir ictimai v\u0259dl\u0259rini h\u0259yata ke\u00e7irm\u0259yib: \u201c\u0130ndi elan olunur ki, s\u00fclh sazi\u015find\u0259 yollar\u0131n a\u00e7\u0131lmas\u0131 il\u0259 ba\u011fl\u0131 b\u0259nd yer almayacaq. Amma b\u00fct\u00fcn bu b\u0259yanatlar he\u00e7 bir m\u0259na k\u0259sb etmir, \u00e7\u00fcnki Az\u0259rbaycan b\u0259yan etdiyi b\u00fct\u00fcn m\u0259qs\u0259dl\u0259r\u0259 \u00e7atacaq. N\u00f6vb\u0259d\u0259 anklavlar m\u0259s\u0259l\u0259sidir, bundan sonra d\u0259hlizd\u0259n dan\u0131\u015facaqlar\u201d.<\/p>\n<p>Zolyan\u0131n iddias\u0131na g\u00f6r\u0259, yax\u0131n vaxtlarda Bak\u0131 v\u0259 \u0130r\u0259van aras\u0131nda s\u00fclh prosesi \u00e7\u0259r\u00e7iv\u0259sind\u0259 s\u0259n\u0259d imzalana bil\u0259r. Onun q\u0259na\u0259tin\u0259 g\u00f6r\u0259, yax\u0131n vaxtlarda d\u0259hlizin yer almad\u0131\u011f\u0131 hans\u0131sa s\u0259n\u0259d imzalanacaq, amma anklavlar m\u0259s\u0259l\u0259si m\u00fctl\u0259q orada yer alacaq. K\u0259rki v\u0259 buradan ke\u00e7\u0259n yollar Az\u0259rbaycan\u0131n n\u0259zar\u0259tin\u0259 ke\u00e7s\u0259, S\u00fcnik (Z\u0259ng\u0259zur) m\u0259s\u0259l\u0259si avtomatik h\u0259ll olunacaq.<\/p>\n<p>Rusiya xarici i\u015fl\u0259r naziri Sergey Lavrov bundan \u00f6nc\u0259 Erm\u0259nistan\u0131 Z\u0259ng\u0259zurdan ke\u00e7\u0259n yollar\u0131n a\u00e7\u0131lmas\u0131na dair 10 noyabr \u00fc\u00e7t\u0259r\u0259fli B\u0259yanat\u0131n\u0131n m\u00fcvafiq b\u0259ndini pozmaqda, prosesi sabotaj etm\u0259kd\u0259 ittiham etmi\u015fdi. Haqq\u0131 da var. Haz\u0131rda Rusiya telekanallar\u0131n\u0131n s\u00fcjetl\u0259rind\u0259 Nikol Pa\u015finyan komandas\u0131 \u201csabotaj\u00e7\u0131lar\u201d adland\u0131r\u0131l\u0131r. Art\u0131q b\u00fct\u00fcn d\u00fcnya bilir ki, Az\u0259rbaycan \u0259razisind\u0259 sabotaj yolu il\u0259 qurulan Erm\u0259nistan d\u00f6vl\u0259ti bel\u0259 i\u015fl\u0259rl\u0259 m\u0259\u015f\u011fuldur. Ax\u0131, onun mayas\u0131 haramdan yo\u011frulub&#8230;<\/p>\n<p><strong>V\u0259li \u0130lyasov, &#8220;\u0130ki sahil&#8221;<\/strong><\/p>\n","protected":false},"excerpt":{"rendered":"<p>Pa\u015finyan onu \u0259li il\u0259 a\u00e7maq \u0259v\u0259zin\u0259 di\u015fin\u0259 sal\u0131b Az\u0259rbaycan\u0131n m\u0259qs\u0259di anklavlar qaytar\u0131landan v\u0259 Z\u0259ng\u0259zur d\u0259hlizi a\u00e7\u0131landan sonra Erm\u0259nistanla s\u00fclh m\u00fcqavil\u0259sini ba\u011flamaqd\u0131r. Erm\u0259nistan bunlar\u0131n h\u0259r ikisind\u0259n qa\u00e7ma\u011fa c\u0259hd etdikc\u0259 v\u0259ziyy\u0259t m\u00fc\u0259kk\u0259bl\u0259\u015fir v\u0259 vaxt onun z\u0259r\u0259rin\u0259 i\u015fl\u0259yir. Odur ki, ay\u0131q ba\u015fla d\u00fc\u015f\u00fcn\u0259nl\u0259r Erm\u0259nistan\u0131n h\u0259rbi-siyasi \u015f\u0259raiti m\u00fcr\u0259kk\u0259bl\u0259\u015fdirm\u0259m\u0259sini ist\u0259yirl\u0259r. Onlar anlay\u0131rlar ki, yar\u0131tmaz Nikol Pa\u015finyan h\u00f6kum\u0259ti bacarmad\u0131\u011f\u0131 i\u015fl\u0259rd\u0259n yap\u0131\u015f\u0131b. Ki\u00e7ik bir \u00f6lk\u0259nin Fransa v\u0259 Hindistan silahlar\u0131 il\u0259 doldurulmas\u0131 xo\u015f g\u0259l\u0259c\u0259kd\u0259n x\u0259b\u0259r vermir. \u0130kinci Qaraba\u011f m\u00fcharib\u0259sind\u0259ki ac\u0131lardan h\u0259l\u0259 d\u0259 \u0259ziyy\u0259t \u00e7\u0259k\u0259n sad\u0259 erm\u0259nil\u0259r yeni sava\u015f ist\u0259mirl\u0259r. Ona g\u00f6r\u0259 d\u0259 \u0259halinin b\u00f6y\u00fck \u0259ks\u0259riyy\u0259ti tezlikl\u0259 s\u00fclh\u00fcn b\u0259rq\u0259rar&hellip;<\/p>\n","protected":false},"author":2,"featured_media":747377,"comment_status":"closed","ping_status":"closed","sticky":false,"template":"","format":"standard","meta":{"om_disable_all_campaigns":false,"_monsterinsights_skip_tracking":false,"_monsterinsights_sitenote_active":false,"_monsterinsights_sitenote_note":"","_monsterinsights_sitenote_category":0},"categories":[1],"tags":[],"aioseo_notices":[],"gutentor_comment":0,"rttpg_featured_image_url":{"full":["https:\/\/arantv.az\/wp-content\/uploads\/2024\/08\/a891af9b161907228861552772610314384.jpg",975,540,false],"landscape":["https:\/\/arantv.az\/wp-content\/uploads\/2024\/08\/a891af9b161907228861552772610314384.jpg",975,540,false],"portraits":["https:\/\/arantv.az\/wp-content\/uploads\/2024\/08\/a891af9b161907228861552772610314384.jpg",975,540,false],"thumbnail":["https:\/\/arantv.az\/wp-content\/uploads\/2024\/08\/a891af9b161907228861552772610314384-500x280.jpg",500,280,true],"medium":["https:\/\/arantv.az\/wp-content\/uploads\/2024\/08\/a891af9b161907228861552772610314384-660x365.jpg",660,365,true],"large":["https:\/\/arantv.az\/wp-content\/uploads\/2024\/08\/a891af9b161907228861552772610314384-840x465.jpg",640,354,true],"1536x1536":["https:\/\/arantv.az\/wp-content\/uploads\/2024\/08\/a891af9b161907228861552772610314384.jpg",975,540,false],"2048x2048":["https:\/\/arantv.az\/wp-content\/uploads\/2024\/08\/a891af9b161907228861552772610314384.jpg",975,540,false],"post-thumbnail":["https:\/\/arantv.az\/wp-content\/uploads\/2024\/08\/a891af9b161907228861552772610314384-240x172.jpg",240,172,true],"advps-thumb-one":["https:\/\/arantv.az\/wp-content\/uploads\/2024\/08\/a891af9b161907228861552772610314384.jpg",975,540,false]},"rttpg_author":{"display_name":"V\u00fcsal Rafiqo\u011flu","author_link":"https:\/\/arantv.az\/?author=2"},"rttpg_comment":0,"rttpg_category":"<a href=\"https:\/\/arantv.az\/?cat=1\" rel=\"category\">C\u0259miyy\u0259t<\/a>","rttpg_excerpt":"Pa\u015finyan onu \u0259li il\u0259 a\u00e7maq \u0259v\u0259zin\u0259 di\u015fin\u0259 sal\u0131b Az\u0259rbaycan\u0131n m\u0259qs\u0259di anklavlar qaytar\u0131landan v\u0259 Z\u0259ng\u0259zur d\u0259hlizi a\u00e7\u0131landan sonra Erm\u0259nistanla s\u00fclh m\u00fcqavil\u0259sini ba\u011flamaqd\u0131r. Erm\u0259nistan bunlar\u0131n h\u0259r ikisind\u0259n qa\u00e7ma\u011fa c\u0259hd etdikc\u0259 v\u0259ziyy\u0259t m\u00fc\u0259kk\u0259bl\u0259\u015fir v\u0259 vaxt onun z\u0259r\u0259rin\u0259 i\u015fl\u0259yir. Odur ki, ay\u0131q ba\u015fla d\u00fc\u015f\u00fcn\u0259nl\u0259r Erm\u0259nistan\u0131n h\u0259rbi-siyasi \u015f\u0259raiti m\u00fcr\u0259kk\u0259bl\u0259\u015fdirm\u0259m\u0259sini ist\u0259yirl\u0259r. Onlar anlay\u0131rlar ki, yar\u0131tmaz Nikol Pa\u015finyan h\u00f6kum\u0259ti bacarmad\u0131\u011f\u0131 i\u015fl\u0259rd\u0259n yap\u0131\u015f\u0131b.&hellip;","_links":{"self":[{"href":"https:\/\/arantv.az\/index.php?rest_route=\/wp\/v2\/posts\/747376"}],"collection":[{"href":"https:\/\/arantv.az\/index.php?rest_route=\/wp\/v2\/posts"}],"about":[{"href":"https:\/\/arantv.az\/index.php?rest_route=\/wp\/v2\/types\/post"}],"author":[{"embeddable":true,"href":"https:\/\/arantv.az\/index.php?rest_route=\/wp\/v2\/users\/2"}],"replies":[{"embeddable":true,"href":"https:\/\/arantv.az\/index.php?rest_route=%2Fwp%2Fv2%2Fcomments&post=747376"}],"version-history":[{"count":1,"href":"https:\/\/arantv.az\/index.php?rest_route=\/wp\/v2\/posts\/747376\/revisions"}],"predecessor-version":[{"id":747378,"href":"https:\/\/arantv.az\/index.php?rest_route=\/wp\/v2\/posts\/747376\/revisions\/747378"}],"wp:featuredmedia":[{"embeddable":true,"href":"https:\/\/arantv.az\/index.php?rest_route=\/wp\/v2\/media\/747377"}],"wp:attachment":[{"href":"https:\/\/arantv.az\/index.php?rest_route=%2Fwp%2Fv2%2Fmedia&parent=747376"}],"wp:term":[{"taxonomy":"category","embeddable":true,"href":"https:\/\/arantv.az\/index.php?rest_route=%2Fwp%2Fv2%2Fcategories&post=747376"},{"taxonomy":"post_tag","embeddable":true,"href":"https:\/\/arantv.az\/index.php?rest_route=%2Fwp%2Fv2%2Ftags&post=747376"}],"curies":[{"name":"wp","href":"https:\/\/api.w.org\/{rel}","templated":true}]}}