{"id":747382,"date":"2024-08-24T10:11:57","date_gmt":"2024-08-24T06:11:57","guid":{"rendered":"https:\/\/arantv.az\/?p=747382"},"modified":"2024-08-24T10:11:57","modified_gmt":"2024-08-24T06:11:57","slug":"az%c9%99rbaycan-qadininin-n%c9%99cibliyinin-mubarizliyinin-t%c9%99c%c9%99ssumu-mehriban-%c9%99liyeva","status":"publish","type":"post","link":"https:\/\/arantv.az\/?p=747382","title":{"rendered":"Az\u0259rbaycan qad\u0131n\u0131n\u0131n n\u0259cibliyinin, m\u00fcbarizliyinin t\u0259c\u0259ss\u00fcm\u00fc &#8211; Mehriban \u018fliyeva"},"content":{"rendered":"<p><em><strong>T\u0259kc\u0259 \u00f6lk\u0259 daxilind\u0259 deyil, beyn\u0259lxalq al\u0259md\u0259 d\u0259 humanist t\u0259\u015f\u0259bb\u00fcsl\u0259ri il\u0259 xeyirxahl\u0131q simvolu kimi tan\u0131nan Mehriban xan\u0131m \u018fliyeva \u00f6lk\u0259mizin ictimai-siyasi h\u0259yat\u0131nda yax\u0131ndan i\u015ftirak edir, Az\u0259rbaycan xalq\u0131n\u0131n m\u0259n\u0259vi, tarixi, m\u0259d\u0259ni irsinin t\u0259\u015fviqi v\u0259 qorunmas\u0131 i\u015fin\u0259 d\u0259y\u0259rli t\u00f6hf\u0259l\u0259rini verir<\/strong><\/em><\/p>\n<p>C\u0259miyy\u0259td\u0259 qad\u0131n\u0131n \u00fcz\u0259rin\u0259 daim b\u00f6y\u00fck \u00f6hd\u0259likl\u0259r d\u00fc\u015fm\u0259kd\u0259dir. Buna baxmayaraq, d\u00f6vr\u00fcn ist\u0259nil\u0259n m\u0259rh\u0259l\u0259sind\u0259 cism\u0259n z\u0259rif v\u0259 inc\u0259, daxil\u0259n m\u00fcbariz v\u0259 d\u00f6z\u00fcmkar olan qad\u0131nlar \u00fcz\u0259rl\u0259rin\u0259 d\u00fc\u015f\u0259n v\u0259zif\u0259l\u0259ri layiqinc\u0259 v\u0259 \u015f\u0259r\u0259fl\u0259 yerin\u0259 yetir\u0259 bilibl\u0259r. \u015e\u0259rq qad\u0131n\u0131 da b\u00fct\u00fcn d\u00f6vrl\u0259rd\u0259 c\u0259sar\u0259ti, a\u011fl\u0131, m\u0259d\u0259niyy\u0259ti v\u0259 m\u0259qs\u0259dy\u00f6nl\u00fcl\u00fcy\u00fc il\u0259 se\u00e7ilib. Bu g\u00fcn Az\u0259rbaycan qad\u0131n\u0131n g\u00f6z\u0259lliyini, n\u0259cibliyini, m\u00fcbarizliyini v\u0259 d\u00fcnyag\u00f6r\u00fc\u015f\u00fcn\u00fc birinci xan\u0131m Mehriban \u018fliyeva \u00f6z\u00fcnd\u0259 t\u0259c\u0259ss\u00fcm etdirir. Birinci xan\u0131m\u0131n ist\u0259r m\u0259d\u0259niyy\u0259t, ist\u0259rs\u0259 d\u0259 elm v\u0259 t\u0259hsil sah\u0259l\u0259rin\u0259 ay\u0131rd\u0131\u011f\u0131 diqq\u0259t v\u0259 qay\u011f\u0131s\u0131 Az\u0259rbaycan qad\u0131n\u0131n\u0131n daxili d\u00fcnyas\u0131n\u0131n z\u0259nginliyi, elmi t\u0259f\u0259kk\u00fcr\u00fcn\u00fcn aliliyi v\u0259 m\u0259rdliyind\u0259n x\u0259b\u0259r verir. Praqmatiklik v\u0259 siyasi \u00e7eviklik, qar\u015f\u0131ya qoyulan m\u0259qs\u0259dl\u0259rin h\u0259yata ke\u00e7irilm\u0259 v\u0259 n\u0259z\u0259r\u0259 al\u0131nma z\u0259rur\u0259tini diplomatik etiketl\u0259r \u00e7\u0259r\u00e7iv\u0259sind\u0259 dikt\u0259 etm\u0259k m\u0259har\u0259ti Mehriban xan\u0131m \u018fliyevan\u0131n siyasi d\u00fcnyag\u00f6r\u00fc\u015f\u00fcn\u00fcn diapazonunu ehtiva etm\u0259kl\u0259 b\u0259rab\u0259r, h\u0259m d\u0259 onun k\u00fcbarl\u0131q ranq\u0131nda \u00f6z\u00fcn\u00fct\u0259sdiqidir. S\u00f6z\u00fcn h\u0259r m\u0259nas\u0131nda d\u00f6vl\u0259timizin h\u0259rt\u0259r\u0259fli t\u0259r\u0259qqisi istiqam\u0259tind\u0259 g\u00f6r\u00fcl\u0259n i\u015fl\u0259r\u0259 sanball\u0131 t\u00f6hf\u0259l\u0259r ver\u0259n Mehriban \u018fliyeva do\u011fma V\u0259t\u0259nin \u0259n b\u00f6y\u00fck t\u0259\u0259ss\u00fcbke\u015fl\u0259rind\u0259n biri, xalq\u0131m\u0131z\u0131n xo\u015fb\u0259xt g\u0259l\u0259c\u0259yin\u0259 hesablanan bir \u00e7ox layih\u0259l\u0259rin m\u00fc\u0259llifi olmaqla yana\u015f\u0131, birinci xan\u0131m ad\u0131n\u0131 \u015f\u0259r\u0259fl\u0259 da\u015f\u0131y\u0131r, d\u00fcnyaya m\u00fcasir Az\u0259rbaycan qad\u0131n\u0131n\u0131n q\u00fcrur do\u011furan obraz\u0131n\u0131 t\u0259qdim edir.<\/p>\n<p>Mehriban xan\u0131m \u018fliyevan\u0131n geni\u015fmiqyasl\u0131 f\u0259aliyy\u0259tind\u0259 2004-c\u00fc ild\u0259n r\u0259hb\u0259rlik etdiyi Heyd\u0259r \u018fliyev Fondu x\u00fcsusi yer tutur. Fond Az\u0259rbaycan\u0131n birinci xan\u0131m\u0131 Mehriban \u018fliyevan\u0131n say\u0259sind\u0259 d\u00fcnyada \u00f6z \u00e7oxmiqyasl\u0131, xeyirxah f\u0259aliyy\u0259ti il\u0259 se\u00e7il\u0259n, b\u00f6y\u00fck layih\u0259l\u0259r\u0259 imza atan v\u0259t\u0259nda\u015f c\u0259miyy\u0259ti qurumuna \u00e7evrilib. Ulu \u00d6nd\u0259rin ad\u0131n\u0131 da\u015f\u0131yan Fond Onun ideya v\u0259 \u0259m\u0259ll\u0259rinin t\u0259nt\u0259n\u0259sin\u0259 xidm\u0259t i\u015find\u0259 misilsiz n\u00fcfuz qazan\u0131b. \u00d6nc\u00fcll\u00fck v\u0259 \u00f6rn\u0259k g\u00f6st\u0259r\u0259n bu nadir t\u0259sisat \u00f6lk\u0259d\u0259 v\u0259 d\u00fcnyada s\u0259hiyy\u0259, t\u0259hsil, elm, m\u0259d\u0259niyy\u0259t, m\u0259n\u0259viyyat sferalar\u0131nda m\u00fcxt\u0259lif s\u0259pkili t\u0259dbirl\u0259ri ger\u00e7\u0259kl\u0259\u015fdirib, bir s\u0131ra y\u00f6nl\u0259rd\u0259 d\u00f6vl\u0259t siyas\u0259tinin h\u0259yata ke\u00e7irilm\u0259sind\u0259 h\u0259r\u0259k\u0259tverici amil\u0259 \u00e7evrilib. Fond s\u00fclh\u0259 v\u0259 \u0259min-amanl\u0131\u011fa da sanball\u0131 t\u00f6hf\u0259l\u0259rini verir. 44 g\u00fcnl\u00fck \u0130kinci Qaraba\u011f m\u00fcharib\u0259si zaman\u0131 \u015f\u0259hid olan h\u0259rb\u00e7il\u0259rin ail\u0259l\u0259rin\u0259 v\u0259 qazil\u0259rimiz\u0259 g\u00f6st\u0259ril\u0259n diqq\u0259t v\u0259 qay\u011f\u0131s\u0131 bunun bariz n\u00fcmun\u0259sidir. Az\u0259rbaycan\u0131n Birinci vitse-prezidenti Mehriban \u018fliyevan\u0131n r\u0259hb\u0259rlik etdiyi Fond bu kateqoriyadan olan insanlar\u0131n qay\u011f\u0131lar\u0131 il\u0259 yax\u0131ndan maraqlan\u0131r, onlar\u0131 narahat ed\u0259n m\u0259s\u0259l\u0259l\u0259rin h\u0259lli \u00fc\u00e7\u00fcn m\u00fct\u0259madi olaraq t\u0259dbirl\u0259r h\u0259yata ke\u00e7irir. 2016-c\u0131 ilin d\u00f6rdg\u00fcnl\u00fck Aprel d\u00f6y\u00fc\u015fl\u0259ri, el\u0259c\u0259 d\u0259 44 g\u00fcnl\u00fck V\u0259t\u0259n m\u00fcharib\u0259sind\u0259 a\u011f\u0131r yaralanan qazil\u0259rimiz m\u00fcalic\u0259 v\u0259 reabilitasiya m\u0259qs\u0259dil\u0259 T\u00fcrkiy\u0259y\u0259 g\u00f6nd\u0259rilib. M\u00fcharib\u0259d\u0259 sa\u011flaml\u0131qlar\u0131n\u0131 itirmi\u015f bir qrup \u0259sg\u0259r v\u0259 zabit y\u00fcks\u0259k texnologiyal\u0131 protezl\u0259rl\u0259 t\u0259min edilib. Mehriban xan\u0131m\u0131n r\u0259hb\u0259rliyi il\u0259 Heyd\u0259r \u018fliyev Fondu Prezidentin \u201cAz\u0259rbaycan Respublikas\u0131n\u0131n \u0259razi b\u00fct\u00f6vl\u00fcy\u00fcn\u00fcn, m\u00fcst\u0259qilliyinin v\u0259 konstitusiya qurulu\u015funun m\u00fcdafi\u0259si il\u0259 \u0259laq\u0259dar \u0259lil olmu\u015f \u015f\u0259xsl\u0259rin v\u0259 \u015f\u0259hid ail\u0259l\u0259rinin sosial-m\u0259i\u015f\u0259t \u015f\u0259raitinin yax\u015f\u0131la\u015fd\u0131r\u0131lmas\u0131na dair \u0259lav\u0259 t\u0259dbirl\u0259r haqq\u0131nda\u201d S\u0259r\u0259ncam\u0131n\u0131n y\u00fcks\u0259k s\u0259viyy\u0259d\u0259 icras\u0131 \u00e7\u0259r\u00e7iv\u0259sind\u0259 konkret t\u0259dbirl\u0259r g\u00f6r\u00fcb. Fondun layih\u0259si \u00e7\u0259r\u00e7iv\u0259sind\u0259 Bak\u0131dak\u0131 Protez-Ortopedik B\u0259rpa M\u0259rk\u0259zind\u0259 d\u0259 V\u0259t\u0259n m\u00fcharib\u0259sinin \u015fanl\u0131 salnam\u0259sini yazan, xalq\u0131m\u0131za q\u0259l\u0259b\u0259 sevinci b\u0259x\u015f ed\u0259n c\u0259sur qazil\u0259rimizin itirdikl\u0259ri sa\u011flaml\u0131qlar\u0131na protez vasit\u0259sil\u0259 d\u0259 olsa qovu\u015fmalar\u0131 \u00fc\u00e7\u00fcn h\u0259r c\u00fcr \u015f\u0259rait yarad\u0131l\u0131b. Heyd\u0259r \u018fliyev Fondunun V\u0259t\u0259n m\u00fcharib\u0259si qazil\u0259rinin sa\u011flaml\u0131\u011f\u0131n\u0131n b\u0259rpas\u0131na v\u0259 ail\u0259l\u0259rinin sosial-m\u0259i\u015f\u0259t \u015f\u0259raitinin yax\u015f\u0131la\u015fd\u0131r\u0131lmas\u0131na y\u00f6n\u0259lmi\u015f f\u0259aliyy\u0259ti ictimaiyy\u0259t aras\u0131nda b\u00f6y\u00fck r\u0259\u011fb\u0259t do\u011furur. Qazil\u0259rin respublikam\u0131zda v\u0259 xarici \u00f6lk\u0259 x\u0259st\u0259xanalar\u0131nda m\u00fcalic\u0259 olunmas\u0131nda, protezl\u0259 t\u0259min edilm\u0259sind\u0259, onlara yeni m\u0259nzill\u0259r, f\u0259rdi evl\u0259r v\u0259 avtomobill\u0259rin verilm\u0259sind\u0259 Heyd\u0259r \u018fliyev Fondunun xidm\u0259tl\u0259ri b\u00f6y\u00fckd\u00fcr ki, bu da ilk n\u00f6vb\u0259d\u0259 Mehriban xan\u0131m \u018fliyevan\u0131n f\u0259aliyy\u0259ti il\u0259 ba\u011fl\u0131d\u0131r.<\/p>\n<p>Az\u0259rbaycan\u0131n birinci xan\u0131m\u0131n\u0131n t\u0259\u015f\u0259bb\u00fcs\u00fc olan geni\u015fmiqyasl\u0131 proqram v\u0259 layih\u0259l\u0259rin s\u0131ras\u0131nda \u00f6lk\u0259mizd\u0259 t\u0259hsil sistemini modernl\u0259\u015fdirm\u0259k v\u0259 d\u00fcnya t\u0259hsil sistemin\u0259 inteqrasiyas\u0131n\u0131 t\u0259min etm\u0259k h\u0259d\u0259fi x\u00fcsusi yer tutur. \u201cU\u015faq evl\u0259ri v\u0259 internat m\u0259kt\u0259bl\u0259rinin inki\u015faf\u0131\u201d, \u201cYenil\u0259\u015f\u0259n Az\u0259rbaycana yeni m\u0259kt\u0259b\u201d, \u201cT\u0259hsil\u0259 d\u0259st\u0259k\u201d, \u201cM\u0259kt\u0259b\u0259q\u0259d\u0259r t\u0259hsil m\u00fc\u0259ssis\u0259l\u0259rinin inki\u015faf\u0131\u201d v\u0259 dig\u0259r proqramlar t\u0259hsilin inki\u015faf\u0131nda m\u00fch\u00fcm rol oynay\u0131r. 2005-ci ild\u0259n icras\u0131na ba\u015flan\u0131lan \u201cYenil\u0259\u015f\u0259n Az\u0259rbaycana yeni m\u0259kt\u0259b\u201d proqram\u0131 \u00e7\u0259r\u00e7iv\u0259sind\u0259 100 mind\u0259n \u00e7ox \u015fagirdin t\u0259hsil ald\u0131\u011f\u0131 500-d\u0259n \u00e7ox m\u0259kt\u0259b binas\u0131 in\u015fa olunub v\u0259 yenid\u0259n qurulub. \u201cU\u015faq evl\u0259ri v\u0259 internat m\u0259kt\u0259bl\u0259rinin inki\u015faf\u0131\u201d proqram\u0131 \u00e7\u0259r\u00e7iv\u0259sind\u0259 is\u0259 40-dan \u00e7ox u\u015faq m\u00fc\u0259ssis\u0259si \u0259sasl\u0131 t\u0259mir edilib. \u018fhalinin sa\u011flaml\u0131\u011f\u0131 m\u0259s\u0259l\u0259sin\u0259 g\u0259linc\u0259, \u201cDiabetli u\u015faqlara \u0259n y\u00fcks\u0259k qay\u011f\u0131\u201d, \u201cTalassemiyas\u0131z h\u0259yat namin\u0259\u201d, \u201cTibb m\u00fc\u0259ssis\u0259l\u0259rinin yenid\u0259n qurulmas\u0131 v\u0259 in\u015fas\u0131\u201d kimi b\u0259nz\u0259rsiz layih\u0259l\u0259r, bir \u00e7ox xeyriyy\u0259 aksiyalar\u0131 b\u00f6y\u00fck r\u0259\u011fb\u0259tl\u0259 qar\u015f\u0131lan\u0131r, \u00f6z m\u00fcsb\u0259t n\u0259tic\u0259l\u0259rini verir. Bu layih\u0259l\u0259r \u00e7\u0259r\u00e7iv\u0259sind\u0259 Bak\u0131da m\u00fcasir Talassemiya M\u0259rk\u0259zi, Daun Sindromlu \u015e\u0259xsl\u0259rin Reabilitasiya M\u0259rk\u0259zi, X\u00fcsusi qay\u011f\u0131ya ehtiyac\u0131 olan u\u015faqlar \u00fc\u00e7\u00fcn reabilitasiya M\u0259rk\u0259zi, Psixonevroloji U\u015faq M\u0259rk\u0259zi v\u0259 dig\u0259r s\u0259hiyy\u0259 ocaqlar\u0131 in\u015fa olunub v\u0259 ya \u0259sasl\u0131 \u015f\u0259kild\u0259 yenid\u0259n qurularaq istifad\u0259y\u0259 verilib. Azt\u0259minatl\u0131 ail\u0259l\u0259ri v\u0259 x\u00fcsusi qay\u011f\u0131ya ehtiyac\u0131 olan \u015f\u0259xsl\u0259ri daim diqq\u0259td\u0259 saxlayan Heyd\u0259r \u018fliyev Fondu bu istiqam\u0259td\u0259 d\u0259 m\u00fct\u0259madi olaraq m\u00fcxt\u0259lif layih\u0259l\u0259r h\u0259yata ke\u00e7irir. Mehriban xan\u0131m \u018fliyeva xeyriyy\u0259\u00e7ilik f\u0259aliyy\u0259ti il\u0259 Az\u0259rbaycanda bu sah\u0259d\u0259 sosial-f\u0259ls\u0259fi t\u0259m\u0259l yaratmaqla yana\u015f\u0131, g\u0259l\u0259c\u0259k n\u0259sill\u0259r\u0259 n\u0259cib bir yolun \u0259sas konturlar\u0131n\u0131 g\u00f6st\u0259rir. Bu g\u00fcn m\u00fcasir Az\u0259rbaycanda ictimai h\u0259yat\u0131n x\u00fcsusi bir b\u00f6lm\u0259si say\u0131lan xeyriyy\u0259\u00e7ilik institutu m\u00fcasir d\u00f6vr\u00fcn reall\u0131qlar\u0131 v\u0259 t\u0259l\u0259bl\u0259rin\u0259 uy\u011fun olaraq inki\u015faf etdirilir. Tarixi \u0259n\u0259n\u0259l\u0259rimizi dir\u00e7\u0259ld\u0259n, sosial-m\u0259n\u0259vi t\u0259r\u0259qqi \u00fc\u00e7\u00fcn s\u0259m\u0259r\u0259li vasit\u0259 yaradan xeyriyy\u0259\u00e7ilik institutunun r\u0259hb\u0259ri is\u0259 Birinci vitse-prezident, Heyd\u0259r \u018fliyev Fondunun prezidenti Mehriban xan\u0131m \u018fliyevad\u0131r.<\/p>\n<p>Mehriban xan\u0131m\u0131n t\u0259\u015f\u0259bb\u00fcs\u00fc il\u0259 Erm\u0259nistan-Az\u0259rbaycan m\u00fcnaqi\u015f\u0259si bar\u0259d\u0259 h\u0259qiq\u0259tl\u0259rin, m\u0259d\u0259niyy\u0259timizin, d\u00f6vl\u0259t\u00e7ilik \u0259n\u0259n\u0259l\u0259rimizin, tariximizin d\u00fcnyada t\u0259bli\u011fi sah\u0259sind\u0259 m\u0259qs\u0259dy\u00f6nl\u00fc i\u015f apar\u0131l\u0131r. 2020-ci ilin sentyabr\u0131nda ba\u015flayan V\u0259t\u0259n m\u00fcharib\u0259sinin gedi\u015find\u0259 Az\u0259rbaycan\u0131n haql\u0131 m\u00f6vqeyinin n\u00fcmayi\u015fi, beyn\u0259lxalq h\u00fcququn norma v\u0259 prinsipl\u0259rini kobud \u015f\u0259kild\u0259 pozan d\u00fc\u015fm\u0259nin dinc sakinl\u0259ri h\u0259d\u0259f alan h\u00fccumlar\u0131n\u0131n beyn\u0259lxalq ictimaiyy\u0259t\u0259 \u00e7atd\u0131r\u0131lmas\u0131 istiqam\u0259tind\u0259 \u0259m\u0259li add\u0131mlar at\u0131l\u0131b. M\u00f6t\u0259b\u0259r beyn\u0259lxalq qurumlarda, d\u00fcnyan\u0131n m\u00fcxt\u0259lif \u00f6lk\u0259l\u0259rind\u0259 s\u0259rgil\u0259r, m\u0259d\u0259niyy\u0259t gec\u0259l\u0259ri v\u0259 dig\u0259r t\u0259dbirl\u0259r t\u0259\u015fkil olunub. Avropa Parlamentinin m\u0259nzil-iqam\u0259tgah\u0131nda, Afinada, Kannda Az\u0259rbaycan m\u0259d\u0259niyy\u0259ti g\u00fcnl\u0259ri ke\u00e7irilib, Parisd\u0259 Az\u0259rbaycan M\u0259d\u0259niyy\u0259t M\u0259rk\u0259zi a\u00e7\u0131l\u0131b. \u00d6lk\u0259mizin b\u00f6y\u00fck u\u011furla ev sahibliyi etdiyi \u201cEurovision\u201d beyn\u0259lxalq mahn\u0131 m\u00fcsabiq\u0259si, Birinci Avropa Oyunlar\u0131, IV \u0130slam H\u0259mr\u0259yliyi Oyunlar\u0131, el\u0259c\u0259 d\u0259 futbol \u00fczr\u0259 Avropa \u00e7empionat\u0131n\u0131n final m\u0259rh\u0259l\u0259sinin d\u00f6rd oyunu Mehriban \u018fliyevan\u0131n y\u00fcks\u0259k t\u0259\u015fkilat\u00e7\u0131l\u0131q bacar\u0131\u011f\u0131na malik oldu\u011funu \u00fcz\u0259 \u00e7\u0131xard\u0131. Az\u0259rbaycan bu m\u00f6t\u0259b\u0259r beyn\u0259lxalq t\u0259dbirl\u0259rin m\u00f6ht\u0259\u015f\u0259m t\u0259\u015fkili il\u0259 h\u0259tta inki\u015faf etmi\u015f \u00f6lk\u0259l\u0259ri heyran qoydu.<\/p>\n<p>Heyd\u0259r \u018fliyev Fondu Qaraba\u011f \u0259razisind\u0259 erm\u0259nil\u0259r t\u0259r\u0259find\u0259n da\u011f\u0131d\u0131lan, Az\u0259rbaycan xalq\u0131n\u0131n milli s\u0259rv\u0259ti olan dini abid\u0259l\u0259rin, m\u0259scidl\u0259rin b\u0259rpas\u0131 \u00fczr\u0259 layih\u0259ni u\u011furla davam etdirir. Yerli v\u0259 xarici m\u00fct\u0259x\u0259ssisl\u0259rin i\u015ftirak\u0131 il\u0259 b\u00f6lg\u0259d\u0259ki ziyar\u0259tgahlar\u0131m\u0131z\u0131n b\u0259rpas\u0131, konservasiyas\u0131 v\u0259 yenid\u0259n qurulmas\u0131, 32 ild\u0259n sonra \u015eu\u015fada, C\u0131d\u0131r d\u00fcz\u00fcnd\u0259 Fond t\u0259r\u0259find\u0259n t\u0259\u015fkil olunan \u201cXar\u0131b\u00fclb\u00fcl\u201d musiqi festival\u0131, Az\u0259rbaycan b\u0259st\u0259karl\u0131q m\u0259kt\u0259binin g\u00f6rk\u0259mli n\u00fcmay\u0259nd\u0259l\u0259rinin \u0259s\u0259rl\u0259rinin notlar\u0131ndan ibar\u0259t \u201c\u018fb\u0259di imzalar\u201d toplusunun, \u201cQaraba\u011f\u0131n m\u0259d\u0259ni irsi\u201d adl\u0131 n\u0259\u015frl\u0259r toplusunun haz\u0131rlanmas\u0131 Az\u0259rbaycan xalq\u0131n\u0131n m\u0259n\u0259vi, tarixi, m\u0259d\u0259ni irsinin t\u0259\u015fviqi v\u0259 qorunmas\u0131 i\u015fin\u0259 d\u0259y\u0259rli t\u00f6hf\u0259l\u0259rdir.<\/p>\n<p>Az\u0259rbaycan\u0131n birinci xan\u0131m\u0131 b\u00fct\u00fcn istiqam\u0259tl\u0259rd\u0259 Prezident \u0130lham \u018fliyevin h\u0259yata ke\u00e7irdiyi islahatlar proqram\u0131na ciddi d\u0259st\u0259k verir v\u0259 konkret i\u015fl\u0259ri il\u0259 h\u0259min istiqam\u0259td\u0259 f\u0259aliyy\u0259t g\u00f6st\u0259rir. Az\u0259rbaycan d\u00f6vl\u0259t\u00e7iliyinin yeni zirv\u0259l\u0259r\u0259 y\u00fcks\u0259lm\u0259si \u00fc\u00e7\u00fcn bunun \u0259h\u0259miyy\u0259ti b\u00f6y\u00fckd\u00fcr. \u00c7\u00fcnki Prezidentin b\u00fct\u00fcn tap\u015f\u0131r\u0131qlar\u0131na d\u0259qiqlikl\u0259 \u0259m\u0259l olunursa, onun h\u0259yata ke\u00e7irdiyi kurs realla\u015f\u0131rsa, m\u00fcst\u0259qil d\u00f6vl\u0259t quruculu\u011fu ba\u015f tutur v\u0259 qar\u015f\u0131ya qoyulan strateji h\u0259d\u0259fl\u0259r\u0259 \u00e7atmaq imkanlar\u0131 xeyli geni\u015fl\u0259nir. Bunlar bir daha onu t\u0259sdiq edir ki, Mehriban xan\u0131m \u018fliyevan\u0131n Birinci vitse-prezident kimi idar\u0259\u00e7ilikd\u0259 rolu \u0259h\u0259miyy\u0259tlidir v\u0259 o, bu v\u0259zif\u0259sinin \u00f6hd\u0259sind\u0259n layiqinc\u0259 g\u0259lir. B\u00fct\u00fcn bunlara g\u00f6r\u0259dir ki, insanlar birinci xan\u0131m\u0131 sevir v\u0259 onu d\u0259st\u0259kl\u0259yirl\u0259r. Mehriban \u018fliyevaya inam b\u00f6y\u00fckd\u00fcr. Az\u0259rbaycan\u0131n birinci xan\u0131m\u0131 da insanlar\u0131 \u00e7ox g\u00f6z\u0259l duyur v\u0259 bunu y\u00fcks\u0259k qiym\u0259tl\u0259ndirir: &#8220;M\u0259nim \u00fc\u00e7\u00fcn \u0259n vacibi budur ki, inam duyuram. Bax, bu, h\u0259qiq\u0259t\u0259n d\u0259 m\u0259n\u0259 real inam, g\u00fcc ver\u0259n amildir&#8221;.<\/p>\n<p><em><strong>\u201c\u0130ki sahil\u201d<\/strong><\/em><\/p>\n","protected":false},"excerpt":{"rendered":"<p>T\u0259kc\u0259 \u00f6lk\u0259 daxilind\u0259 deyil, beyn\u0259lxalq al\u0259md\u0259 d\u0259 humanist t\u0259\u015f\u0259bb\u00fcsl\u0259ri il\u0259 xeyirxahl\u0131q simvolu kimi tan\u0131nan Mehriban xan\u0131m \u018fliyeva \u00f6lk\u0259mizin ictimai-siyasi h\u0259yat\u0131nda yax\u0131ndan i\u015ftirak edir, Az\u0259rbaycan xalq\u0131n\u0131n m\u0259n\u0259vi, tarixi, m\u0259d\u0259ni irsinin t\u0259\u015fviqi v\u0259 qorunmas\u0131 i\u015fin\u0259 d\u0259y\u0259rli t\u00f6hf\u0259l\u0259rini verir C\u0259miyy\u0259td\u0259 qad\u0131n\u0131n \u00fcz\u0259rin\u0259 daim b\u00f6y\u00fck \u00f6hd\u0259likl\u0259r d\u00fc\u015fm\u0259kd\u0259dir. Buna baxmayaraq, d\u00f6vr\u00fcn ist\u0259nil\u0259n m\u0259rh\u0259l\u0259sind\u0259 cism\u0259n z\u0259rif v\u0259 inc\u0259, daxil\u0259n m\u00fcbariz v\u0259 d\u00f6z\u00fcmkar olan qad\u0131nlar \u00fcz\u0259rl\u0259rin\u0259 d\u00fc\u015f\u0259n v\u0259zif\u0259l\u0259ri layiqinc\u0259 v\u0259 \u015f\u0259r\u0259fl\u0259 yerin\u0259 yetir\u0259 bilibl\u0259r. \u015e\u0259rq qad\u0131n\u0131 da b\u00fct\u00fcn d\u00f6vrl\u0259rd\u0259 c\u0259sar\u0259ti, a\u011fl\u0131, m\u0259d\u0259niyy\u0259ti v\u0259 m\u0259qs\u0259dy\u00f6nl\u00fcl\u00fcy\u00fc il\u0259 se\u00e7ilib. Bu g\u00fcn Az\u0259rbaycan qad\u0131n\u0131n g\u00f6z\u0259lliyini, n\u0259cibliyini, m\u00fcbarizliyini v\u0259 d\u00fcnyag\u00f6r\u00fc\u015f\u00fcn\u00fc birinci xan\u0131m&hellip;<\/p>\n","protected":false},"author":2,"featured_media":747383,"comment_status":"closed","ping_status":"closed","sticky":false,"template":"","format":"standard","meta":{"om_disable_all_campaigns":false,"_monsterinsights_skip_tracking":false,"_monsterinsights_sitenote_active":false,"_monsterinsights_sitenote_note":"","_monsterinsights_sitenote_category":0},"categories":[8],"tags":[],"aioseo_notices":[],"gutentor_comment":0,"rttpg_featured_image_url":{"full":["https:\/\/arantv.az\/wp-content\/uploads\/2024\/08\/4e9cec1f166566893113526653410052148.jpg",975,540,false],"landscape":["https:\/\/arantv.az\/wp-content\/uploads\/2024\/08\/4e9cec1f166566893113526653410052148.jpg",975,540,false],"portraits":["https:\/\/arantv.az\/wp-content\/uploads\/2024\/08\/4e9cec1f166566893113526653410052148.jpg",975,540,false],"thumbnail":["https:\/\/arantv.az\/wp-content\/uploads\/2024\/08\/4e9cec1f166566893113526653410052148-500x280.jpg",500,280,true],"medium":["https:\/\/arantv.az\/wp-content\/uploads\/2024\/08\/4e9cec1f166566893113526653410052148-660x365.jpg",660,365,true],"large":["https:\/\/arantv.az\/wp-content\/uploads\/2024\/08\/4e9cec1f166566893113526653410052148-840x465.jpg",640,354,true],"1536x1536":["https:\/\/arantv.az\/wp-content\/uploads\/2024\/08\/4e9cec1f166566893113526653410052148.jpg",975,540,false],"2048x2048":["https:\/\/arantv.az\/wp-content\/uploads\/2024\/08\/4e9cec1f166566893113526653410052148.jpg",975,540,false],"post-thumbnail":["https:\/\/arantv.az\/wp-content\/uploads\/2024\/08\/4e9cec1f166566893113526653410052148-240x172.jpg",240,172,true],"advps-thumb-one":["https:\/\/arantv.az\/wp-content\/uploads\/2024\/08\/4e9cec1f166566893113526653410052148.jpg",975,540,false]},"rttpg_author":{"display_name":"V\u00fcsal Rafiqo\u011flu","author_link":"https:\/\/arantv.az\/?author=2"},"rttpg_comment":0,"rttpg_category":"<a href=\"https:\/\/arantv.az\/?cat=8\" rel=\"category\">\u018fsas s\u0259hif\u0259<\/a>","rttpg_excerpt":"T\u0259kc\u0259 \u00f6lk\u0259 daxilind\u0259 deyil, beyn\u0259lxalq al\u0259md\u0259 d\u0259 humanist t\u0259\u015f\u0259bb\u00fcsl\u0259ri il\u0259 xeyirxahl\u0131q simvolu kimi tan\u0131nan Mehriban xan\u0131m \u018fliyeva \u00f6lk\u0259mizin ictimai-siyasi h\u0259yat\u0131nda yax\u0131ndan i\u015ftirak edir, Az\u0259rbaycan xalq\u0131n\u0131n m\u0259n\u0259vi, tarixi, m\u0259d\u0259ni irsinin t\u0259\u015fviqi v\u0259 qorunmas\u0131 i\u015fin\u0259 d\u0259y\u0259rli t\u00f6hf\u0259l\u0259rini verir C\u0259miyy\u0259td\u0259 qad\u0131n\u0131n \u00fcz\u0259rin\u0259 daim b\u00f6y\u00fck \u00f6hd\u0259likl\u0259r d\u00fc\u015fm\u0259kd\u0259dir. Buna baxmayaraq, d\u00f6vr\u00fcn ist\u0259nil\u0259n m\u0259rh\u0259l\u0259sind\u0259 cism\u0259n z\u0259rif v\u0259 inc\u0259, daxil\u0259n m\u00fcbariz v\u0259&hellip;","_links":{"self":[{"href":"https:\/\/arantv.az\/index.php?rest_route=\/wp\/v2\/posts\/747382"}],"collection":[{"href":"https:\/\/arantv.az\/index.php?rest_route=\/wp\/v2\/posts"}],"about":[{"href":"https:\/\/arantv.az\/index.php?rest_route=\/wp\/v2\/types\/post"}],"author":[{"embeddable":true,"href":"https:\/\/arantv.az\/index.php?rest_route=\/wp\/v2\/users\/2"}],"replies":[{"embeddable":true,"href":"https:\/\/arantv.az\/index.php?rest_route=%2Fwp%2Fv2%2Fcomments&post=747382"}],"version-history":[{"count":1,"href":"https:\/\/arantv.az\/index.php?rest_route=\/wp\/v2\/posts\/747382\/revisions"}],"predecessor-version":[{"id":747384,"href":"https:\/\/arantv.az\/index.php?rest_route=\/wp\/v2\/posts\/747382\/revisions\/747384"}],"wp:featuredmedia":[{"embeddable":true,"href":"https:\/\/arantv.az\/index.php?rest_route=\/wp\/v2\/media\/747383"}],"wp:attachment":[{"href":"https:\/\/arantv.az\/index.php?rest_route=%2Fwp%2Fv2%2Fmedia&parent=747382"}],"wp:term":[{"taxonomy":"category","embeddable":true,"href":"https:\/\/arantv.az\/index.php?rest_route=%2Fwp%2Fv2%2Fcategories&post=747382"},{"taxonomy":"post_tag","embeddable":true,"href":"https:\/\/arantv.az\/index.php?rest_route=%2Fwp%2Fv2%2Ftags&post=747382"}],"curies":[{"name":"wp","href":"https:\/\/api.w.org\/{rel}","templated":true}]}}