{"id":747385,"date":"2024-08-24T10:12:35","date_gmt":"2024-08-24T06:12:35","guid":{"rendered":"https:\/\/arantv.az\/?p=747385"},"modified":"2024-08-24T10:12:35","modified_gmt":"2024-08-24T06:12:35","slug":"dovl%c9%99tl%c9%99rarasi-strukturlarin-f%c9%99aliyy%c9%99t-sah%c9%99si-olduqca-genisdir","status":"publish","type":"post","link":"https:\/\/arantv.az\/?p=747385","title":{"rendered":"D\u00f6vl\u0259tl\u0259raras\u0131 strukturlar\u0131n f\u0259aliyy\u0259t sah\u0259si olduqca geni\u015fdir"},"content":{"rendered":"<p><em><strong>Az\u0259rbaycan-Rusiya \u0259laq\u0259l\u0259ri d\u00f6vl\u0259tl\u0259rimizin ba\u015f\u00e7\u0131lar\u0131n\u0131n siyasi irad\u0259sin\u0259 uy\u011fun olaraq haz\u0131rda s\u00fcr\u0259tl\u0259 inki\u015faf etdirilir. \u00d6lk\u0259l\u0259rimizin qar\u015f\u0131l\u0131ql\u0131 \u0259laq\u0259l\u0259rind\u0259 siyasi m\u00fcnasib\u0259tl\u0259r m\u00fch\u00fcm yer tutur. Vaxtil\u0259 Az\u0259rbaycan v\u0259 Rusiyan\u0131n vahid ittifaqda yer almas\u0131 \u00f6lk\u0259l\u0259rimiz aras\u0131nda m\u00fcnasib\u0259tl\u0259rin \u00f6z\u00fcn\u0259m\u0259xsus xarakterini formala\u015fd\u0131r\u0131b.<\/strong><\/em><\/p>\n<p>\u00dcmummilli Lider Heyd\u0259r \u018fliyevin Az\u0259rbaycanda siyasi hakimiyy\u0259t\u0259 qay\u0131d\u0131\u015f\u0131ndan sonra \u00f6lk\u0259l\u0259rimiz aras\u0131nda m\u00fcnasib\u0259tl\u0259rin \u0259n y\u00fcks\u0259k s\u0259viyy\u0259d\u0259 inki\u015faf etdirilm\u0259sin\u0259 ba\u015flan\u0131l\u0131b. \u0130kit\u0259r\u0259fli m\u00fcnasib\u0259tl\u0259rin h\u00fcquqi bazas\u0131n\u0131 t\u0259\u015fkil ed\u0259n \u0259sas s\u0259n\u0259d Rusiya Federasiyas\u0131 il\u0259 Az\u0259rbaycan Respublikas\u0131 aras\u0131nda 1997-ci il iyulun 3-d\u0259 imzalanan \u201cDostluq, \u0259m\u0259kda\u015fl\u0131q v\u0259 qar\u015f\u0131l\u0131ql\u0131 t\u0259hl\u00fck\u0259sizlik haqq\u0131nda M\u00fcqavil\u0259\u201ddir. 2002-ci ilin yanvar\u0131nda Ulu \u00d6nd\u0259r Heyd\u0259r \u018fliyevin Rusiyaya d\u00f6vl\u0259t s\u0259f\u0259ri is\u0259 iki qon\u015fu d\u00f6vl\u0259t aras\u0131nda m\u00fcnasib\u0259tl\u0259rd\u0259 tamamil\u0259 yeni m\u0259rh\u0259l\u0259nin \u0259sas\u0131n\u0131 qoyub. H\u0259min s\u0259f\u0259r zaman\u0131 imzalanan \u201cAz\u0259rbaycan Respublikas\u0131 il\u0259 Rusiya Federasiyas\u0131 aras\u0131nda X\u0259z\u0259r d\u0259nizind\u0259 \u0259m\u0259kda\u015fl\u0131q prinsipl\u0259ri haqq\u0131nda Birg\u0259 B\u0259yannam\u0259\u201d X\u0259z\u0259rin h\u00fcquqi statusunun m\u00fc\u0259yy\u0259nl\u0259\u015fdirilm\u0259si bax\u0131m\u0131ndan m\u00fch\u00fcm s\u0259n\u0259d olub. Bu s\u0259n\u0259d Rusiya-Az\u0259rbaycan m\u00fcnasib\u0259tl\u0259rinin strateji t\u0259r\u0259fda\u015fl\u0131q s\u0259viyy\u0259sind\u0259 inki\u015faf\u0131n\u0131 n\u00fcmayi\u015f etdirib.<\/p>\n<p>Ulu \u00d6nd\u0259r Heyd\u0259r \u018fliyevin balansla\u015fd\u0131r\u0131lm\u0131\u015f xarici siyas\u0259t strategiyas\u0131n\u0131 u\u011furla davam etdir\u0259n Prezident \u0130lham \u018fliyev d\u0259 Rusiya il\u0259 ikit\u0259r\u0259fli \u0259laq\u0259l\u0259rin geni\u015fl\u0259ndirilm\u0259sini vacib amil kimi diqq\u0259t m\u0259rk\u0259zind\u0259 saxlay\u0131r. Az\u0259rbaycan Prezidentinin 2004-c\u00fc ilin \u0259vv\u0259ll\u0259rind\u0259 Rusiyaya ilk r\u0259smi s\u0259f\u0259ri bu bax\u0131mdan \u0259lam\u0259tdar olub. D\u00f6vl\u0259timizin ba\u015f\u00e7\u0131s\u0131n\u0131n Rusiyaya ard\u0131c\u0131l r\u0259smi s\u0259f\u0259rl\u0259ri Az\u0259rbaycan\u0131n \u015fimal qon\u015fumuzla dostluq v\u0259 t\u0259r\u0259fda\u015fl\u0131q \u0259laq\u0259l\u0259rinin inki\u015faf\u0131na verdiyi \u00f6n\u0259mi t\u0259sdiql\u0259yir. X\u00fcsusi vur\u011fulanmal\u0131d\u0131r ki, SSR\u0130-nin s\u00fcqutundan sonra Rusiya il\u0259 Az\u0259rbaycan aras\u0131nda m\u00fcnasib\u0259tl\u0259r he\u00e7 zaman indiki kimi y\u00fcks\u0259k s\u0259viyy\u0259d\u0259 olmay\u0131b. Rusiya Az\u0259rbaycan\u0131n \u015fanl\u0131 Q\u0259l\u0259b\u0259si v\u0259 Erm\u0259nistan\u0131n kapitulyasiyas\u0131 il\u0259 n\u0259tic\u0259l\u0259n\u0259n \u0130kinci Qaraba\u011f m\u00fcharib\u0259sini ba\u015fa \u00e7atd\u0131ran 2020-ci il 10 noyabr m\u00fcqavil\u0259sinin imzalanmas\u0131nda x\u00fcsusi rol oynay\u0131b. 2022-ci il fevral\u0131n 22-d\u0259 Moskvada Az\u0259rbaycan v\u0259 Rusiya prezidentl\u0259ri t\u0259r\u0259find\u0259n imzalanan Moskvada \u201cAz\u0259rbaycan Respublikas\u0131 il\u0259 Rusiya Federasiyas\u0131 aras\u0131nda m\u00fctt\u0259fiqlik qar\u015f\u0131l\u0131ql\u0131 f\u0259aliyy\u0259ti haqq\u0131nda\u201d B\u0259yannam\u0259 xalqlar\u0131m\u0131z aras\u0131nda tarixi dostluq v\u0259 mehriban qon\u015fuluq \u0259n\u0259n\u0259l\u0259rin\u0259, d\u0259rin m\u0259d\u0259ni v\u0259 humanitar \u0259laq\u0259l\u0259r\u0259 \u0259saslanaraq, d\u00f6vl\u0259tl\u0259raras\u0131 m\u00fcnasib\u0259tl\u0259rimizi keyfiyy\u0259tc\u0259 yeni &#8211; m\u00fctt\u0259fiqlik s\u0259viyy\u0259sin\u0259 qald\u0131r\u0131b.<\/p>\n<p>\u00d6lk\u0259l\u0259rimiz aras\u0131nda \u0259laq\u0259l\u0259rin s\u00fcr\u0259tli inki\u015faf\u0131n\u0131n qar\u015f\u0131dak\u0131 d\u00f6vrd\u0259 d\u0259 u\u011furla davam etdirilm\u0259si v\u0259 daha da geni\u015fl\u0259ndirilm\u0259si m\u0259qs\u0259dil\u0259 bu ilin yanvar\u0131nda \u201cAz\u0259rbaycan-Rusiya \u0259m\u0259kda\u015fl\u0131\u011f\u0131n\u0131n inki\u015faf\u0131n\u0131n \u0259sas istiqam\u0259tl\u0259ri \u00fczr\u0259 2024-2026-c\u0131 ill\u0259r \u00fc\u00e7\u00fcn Yol X\u0259rit\u0259si\u201d imzalan\u0131b.<\/p>\n<p>Humanitar \u0259laq\u0259l\u0259r d\u0259 Az\u0259rbaycan-Rusiya \u0259m\u0259kda\u015fl\u0131\u011f\u0131nda m\u00fch\u00fcm yer tutur. Haz\u0131rda Az\u0259rbaycan\u0131n 26 ali m\u0259kt\u0259bind\u0259 rus dilind\u0259 t\u0259hsil h\u0259yata ke\u00e7irilir, 16 min Az\u0259rbaycan v\u0259t\u0259nda\u015f\u0131 olan t\u0259l\u0259b\u0259 rus dilind\u0259 t\u0259hsil al\u0131r. H\u0259m\u00e7inin 324 orta m\u0259kt\u0259bd\u0259 t\u0259hsil rus dilind\u0259 apar\u0131l\u0131r. Bu, onillikl\u0259r \u0259rzind\u0259 xalqlar\u0131m\u0131z\u0131 birl\u0259\u015fdir\u0259n b\u00fct\u00fcn yax\u015f\u0131 c\u0259h\u0259tl\u0259rin qorunmas\u0131nda, d\u00f6vl\u0259tl\u0259raras\u0131 m\u00fcnasib\u0259tl\u0259rin b\u00fcn\u00f6vr\u0259sini t\u0259\u015fkil ed\u0259n dostluq \u0259laq\u0259l\u0259rinin g\u00fccl\u0259nm\u0259sind\u0259 v\u0259 inki\u015faf\u0131nda m\u00fch\u00fcm \u0259saslardan birini t\u0259\u015fkil edir.<\/p>\n<p>Bizim qar\u015f\u0131l\u0131ql\u0131 f\u0259aliyy\u0259timizin \u0259n m\u00fch\u00fcm sah\u0259l\u0259rini \u0259hat\u0259 edir v\u0259 ikit\u0259r\u0259fli m\u00fcnasib\u0259tl\u0259rin g\u0259l\u0259c\u0259yi \u00fc\u00e7\u00fcn \u00f6lk\u0259l\u0259rimiz, qar\u015f\u0131l\u0131ql\u0131 \u0259laq\u0259l\u0259rimiz, h\u0259m\u00e7inin regional t\u0259hl\u00fck\u0259sizlik \u00fc\u00e7\u00fcn birm\u0259nal\u0131 olaraq \u00e7ox m\u00fcsb\u0259t \u0259h\u0259miyy\u0259t k\u0259sb ed\u0259c\u0259kdir.<\/p>\n<p><strong>N\u0259rmin C\u0259f\u0259rova,<\/strong><br \/>\n<em>261 n\u00f6mr\u0259li m\u0259kt\u0259b-liseyin m\u00fc\u0259llimi,<br \/>\nYAP X\u0259tai rayon t\u0259\u015fkilat\u0131n\u0131n \u00fczv\u00fc<\/em><\/p>\n","protected":false},"excerpt":{"rendered":"<p>Az\u0259rbaycan-Rusiya \u0259laq\u0259l\u0259ri d\u00f6vl\u0259tl\u0259rimizin ba\u015f\u00e7\u0131lar\u0131n\u0131n siyasi irad\u0259sin\u0259 uy\u011fun olaraq haz\u0131rda s\u00fcr\u0259tl\u0259 inki\u015faf etdirilir. \u00d6lk\u0259l\u0259rimizin qar\u015f\u0131l\u0131ql\u0131 \u0259laq\u0259l\u0259rind\u0259 siyasi m\u00fcnasib\u0259tl\u0259r m\u00fch\u00fcm yer tutur. Vaxtil\u0259 Az\u0259rbaycan v\u0259 Rusiyan\u0131n vahid ittifaqda yer almas\u0131 \u00f6lk\u0259l\u0259rimiz aras\u0131nda m\u00fcnasib\u0259tl\u0259rin \u00f6z\u00fcn\u0259m\u0259xsus xarakterini formala\u015fd\u0131r\u0131b. \u00dcmummilli Lider Heyd\u0259r \u018fliyevin Az\u0259rbaycanda siyasi hakimiyy\u0259t\u0259 qay\u0131d\u0131\u015f\u0131ndan sonra \u00f6lk\u0259l\u0259rimiz aras\u0131nda m\u00fcnasib\u0259tl\u0259rin \u0259n y\u00fcks\u0259k s\u0259viyy\u0259d\u0259 inki\u015faf etdirilm\u0259sin\u0259 ba\u015flan\u0131l\u0131b. \u0130kit\u0259r\u0259fli m\u00fcnasib\u0259tl\u0259rin h\u00fcquqi bazas\u0131n\u0131 t\u0259\u015fkil ed\u0259n \u0259sas s\u0259n\u0259d Rusiya Federasiyas\u0131 il\u0259 Az\u0259rbaycan Respublikas\u0131 aras\u0131nda 1997-ci il iyulun 3-d\u0259 imzalanan \u201cDostluq, \u0259m\u0259kda\u015fl\u0131q v\u0259 qar\u015f\u0131l\u0131ql\u0131 t\u0259hl\u00fck\u0259sizlik haqq\u0131nda M\u00fcqavil\u0259\u201ddir. 2002-ci ilin yanvar\u0131nda Ulu \u00d6nd\u0259r Heyd\u0259r \u018fliyevin Rusiyaya d\u00f6vl\u0259t s\u0259f\u0259ri is\u0259 iki&hellip;<\/p>\n","protected":false},"author":2,"featured_media":747386,"comment_status":"closed","ping_status":"closed","sticky":false,"template":"","format":"standard","meta":{"om_disable_all_campaigns":false,"_monsterinsights_skip_tracking":false,"_monsterinsights_sitenote_active":false,"_monsterinsights_sitenote_note":"","_monsterinsights_sitenote_category":0},"categories":[19],"tags":[],"aioseo_notices":[],"gutentor_comment":0,"rttpg_featured_image_url":{"full":["https:\/\/arantv.az\/wp-content\/uploads\/2024\/08\/30dd2217172439965475927368310508356.jpg",975,540,false],"landscape":["https:\/\/arantv.az\/wp-content\/uploads\/2024\/08\/30dd2217172439965475927368310508356.jpg",975,540,false],"portraits":["https:\/\/arantv.az\/wp-content\/uploads\/2024\/08\/30dd2217172439965475927368310508356.jpg",975,540,false],"thumbnail":["https:\/\/arantv.az\/wp-content\/uploads\/2024\/08\/30dd2217172439965475927368310508356-500x280.jpg",500,280,true],"medium":["https:\/\/arantv.az\/wp-content\/uploads\/2024\/08\/30dd2217172439965475927368310508356-660x365.jpg",660,365,true],"large":["https:\/\/arantv.az\/wp-content\/uploads\/2024\/08\/30dd2217172439965475927368310508356-840x465.jpg",640,354,true],"1536x1536":["https:\/\/arantv.az\/wp-content\/uploads\/2024\/08\/30dd2217172439965475927368310508356.jpg",975,540,false],"2048x2048":["https:\/\/arantv.az\/wp-content\/uploads\/2024\/08\/30dd2217172439965475927368310508356.jpg",975,540,false],"post-thumbnail":["https:\/\/arantv.az\/wp-content\/uploads\/2024\/08\/30dd2217172439965475927368310508356-240x172.jpg",240,172,true],"advps-thumb-one":["https:\/\/arantv.az\/wp-content\/uploads\/2024\/08\/30dd2217172439965475927368310508356.jpg",975,540,false]},"rttpg_author":{"display_name":"V\u00fcsal Rafiqo\u011flu","author_link":"https:\/\/arantv.az\/?author=2"},"rttpg_comment":0,"rttpg_category":"<a href=\"https:\/\/arantv.az\/?cat=19\" rel=\"category\">G\u00fcnd\u0259m<\/a>","rttpg_excerpt":"Az\u0259rbaycan-Rusiya \u0259laq\u0259l\u0259ri d\u00f6vl\u0259tl\u0259rimizin ba\u015f\u00e7\u0131lar\u0131n\u0131n siyasi irad\u0259sin\u0259 uy\u011fun olaraq haz\u0131rda s\u00fcr\u0259tl\u0259 inki\u015faf etdirilir. \u00d6lk\u0259l\u0259rimizin qar\u015f\u0131l\u0131ql\u0131 \u0259laq\u0259l\u0259rind\u0259 siyasi m\u00fcnasib\u0259tl\u0259r m\u00fch\u00fcm yer tutur. Vaxtil\u0259 Az\u0259rbaycan v\u0259 Rusiyan\u0131n vahid ittifaqda yer almas\u0131 \u00f6lk\u0259l\u0259rimiz aras\u0131nda m\u00fcnasib\u0259tl\u0259rin \u00f6z\u00fcn\u0259m\u0259xsus xarakterini formala\u015fd\u0131r\u0131b. \u00dcmummilli Lider Heyd\u0259r \u018fliyevin Az\u0259rbaycanda siyasi hakimiyy\u0259t\u0259 qay\u0131d\u0131\u015f\u0131ndan sonra \u00f6lk\u0259l\u0259rimiz aras\u0131nda m\u00fcnasib\u0259tl\u0259rin \u0259n y\u00fcks\u0259k s\u0259viyy\u0259d\u0259 inki\u015faf etdirilm\u0259sin\u0259 ba\u015flan\u0131l\u0131b. \u0130kit\u0259r\u0259fli m\u00fcnasib\u0259tl\u0259rin h\u00fcquqi&hellip;","_links":{"self":[{"href":"https:\/\/arantv.az\/index.php?rest_route=\/wp\/v2\/posts\/747385"}],"collection":[{"href":"https:\/\/arantv.az\/index.php?rest_route=\/wp\/v2\/posts"}],"about":[{"href":"https:\/\/arantv.az\/index.php?rest_route=\/wp\/v2\/types\/post"}],"author":[{"embeddable":true,"href":"https:\/\/arantv.az\/index.php?rest_route=\/wp\/v2\/users\/2"}],"replies":[{"embeddable":true,"href":"https:\/\/arantv.az\/index.php?rest_route=%2Fwp%2Fv2%2Fcomments&post=747385"}],"version-history":[{"count":1,"href":"https:\/\/arantv.az\/index.php?rest_route=\/wp\/v2\/posts\/747385\/revisions"}],"predecessor-version":[{"id":747387,"href":"https:\/\/arantv.az\/index.php?rest_route=\/wp\/v2\/posts\/747385\/revisions\/747387"}],"wp:featuredmedia":[{"embeddable":true,"href":"https:\/\/arantv.az\/index.php?rest_route=\/wp\/v2\/media\/747386"}],"wp:attachment":[{"href":"https:\/\/arantv.az\/index.php?rest_route=%2Fwp%2Fv2%2Fmedia&parent=747385"}],"wp:term":[{"taxonomy":"category","embeddable":true,"href":"https:\/\/arantv.az\/index.php?rest_route=%2Fwp%2Fv2%2Fcategories&post=747385"},{"taxonomy":"post_tag","embeddable":true,"href":"https:\/\/arantv.az\/index.php?rest_route=%2Fwp%2Fv2%2Ftags&post=747385"}],"curies":[{"name":"wp","href":"https:\/\/api.w.org\/{rel}","templated":true}]}}