{"id":748179,"date":"2024-08-27T15:58:38","date_gmt":"2024-08-27T11:58:38","guid":{"rendered":"https:\/\/arantv.az\/?p=748179"},"modified":"2024-08-27T15:58:52","modified_gmt":"2024-08-27T11:58:52","slug":"barselona-bu-klubun-%c9%99sas-mudafi%c9%99cisini-alir","status":"publish","type":"post","link":"https:\/\/arantv.az\/?p=748179","title":{"rendered":"&#8220;Barselona&#8221; bu klubun \u0259sas m\u00fcdafi\u0259\u00e7isini al\u0131r"},"content":{"rendered":"<p>&#8220;Barselona&#8221; &#8220;Bayer&#8221;in m\u0259rk\u0259z m\u00fcdafi\u0259\u00e7isi Conatan Tan\u0131 transfer etm\u0259k ist\u0259yir.<\/p>\n<p>Lent.az xarici mediaya istinadla x\u0259b\u0259r verir ki, \u0130spaniya klubu transferi avqustun 30-a kimi ba\u015fa \u00e7atd\u0131rma\u011f\u0131 planla\u015fd\u0131r\u0131r. Art\u0131q t\u0259r\u0259fl\u0259r aras\u0131nda ilk dan\u0131\u015f\u0131qlar apar\u0131l\u0131b.<\/p>\n<p>28 ya\u015fl\u0131 alman futbol\u00e7u &#8220;Bayer Leverkuzen&#8221;l\u0259 2025-ci ild\u0259 ba\u015fa \u00e7atacaq m\u00fcqavil\u0259ni yenil\u0259m\u0259k ist\u0259mir v\u0259 &#8220;Bavariya&#8221;ya ke\u00e7id h\u0259l\u0259 d\u0259 raz\u0131la\u015fd\u0131r\u0131lmay\u0131b.<\/p>\n<p>Ke\u00e7\u0259n m\u00f6vs\u00fcm Conatan Ta b\u00fct\u00fcn turnirl\u0259rd\u0259 48 oyunda i\u015ftirak edib, alt\u0131 qol vurub v\u0259 bir m\u0259hsuldar \u00f6t\u00fcrm\u0259 edib. Futbol\u00e7unun klubla haz\u0131rki \u0259m\u0259k m\u00fcqavil\u0259si 2025-ci ilin yay\u0131na kimi n\u0259z\u0259rd\u0259 tutulub. Transfermarkt portal\u0131nda veril\u0259n m\u0259lumata g\u00f6r\u0259, futbol\u00e7unun bazar d\u0259y\u0259ri 30 milyon avrodur.<\/p>\n","protected":false},"excerpt":{"rendered":"<p>&#8220;Barselona&#8221; &#8220;Bayer&#8221;in m\u0259rk\u0259z m\u00fcdafi\u0259\u00e7isi Conatan Tan\u0131 transfer etm\u0259k ist\u0259yir. Lent.az xarici mediaya istinadla x\u0259b\u0259r verir ki, \u0130spaniya klubu transferi avqustun 30-a kimi ba\u015fa \u00e7atd\u0131rma\u011f\u0131 planla\u015fd\u0131r\u0131r. Art\u0131q t\u0259r\u0259fl\u0259r aras\u0131nda ilk dan\u0131\u015f\u0131qlar apar\u0131l\u0131b. 28 ya\u015fl\u0131 alman futbol\u00e7u &#8220;Bayer Leverkuzen&#8221;l\u0259 2025-ci ild\u0259 ba\u015fa \u00e7atacaq m\u00fcqavil\u0259ni yenil\u0259m\u0259k ist\u0259mir v\u0259 &#8220;Bavariya&#8221;ya ke\u00e7id h\u0259l\u0259 d\u0259 raz\u0131la\u015fd\u0131r\u0131lmay\u0131b. Ke\u00e7\u0259n m\u00f6vs\u00fcm Conatan Ta b\u00fct\u00fcn turnirl\u0259rd\u0259 48 oyunda i\u015ftirak edib, alt\u0131 qol vurub v\u0259 bir m\u0259hsuldar \u00f6t\u00fcrm\u0259 edib. Futbol\u00e7unun klubla haz\u0131rki \u0259m\u0259k m\u00fcqavil\u0259si 2025-ci ilin yay\u0131na kimi n\u0259z\u0259rd\u0259 tutulub. Transfermarkt portal\u0131nda veril\u0259n m\u0259lumata g\u00f6r\u0259, futbol\u00e7unun bazar d\u0259y\u0259ri 30 milyon avrodur.<\/p>\n","protected":false},"author":2,"featured_media":748180,"comment_status":"closed","ping_status":"closed","sticky":false,"template":"","format":"standard","meta":{"om_disable_all_campaigns":false,"_monsterinsights_skip_tracking":false,"_monsterinsights_sitenote_active":false,"_monsterinsights_sitenote_note":"","_monsterinsights_sitenote_category":0},"categories":[6],"tags":[],"aioseo_notices":[],"gutentor_comment":0,"rttpg_featured_image_url":{"full":["https:\/\/arantv.az\/wp-content\/uploads\/2024\/08\/1c9595e0e551259a5d8c9dae4942e3c0.jpg",740,493,false],"landscape":["https:\/\/arantv.az\/wp-content\/uploads\/2024\/08\/1c9595e0e551259a5d8c9dae4942e3c0.jpg",740,493,false],"portraits":["https:\/\/arantv.az\/wp-content\/uploads\/2024\/08\/1c9595e0e551259a5d8c9dae4942e3c0.jpg",740,493,false],"thumbnail":["https:\/\/arantv.az\/wp-content\/uploads\/2024\/08\/1c9595e0e551259a5d8c9dae4942e3c0-500x280.jpg",500,280,true],"medium":["https:\/\/arantv.az\/wp-content\/uploads\/2024\/08\/1c9595e0e551259a5d8c9dae4942e3c0-548x365.jpg",548,365,true],"large":["https:\/\/arantv.az\/wp-content\/uploads\/2024\/08\/1c9595e0e551259a5d8c9dae4942e3c0.jpg",640,426,false],"1536x1536":["https:\/\/arantv.az\/wp-content\/uploads\/2024\/08\/1c9595e0e551259a5d8c9dae4942e3c0.jpg",740,493,false],"2048x2048":["https:\/\/arantv.az\/wp-content\/uploads\/2024\/08\/1c9595e0e551259a5d8c9dae4942e3c0.jpg",740,493,false],"post-thumbnail":["https:\/\/arantv.az\/wp-content\/uploads\/2024\/08\/1c9595e0e551259a5d8c9dae4942e3c0-240x172.jpg",240,172,true],"advps-thumb-one":["https:\/\/arantv.az\/wp-content\/uploads\/2024\/08\/1c9595e0e551259a5d8c9dae4942e3c0.jpg",740,493,false]},"rttpg_author":{"display_name":"V\u00fcsal Rafiqo\u011flu","author_link":"https:\/\/arantv.az\/?author=2"},"rttpg_comment":0,"rttpg_category":"<a href=\"https:\/\/arantv.az\/?cat=6\" rel=\"category\">\u0130dman<\/a>","rttpg_excerpt":"&#8220;Barselona&#8221; &#8220;Bayer&#8221;in m\u0259rk\u0259z m\u00fcdafi\u0259\u00e7isi Conatan Tan\u0131 transfer etm\u0259k ist\u0259yir. Lent.az xarici mediaya istinadla x\u0259b\u0259r verir ki, \u0130spaniya klubu transferi avqustun 30-a kimi ba\u015fa \u00e7atd\u0131rma\u011f\u0131 planla\u015fd\u0131r\u0131r. Art\u0131q t\u0259r\u0259fl\u0259r aras\u0131nda ilk dan\u0131\u015f\u0131qlar apar\u0131l\u0131b. 28 ya\u015fl\u0131 alman futbol\u00e7u &#8220;Bayer Leverkuzen&#8221;l\u0259 2025-ci ild\u0259 ba\u015fa \u00e7atacaq m\u00fcqavil\u0259ni yenil\u0259m\u0259k ist\u0259mir v\u0259 &#8220;Bavariya&#8221;ya ke\u00e7id h\u0259l\u0259 d\u0259 raz\u0131la\u015fd\u0131r\u0131lmay\u0131b. Ke\u00e7\u0259n m\u00f6vs\u00fcm Conatan Ta b\u00fct\u00fcn&hellip;","_links":{"self":[{"href":"https:\/\/arantv.az\/index.php?rest_route=\/wp\/v2\/posts\/748179"}],"collection":[{"href":"https:\/\/arantv.az\/index.php?rest_route=\/wp\/v2\/posts"}],"about":[{"href":"https:\/\/arantv.az\/index.php?rest_route=\/wp\/v2\/types\/post"}],"author":[{"embeddable":true,"href":"https:\/\/arantv.az\/index.php?rest_route=\/wp\/v2\/users\/2"}],"replies":[{"embeddable":true,"href":"https:\/\/arantv.az\/index.php?rest_route=%2Fwp%2Fv2%2Fcomments&post=748179"}],"version-history":[{"count":2,"href":"https:\/\/arantv.az\/index.php?rest_route=\/wp\/v2\/posts\/748179\/revisions"}],"predecessor-version":[{"id":748182,"href":"https:\/\/arantv.az\/index.php?rest_route=\/wp\/v2\/posts\/748179\/revisions\/748182"}],"wp:featuredmedia":[{"embeddable":true,"href":"https:\/\/arantv.az\/index.php?rest_route=\/wp\/v2\/media\/748180"}],"wp:attachment":[{"href":"https:\/\/arantv.az\/index.php?rest_route=%2Fwp%2Fv2%2Fmedia&parent=748179"}],"wp:term":[{"taxonomy":"category","embeddable":true,"href":"https:\/\/arantv.az\/index.php?rest_route=%2Fwp%2Fv2%2Fcategories&post=748179"},{"taxonomy":"post_tag","embeddable":true,"href":"https:\/\/arantv.az\/index.php?rest_route=%2Fwp%2Fv2%2Ftags&post=748179"}],"curies":[{"name":"wp","href":"https:\/\/api.w.org\/{rel}","templated":true}]}}