{"id":748405,"date":"2024-08-28T11:36:45","date_gmt":"2024-08-28T07:36:45","guid":{"rendered":"https:\/\/arantv.az\/?p=748405"},"modified":"2024-08-28T11:36:45","modified_gmt":"2024-08-28T07:36:45","slug":"b%c9%99rd%c9%99d%c9%99-secicil%c9%99rl%c9%99-gorusl%c9%99r-davam-edir","status":"publish","type":"post","link":"https:\/\/arantv.az\/?p=748405","title":{"rendered":"B\u0259rd\u0259d\u0259 se\u00e7icil\u0259rl\u0259 g\u00f6r\u00fc\u015fl\u0259r davam edir"},"content":{"rendered":"<p>2024-c\u00fc il sentyabr\u0131n 1-d\u0259 Az\u0259rbaycan Respublikas\u0131 Milli M\u0259clisin\u0259 ke\u00e7iril\u0259c\u0259k n\u00f6vb\u0259d\u0259nk\u0259nar se\u00e7kil\u0259rin t\u0259bli\u011fat-t\u0259\u015fviqat m\u0259rh\u0259l\u0259si \u00e7\u0259r\u00e7iv\u0259sind\u0259 Yeni Az\u0259rbaycan Partiyas\u0131 (YAP) t\u0259r\u0259find\u0259n 99 sayl\u0131 B\u0259rd\u0259 se\u00e7ki dair\u0259sind\u0259n deputatl\u0131\u011fa namiz\u0259dliyi ir\u0259li s\u00fcr\u00fclm\u00fc\u015f Fatma Y\u0131ld\u0131r\u0131m\u0131n YAP B\u0259rd\u0259 rayon t\u0259\u015fkilat\u0131n\u0131n q\u0259rargah\u0131nda se\u00e7icil\u0259rl\u0259 n\u00f6vb\u0259ti g\u00f6r\u00fc\u015fl\u0259ri ke\u00e7irilib.<\/p>\n<p>\u018fvv\u0259lc\u0259 Ulu \u00d6nd\u0259r Heyd\u0259r \u018fliyevin v\u0259 Az\u0259rbaycan\u0131n \u0259razi b\u00fct\u00f6vl\u00fcy\u00fc v\u0259 suverenliyi u\u011frunda canlar\u0131n\u0131 qurban vermi\u015f \u015f\u0259hidl\u0259rimizin \u0259ziz xatir\u0259si ehtiramla yad edilib.<\/p>\n<p>G\u00f6r\u00fc\u015fl\u0259ri giri\u015f s\u00f6z\u00fc il\u0259 a\u00e7an YAP B\u0259rd\u0259 rayon t\u0259\u015fkilat\u0131n\u0131n s\u0259dri Faq\u0259t \u015eadlinskaya\u00a0Az\u0259rbaycan\u0131n d\u00fcnya miqyas\u0131nda \u0259n dinamik inki\u015faf tempin\u0259 malik olan \u00f6lk\u0259l\u0259r s\u0131ras\u0131nda avanqard yerl\u0259rd\u0259n birini tutdu\u011funu bildirib. Bu inki\u015faf\u0131n \u0259sas\u0131nda uzaqg\u00f6r\u0259nlikl\u0259 realla\u015fd\u0131r\u0131lan daxili v\u0259 xarici siyas\u0259t kursunun dayand\u0131\u011f\u0131\u00a0vur\u011fulan\u0131b.<\/p>\n<p>\u00c7\u0131x\u0131\u015f ed\u0259n deputatl\u0131\u011fa namiz\u0259d Fatma Y\u0131ld\u0131r\u0131m \u00fcmumxalq partiyas\u0131 olan YAP-\u0131n bundan sonra da qar\u015f\u0131da duran strateji \u0259h\u0259miyy\u0259tli v\u0259zif\u0259l\u0259ri u\u011furla yerin\u0259 yetir\u0259r\u0259k \u00a0\u00f6lk\u0259mizin dayan\u0131ql\u0131 v\u0259 dinamik inki\u015faf\u0131na m\u00fcst\u0259sna t\u00f6hf\u0259 ver\u0259c\u0259yini bildirib. Namiz\u0259d \u0259minlikl\u0259 s\u00f6yl\u0259yib ki, \u00a0sentyabr\u0131n 1-d\u0259 ke\u00e7iril\u0259c\u0259k se\u00e7kil\u0259r yeni, m\u00fcasir v\u0259 m\u00fcst\u0259qil Az\u0259rbaycan\u0131n qurucusu olan \u00dcmummilli Lider Heyd\u0259r \u018fliyevin ideyalar\u0131na, Prezident, M\u00fcz\u0259ff\u0259r Ali Ba\u015f Komandan \u0130lham \u018fliyevin siyas\u0259tin\u0259 xalq\u0131n d\u0259st\u0259yinin n\u00f6vb\u0259ti t\u0259zah\u00fcr\u00fc olacaq.<\/p>\n<p>G\u00f6r\u00fc\u015fl\u0259rd\u0259 t\u0259bli\u011fat qrupunun \u00fczvl\u0259ri \u015f\u0259hid analar\u0131 Mehpar\u0259 Q\u0259ribova, Rad\u0259 Qurbanova, \u0130sb\u0259t H\u0259t\u0259mova \u00e7\u0131x\u0131\u015f ed\u0259r\u0259k YAP-\u0131n \u00fcmumxalq partiyas\u0131 kimi \u00f6lk\u0259mizin inki\u015faf\u0131nda m\u00fch\u00fcm rol oynad\u0131\u011f\u0131n\u0131 bildiribl\u0259r.<\/p>\n<p>Se\u00e7icil\u0259r Roza Quliyeva, Nazil\u0259 Qocayeva, Leyla Ta\u011f\u0131yeva, H\u0259s\u0259nli k\u0259ndind\u0259n \u015f\u0259hid anas\u0131 S\u0259lt\u0259n\u0259t Musayeva, Tal\u0131b V\u0259liyev, \u0130mran R\u0259sulov v\u0259 dig\u0259rl\u0259ri u\u011furlar\u0131m\u0131z\u0131n davam\u0131 namin\u0259 qar\u015f\u0131dan g\u0259l\u0259n parlament se\u00e7kil\u0259rind\u0259 YAP-\u0131n namiz\u0259dini d\u0259st\u0259kl\u0259y\u0259c\u0259kl\u0259rini deyibl\u0259r.<\/p>\n<p>G\u00f6r\u00fc\u015fl\u0259r Yeni Az\u0259rbaycan Partiyas\u0131n\u0131n Himninin s\u0259sl\u0259ndirilm\u0259si il\u0259 ba\u015fa \u00e7at\u0131b.<\/p>\n<p>G\u00f6r\u00fc\u015fl\u0259rd\u0259n sonra Fatma Y\u0131ld\u0131r\u0131m Milli Q\u0259hr\u0259man \u015f\u0259hid Elgiz K\u0259rimovun ail\u0259sini ziyar\u0259t edib, K\u00f6b\u0259r k\u0259nd sakini Ramiz C\u0259f\u0259rovun, H\u0259s\u0259nli k\u0259ndind\u0259 Adil H\u0259s\u0259novun evind\u0259 f\u0259rdi g\u00f6r\u00fc\u015fl\u0259r ke\u00e7irib. H\u0259s\u0259nli k\u0259ndind\u0259 \u015f\u0259hid M\u00fc\u015ffiq Vahid o\u011flunun \u0259ziz xatir\u0259sin\u0259 tikilmi\u015f bula\u011f\u0131n \u00f6n\u00fcn\u0259 g\u00fcl d\u0259st\u0259l\u0259ri qoyulub.<\/p>\n<p><img loading=\"lazy\" class=\"alignnone size-full wp-image-748406\" src=\"https:\/\/arantv.az\/wp-content\/uploads\/2024\/08\/thumb-314.jpg\" alt=\"\" width=\"360\" height=\"162\" \/><\/p>\n<p><img loading=\"lazy\" class=\"alignnone size-full wp-image-748407\" src=\"https:\/\/arantv.az\/wp-content\/uploads\/2024\/08\/thumb-315.jpg\" alt=\"\" width=\"188\" height=\"120\" \/> <img loading=\"lazy\" class=\"alignnone size-medium wp-image-748408\" src=\"https:\/\/arantv.az\/wp-content\/uploads\/2024\/08\/thumb-316.jpg\" alt=\"\" width=\"188\" height=\"120\" \/> <img loading=\"lazy\" class=\"alignnone size-medium wp-image-748409\" src=\"https:\/\/arantv.az\/wp-content\/uploads\/2024\/08\/thumb-317.jpg\" alt=\"\" width=\"188\" height=\"120\" \/> <img loading=\"lazy\" class=\"alignnone size-medium wp-image-748410\" src=\"https:\/\/arantv.az\/wp-content\/uploads\/2024\/08\/thumb-318.jpg\" alt=\"\" width=\"188\" height=\"120\" \/> <img loading=\"lazy\" class=\"alignnone size-medium wp-image-748411\" src=\"https:\/\/arantv.az\/wp-content\/uploads\/2024\/08\/thumb-319.jpg\" alt=\"\" width=\"188\" height=\"120\" \/> <img loading=\"lazy\" class=\"alignnone size-medium wp-image-748412\" src=\"https:\/\/arantv.az\/wp-content\/uploads\/2024\/08\/thumb-320.jpg\" alt=\"\" width=\"188\" height=\"120\" \/> <img loading=\"lazy\" class=\"alignnone size-medium wp-image-748413\" src=\"https:\/\/arantv.az\/wp-content\/uploads\/2024\/08\/thumb-321.jpg\" alt=\"\" width=\"188\" height=\"120\" \/> <img loading=\"lazy\" class=\"alignnone size-medium wp-image-748414\" src=\"https:\/\/arantv.az\/wp-content\/uploads\/2024\/08\/thumb-322.jpg\" alt=\"\" width=\"188\" height=\"120\" \/> <img loading=\"lazy\" class=\"alignnone size-medium wp-image-748415\" src=\"https:\/\/arantv.az\/wp-content\/uploads\/2024\/08\/thumb-323.jpg\" alt=\"\" width=\"188\" height=\"120\" \/> <img loading=\"lazy\" class=\"alignnone size-medium wp-image-748416\" src=\"https:\/\/arantv.az\/wp-content\/uploads\/2024\/08\/thumb-324.jpg\" alt=\"\" width=\"188\" height=\"120\" \/> <img loading=\"lazy\" class=\"alignnone size-medium wp-image-748417\" src=\"https:\/\/arantv.az\/wp-content\/uploads\/2024\/08\/thumb-325.jpg\" alt=\"\" width=\"188\" height=\"120\" \/> <img loading=\"lazy\" class=\"alignnone size-medium wp-image-748418\" src=\"https:\/\/arantv.az\/wp-content\/uploads\/2024\/08\/thumb-326.jpg\" alt=\"\" width=\"188\" height=\"120\" \/> <img loading=\"lazy\" class=\"alignnone size-medium wp-image-748419\" src=\"https:\/\/arantv.az\/wp-content\/uploads\/2024\/08\/thumb-327.jpg\" alt=\"\" width=\"188\" height=\"120\" \/> <img loading=\"lazy\" class=\"alignnone size-medium wp-image-748420\" src=\"https:\/\/arantv.az\/wp-content\/uploads\/2024\/08\/thumb-328.jpg\" alt=\"\" width=\"188\" height=\"120\" \/> <img loading=\"lazy\" class=\"alignnone size-medium wp-image-748421\" src=\"https:\/\/arantv.az\/wp-content\/uploads\/2024\/08\/thumb-329.jpg\" alt=\"\" width=\"188\" height=\"120\" \/> <img loading=\"lazy\" class=\"alignnone size-medium wp-image-748422\" src=\"https:\/\/arantv.az\/wp-content\/uploads\/2024\/08\/thumb-330.jpg\" alt=\"\" width=\"188\" height=\"120\" \/> <img loading=\"lazy\" class=\"alignnone size-medium wp-image-748423\" src=\"https:\/\/arantv.az\/wp-content\/uploads\/2024\/08\/thumb-331.jpg\" alt=\"\" width=\"188\" height=\"120\" \/> <img loading=\"lazy\" class=\"alignnone size-medium wp-image-748424\" src=\"https:\/\/arantv.az\/wp-content\/uploads\/2024\/08\/thumb-332.jpg\" alt=\"\" width=\"188\" height=\"120\" \/> <img loading=\"lazy\" class=\"alignnone size-medium wp-image-748425\" src=\"https:\/\/arantv.az\/wp-content\/uploads\/2024\/08\/thumb-333.jpg\" alt=\"\" width=\"188\" height=\"120\" \/> <img loading=\"lazy\" class=\"alignnone size-medium wp-image-748426\" src=\"https:\/\/arantv.az\/wp-content\/uploads\/2024\/08\/thumb-334.jpg\" alt=\"\" width=\"188\" height=\"120\" \/> <img loading=\"lazy\" class=\"alignnone size-medium wp-image-748427\" src=\"https:\/\/arantv.az\/wp-content\/uploads\/2024\/08\/thumb-335.jpg\" alt=\"\" width=\"188\" height=\"120\" \/> <img loading=\"lazy\" class=\"alignnone size-medium wp-image-748428\" src=\"https:\/\/arantv.az\/wp-content\/uploads\/2024\/08\/thumb-336.jpg\" alt=\"\" width=\"188\" height=\"120\" \/><\/p>\n","protected":false},"excerpt":{"rendered":"<p>2024-c\u00fc il sentyabr\u0131n 1-d\u0259 Az\u0259rbaycan Respublikas\u0131 Milli M\u0259clisin\u0259 ke\u00e7iril\u0259c\u0259k n\u00f6vb\u0259d\u0259nk\u0259nar se\u00e7kil\u0259rin t\u0259bli\u011fat-t\u0259\u015fviqat m\u0259rh\u0259l\u0259si \u00e7\u0259r\u00e7iv\u0259sind\u0259 Yeni Az\u0259rbaycan Partiyas\u0131 (YAP) t\u0259r\u0259find\u0259n 99 sayl\u0131 B\u0259rd\u0259 se\u00e7ki dair\u0259sind\u0259n deputatl\u0131\u011fa namiz\u0259dliyi ir\u0259li s\u00fcr\u00fclm\u00fc\u015f Fatma Y\u0131ld\u0131r\u0131m\u0131n YAP B\u0259rd\u0259 rayon t\u0259\u015fkilat\u0131n\u0131n q\u0259rargah\u0131nda se\u00e7icil\u0259rl\u0259 n\u00f6vb\u0259ti g\u00f6r\u00fc\u015fl\u0259ri ke\u00e7irilib. \u018fvv\u0259lc\u0259 Ulu \u00d6nd\u0259r Heyd\u0259r \u018fliyevin v\u0259 Az\u0259rbaycan\u0131n \u0259razi b\u00fct\u00f6vl\u00fcy\u00fc v\u0259 suverenliyi u\u011frunda canlar\u0131n\u0131 qurban vermi\u015f \u015f\u0259hidl\u0259rimizin \u0259ziz xatir\u0259si ehtiramla yad edilib. G\u00f6r\u00fc\u015fl\u0259ri giri\u015f s\u00f6z\u00fc il\u0259 a\u00e7an YAP B\u0259rd\u0259 rayon t\u0259\u015fkilat\u0131n\u0131n s\u0259dri Faq\u0259t \u015eadlinskaya\u00a0Az\u0259rbaycan\u0131n d\u00fcnya miqyas\u0131nda \u0259n dinamik inki\u015faf tempin\u0259 malik olan \u00f6lk\u0259l\u0259r s\u0131ras\u0131nda avanqard yerl\u0259rd\u0259n birini tutdu\u011funu bildirib. Bu inki\u015faf\u0131n \u0259sas\u0131nda&hellip;<\/p>\n","protected":false},"author":2,"featured_media":748414,"comment_status":"closed","ping_status":"closed","sticky":false,"template":"","format":"standard","meta":{"om_disable_all_campaigns":false,"_monsterinsights_skip_tracking":false,"_monsterinsights_sitenote_active":false,"_monsterinsights_sitenote_note":"","_monsterinsights_sitenote_category":0},"categories":[2],"tags":[],"aioseo_notices":[],"gutentor_comment":0,"rttpg_featured_image_url":{"full":["https:\/\/arantv.az\/wp-content\/uploads\/2024\/08\/thumb-322.jpg",188,120,false],"landscape":["https:\/\/arantv.az\/wp-content\/uploads\/2024\/08\/thumb-322.jpg",188,120,false],"portraits":["https:\/\/arantv.az\/wp-content\/uploads\/2024\/08\/thumb-322.jpg",188,120,false],"thumbnail":["https:\/\/arantv.az\/wp-content\/uploads\/2024\/08\/thumb-322.jpg",188,120,false],"medium":["https:\/\/arantv.az\/wp-content\/uploads\/2024\/08\/thumb-322.jpg",188,120,false],"large":["https:\/\/arantv.az\/wp-content\/uploads\/2024\/08\/thumb-322.jpg",188,120,false],"1536x1536":["https:\/\/arantv.az\/wp-content\/uploads\/2024\/08\/thumb-322.jpg",188,120,false],"2048x2048":["https:\/\/arantv.az\/wp-content\/uploads\/2024\/08\/thumb-322.jpg",188,120,false],"post-thumbnail":["https:\/\/arantv.az\/wp-content\/uploads\/2024\/08\/thumb-322.jpg",188,120,false],"advps-thumb-one":["https:\/\/arantv.az\/wp-content\/uploads\/2024\/08\/thumb-322.jpg",188,120,false]},"rttpg_author":{"display_name":"V\u00fcsal Rafiqo\u011flu","author_link":"https:\/\/arantv.az\/?author=2"},"rttpg_comment":0,"rttpg_category":"<a href=\"https:\/\/arantv.az\/?cat=2\" rel=\"category\">Region X\u0259b\u0259rl\u0259ri<\/a>","rttpg_excerpt":"2024-c\u00fc il sentyabr\u0131n 1-d\u0259 Az\u0259rbaycan Respublikas\u0131 Milli M\u0259clisin\u0259 ke\u00e7iril\u0259c\u0259k n\u00f6vb\u0259d\u0259nk\u0259nar se\u00e7kil\u0259rin t\u0259bli\u011fat-t\u0259\u015fviqat m\u0259rh\u0259l\u0259si \u00e7\u0259r\u00e7iv\u0259sind\u0259 Yeni Az\u0259rbaycan Partiyas\u0131 (YAP) t\u0259r\u0259find\u0259n 99 sayl\u0131 B\u0259rd\u0259 se\u00e7ki dair\u0259sind\u0259n deputatl\u0131\u011fa namiz\u0259dliyi ir\u0259li s\u00fcr\u00fclm\u00fc\u015f Fatma Y\u0131ld\u0131r\u0131m\u0131n YAP B\u0259rd\u0259 rayon t\u0259\u015fkilat\u0131n\u0131n q\u0259rargah\u0131nda se\u00e7icil\u0259rl\u0259 n\u00f6vb\u0259ti g\u00f6r\u00fc\u015fl\u0259ri ke\u00e7irilib. \u018fvv\u0259lc\u0259 Ulu \u00d6nd\u0259r Heyd\u0259r \u018fliyevin v\u0259 Az\u0259rbaycan\u0131n \u0259razi b\u00fct\u00f6vl\u00fcy\u00fc v\u0259 suverenliyi u\u011frunda canlar\u0131n\u0131 qurban vermi\u015f \u015f\u0259hidl\u0259rimizin&hellip;","_links":{"self":[{"href":"https:\/\/arantv.az\/index.php?rest_route=\/wp\/v2\/posts\/748405"}],"collection":[{"href":"https:\/\/arantv.az\/index.php?rest_route=\/wp\/v2\/posts"}],"about":[{"href":"https:\/\/arantv.az\/index.php?rest_route=\/wp\/v2\/types\/post"}],"author":[{"embeddable":true,"href":"https:\/\/arantv.az\/index.php?rest_route=\/wp\/v2\/users\/2"}],"replies":[{"embeddable":true,"href":"https:\/\/arantv.az\/index.php?rest_route=%2Fwp%2Fv2%2Fcomments&post=748405"}],"version-history":[{"count":1,"href":"https:\/\/arantv.az\/index.php?rest_route=\/wp\/v2\/posts\/748405\/revisions"}],"predecessor-version":[{"id":748429,"href":"https:\/\/arantv.az\/index.php?rest_route=\/wp\/v2\/posts\/748405\/revisions\/748429"}],"wp:featuredmedia":[{"embeddable":true,"href":"https:\/\/arantv.az\/index.php?rest_route=\/wp\/v2\/media\/748414"}],"wp:attachment":[{"href":"https:\/\/arantv.az\/index.php?rest_route=%2Fwp%2Fv2%2Fmedia&parent=748405"}],"wp:term":[{"taxonomy":"category","embeddable":true,"href":"https:\/\/arantv.az\/index.php?rest_route=%2Fwp%2Fv2%2Fcategories&post=748405"},{"taxonomy":"post_tag","embeddable":true,"href":"https:\/\/arantv.az\/index.php?rest_route=%2Fwp%2Fv2%2Ftags&post=748405"}],"curies":[{"name":"wp","href":"https:\/\/api.w.org\/{rel}","templated":true}]}}