{"id":748431,"date":"2024-08-28T11:45:52","date_gmt":"2024-08-28T07:45:52","guid":{"rendered":"https:\/\/arantv.az\/?p=748431"},"modified":"2024-08-28T11:45:52","modified_gmt":"2024-08-28T07:45:52","slug":"gurcustan-prezidenti-avropa-il%c9%99-rusiya-arasinda-secimd%c9%99n-danisdi","status":"publish","type":"post","link":"https:\/\/arantv.az\/?p=748431","title":{"rendered":"G\u00fcrc\u00fcstan prezidenti &#8220;Avropa il\u0259 Rusiya aras\u0131nda se\u00e7im&#8221;d\u0259n DANI\u015eDI"},"content":{"rendered":"<div class=\"text-content\" data-id=\"\" data-url=\"\">\n<p><strong>G\u00fcrc\u00fcstan prezidenti Salome Zurabi\u015fvili &#8220;xarici agentl\u0259r&#8221; haqq\u0131nda qanun layih\u0259sin\u0259 etiraz olaraq ke\u00e7iril\u0259n mitinqd\u0259 videoba\u011flant\u0131 vasit\u0259sil\u0259 n\u00fcmayi\u015f\u00e7il\u0259r\u0259 m\u00fcraci\u0259t edir.<\/strong><\/p>\n<p>G\u00fcrc\u00fcstan prezidenti Salome Zurabi\u015fvili pay\u0131zda ke\u00e7iril\u0259c\u0259k parlament se\u00e7kil\u0259rini \u00f6lk\u0259 \u00fc\u00e7\u00fcn &#8220;Avropa v\u0259 Rusiya aras\u0131nda se\u00e7im&#8221; adland\u0131r\u0131b.<\/p>\n<p>Zurabi\u015fvili se\u00e7kinin oktyabr\u0131n sonuncu g\u00fcn\u00fcn\u0259 \u2013 26-s\u0131na t\u0259yin olunmas\u0131 bar\u0259d\u0259 f\u0259rman imzalay\u0131b. O deyib ki, se\u00e7icil\u0259r m\u00fcharib\u0259 v\u0259 s\u00fclh aras\u0131nda se\u00e7m\u0259li olacaqlar.<\/p>\n<p>&#8220;Se\u00e7ki g\u00fcn\u00fc, se\u00e7im g\u00fcn\u00fc, sa\u011f qalmaq g\u00fcn\u00fc g\u0259lir&#8221;, \u2013 dey\u0259n Zurabi\u015fvili se\u00e7kinin \u00f6lk\u0259 \u00fc\u00e7\u00fcn h\u0259yati \u0259h\u0259miyy\u0259tli oldu\u011funu, bir \u00e7ox ill\u0259r \u0259rzind\u0259 onun taleyini m\u00fc\u0259yy\u0259nl\u0259\u015fdir\u0259c\u0259yini s\u00f6yl\u0259yib.<\/p>\n<p><strong>&#8220;G\u00fcrc\u00fcstanda he\u00e7 kim m\u00fcharib\u0259 ist\u0259mir, bunu he\u00e7 k\u0259s planla\u015fd\u0131rm\u0131r\u2026 Se\u00e7im Rusiyan\u0131n k\u00f6l\u0259si olmaq, yaxud Avropa il\u0259 \u0259m\u0259kda\u015fl\u0131q aras\u0131nda apar\u0131lacaq&#8221;, \u2013 Zurabi\u015fvili \u0259lav\u0259 edib.<\/strong><\/p>\n<p>G\u00fcrc\u00fcstan uzun m\u00fcdd\u0259t NATO v\u0259 Avropa \u0130ttifaq\u0131na qo\u015fulmaq niyy\u0259tind\u0259 olsa da, son ill\u0259r h\u00f6kum\u0259tin Q\u0259rbl\u0259 m\u00fcnasib\u0259tl\u0259rind\u0259 geril\u0259m\u0259 var, Tbilisinin Rusiyaya t\u0259r\u0259f y\u00f6n\u0259ldiyi g\u00f6r\u00fcn\u00fcr.<\/p>\n<p>Br\u00fcssel A\u0130-nin Tbilisi il\u0259 \u00fczvl\u00fck dan\u0131\u015f\u0131qlar\u0131na fasil\u0259 verib, Birl\u0259\u015fmi\u015f \u015etatlar G\u00fcrc\u00fcstanla m\u00fcnasib\u0259tl\u0259ri h\u0259rt\u0259r\u0259fli n\u0259z\u0259rd\u0259n ke\u00e7irm\u0259y\u0259 ba\u015flay\u0131b. Buna G\u00fcrc\u00fcstan h\u00f6kum\u0259tinin etirazlara baxmayaraq, &#8220;xarici agent&#8221; qanununu q\u0259bul etm\u0259si s\u0259b\u0259b olub. H\u00f6kum\u0259ti ke\u00e7mi\u015f ba\u015f nazir, milyarder Bidzina \u0130vani\u015fvilinin &#8220;G\u00fcrc\u00fc Arzusu&#8221; partiyas\u0131 idar\u0259 edir.<\/p>\n<p>G\u00fcrc\u00fcstanda v\u0259t\u0259nda\u015f c\u0259miyy\u0259ti ill\u0259rdir \u00f6lk\u0259nin Rusiyan\u0131n t\u0259sirind\u0259n uzaqla\u015fd\u0131r\u0131lmas\u0131na \u00e7al\u0131\u015f\u0131r. Moskva Tbilisi il\u0259 2008-ci ild\u0259 be\u015fg\u00fcnl\u00fck m\u00fcharib\u0259d\u0259n sonra G\u00fcrc\u00fcstan\u0131n C\u0259nubi Osetiya v\u0259 Abxaziya regionlar\u0131n\u0131 tan\u0131y\u0131b, h\u0259min \u0259razil\u0259r minl\u0259rl\u0259 h\u0259rb\u00e7i yerl\u0259\u015fdirib. (&#8220;Azadl\u0131q&#8221; radiosu)<\/p>\n<\/div>\n<div><\/div>\n<div><\/div>\n<div class=\"inner-social-box\">\n<div class=\"subs-in-social subs-whatsapp\"><\/div>\n<\/div>\n","protected":false},"excerpt":{"rendered":"<p>G\u00fcrc\u00fcstan prezidenti Salome Zurabi\u015fvili &#8220;xarici agentl\u0259r&#8221; haqq\u0131nda qanun layih\u0259sin\u0259 etiraz olaraq ke\u00e7iril\u0259n mitinqd\u0259 videoba\u011flant\u0131 vasit\u0259sil\u0259 n\u00fcmayi\u015f\u00e7il\u0259r\u0259 m\u00fcraci\u0259t edir. G\u00fcrc\u00fcstan prezidenti Salome Zurabi\u015fvili pay\u0131zda ke\u00e7iril\u0259c\u0259k parlament se\u00e7kil\u0259rini \u00f6lk\u0259 \u00fc\u00e7\u00fcn &#8220;Avropa v\u0259 Rusiya aras\u0131nda se\u00e7im&#8221; adland\u0131r\u0131b. Zurabi\u015fvili se\u00e7kinin oktyabr\u0131n sonuncu g\u00fcn\u00fcn\u0259 \u2013 26-s\u0131na t\u0259yin olunmas\u0131 bar\u0259d\u0259 f\u0259rman imzalay\u0131b. O deyib ki, se\u00e7icil\u0259r m\u00fcharib\u0259 v\u0259 s\u00fclh aras\u0131nda se\u00e7m\u0259li olacaqlar. &#8220;Se\u00e7ki g\u00fcn\u00fc, se\u00e7im g\u00fcn\u00fc, sa\u011f qalmaq g\u00fcn\u00fc g\u0259lir&#8221;, \u2013 dey\u0259n Zurabi\u015fvili se\u00e7kinin \u00f6lk\u0259 \u00fc\u00e7\u00fcn h\u0259yati \u0259h\u0259miyy\u0259tli oldu\u011funu, bir \u00e7ox ill\u0259r \u0259rzind\u0259 onun taleyini m\u00fc\u0259yy\u0259nl\u0259\u015fdir\u0259c\u0259yini s\u00f6yl\u0259yib. &#8220;G\u00fcrc\u00fcstanda he\u00e7 kim m\u00fcharib\u0259 ist\u0259mir, bunu he\u00e7 k\u0259s planla\u015fd\u0131rm\u0131r\u2026&hellip;<\/p>\n","protected":false},"author":2,"featured_media":748432,"comment_status":"closed","ping_status":"closed","sticky":false,"template":"","format":"standard","meta":{"om_disable_all_campaigns":false,"_monsterinsights_skip_tracking":false,"_monsterinsights_sitenote_active":false,"_monsterinsights_sitenote_note":"","_monsterinsights_sitenote_category":0},"categories":[19],"tags":[],"aioseo_notices":[],"gutentor_comment":0,"rttpg_featured_image_url":{"full":["https:\/\/arantv.az\/wp-content\/uploads\/2024\/08\/63b73af8334df4b531ff92e2a76315aa.png",870,500,false],"landscape":["https:\/\/arantv.az\/wp-content\/uploads\/2024\/08\/63b73af8334df4b531ff92e2a76315aa.png",870,500,false],"portraits":["https:\/\/arantv.az\/wp-content\/uploads\/2024\/08\/63b73af8334df4b531ff92e2a76315aa.png",870,500,false],"thumbnail":["https:\/\/arantv.az\/wp-content\/uploads\/2024\/08\/63b73af8334df4b531ff92e2a76315aa-500x280.png",500,280,true],"medium":["https:\/\/arantv.az\/wp-content\/uploads\/2024\/08\/63b73af8334df4b531ff92e2a76315aa-635x365.png",635,365,true],"large":["https:\/\/arantv.az\/wp-content\/uploads\/2024\/08\/63b73af8334df4b531ff92e2a76315aa-840x483.png",640,368,true],"1536x1536":["https:\/\/arantv.az\/wp-content\/uploads\/2024\/08\/63b73af8334df4b531ff92e2a76315aa.png",870,500,false],"2048x2048":["https:\/\/arantv.az\/wp-content\/uploads\/2024\/08\/63b73af8334df4b531ff92e2a76315aa.png",870,500,false],"post-thumbnail":["https:\/\/arantv.az\/wp-content\/uploads\/2024\/08\/63b73af8334df4b531ff92e2a76315aa-240x172.png",240,172,true],"advps-thumb-one":["https:\/\/arantv.az\/wp-content\/uploads\/2024\/08\/63b73af8334df4b531ff92e2a76315aa.png",870,500,false]},"rttpg_author":{"display_name":"V\u00fcsal Rafiqo\u011flu","author_link":"https:\/\/arantv.az\/?author=2"},"rttpg_comment":0,"rttpg_category":"<a href=\"https:\/\/arantv.az\/?cat=19\" rel=\"category\">G\u00fcnd\u0259m<\/a>","rttpg_excerpt":"G\u00fcrc\u00fcstan prezidenti Salome Zurabi\u015fvili &#8220;xarici agentl\u0259r&#8221; haqq\u0131nda qanun layih\u0259sin\u0259 etiraz olaraq ke\u00e7iril\u0259n mitinqd\u0259 videoba\u011flant\u0131 vasit\u0259sil\u0259 n\u00fcmayi\u015f\u00e7il\u0259r\u0259 m\u00fcraci\u0259t edir. G\u00fcrc\u00fcstan prezidenti Salome Zurabi\u015fvili pay\u0131zda ke\u00e7iril\u0259c\u0259k parlament se\u00e7kil\u0259rini \u00f6lk\u0259 \u00fc\u00e7\u00fcn &#8220;Avropa v\u0259 Rusiya aras\u0131nda se\u00e7im&#8221; adland\u0131r\u0131b. Zurabi\u015fvili se\u00e7kinin oktyabr\u0131n sonuncu g\u00fcn\u00fcn\u0259 \u2013 26-s\u0131na t\u0259yin olunmas\u0131 bar\u0259d\u0259 f\u0259rman imzalay\u0131b. O deyib ki, se\u00e7icil\u0259r m\u00fcharib\u0259 v\u0259 s\u00fclh aras\u0131nda se\u00e7m\u0259li&hellip;","_links":{"self":[{"href":"https:\/\/arantv.az\/index.php?rest_route=\/wp\/v2\/posts\/748431"}],"collection":[{"href":"https:\/\/arantv.az\/index.php?rest_route=\/wp\/v2\/posts"}],"about":[{"href":"https:\/\/arantv.az\/index.php?rest_route=\/wp\/v2\/types\/post"}],"author":[{"embeddable":true,"href":"https:\/\/arantv.az\/index.php?rest_route=\/wp\/v2\/users\/2"}],"replies":[{"embeddable":true,"href":"https:\/\/arantv.az\/index.php?rest_route=%2Fwp%2Fv2%2Fcomments&post=748431"}],"version-history":[{"count":2,"href":"https:\/\/arantv.az\/index.php?rest_route=\/wp\/v2\/posts\/748431\/revisions"}],"predecessor-version":[{"id":748434,"href":"https:\/\/arantv.az\/index.php?rest_route=\/wp\/v2\/posts\/748431\/revisions\/748434"}],"wp:featuredmedia":[{"embeddable":true,"href":"https:\/\/arantv.az\/index.php?rest_route=\/wp\/v2\/media\/748432"}],"wp:attachment":[{"href":"https:\/\/arantv.az\/index.php?rest_route=%2Fwp%2Fv2%2Fmedia&parent=748431"}],"wp:term":[{"taxonomy":"category","embeddable":true,"href":"https:\/\/arantv.az\/index.php?rest_route=%2Fwp%2Fv2%2Fcategories&post=748431"},{"taxonomy":"post_tag","embeddable":true,"href":"https:\/\/arantv.az\/index.php?rest_route=%2Fwp%2Fv2%2Ftags&post=748431"}],"curies":[{"name":"wp","href":"https:\/\/api.w.org\/{rel}","templated":true}]}}