{"id":748436,"date":"2024-08-28T12:09:33","date_gmt":"2024-08-28T08:09:33","guid":{"rendered":"https:\/\/arantv.az\/?p=748436"},"modified":"2024-08-28T12:09:33","modified_gmt":"2024-08-28T08:09:33","slug":"q%c9%99b%c9%99l%c9%99d%c9%99-16-yasli-oglan-41-yasli-kisini-bicaqladi","status":"publish","type":"post","link":"https:\/\/arantv.az\/?p=748436","title":{"rendered":"Q\u0259b\u0259l\u0259d\u0259 16 ya\u015fl\u0131 o\u011flan 41 ya\u015fl\u0131 ki\u015fini b\u0131\u00e7aqlad\u0131"},"content":{"rendered":"<p>Q\u0259b\u0259l\u0259d\u0259 28 avqust gec\u0259 saat 03 rad\u0259l\u0259rind\u0259 2008-ci il t\u0259v\u0259ll\u00fcdl\u00fc \u018f.S. \u015f\u0259xsi m\u00fcnasib\u0259tl\u0259r z\u0259minind\u0259 aralar\u0131nda yaranm\u0131\u015f m\u00fcbahis\u0259 zaman\u0131 41 ya\u015fl\u0131 Zamiq \u018fbd\u00fcr\u0259himova b\u0131\u00e7aqla x\u0259sar\u0259t yetirib.<\/p>\n<p>Daxili \u0130\u015fl\u0259r Nazirliyinin (D\u0130N) M\u0259tbuat Xidm\u0259tinin \u015e\u0259ki regional qrupundan Musavat.com-a bildirilib ki, polis \u0259m\u0259kda\u015flar\u0131n\u0131n h\u0259yata ke\u00e7irdikl\u0259ri t\u0259dbirl\u0259rl\u0259 \u0259m\u0259li t\u00f6r\u0259tm\u0259kd\u0259 \u015f\u00fcbh\u0259li bilin\u0259n yeniyetm\u0259 saxlan\u0131l\u0131b.<\/p>\n<p>M\u00fcvafiq ekspertiza t\u0259yin olunub, ara\u015fd\u0131rmalar davam etdirilir.<\/p>\n","protected":false},"excerpt":{"rendered":"<p>Q\u0259b\u0259l\u0259d\u0259 28 avqust gec\u0259 saat 03 rad\u0259l\u0259rind\u0259 2008-ci il t\u0259v\u0259ll\u00fcdl\u00fc \u018f.S. \u015f\u0259xsi m\u00fcnasib\u0259tl\u0259r z\u0259minind\u0259 aralar\u0131nda yaranm\u0131\u015f m\u00fcbahis\u0259 zaman\u0131 41 ya\u015fl\u0131 Zamiq \u018fbd\u00fcr\u0259himova b\u0131\u00e7aqla x\u0259sar\u0259t yetirib. Daxili \u0130\u015fl\u0259r Nazirliyinin (D\u0130N) M\u0259tbuat Xidm\u0259tinin \u015e\u0259ki regional qrupundan Musavat.com-a bildirilib ki, polis \u0259m\u0259kda\u015flar\u0131n\u0131n h\u0259yata ke\u00e7irdikl\u0259ri t\u0259dbirl\u0259rl\u0259 \u0259m\u0259li t\u00f6r\u0259tm\u0259kd\u0259 \u015f\u00fcbh\u0259li bilin\u0259n yeniyetm\u0259 saxlan\u0131l\u0131b. M\u00fcvafiq ekspertiza t\u0259yin olunub, ara\u015fd\u0131rmalar davam etdirilir.<\/p>\n","protected":false},"author":2,"featured_media":748438,"comment_status":"closed","ping_status":"closed","sticky":false,"template":"","format":"standard","meta":{"om_disable_all_campaigns":false,"_monsterinsights_skip_tracking":false,"_monsterinsights_sitenote_active":false,"_monsterinsights_sitenote_note":"","_monsterinsights_sitenote_category":0},"categories":[3],"tags":[],"aioseo_notices":[],"gutentor_comment":0,"rttpg_featured_image_url":{"full":["https:\/\/arantv.az\/wp-content\/uploads\/2024\/08\/520d91fd3c2091332b94bc69f6d518bd-1.jpg",870,500,false],"landscape":["https:\/\/arantv.az\/wp-content\/uploads\/2024\/08\/520d91fd3c2091332b94bc69f6d518bd-1.jpg",870,500,false],"portraits":["https:\/\/arantv.az\/wp-content\/uploads\/2024\/08\/520d91fd3c2091332b94bc69f6d518bd-1.jpg",870,500,false],"thumbnail":["https:\/\/arantv.az\/wp-content\/uploads\/2024\/08\/520d91fd3c2091332b94bc69f6d518bd-1-500x280.jpg",500,280,true],"medium":["https:\/\/arantv.az\/wp-content\/uploads\/2024\/08\/520d91fd3c2091332b94bc69f6d518bd-1-635x365.jpg",635,365,true],"large":["https:\/\/arantv.az\/wp-content\/uploads\/2024\/08\/520d91fd3c2091332b94bc69f6d518bd-1-840x483.jpg",640,368,true],"1536x1536":["https:\/\/arantv.az\/wp-content\/uploads\/2024\/08\/520d91fd3c2091332b94bc69f6d518bd-1.jpg",870,500,false],"2048x2048":["https:\/\/arantv.az\/wp-content\/uploads\/2024\/08\/520d91fd3c2091332b94bc69f6d518bd-1.jpg",870,500,false],"post-thumbnail":["https:\/\/arantv.az\/wp-content\/uploads\/2024\/08\/520d91fd3c2091332b94bc69f6d518bd-1-240x172.jpg",240,172,true],"advps-thumb-one":["https:\/\/arantv.az\/wp-content\/uploads\/2024\/08\/520d91fd3c2091332b94bc69f6d518bd-1.jpg",870,500,false]},"rttpg_author":{"display_name":"V\u00fcsal Rafiqo\u011flu","author_link":"https:\/\/arantv.az\/?author=2"},"rttpg_comment":0,"rttpg_category":"<a href=\"https:\/\/arantv.az\/?cat=3\" rel=\"category\">Kriminal<\/a>","rttpg_excerpt":"Q\u0259b\u0259l\u0259d\u0259 28 avqust gec\u0259 saat 03 rad\u0259l\u0259rind\u0259 2008-ci il t\u0259v\u0259ll\u00fcdl\u00fc \u018f.S. \u015f\u0259xsi m\u00fcnasib\u0259tl\u0259r z\u0259minind\u0259 aralar\u0131nda yaranm\u0131\u015f m\u00fcbahis\u0259 zaman\u0131 41 ya\u015fl\u0131 Zamiq \u018fbd\u00fcr\u0259himova b\u0131\u00e7aqla x\u0259sar\u0259t yetirib. Daxili \u0130\u015fl\u0259r Nazirliyinin (D\u0130N) M\u0259tbuat Xidm\u0259tinin \u015e\u0259ki regional qrupundan Musavat.com-a bildirilib ki, polis \u0259m\u0259kda\u015flar\u0131n\u0131n h\u0259yata ke\u00e7irdikl\u0259ri t\u0259dbirl\u0259rl\u0259 \u0259m\u0259li t\u00f6r\u0259tm\u0259kd\u0259 \u015f\u00fcbh\u0259li bilin\u0259n yeniyetm\u0259 saxlan\u0131l\u0131b. M\u00fcvafiq ekspertiza t\u0259yin olunub, ara\u015fd\u0131rmalar davam etdirilir.","_links":{"self":[{"href":"https:\/\/arantv.az\/index.php?rest_route=\/wp\/v2\/posts\/748436"}],"collection":[{"href":"https:\/\/arantv.az\/index.php?rest_route=\/wp\/v2\/posts"}],"about":[{"href":"https:\/\/arantv.az\/index.php?rest_route=\/wp\/v2\/types\/post"}],"author":[{"embeddable":true,"href":"https:\/\/arantv.az\/index.php?rest_route=\/wp\/v2\/users\/2"}],"replies":[{"embeddable":true,"href":"https:\/\/arantv.az\/index.php?rest_route=%2Fwp%2Fv2%2Fcomments&post=748436"}],"version-history":[{"count":2,"href":"https:\/\/arantv.az\/index.php?rest_route=\/wp\/v2\/posts\/748436\/revisions"}],"predecessor-version":[{"id":748440,"href":"https:\/\/arantv.az\/index.php?rest_route=\/wp\/v2\/posts\/748436\/revisions\/748440"}],"wp:featuredmedia":[{"embeddable":true,"href":"https:\/\/arantv.az\/index.php?rest_route=\/wp\/v2\/media\/748438"}],"wp:attachment":[{"href":"https:\/\/arantv.az\/index.php?rest_route=%2Fwp%2Fv2%2Fmedia&parent=748436"}],"wp:term":[{"taxonomy":"category","embeddable":true,"href":"https:\/\/arantv.az\/index.php?rest_route=%2Fwp%2Fv2%2Fcategories&post=748436"},{"taxonomy":"post_tag","embeddable":true,"href":"https:\/\/arantv.az\/index.php?rest_route=%2Fwp%2Fv2%2Ftags&post=748436"}],"curies":[{"name":"wp","href":"https:\/\/api.w.org\/{rel}","templated":true}]}}