{"id":748451,"date":"2024-08-28T12:13:19","date_gmt":"2024-08-28T08:13:19","guid":{"rendered":"https:\/\/arantv.az\/?p=748451"},"modified":"2024-08-28T12:13:19","modified_gmt":"2024-08-28T08:13:19","slug":"%c9%99raqcinin-sift%c9%99si-z%c9%99ng%c9%99zur-oyunun-icind%c9%99-yoxsa","status":"publish","type":"post","link":"https:\/\/arantv.az\/?p=748451","title":{"rendered":"\u018fraq\u00e7\u0131n\u0131n \u201csift\u0259si\u201d &#8211; Z\u0259ng\u0259zur oyunun i\u00e7ind\u0259, yoxsa&#8230;"},"content":{"rendered":"<p><strong>\u0130ran\u0131n yeni X\u0130N ba\u015f\u00e7\u0131s\u0131 Erm\u0259nistana onun s\u0259rh\u0259di yax\u0131nl\u0131\u011f\u0131nda Q\u0259rbl\u0259 m\u00fcbh\u0259m \u0259laq\u0259l\u0259rin\u0259 g\u00f6r\u0259 \u201cqulaqburmas\u0131\u201d ver\u0259c\u0259kmi?<\/strong><\/p>\n<p>Az\u0259rbaycan\u0131n xarici i\u015fl\u0259r naziri<strong>\u00a0Ceyhun Bayramovla<\/strong>\u00a0iranl\u0131 h\u0259mkar\u0131 Seyid Abbas \u018fraq\u00e7\u0131 aras\u0131nda telefon dan\u0131\u015f\u0131\u011f\u0131nda\u00a0 m\u00f6vcud ikit\u0259r\u0259fli \u0259m\u0259kda\u015fl\u0131q g\u00fcnd\u0259liyi, habel\u0259 regional m\u0259s\u0259l\u0259l\u0259r m\u00fczakir\u0259 olunub. T\u0259r\u0259fl\u0259r Az\u0259rbaycan v\u0259 \u0130ran aras\u0131nda bir s\u0131ra, o c\u00fcml\u0259d\u0259n iqtisadiyyat, ticar\u0259t, n\u0259qliyyat v\u0259 kommunikasiyalar sah\u0259si \u00fczr\u0259 birg\u0259 layih\u0259l\u0259rin icras\u0131 istiqam\u0259tind\u0259 \u0259m\u0259kda\u015fl\u0131\u011f\u0131n daha da g\u00fccl\u0259ndirilm\u0259sin\u0259 dair raz\u0131l\u0131q ifad\u0259 edibl\u0259r.<\/p>\n<p>Bu istiqam\u0259td\u0259, iqtisadi, ticar\u0259t v\u0259 humanitar sah\u0259l\u0259r \u00fczr\u0259 D\u00f6vl\u0259t Komissiyas\u0131n\u0131n i\u015finin \u0259h\u0259miyy\u0259ti diqq\u0259t\u0259 \u00e7atd\u0131r\u0131l\u0131b. \u018fraq\u00e7\u0131 Az\u0259rbaycan s\u0259firliyinin Tehranda i\u015finin b\u0259rpa olunmas\u0131ndan m\u0259mnun oldu\u011funu qeyd edib. \u201cYeni M\u00fcsavat\u201d yada sal\u0131r ki, Erm\u0259nistan\u0131n xarici i\u015fl\u0259r naziri Ararat Mirzoyan Bak\u0131dan iki g\u00fcn \u00f6nc\u0259 \u018fraq\u00e7\u0131ya z\u0259ng etmi\u015fdi. Ehtimallara g\u00f6r\u0259, Putin-Pa\u015finyan dan\u0131\u015f\u0131\u011f\u0131ndan bir ne\u00e7\u0259 saat sonra Mirzoyan\u0131n Tehrana z\u0259ngi d\u0259 yaranm\u0131\u015f v\u0259ziyy\u0259ti \u0130rana izah etm\u0259k v\u0259 regional m\u00fcst\u0259vid\u0259 d\u0259st\u0259k \u0259ld\u0259 etm\u0259k m\u0259qs\u0259di da\u015f\u0131y\u0131rd\u0131.<\/p>\n<p>H\u0259m \u0130r\u0259vandan, h\u0259m Bak\u0131dan X\u0130N r\u0259hb\u0259rin\u0259 z\u0259ngl\u0259rd\u0259 Tehrana \u0259lb\u0259tt\u0259 ki, f\u0259rqli mesajlar verilib. M\u0259lumdur ki, \u0130ran bir m\u00fcdd\u0259t susqunluqdan sonra yenid\u0259n Erm\u0259nistanla ba\u011fl\u0131 \u201cq\u0131rm\u0131z\u0131 x\u0259tt\u201d ritorikas\u0131na qay\u0131d\u0131b. \u018fvv\u0259l \u0130ran\u0131n Erm\u0259nistandak\u0131 s\u0259firi Mehdi Sobhani bildirib ki, C\u0259nubi Qafqazda kommunikasiyalar\u0131n a\u00e7\u0131lmas\u0131 m\u0259s\u0259l\u0259sind\u0259 Erm\u0259nistan\u0131n s\u0259rh\u0259dl\u0259ri n\u0259z\u0259r\u0259 al\u0131nmal\u0131d\u0131r.<strong>\u00a0\u201cBizim blokadan\u0131n aradan qald\u0131r\u0131lmas\u0131 il\u0259 ba\u011fl\u0131 m\u00f6vqeyimiz \u00e7ox ayd\u0131nd\u0131r. Onun aradan qald\u0131r\u0131lmas\u0131n\u0131n t\u0259r\u0259fdar\u0131y\u0131q. Amma bu, Erm\u0259nistan\u0131n suverenliyi il\u0259 olmal\u0131d\u0131r. Ayd\u0131nd\u0131r ki, blokadan\u0131n aradan qald\u0131r\u0131lmas\u0131 ba\u015f vers\u0259, n\u0259tic\u0259d\u0259 n\u0259qliyyat \u0259laq\u0259l\u0259ri g\u00fccl\u0259n\u0259c\u0259k. Ancaq bununla ba\u011fl\u0131 qar\u015f\u0131l\u0131ql\u0131 anla\u015fma olmal\u0131d\u0131r\u201d.<\/strong>\u00a0M.Sobhaninin fikirl\u0259rini bir q\u0259d\u0259r f\u0259rqli formada \u0130ran\u0131n Qafandak\u0131 konsulu Morteza Abedi Varameni d\u0259 t\u0259krarlay\u0131b.<\/p>\n<p>Az\u0259rbaycan v\u0259 Erm\u0259nistan n\u0259qliyyat kommunikasiyalar\u0131n\u0131n a\u00e7\u0131lmas\u0131n\u0131 s\u00fclh paketind\u0259n k\u0259narda saxlamaq bar\u0259d\u0259 raz\u0131l\u0131\u011fa g\u0259ldiyi bir vaxtda \u0130ran\u0131n narahatl\u0131\u011f\u0131n\u0131n artmas\u0131 t\u0259\u0259cc\u00fcbl\u00fc g\u00f6r\u00fcn\u00fcr. Erm\u0259nistan haz\u0131rda Q\u0259rbin anti-Rusiya, h\u0259m d\u0259 anti-\u0130ran c\u0259bh\u0259sind\u0259 f\u0259al rol al\u0131b. T\u0259sad\u00fcfi deyil ki, \u0130ran\u0131n ba\u015f konsulu Morteza Abedin Varamen \u201cQ\u0259rb \u00f6lk\u0259l\u0259ri S\u00fcnik\u0259 ciddi maraq g\u00f6st\u0259rir&#8230; Onlar\u0131 bura c\u0259lb ed\u0259n n\u0259dir?\u201d sual\u0131na cavab ver\u0259rk\u0259n Ukraynan\u0131 n\u00fcmun\u0259 g\u00f6st\u0259r\u0259r\u0259k, Erm\u0259nistan\u0131 h\u0259d\u0259l\u0259yib. \u201cBu suala onlar \u00f6zl\u0259ri cavab verm\u0259lidir. S\u00fcnik bizim \u00fc\u00e7\u00fcn \u00f6n\u0259mlidir, \u00e7\u00fcnki bu erm\u0259ni b\u00f6lg\u0259si \u0130ranla h\u0259ms\u0259rh\u0259ddir v\u0259 bizim Erm\u0259nistanla \u00e7ox\u0259srlik \u0259laq\u0259l\u0259rimiz var. Bu da siz\u0259 sual olmal\u0131d\u0131r &#8211; niy\u0259 bura g\u0259lirl\u0259r, yerli i\u015fl\u0259r\u0259 qar\u0131\u015f\u0131rlar, S\u00fcnikd\u0259 m\u00f6hk\u0259ml\u0259nm\u0259y\u0259 \u00e7al\u0131\u015f\u0131rlar? Bu suala m\u00fctl\u0259q cavab almal\u0131s\u0131n\u0131z. Biz bu \u00f6lk\u0259l\u0259r\u0259 deyirik ki, Erm\u0259nistana imkan verin ki, \u00f6z yolu il\u0259 getsin, qar\u0131\u015fmay\u0131n. Erm\u0259nistan m\u00fcst\u0259qil d\u00f6vl\u0259tdir v\u0259 bu m\u00fcst\u0259qilliy\u0259 h\u00f6rm\u0259t edilm\u0259lidir. He\u00e7 kim ona kiminl\u0259 dostluq qurmal\u0131 v\u0259 kiminl\u0259 dostluq etm\u0259m\u0259li oldu\u011funu dem\u0259m\u0259lidir. Erm\u0259nistan is\u0259 \u00f6z yolu il\u0259 getm\u0259lidir. Ukrayna m\u00fcnaqi\u015f\u0259si erm\u0259ni xalq\u0131 \u00fc\u00e7\u00fcn bir n\u00f6v d\u0259rs olmal\u0131d\u0131r\u201d, &#8211; konsul deyib.<\/p>\n<p>G\u00f6r\u00fcnd\u00fcy\u00fc kimi, \u0130ran\u0131n yeni xarici i\u015fl\u0259r naziri Bayramovla s\u00f6hb\u0259tind\u0259 x\u00fcsusi olaraq Z\u0259ng\u0259zur m\u0259s\u0259l\u0259sin\u0259 toxunmay\u0131b. Amma \u0130ran\u0131n Erm\u0259nistandak\u0131 s\u0259firinin v\u0259 konsulunun a\u00e7\u0131qlamalar\u0131na baxanda hiss olunur ki, \u00f6zl\u0259rini Mirzoyan\u0131n m\u00fcavinl\u0259ri kimi apar\u0131rlar. B\u0259s prezident Peze\u015fkian\u0131n t\u0259yin etdiyi yeni X\u0130N ba\u015f\u00e7\u0131s\u0131 \u0130r\u0259van\u0131n ikiba\u015fl\u0131 oyununa g\u00fcz\u0259\u015ftli m\u00f6vqe tutacaq, yoxsa Erm\u0259nistana onun s\u0259rh\u0259din yax\u0131nl\u0131\u011f\u0131nda Q\u0259rbl\u0259 m\u00fcbh\u0259m \u0259laq\u0259l\u0259rin\u0259 g\u00f6r\u0259 qulaqburmas\u0131 ver\u0259c\u0259k? Tehran\u0131n Z\u0259ng\u0259zur d\u0259hlizi il\u0259 ba\u011fl\u0131 ritorikas\u0131 d\u0259yi\u015f\u0259c\u0259kmi? \u0130ran b\u00f6lg\u0259y\u0259 amerikal\u0131lar\u0131 g\u0259tirdiyi \u00fc\u00e7\u00fcn Erm\u0259nistan\u0131 hans\u0131 \u015f\u0259kild\u0259 c\u0259zaland\u0131ra bil\u0259r?<\/p>\n<p><img loading=\"lazy\" src=\"https:\/\/pravda.az\/cdn\/2019\/december\/14\/QABIL2.jpg\" alt=\"Qabil H\u00fcseynli \u00f6z\u00fcn\u00fc \u00f6ld\u00fcr\u0259n qazid\u0259n dan\u0131\u015f\u0131b, a\u011flad\u0131 - V\u0130DEO Pravda.az\" width=\"777\" height=\"466\" \/><\/p>\n<p><strong>Qabil H\u00fcseynli<\/strong><\/p>\n<p><strong>Professor Qabil H\u00fcseynliy\u0259 g\u00f6r\u0259, Rusiya prezidentinin Bak\u0131da dedikl\u0259ri Tehran\u0131 raz\u0131 salmal\u0131d\u0131r v\u0259 \u0130ran \u0259vv\u0259lki kimi Az\u0259rbaycanla dan\u0131\u015fmamal\u0131d\u0131r: \u201cRusiya lideri \u015eimal-C\u0259nub d\u0259hlizinin Hind okean\u0131na \u00e7\u0131x\u0131\u015f\u0131 t\u0259min etm\u0259sinin vacibliyini qeyd etdi. Bu layih\u0259 \u0130ran\u0131n da \u00fcr\u0259yinc\u0259 olmal\u0131d\u0131r. Araz d\u0259hlizi d\u0259 var. \u00dcst\u0259lik, Z\u0259ng\u0259zur d\u0259hlizinin a\u00e7\u0131lmas\u0131 s\u00fclh m\u0259tnind\u0259n \u00e7\u0131xar\u0131l\u0131b sonraya saxland\u0131, Tehran indi n\u0259d\u0259n naraz\u0131 qals\u0131n ki?! Halbuki ba\u015f\u0131ndan m\u0259lum idi ki, Z\u0259ng\u0259zur koridoru \u0130rana qar\u015f\u0131 y\u00f6n\u0259lm\u0259yib, amma q\u0259bul etm\u0259dil\u0259r\u201d. Q.H\u00fcseynli \u00fcmumilikd\u0259 \u0130ran\u0131n Erm\u0259nistan\u0131 s\u0131\u011fallama\u011fa davam ed\u0259c\u0259yini g\u00f6zl\u0259yir:<\/strong>\u00a0\u201cBaxmayaraq ki, \u00f6t\u0259n h\u0259ft\u0259 Tehran \u0130r\u0259van\u0131n regiona k\u0259nar q\u00fcvv\u0259l\u0259ri g\u0259tirm\u0259sin\u0259 g\u00f6r\u0259 x\u0259b\u0259rdarl\u0131q etdi, bununla bel\u0259, m\u00fcnasib\u0259tl\u0259ri korlamaq ist\u0259mirl\u0259r. Ancaq Erm\u0259nistan Rusiya v\u0259 \u0130ran\u0131n d\u00fc\u015fm\u0259nl\u0259rini b\u00f6lg\u0259y\u0259 c\u0259lb etdikc\u0259, onunla h\u0259mi\u015f\u0259 indiki dild\u0259 dan\u0131\u015fmayacaqlar, t\u0259zyiql\u0259r g\u00fccl\u0259n\u0259c\u0259k. Haz\u0131rk\u0131 \u015f\u0259raitd\u0259 is\u0259 \u0130ran Erm\u0259nistan\u0131 c\u0259zaland\u0131rmaq fikrind\u0259 deyil. H\u0259tta bel\u0259 v\u0259ziyy\u0259t yaransa, bunu Rusiya ed\u0259c\u0259k. Y\u0259ni Erm\u0259nistan qulaqburman\u0131 Rusiyadan g\u00f6zl\u0259yir\u201d.<\/p>\n<p><strong>Professor Tehran\u0131n yeni ba\u015f diplomat\u0131ndan \u00e7ox \u015feyin as\u0131l\u0131 olmad\u0131\u011f\u0131n\u0131 d\u00fc\u015f\u00fcn\u00fcr:<\/strong>\u00a0\u201c\u0130ran\u0131n xarici siyas\u0259tini Xamenei m\u00fc\u0259yy\u0259n edir. Prezident d\u0259 b\u00f6y\u00fck s\u0259lahiyy\u0259tl\u0259r\u0259 sahib deyil. Amma dem\u0259liy\u0259m ki, Putinin Bak\u0131 s\u0259f\u0259rind\u0259n sonra xarici i\u015fl\u0259r nazirinin h\u0259m Az\u0259rbaycan, h\u0259m Erm\u0259nistanla telefon dan\u0131\u015f\u0131qlar\u0131 regionda yeni v\u0259ziyy\u0259td\u0259n x\u0259b\u0259r verir. B\u00fct\u00fcn bu t\u0259maslar s\u0131rf iqtisadi xarakter da\u015f\u0131y\u0131r: sanksiyalar alt\u0131nda olanlar logistikalar, d\u0259hlizl\u0259r, yeni g\u0259lir m\u0259nb\u0259l\u0259ri axtar\u0131\u015f\u0131ndad\u0131rlar. Putin\u0259 q\u0259d\u0259r \u015eoyqunun Tehran s\u0259f\u0259ri, ard\u0131nca Bak\u0131ya g\u0259li\u015fi d\u0259 m\u0259hz bu iqtisadi mar\u015frutu ifad\u0259 etm\u0259kd\u0259dir\u201d. Q.H\u00fcseynli b\u00fct\u00fcn hallarda regionun blokadada olan n\u0259qliyyat kommunikasiyalar\u0131n\u0131n gec-tez a\u00e7\u0131laca\u011f\u0131 q\u0259na\u0259tind\u0259dir: \u201cZ\u0259ng\u0259zur d\u0259hlizinin hans\u0131 statusda i\u015f\u0259 d\u00fc\u015f\u0259c\u0259yini dem\u0259k \u00e7\u0259tindir, lakin Nax\u00e7\u0131vana quru yol t\u0259min edil\u0259c\u0259k. \u0130ran\u0131n da maraqlar\u0131 qar\u015f\u0131lan\u0131b v\u0259 bundan sonra a\u011f\u0131z b\u00fczm\u0259y\u0259 s\u00f6zl\u0259ri qalmay\u0131b. Y\u0259ni Az\u0259rbaycan h\u0259m Araz d\u0259hlizi, h\u0259m \u015eimal-C\u0259nub d\u0259hlizi il\u0259 \u0130ran\u0131n dilini q\u0131sa el\u0259di. Z\u0259ng\u0259zur koridoru is\u0259 ham\u0131ya laz\u0131md\u0131r. Ona g\u00f6r\u0259 bu Orta d\u0259hlizin ba\u011fl\u0131 saxlanmas\u0131na Erm\u0259nistan qadir deyil, onun irad\u0259sind\u0259n k\u0259nar m\u0259s\u0259l\u0259l\u0259rdir\u201d.<\/p>\n<p><img src=\"https:\/\/cdn.qaynarinfo.az\/2022-07\/75acbff073d627e3e4d75618e7b7d7d41640585330_asifnerimanli-jpg.jpg\" alt=\"qaynarinfo.az\" \/><\/p>\n<p><strong>Asif N\u0259rimanl\u0131<\/strong><\/p>\n<p><strong>Siyasi \u015f\u0259rh\u00e7i Asif N\u0259rimanl\u0131n\u0131n fikrinc\u0259, Bayramovun z\u0259ngind\u0259 m\u0259qs\u0259d \u0130ran\u0131n yeni t\u0259yin olunan xarici i\u015fl\u0259r naziri il\u0259 ilk t\u0259mas\u0131n yarad\u0131lmas\u0131d\u0131r:<\/strong>\u00a0\u201c\u0130ki g\u00fcn \u00f6nc\u0259 \u0130r\u0259vandan Tehrana eyni m\u0259qs\u0259dl\u0259 z\u0259ng edilmi\u015fdi, h\u0259r\u00e7\u0259nd Ararat Mirzoyan\u0131n z\u0259ngi Putinin Pa\u015finyanla telefon dan\u0131\u015f\u0131\u011f\u0131 fonunda x\u00fcsusil\u0259 diqq\u0259t \u00e7\u0259kdi. V\u0259 istisna deyil ki, Mirzoyan \u018fraq\u00e7\u0131n\u0131 t\u0259brik etm\u0259kl\u0259 yana\u015f\u0131, Rusiyan\u0131n t\u0259zyiqi qar\u015f\u0131s\u0131nda regional d\u0259st\u0259yin davam etdirilm\u0259sini d\u0259 ist\u0259yib. Putin Bak\u0131da verdiyi v\u0259d\u0259 uy\u011fun olaraq, Moskvaya qay\u0131dan kimi Pa\u015finyana z\u0259ng etdi v\u0259 \u018fliyevl\u0259 dan\u0131\u015f\u0131qlarla ba\u011fl\u0131 onu m\u0259lumatland\u0131rd\u0131. Bak\u0131-Moskva-\u0130r\u0259van diplomatik trafikind\u0259 Rusiyan\u0131n h\u0259d\u0259fi b\u0259llidir: h\u0259m s\u00fclh dan\u0131\u015f\u0131qlar\u0131nda, h\u0259m d\u0259 bu dan\u0131\u015f\u0131qlar\u0131n alt b\u0259ndl\u0259rind\u0259 &#8211; s\u0259rh\u0259din delimitasiyas\u0131, kommunikasiyan\u0131n a\u00e7\u0131lmas\u0131 &#8211; arxa plana ke\u00e7mi\u015f i\u015ftirak\u00e7\u0131l\u0131\u011f\u0131n\u0131 aktualla\u015fd\u0131rmaq. Kremlin r\u0259smi m\u0259lumat\u0131nda da qeyd olunur ki, Putin Pa\u015finyana Rusiyan\u0131n Erm\u0259nistan v\u0259 Az\u0259rbaycana s\u00fclh m\u00fcqavil\u0259sinin haz\u0131rlanmas\u0131nda, s\u0259rh\u0259dl\u0259rin demarkasiyas\u0131 v\u0259 delimitasiyas\u0131nda, h\u0259m\u00e7inin n\u0259qliyyat v\u0259 logistika \u0259laq\u0259l\u0259rinin a\u00e7\u0131lmas\u0131nda yard\u0131m etm\u0259y\u0259 haz\u0131r oldu\u011funu deyib\u201d. T\u0259hlil\u00e7iy\u0259 g\u00f6r\u0259, Erm\u0259nistan Rusiya t\u0259zyiqin\u0259 qar\u015f\u0131 \u0130ranla yana\u015f\u0131, Q\u0259rb q\u00fcvv\u0259l\u0259rinin b\u00f6lg\u0259d\u0259 m\u00f6hk\u0259ml\u0259ndirilm\u0259si i\u015fini d\u0259 s\u00fcr\u0259tl\u0259ndir\u0259c\u0259k: \u201cBu m\u0259qs\u0259dl\u0259 Az\u0259rbaycanla s\u0259rh\u0259dd\u0259 t\u0259xribat h\u00fccumlar\u0131n\u0131n geni\u015fl\u0259n\u0259c\u0259yi istisna edilm\u0259m\u0259lidir\u201d.<\/p>\n<p><strong>Emil SALAMO\u011eLU,<\/strong><br \/>\n<strong>\u201cYeni M\u00fcsavat\u201d<\/strong><\/p>\n","protected":false},"excerpt":{"rendered":"<p>\u0130ran\u0131n yeni X\u0130N ba\u015f\u00e7\u0131s\u0131 Erm\u0259nistana onun s\u0259rh\u0259di yax\u0131nl\u0131\u011f\u0131nda Q\u0259rbl\u0259 m\u00fcbh\u0259m \u0259laq\u0259l\u0259rin\u0259 g\u00f6r\u0259 \u201cqulaqburmas\u0131\u201d ver\u0259c\u0259kmi? Az\u0259rbaycan\u0131n xarici i\u015fl\u0259r naziri\u00a0Ceyhun Bayramovla\u00a0iranl\u0131 h\u0259mkar\u0131 Seyid Abbas \u018fraq\u00e7\u0131 aras\u0131nda telefon dan\u0131\u015f\u0131\u011f\u0131nda\u00a0 m\u00f6vcud ikit\u0259r\u0259fli \u0259m\u0259kda\u015fl\u0131q g\u00fcnd\u0259liyi, habel\u0259 regional m\u0259s\u0259l\u0259l\u0259r m\u00fczakir\u0259 olunub. T\u0259r\u0259fl\u0259r Az\u0259rbaycan v\u0259 \u0130ran aras\u0131nda bir s\u0131ra, o c\u00fcml\u0259d\u0259n iqtisadiyyat, ticar\u0259t, n\u0259qliyyat v\u0259 kommunikasiyalar sah\u0259si \u00fczr\u0259 birg\u0259 layih\u0259l\u0259rin icras\u0131 istiqam\u0259tind\u0259 \u0259m\u0259kda\u015fl\u0131\u011f\u0131n daha da g\u00fccl\u0259ndirilm\u0259sin\u0259 dair raz\u0131l\u0131q ifad\u0259 edibl\u0259r. Bu istiqam\u0259td\u0259, iqtisadi, ticar\u0259t v\u0259 humanitar sah\u0259l\u0259r \u00fczr\u0259 D\u00f6vl\u0259t Komissiyas\u0131n\u0131n i\u015finin \u0259h\u0259miyy\u0259ti diqq\u0259t\u0259 \u00e7atd\u0131r\u0131l\u0131b. \u018fraq\u00e7\u0131 Az\u0259rbaycan s\u0259firliyinin Tehranda i\u015finin b\u0259rpa olunmas\u0131ndan m\u0259mnun oldu\u011funu qeyd edib. \u201cYeni M\u00fcsavat\u201d&hellip;<\/p>\n","protected":false},"author":2,"featured_media":748452,"comment_status":"closed","ping_status":"closed","sticky":false,"template":"","format":"standard","meta":{"om_disable_all_campaigns":false,"_monsterinsights_skip_tracking":false,"_monsterinsights_sitenote_active":false,"_monsterinsights_sitenote_note":"","_monsterinsights_sitenote_category":0},"categories":[4],"tags":[],"aioseo_notices":[],"gutentor_comment":0,"rttpg_featured_image_url":{"full":["https:\/\/arantv.az\/wp-content\/uploads\/2024\/08\/81aa500e029e6ed3c3bc2a45499ddc67.jpg",850,500,false],"landscape":["https:\/\/arantv.az\/wp-content\/uploads\/2024\/08\/81aa500e029e6ed3c3bc2a45499ddc67.jpg",850,500,false],"portraits":["https:\/\/arantv.az\/wp-content\/uploads\/2024\/08\/81aa500e029e6ed3c3bc2a45499ddc67.jpg",850,500,false],"thumbnail":["https:\/\/arantv.az\/wp-content\/uploads\/2024\/08\/81aa500e029e6ed3c3bc2a45499ddc67-500x280.jpg",500,280,true],"medium":["https:\/\/arantv.az\/wp-content\/uploads\/2024\/08\/81aa500e029e6ed3c3bc2a45499ddc67-621x365.jpg",621,365,true],"large":["https:\/\/arantv.az\/wp-content\/uploads\/2024\/08\/81aa500e029e6ed3c3bc2a45499ddc67-840x494.jpg",640,376,true],"1536x1536":["https:\/\/arantv.az\/wp-content\/uploads\/2024\/08\/81aa500e029e6ed3c3bc2a45499ddc67.jpg",850,500,false],"2048x2048":["https:\/\/arantv.az\/wp-content\/uploads\/2024\/08\/81aa500e029e6ed3c3bc2a45499ddc67.jpg",850,500,false],"post-thumbnail":["https:\/\/arantv.az\/wp-content\/uploads\/2024\/08\/81aa500e029e6ed3c3bc2a45499ddc67-240x172.jpg",240,172,true],"advps-thumb-one":["https:\/\/arantv.az\/wp-content\/uploads\/2024\/08\/81aa500e029e6ed3c3bc2a45499ddc67.jpg",850,500,false]},"rttpg_author":{"display_name":"V\u00fcsal Rafiqo\u011flu","author_link":"https:\/\/arantv.az\/?author=2"},"rttpg_comment":0,"rttpg_category":"<a href=\"https:\/\/arantv.az\/?cat=4\" rel=\"category\">Siyas\u0259t<\/a>","rttpg_excerpt":"\u0130ran\u0131n yeni X\u0130N ba\u015f\u00e7\u0131s\u0131 Erm\u0259nistana onun s\u0259rh\u0259di yax\u0131nl\u0131\u011f\u0131nda Q\u0259rbl\u0259 m\u00fcbh\u0259m \u0259laq\u0259l\u0259rin\u0259 g\u00f6r\u0259 \u201cqulaqburmas\u0131\u201d ver\u0259c\u0259kmi? Az\u0259rbaycan\u0131n xarici i\u015fl\u0259r naziri\u00a0Ceyhun Bayramovla\u00a0iranl\u0131 h\u0259mkar\u0131 Seyid Abbas \u018fraq\u00e7\u0131 aras\u0131nda telefon dan\u0131\u015f\u0131\u011f\u0131nda\u00a0 m\u00f6vcud ikit\u0259r\u0259fli \u0259m\u0259kda\u015fl\u0131q g\u00fcnd\u0259liyi, habel\u0259 regional m\u0259s\u0259l\u0259l\u0259r m\u00fczakir\u0259 olunub. T\u0259r\u0259fl\u0259r Az\u0259rbaycan v\u0259 \u0130ran aras\u0131nda bir s\u0131ra, o c\u00fcml\u0259d\u0259n iqtisadiyyat, ticar\u0259t, n\u0259qliyyat v\u0259 kommunikasiyalar sah\u0259si \u00fczr\u0259 birg\u0259 layih\u0259l\u0259rin icras\u0131 istiqam\u0259tind\u0259&hellip;","_links":{"self":[{"href":"https:\/\/arantv.az\/index.php?rest_route=\/wp\/v2\/posts\/748451"}],"collection":[{"href":"https:\/\/arantv.az\/index.php?rest_route=\/wp\/v2\/posts"}],"about":[{"href":"https:\/\/arantv.az\/index.php?rest_route=\/wp\/v2\/types\/post"}],"author":[{"embeddable":true,"href":"https:\/\/arantv.az\/index.php?rest_route=\/wp\/v2\/users\/2"}],"replies":[{"embeddable":true,"href":"https:\/\/arantv.az\/index.php?rest_route=%2Fwp%2Fv2%2Fcomments&post=748451"}],"version-history":[{"count":1,"href":"https:\/\/arantv.az\/index.php?rest_route=\/wp\/v2\/posts\/748451\/revisions"}],"predecessor-version":[{"id":748453,"href":"https:\/\/arantv.az\/index.php?rest_route=\/wp\/v2\/posts\/748451\/revisions\/748453"}],"wp:featuredmedia":[{"embeddable":true,"href":"https:\/\/arantv.az\/index.php?rest_route=\/wp\/v2\/media\/748452"}],"wp:attachment":[{"href":"https:\/\/arantv.az\/index.php?rest_route=%2Fwp%2Fv2%2Fmedia&parent=748451"}],"wp:term":[{"taxonomy":"category","embeddable":true,"href":"https:\/\/arantv.az\/index.php?rest_route=%2Fwp%2Fv2%2Fcategories&post=748451"},{"taxonomy":"post_tag","embeddable":true,"href":"https:\/\/arantv.az\/index.php?rest_route=%2Fwp%2Fv2%2Ftags&post=748451"}],"curies":[{"name":"wp","href":"https:\/\/api.w.org\/{rel}","templated":true}]}}