{"id":748461,"date":"2024-08-28T13:04:57","date_gmt":"2024-08-28T09:04:57","guid":{"rendered":"https:\/\/arantv.az\/?p=748461"},"modified":"2024-08-28T13:04:57","modified_gmt":"2024-08-28T09:04:57","slug":"usaqlar-rusiya-%c9%99sg%c9%99rl%c9%99rin%c9%99-h%c9%99v%c9%99sl%c9%99ndirici-m%c9%99ktublar-yazir-el%c9%99-t%c9%99limatlar-alirlar-ki","status":"publish","type":"post","link":"https:\/\/arantv.az\/?p=748461","title":{"rendered":"U\u015faqlar Rusiya \u0259sg\u0259rl\u0259rin\u0259 h\u0259v\u0259sl\u0259ndirici m\u0259ktublar yaz\u0131r, el\u0259 t\u0259limatlar al\u0131rlar ki&#8230;"},"content":{"rendered":"<p><strong>Belarusda 2020-ci ild\u0259ki ziddiyy\u0259tli prezident se\u00e7kil\u0259rind\u0259n sonra ba\u015f qald\u0131ran misli g\u00f6r\u00fcnm\u0259mi\u015f etiraz n\u00fcmayi\u015fl\u0259rinin ard\u0131nca h\u00f6kum\u0259t f\u0259allar\u0131 h\u0259bs\u0259 atma\u011fa, m\u00fcst\u0259qil median\u0131 qapatma\u011fa v\u0259 v\u0259t\u0259nda\u015f c\u0259miyy\u0259tini demontaj etm\u0259y\u0259 ba\u015flad\u0131.<\/strong><\/p>\n<p>\u018fn t\u0259kl\u0259nmi\u015f durumda da minl\u0259rl\u0259 yetim u\u015faq v\u0259 ata-anas\u0131 q\u0259yyumluq h\u00fcququndan m\u0259hrum edil\u0259nl\u0259rin \u00f6vladlar\u0131 qald\u0131.<\/p>\n<p><strong>&#8220;\u018fvv\u0259ll\u0259r bel\u0259 u\u015faqlar\u0131n c\u0259miyy\u0259t\u0259 qat\u0131l\u0131b qazand\u0131r\u0131lmas\u0131ndan \u00f6tr\u00fc alternativl\u0259r t\u0259klif ed\u0259n t\u0259\u015fkilatlar vard\u0131. \u0130ndi bu i\u015fl\u0259 yaln\u0131z d\u00f6vl\u0259t m\u0259\u015f\u011ful olur, onun da \u00f6z maraqlar\u0131 var&#8221;<\/strong>, &#8211; belaruslu u\u015faq psixoloqu v\u0259 insan haqlar\u0131 f\u0259al\u0131\u00a0<strong>Volha Vyali\u00e7ka\u00a0<\/strong>CurrentTimeTV-y\u0259 deyib. 2021-ci ilin ortalar\u0131nda Qrodnoda i\u015fl\u0259tdiyi u\u015faq evi qapad\u0131landan sonra Vyali\u00e7ka \u00f6lk\u0259ni t\u0259rk ed\u0259r\u0259k Pol\u015faya getm\u0259li olub.<\/p>\n<h3 class=\"wsw__h3\">U\u015faqlara Rusiya \u0259sg\u0259rl\u0259rin\u0259 h\u0259v\u0259sl\u0259ndirici m\u0259ktublar yazmaq tap\u015f\u0131r\u0131\u011f\u0131 verilir<\/h3>\n<p>Maraql\u0131d\u0131r ki, \u00f6z\u0259llikl\u0259 2022-ci ilin fevral\u0131nda &#8211; Rusiya Ukraynaya tammiqyasl\u0131 h\u00fccumu ba\u015fladandan b\u0259ri d\u00f6vl\u0259tin bu maraqlar\u0131 h\u0259rbi-v\u0259t\u0259np\u0259rv\u0259rlik f\u0259aliyy\u0259tl\u0259ri \u0259traf\u0131nda c\u0259ml\u0259\u015fib. D\u00f6vl\u0259t v\u0259 Belarus Katolik Kils\u0259sin\u0259 aid m\u00fc\u0259ssis\u0259l\u0259rd\u0259 b\u00f6y\u00fcy\u0259n yetim u\u015faqlar h\u0259rbi bazalardak\u0131 d\u00fc\u015f\u0259rg\u0259l\u0259r\u0259 g\u00f6nd\u0259rilir, Rusiya &#8220;Vaqner&#8221; qrupunun muzdlular\u0131 onlara h\u0259rbi t\u0259liml\u0259r ke\u00e7ir v\u0259 silahla davranma\u011f\u0131 \u00f6yr\u0259dir, el\u0259c\u0259 d\u0259 Ukrayna \u0259razil\u0259rini i\u015f\u011fal ed\u0259n Rusiya \u0259sg\u0259rl\u0259rin\u0259 h\u0259v\u0259sl\u0259ndirici m\u0259ktublar yazmaq tap\u015f\u0131r\u0131\u011f\u0131 verir.<\/p>\n<p>D\u00f6vl\u0259tin &#8220;v\u0259t\u0259np\u0259rv\u0259rlik&#8221; t\u0259hsili M\u00fcdafi\u0259, T\u0259hsil, Daxili \u0130\u015fl\u0259r v\u0259 F\u00f6vq\u0259lad\u0259 Hallar nazirlikl\u0259rinin birg\u0259 i\u015finin m\u0259hsuludur. H\u0259ssas durumda olan u\u015faqlardan \u00f6tr\u00fc bel\u0259 d\u00fc\u015f\u0259rg\u0259l\u0259r, az\u0131, 2007-ci ild\u0259n b\u0259ri olsa da, Ukraynada apar\u0131lan sava\u015f v\u0259 Belarusda get-ged\u0259 g\u00fccl\u0259n\u0259n avtoritarizm bu f\u0259aliyy\u0259t y\u00f6n\u00fcn\u00fc \u00f6nc\u0259liy\u0259 \u00e7evirib.<\/p>\n<p>CurrentTimeTV-nin m\u0259qal\u0259sind\u0259 deyilir ki, yetim v\u0259 sosial bax\u0131mdan h\u0259ssas durumdak\u0131 dig\u0259r u\u015faqlar \u00fc\u00e7\u00fcn h\u0259rbi birlikl\u0259rd\u0259ki d\u00fc\u015f\u0259rg\u0259l\u0259rin say\u0131 2020-ci ild\u0259n b\u0259ri ard\u0131c\u0131l olaraq art\u0131b. D\u00f6vl\u0259t medias\u0131n\u0131n yayd\u0131\u011f\u0131 x\u0259b\u0259rl\u0259rd\u0259 2021-22-ci ill\u0259rd\u0259 480-d\u0259k bu c\u00fcr d\u00fc\u015f\u0259rg\u0259nin t\u0259\u015fkil edildiyi deyilir. \u00d6t\u0259n ild\u0259 is\u0259 6 min\u0259 yax\u0131n u\u015fa\u011f\u0131n i\u015ftirak\u0131 il\u0259 bu q\u0259bild\u0259n olan 583 d\u00fc\u015f\u0259rg\u0259 t\u0259\u015fkil edilib.<\/p>\n<div class=\"wsw__embed\">\n<figure class=\"media-image js-media-expand js-media-expand--ready\">\n<div class=\"img-wrap\">\n<div class=\"thumb\"><img class=\" enhanced\" src=\"https:\/\/d1ch1hnmkvz5zo.cloudfront.net\/01000000-0aff-0242-e125-08db8e021d39_w650_r1_s.jpg\" alt=\"&quot;Vaqner&quot; muzdlu d\u00f6y\u00fc\u015f\u00e7\u00fcl\u0259ri Minsk yax\u0131nl\u0131\u011f\u0131ndak\u0131 h\u0259rbi-v\u0259t\u0259np\u0259rv\u0259rlik klubunda u\u015faqlara t\u0259limat ke\u00e7irl\u0259r.\" \/><\/div>\n<\/div><figcaption><span class=\"caption\">&#8220;Vaqner&#8221; muzdlu d\u00f6y\u00fc\u015f\u00e7\u00fcl\u0259ri Minsk yax\u0131nl\u0131\u011f\u0131ndak\u0131 h\u0259rbi-v\u0259t\u0259np\u0259rv\u0259rlik klubunda u\u015faqlara t\u0259limat ke\u00e7irl\u0259r.<\/span><\/figcaption><\/figure>\n<\/div>\n<p>&#8220;Belta&#8221; d\u00f6vl\u0259t x\u0259b\u0259r agentliyi bildirib ki, 2024-c\u00fc ild\u0259 h\u00f6kum\u0259t \u00e7ox sayda yetim v\u0259 d\u00f6vl\u0259tin sosial xidm\u0259tl\u0259r sistemind\u0259 b\u00f6y\u00fcm\u0259kd\u0259 olan u\u015faqlar\u0131n da daxil oldu\u011fu 14 min u\u015faq \u00fc\u00e7\u00fcn silahl\u0131 q\u00fcvv\u0259l\u0259rin struktur v\u0259 b\u00f6lm\u0259 bazalar\u0131nda yay d\u00fc\u015f\u0259rg\u0259 t\u0259liml\u0259ri ke\u00e7irm\u0259yi planla\u015fd\u0131r\u0131b. X\u0259b\u0259rd\u0259 deyilir ki, bel\u0259 t\u0259liml\u0259ri veteranlar, muzdlular v\u0259 f\u0259aliyy\u0259td\u0259 olan hey\u0259tl\u0259r apar\u0131r.<\/p>\n<p>\u00d6t\u0259n ilin iyulunda d\u00f6vl\u0259t televiziyas\u0131n\u0131n \u015f\u0259rh\u00e7isi\u00a0<strong>Kseniya Lebedeva<\/strong>\u00a0Telegram-da payla\u015fd\u0131\u011f\u0131 videoda &#8220;Vaqner&#8221; muzdlular\u0131n\u0131n bir qrup balaca u\u015fa\u011fa h\u0259rbi-v\u0259t\u0259np\u0259rv\u0259rlik klubunda t\u0259lim ke\u00e7m\u0259sini g\u00f6r\u00fcnt\u00fcl\u0259mi\u015fdi.<\/p>\n<h3 class=\"wsw__h3\">D\u00fczg\u00fcn oyuncaq v\u0259 d\u00fczg\u00fcn m\u00fc\u0259lliml\u0259r?<\/h3>\n<p><strong>&#8220;Bilirsiniz, bu, Meri Poppins deyil. Bizim u\u015faqlar d\u00fczg\u00fcn oyuncaq v\u0259 d\u00fczg\u00fcn m\u00fc\u0259lliml\u0259ri se\u00e7irl\u0259r&#8221;<\/strong>, &#8211; Lebedeva bel\u0259 yazm\u0131\u015fd\u0131.<\/p>\n<p>F\u00f6vq\u0259lad\u0259 Hallar Nazirliyi Universitetinin yetim v\u0259 h\u0259ssas durumda olan u\u015faqlar \u00fc\u00e7\u00fcn liseyi var. 2024-c\u00fc ild\u0259 bu liseyi bitir\u0259n u\u015faqlar\u0131n 93 faizi h\u0259rbi-texniki t\u0259hsil m\u00fc\u0259ssis\u0259l\u0259rind\u0259 oxuma\u011f\u0131 planla\u015fd\u0131r\u0131b.<\/p>\n<p><strong>&#8220;Yurdsev\u0259rlik konseptind\u0259 d\u0259yi\u015fiklik ba\u015f verib. \u0130ndi v\u0259t\u0259np\u0259rv\u0259rlik daha Belarusa sevgi deyil, h\u0259r \u015feyd\u0259n \u00f6nc\u0259 m\u00f6vcud hakimiyy\u0259t\u0259 loyall\u0131q dem\u0259kdir&#8221;<\/strong>, &#8211; Belarus Helsinki Komit\u0259sinin n\u00fcmay\u0259nd\u0259si\u00a0<strong>Katsyar\u0131na Deykalo<\/strong>\u00a0Litva parlamentinin iyunda ke\u00e7irdiyi d\u0259yirmi masada bel\u0259 deyib.<\/p>\n<p>Deykalo bu t\u0259dris prosesind\u0259 ordu v\u0259 Moskva il\u0259 s\u0131x ba\u011fl\u0131 olan Belarus Pravoslav Kils\u0259sinin f\u0259al i\u015ftirak\u0131n\u0131 ayr\u0131ca vur\u011fulay\u0131b. &#8220;Mediazona&#8221; x\u0259b\u0259r sayt\u0131n\u0131n \u00f6t\u0259n il d\u0259rc etdiyi bilgiy\u0259 g\u00f6r\u0259, kils\u0259 \u00f6lk\u0259 boyunca 20-d\u0259k h\u0259rbi-v\u0259t\u0259np\u0259rv\u0259rlik klubunun f\u0259aliyy\u0259tini t\u0259\u015fkil edib. May ay\u0131nda T\u0259hsil Nazirliyi pravoslav monast\u0131rlar\u0131na h\u0259ssas u\u015faqlar \u00fc\u00e7\u00fcn s\u0131\u011f\u0131nacaqlar a\u00e7maq yetkisi verib.<\/p>\n<div class=\"wsw__embed\">\n<figure class=\"media-image js-media-expand js-media-expand--ready\">\n<div class=\"img-wrap\">\n<div class=\"thumb\"><img class=\" enhanced\" src=\"https:\/\/d1ch1hnmkvz5zo.cloudfront.net\/01000000-0aff-0242-d820-08dcc5ccbe5c_cx0_cy3_cw100_w650_r1_s.jpg\" alt=\"\u0130mkans\u0131z ail\u0259l\u0259rd\u0259n olan yeniyetm\u0259l\u0259r Belarusun h\u0259rbil\u0259\u015fdirilmi\u015f d\u00fc\u015f\u0259rg\u0259sind\u0259.\" \/><\/div>\n<\/div><figcaption><span class=\"caption\">\u0130mkans\u0131z ail\u0259l\u0259rd\u0259n olan yeniyetm\u0259l\u0259r Belarusun h\u0259rbil\u0259\u015fdirilmi\u015f d\u00fc\u015f\u0259rg\u0259sind\u0259.<\/span><\/figcaption><\/figure>\n<\/div>\n<h3 class=\"wsw__h3\">&#8220;Xo\u015f s\u00f6zl\u0259r dey\u0259n h\u0259r bir b\u00f6y\u00fck onlar\u0131n g\u00f6z\u00fcnd\u0259 qoruyucuya \u00e7evrilir&#8221;<\/h3>\n<p>U\u015faq psixoloqu\u00a0<strong>Vyali\u00e7ka\u00a0<\/strong>deyir ki, yetiml\u0259r v\u0259 h\u0259ssas durumda olan u\u015faqlar\u0131n onlara m\u0259ruz qoyulduqlar\u0131 ifrat ideologiyala\u015fd\u0131r\u0131lm\u0131\u015f v\u0259 h\u0259rbil\u0259\u015fdirilmi\u015f ortam\u0131 anlama\u011fa yard\u0131m g\u00f6st\u0259r\u0259c\u0259k yetkin ya\u015fl\u0131 rol modell\u0259ri olmur:\u00a0<strong>&#8220;Valideynl\u0259ri olan u\u015faqlar bunun \u00f6hd\u0259sind\u0259n g\u0259l\u0259 bildiyi halda, h\u0259rbi-v\u0259t\u0259np\u0259rv\u0259rlik t\u0259drisini yetiml\u0259r\u0259 [yeritm\u0259k] daha asand\u0131r&#8221;.<\/strong><\/p>\n<p>\u00dcst\u0259lik, u\u015faq evl\u0259rind\u0259 internet v\u0259 informasiyaya \u00e7\u0131x\u0131\u015f\u0131n s\u0259rt m\u0259hdudla\u015fd\u0131r\u0131lmas\u0131 bu u\u015faqlar\u0131 daha da h\u0259ssas duruma sal\u0131r.<\/p>\n<p>&#8220;Yetiml\u0259r \u00f6z \u0259sas d\u0259st\u0259kl\u0259rini itirmi\u015f k\u00f6vr\u0259k u\u015faqlard\u0131r. Bu \u00fczd\u0259n, h\u0259r hans\u0131 \u015firni ver\u0259n, yaxud xo\u015f s\u00f6zl\u0259r dey\u0259n h\u0259r bir b\u00f6y\u00fck onlara bir n\u00f6v qoruyucu kimi g\u00f6r\u00fcn\u00fcr. Onlar bu u\u015faqlar\u0131n g\u00f6z\u00fcnd\u0259 m\u00fcsb\u0259t q\u0259hr\u0259mana v\u0259 rol model\u0259 \u00e7evril\u0259 bilirl\u0259r&#8221;, &#8211; Vyali\u00e7kan\u0131n s\u00f6zl\u0259ridir.<\/p>\n<p>BMT \u0130nsan Haqlar\u0131 \u015euras\u0131n\u0131n \u00f6t\u0259nilki mart sessiyas\u0131nda Beyn\u0259lxalq Bar\u0131\u015f\u0131q Birliyi (IFOR) Belarusda u\u015faqlara h\u0259rbi t\u0259lim proqramlar\u0131n\u0131n ke\u00e7ilm\u0259sind\u0259n narahatl\u0131\u011f\u0131n\u0131 dil\u0259 g\u0259tirib. Qurum 2022-ci ild\u0259 odlu silahla davranman\u0131n da daxil oldu\u011fu bu t\u0259liml\u0259rd\u0259n \u0259n ki\u00e7ikl\u0259rinin ya\u015f\u0131 6 olan 18 mind\u0259n \u00e7ox u\u015fa\u011f\u0131n ke\u00e7diyini bildirib.\u00a0<strong>(&#8220;Azadl\u0131q&#8221; radiosu)<\/strong><\/p>\n","protected":false},"excerpt":{"rendered":"<p>Belarusda 2020-ci ild\u0259ki ziddiyy\u0259tli prezident se\u00e7kil\u0259rind\u0259n sonra ba\u015f qald\u0131ran misli g\u00f6r\u00fcnm\u0259mi\u015f etiraz n\u00fcmayi\u015fl\u0259rinin ard\u0131nca h\u00f6kum\u0259t f\u0259allar\u0131 h\u0259bs\u0259 atma\u011fa, m\u00fcst\u0259qil median\u0131 qapatma\u011fa v\u0259 v\u0259t\u0259nda\u015f c\u0259miyy\u0259tini demontaj etm\u0259y\u0259 ba\u015flad\u0131. \u018fn t\u0259kl\u0259nmi\u015f durumda da minl\u0259rl\u0259 yetim u\u015faq v\u0259 ata-anas\u0131 q\u0259yyumluq h\u00fcququndan m\u0259hrum edil\u0259nl\u0259rin \u00f6vladlar\u0131 qald\u0131. &#8220;\u018fvv\u0259ll\u0259r bel\u0259 u\u015faqlar\u0131n c\u0259miyy\u0259t\u0259 qat\u0131l\u0131b qazand\u0131r\u0131lmas\u0131ndan \u00f6tr\u00fc alternativl\u0259r t\u0259klif ed\u0259n t\u0259\u015fkilatlar vard\u0131. \u0130ndi bu i\u015fl\u0259 yaln\u0131z d\u00f6vl\u0259t m\u0259\u015f\u011ful olur, onun da \u00f6z maraqlar\u0131 var&#8221;, &#8211; belaruslu u\u015faq psixoloqu v\u0259 insan haqlar\u0131 f\u0259al\u0131\u00a0Volha Vyali\u00e7ka\u00a0CurrentTimeTV-y\u0259 deyib. 2021-ci ilin ortalar\u0131nda Qrodnoda i\u015fl\u0259tdiyi u\u015faq evi qapad\u0131landan sonra Vyali\u00e7ka \u00f6lk\u0259ni t\u0259rk ed\u0259r\u0259k Pol\u015faya&hellip;<\/p>\n","protected":false},"author":2,"featured_media":748462,"comment_status":"closed","ping_status":"closed","sticky":false,"template":"","format":"standard","meta":{"om_disable_all_campaigns":false,"_monsterinsights_skip_tracking":false,"_monsterinsights_sitenote_active":false,"_monsterinsights_sitenote_note":"","_monsterinsights_sitenote_category":0},"categories":[7],"tags":[],"aioseo_notices":[],"gutentor_comment":0,"rttpg_featured_image_url":{"full":["https:\/\/arantv.az\/wp-content\/uploads\/2024\/08\/4e7affaae8d853749e4eaaf1aa472327.jpg",870,500,false],"landscape":["https:\/\/arantv.az\/wp-content\/uploads\/2024\/08\/4e7affaae8d853749e4eaaf1aa472327.jpg",870,500,false],"portraits":["https:\/\/arantv.az\/wp-content\/uploads\/2024\/08\/4e7affaae8d853749e4eaaf1aa472327.jpg",870,500,false],"thumbnail":["https:\/\/arantv.az\/wp-content\/uploads\/2024\/08\/4e7affaae8d853749e4eaaf1aa472327-500x280.jpg",500,280,true],"medium":["https:\/\/arantv.az\/wp-content\/uploads\/2024\/08\/4e7affaae8d853749e4eaaf1aa472327-635x365.jpg",635,365,true],"large":["https:\/\/arantv.az\/wp-content\/uploads\/2024\/08\/4e7affaae8d853749e4eaaf1aa472327-840x483.jpg",640,368,true],"1536x1536":["https:\/\/arantv.az\/wp-content\/uploads\/2024\/08\/4e7affaae8d853749e4eaaf1aa472327.jpg",870,500,false],"2048x2048":["https:\/\/arantv.az\/wp-content\/uploads\/2024\/08\/4e7affaae8d853749e4eaaf1aa472327.jpg",870,500,false],"post-thumbnail":["https:\/\/arantv.az\/wp-content\/uploads\/2024\/08\/4e7affaae8d853749e4eaaf1aa472327-240x172.jpg",240,172,true],"advps-thumb-one":["https:\/\/arantv.az\/wp-content\/uploads\/2024\/08\/4e7affaae8d853749e4eaaf1aa472327.jpg",870,500,false]},"rttpg_author":{"display_name":"V\u00fcsal Rafiqo\u011flu","author_link":"https:\/\/arantv.az\/?author=2"},"rttpg_comment":0,"rttpg_category":"<a href=\"https:\/\/arantv.az\/?cat=7\" rel=\"category\">D\u00fcnya<\/a>","rttpg_excerpt":"Belarusda 2020-ci ild\u0259ki ziddiyy\u0259tli prezident se\u00e7kil\u0259rind\u0259n sonra ba\u015f qald\u0131ran misli g\u00f6r\u00fcnm\u0259mi\u015f etiraz n\u00fcmayi\u015fl\u0259rinin ard\u0131nca h\u00f6kum\u0259t f\u0259allar\u0131 h\u0259bs\u0259 atma\u011fa, m\u00fcst\u0259qil median\u0131 qapatma\u011fa v\u0259 v\u0259t\u0259nda\u015f c\u0259miyy\u0259tini demontaj etm\u0259y\u0259 ba\u015flad\u0131. \u018fn t\u0259kl\u0259nmi\u015f durumda da minl\u0259rl\u0259 yetim u\u015faq v\u0259 ata-anas\u0131 q\u0259yyumluq h\u00fcququndan m\u0259hrum edil\u0259nl\u0259rin \u00f6vladlar\u0131 qald\u0131. &#8220;\u018fvv\u0259ll\u0259r bel\u0259 u\u015faqlar\u0131n c\u0259miyy\u0259t\u0259 qat\u0131l\u0131b qazand\u0131r\u0131lmas\u0131ndan \u00f6tr\u00fc alternativl\u0259r t\u0259klif ed\u0259n t\u0259\u015fkilatlar vard\u0131. \u0130ndi&hellip;","_links":{"self":[{"href":"https:\/\/arantv.az\/index.php?rest_route=\/wp\/v2\/posts\/748461"}],"collection":[{"href":"https:\/\/arantv.az\/index.php?rest_route=\/wp\/v2\/posts"}],"about":[{"href":"https:\/\/arantv.az\/index.php?rest_route=\/wp\/v2\/types\/post"}],"author":[{"embeddable":true,"href":"https:\/\/arantv.az\/index.php?rest_route=\/wp\/v2\/users\/2"}],"replies":[{"embeddable":true,"href":"https:\/\/arantv.az\/index.php?rest_route=%2Fwp%2Fv2%2Fcomments&post=748461"}],"version-history":[{"count":2,"href":"https:\/\/arantv.az\/index.php?rest_route=\/wp\/v2\/posts\/748461\/revisions"}],"predecessor-version":[{"id":748464,"href":"https:\/\/arantv.az\/index.php?rest_route=\/wp\/v2\/posts\/748461\/revisions\/748464"}],"wp:featuredmedia":[{"embeddable":true,"href":"https:\/\/arantv.az\/index.php?rest_route=\/wp\/v2\/media\/748462"}],"wp:attachment":[{"href":"https:\/\/arantv.az\/index.php?rest_route=%2Fwp%2Fv2%2Fmedia&parent=748461"}],"wp:term":[{"taxonomy":"category","embeddable":true,"href":"https:\/\/arantv.az\/index.php?rest_route=%2Fwp%2Fv2%2Fcategories&post=748461"},{"taxonomy":"post_tag","embeddable":true,"href":"https:\/\/arantv.az\/index.php?rest_route=%2Fwp%2Fv2%2Ftags&post=748461"}],"curies":[{"name":"wp","href":"https:\/\/api.w.org\/{rel}","templated":true}]}}