{"id":749206,"date":"2024-08-30T11:21:12","date_gmt":"2024-08-30T07:21:12","guid":{"rendered":"https:\/\/arantv.az\/?p=749206"},"modified":"2024-08-30T11:21:12","modified_gmt":"2024-08-30T07:21:12","slug":"az%c9%99rbaycanin-efiopiyadaki-s%c9%99firi-etimadnam%c9%99sini-ruanda-prezidentin%c9%99-t%c9%99qdim-edib","status":"publish","type":"post","link":"https:\/\/arantv.az\/?p=749206","title":{"rendered":"Az\u0259rbaycan\u0131n Efiopiyadak\u0131 s\u0259firi etimadnam\u0259sini Ruanda Prezidentin\u0259 t\u0259qdim edib"},"content":{"rendered":"<section>\n<div class=\"content lead font-weight-normal\">\n<p>Avqustun 28-d\u0259 Az\u0259rbaycan Respublikas\u0131n\u0131n Efiopiya Federativ Demokratik Respublikas\u0131nda f\u00f6vq\u0259lad\u0259 v\u0259 s\u0259lahiyy\u0259tli s\u0259firi Ruslan N\u0259sibov etimadnam\u0259sini Ruanda Respublikas\u0131n\u0131n Prezidenti c\u0259nab Pol Kaqamey\u0259 t\u0259qdim edib.<\/p>\n<p>S\u0259firlikd\u0259n &#8220;\u0130ki sahil&#8221;\u0259\u00a0veril\u0259n x\u0259b\u0259r\u0259 g\u00f6r\u0259, t\u0259qdimat zaman\u0131 ba\u015f tutan s\u00f6hb\u0259t zaman\u0131 d\u00f6vl\u0259t ba\u015f\u00e7\u0131s\u0131n\u0131n s\u0259mimi salamlar\u0131 c\u0259nab Pol Kaqamey\u0259 \u00e7atd\u0131r\u0131l\u0131b v\u0259 Ruanda Prezidenti d\u0259 \u00f6z s\u0259mimi salamlar\u0131n\u0131n Prezident \u0130lham \u018fliyev\u0259 \u00e7atd\u0131r\u0131lmas\u0131n\u0131 xahi\u015f edib.<\/p>\n<p>S\u00f6hb\u0259t \u0259snas\u0131nda iki \u00f6lk\u0259 aras\u0131nda dostluq v\u0259 t\u0259r\u0259fda\u015fl\u0131q \u0259laq\u0259l\u0259rinin m\u00f6vcudlu\u011fu, h\u0259r iki \u00f6lk\u0259d\u0259 m\u00fcxt\u0259lif etnik qruplara, din\u0259 v\u0259 ad\u0259t-\u0259n\u0259n\u0259y\u0259 malik xalqlar\u0131n ya\u015fad\u0131\u011f\u0131 v\u0259 bu amilin \u00f6lk\u0259l\u0259rimizi daha da z\u0259nginl\u0259\u015fdirdiyi, g\u00fccl\u0259ndirdiyi, cari ild\u0259 iki \u00f6lk\u0259 aras\u0131nda diplomatik m\u00fcnasib\u0259tl\u0259rin yarad\u0131lmas\u0131n\u0131n 20-ci ild\u00f6n\u00fcm\u00fcn\u00fcn qeyd olundu\u011fu vur\u011fulan\u0131b.<\/p>\n<p>Ruanda Prezidenti \u00f6lk\u0259mizl\u0259 daha g\u00fccl\u00fc m\u00fcnasib\u0259tl\u0259r\u0259 malik olmaq ist\u0259yini bildirm\u0259kl\u0259 yana\u015f\u0131, \u00f6nc\u0259 Az\u0259rbaycana s\u0259f\u0259r etdiyini v\u0259 noyabr ay\u0131nda Bak\u0131 \u015f\u0259h\u0259rind\u0259 COP29 ke\u00e7iril\u0259c\u0259yin\u0259 diqq\u0259t \u00e7\u0259k\u0259r\u0259k \u00f6lk\u0259miz\u0259 yenid\u0259n g\u0259lm\u0259k niyy\u0259tini ifad\u0259 edib.<\/p>\n<p>H\u0259min g\u00fcn Ruanda Respublikas\u0131n\u0131n xarici i\u015fl\u0259r v\u0259 beyn\u0259lxalq \u0259m\u0259kda\u015fl\u0131q naziri Olivier Nduhungirehe il\u0259 g\u00f6r\u00fc\u015f ke\u00e7irilib.<\/p>\n<p>G\u00f6r\u00fc\u015fd\u0259 qar\u015f\u0131 t\u0259r\u0259f\u0259 regionumuzda \u00f6lk\u0259mizin \u00f6z \u0259razi b\u00fct\u00f6vl\u00fcy\u00fcn\u00fc v\u0259 suverenliyini b\u0259rpa etdikd\u0259n sonra yeni reall\u0131q yaratd\u0131\u011f\u0131, i\u015f\u011faldan azad edilmi\u015f torpaqlar\u0131m\u0131zda apar\u0131lan irimiqyasl\u0131 quruculuq, Erm\u0259nistanla normalla\u015fma prosesinin gedi\u015fat\u0131 v\u0259 b\u0259zi q\u00fcvv\u0259l\u0259rin buna m\u0259nfi t\u0259sir g\u00f6st\u0259rm\u0259k ist\u0259dikl\u0259ri bar\u0259d\u0259 \u0259trafl\u0131 m\u0259lumat verildi, beyn\u0259lxalq m\u00fcst\u0259vid\u0259 ikit\u0259r\u0259fli \u0259m\u0259kda\u015fl\u0131q m\u00fczakir\u0259 olunub.<\/p>\n<p>Eyni zamanda iki \u00f6lk\u0259 aras\u0131nda m\u00fcxt\u0259lif sah\u0259l\u0259rd\u0259 \u0259laq\u0259l\u0259rin inki\u015faf perspektivl\u0259ri \u0259traf\u0131nda fikir m\u00fcbadil\u0259si apar\u0131l\u0131b.<\/p>\n<div class=\"clearfix\"><\/div>\n<\/div>\n<div class=\"fotorama--hidden\"><\/div>\n<div id=\"galleryList\" class=\"fotorama fotorama1725002403274\" data-nav=\"thumbs\" data-width=\"100%\" data-thumbwidth=\"90\" data-thumbheight=\"60\" data-allowfullscreen=\"true\" data-autoplay=\"3000\" data-ratio=\"1.5\" data-keyboard=\"true\" data-fit=\"contain\">\n<div class=\"fotorama__wrap fotorama__wrap--css3 fotorama__wrap--slide fotorama__wrap--toggle-arrows fotorama__wrap--no-controls\">\n<div class=\"fotorama__stage\">\n<div class=\"fotorama__fullscreen-icon\" tabindex=\"0\" role=\"button\"><\/div>\n<div class=\"fotorama__stage__shaft\">\n<div class=\"fotorama__stage__frame fotorama__loaded fotorama__loaded--img\"><img class=\"fotorama__img\" src=\"https:\/\/ikisahil.az\/photo\/0x0_2\/upload\/gallery\/2024\/08\/30\/-325995af172500117436374058710494619.jpeg\" \/><\/div>\n<div class=\"fotorama__stage__frame fotorama__loaded fotorama__loaded--img fotorama__active\"><img class=\"fotorama__img\" src=\"https:\/\/ikisahil.az\/photo\/0x0_2\/upload\/gallery\/2024\/08\/30\/-8844c5f0172500117443274068710398458.jpeg\" \/><\/div>\n<\/div>\n<div class=\"fotorama__arr fotorama__arr--prev\" tabindex=\"0\" role=\"button\"><\/div>\n<div class=\"fotorama__arr fotorama__arr--next fotorama__arr--disabled\" tabindex=\"-1\" role=\"button\"><\/div>\n<div class=\"fotorama__video-close\"><\/div>\n<\/div>\n<div class=\"fotorama__nav-wrap\">\n<div class=\"fotorama__nav fotorama__nav--thumbs\">\n<div class=\"fotorama__nav__shaft\">\n<div class=\"fotorama__thumb-border\"><\/div>\n<div class=\"fotorama__nav__frame fotorama__nav__frame--thumb\" tabindex=\"0\" role=\"button\">\n<div class=\"fotorama__thumb fotorama__loaded fotorama__loaded--img\"><img class=\"fotorama__img\" src=\"https:\/\/ikisahil.az\/photo\/150x100_2\/upload\/gallery\/2024\/08\/30\/-3f7bcd0b172500117447035112011025361.jpeg\" \/><\/div>\n<\/div>\n<div class=\"fotorama__nav__frame fotorama__nav__frame--thumb\" tabindex=\"0\" role=\"button\">\n<div class=\"fotorama__thumb fotorama__loaded fotorama__loaded--img\"><img class=\"fotorama__img\" src=\"https:\/\/ikisahil.az\/photo\/150x100_2\/upload\/gallery\/2024\/08\/30\/-325995af172500117436374058710494619.jpeg\" \/><\/div>\n<\/div>\n<div class=\"fotorama__nav__frame fotorama__nav__frame--thumb fotorama__active\" tabindex=\"0\" role=\"button\">\n<div class=\"fotorama__thumb fotorama__loaded fotorama__loaded--img\"><img class=\"fotorama__img\" src=\"https:\/\/ikisahil.az\/photo\/150x100_2\/upload\/gallery\/2024\/08\/30\/-8844c5f0172500117443274068710398458.jpeg\" \/><\/div>\n<\/div>\n<\/div>\n<\/div>\n<\/div>\n<\/div>\n<\/div>\n<div class=\"sharing my-2 row no-gutters d-print-none\">\n<div class=\"col-md-3\"><\/div>\n<\/div>\n<div class=\"d-none d-sm-block\"><\/div>\n<\/section>\n<section id=\"new_block_2\" class=\"mt-3 d-print-none\">\n<div class=\"row\">\n<div class=\"col-md-12\"><\/div>\n<\/div>\n<\/section>\n","protected":false},"excerpt":{"rendered":"<p>Avqustun 28-d\u0259 Az\u0259rbaycan Respublikas\u0131n\u0131n Efiopiya Federativ Demokratik Respublikas\u0131nda f\u00f6vq\u0259lad\u0259 v\u0259 s\u0259lahiyy\u0259tli s\u0259firi Ruslan N\u0259sibov etimadnam\u0259sini Ruanda Respublikas\u0131n\u0131n Prezidenti c\u0259nab Pol Kaqamey\u0259 t\u0259qdim edib. S\u0259firlikd\u0259n &#8220;\u0130ki sahil&#8221;\u0259\u00a0veril\u0259n x\u0259b\u0259r\u0259 g\u00f6r\u0259, t\u0259qdimat zaman\u0131 ba\u015f tutan s\u00f6hb\u0259t zaman\u0131 d\u00f6vl\u0259t ba\u015f\u00e7\u0131s\u0131n\u0131n s\u0259mimi salamlar\u0131 c\u0259nab Pol Kaqamey\u0259 \u00e7atd\u0131r\u0131l\u0131b v\u0259 Ruanda Prezidenti d\u0259 \u00f6z s\u0259mimi salamlar\u0131n\u0131n Prezident \u0130lham \u018fliyev\u0259 \u00e7atd\u0131r\u0131lmas\u0131n\u0131 xahi\u015f edib. S\u00f6hb\u0259t \u0259snas\u0131nda iki \u00f6lk\u0259 aras\u0131nda dostluq v\u0259 t\u0259r\u0259fda\u015fl\u0131q \u0259laq\u0259l\u0259rinin m\u00f6vcudlu\u011fu, h\u0259r iki \u00f6lk\u0259d\u0259 m\u00fcxt\u0259lif etnik qruplara, din\u0259 v\u0259 ad\u0259t-\u0259n\u0259n\u0259y\u0259 malik xalqlar\u0131n ya\u015fad\u0131\u011f\u0131 v\u0259 bu amilin \u00f6lk\u0259l\u0259rimizi daha da z\u0259nginl\u0259\u015fdirdiyi, g\u00fccl\u0259ndirdiyi, cari ild\u0259 iki \u00f6lk\u0259 aras\u0131nda&hellip;<\/p>\n","protected":false},"author":2,"featured_media":749207,"comment_status":"closed","ping_status":"closed","sticky":false,"template":"","format":"standard","meta":{"om_disable_all_campaigns":false,"_monsterinsights_skip_tracking":false,"_monsterinsights_sitenote_active":false,"_monsterinsights_sitenote_note":"","_monsterinsights_sitenote_category":0},"categories":[4],"tags":[],"aioseo_notices":[],"gutentor_comment":0,"rttpg_featured_image_url":{"full":["https:\/\/arantv.az\/wp-content\/uploads\/2024\/08\/06a9d51e172500106619287855410591983.jpg",975,540,false],"landscape":["https:\/\/arantv.az\/wp-content\/uploads\/2024\/08\/06a9d51e172500106619287855410591983.jpg",975,540,false],"portraits":["https:\/\/arantv.az\/wp-content\/uploads\/2024\/08\/06a9d51e172500106619287855410591983.jpg",975,540,false],"thumbnail":["https:\/\/arantv.az\/wp-content\/uploads\/2024\/08\/06a9d51e172500106619287855410591983-500x280.jpg",500,280,true],"medium":["https:\/\/arantv.az\/wp-content\/uploads\/2024\/08\/06a9d51e172500106619287855410591983-660x365.jpg",660,365,true],"large":["https:\/\/arantv.az\/wp-content\/uploads\/2024\/08\/06a9d51e172500106619287855410591983-840x465.jpg",640,354,true],"1536x1536":["https:\/\/arantv.az\/wp-content\/uploads\/2024\/08\/06a9d51e172500106619287855410591983.jpg",975,540,false],"2048x2048":["https:\/\/arantv.az\/wp-content\/uploads\/2024\/08\/06a9d51e172500106619287855410591983.jpg",975,540,false],"post-thumbnail":["https:\/\/arantv.az\/wp-content\/uploads\/2024\/08\/06a9d51e172500106619287855410591983-240x172.jpg",240,172,true],"advps-thumb-one":["https:\/\/arantv.az\/wp-content\/uploads\/2024\/08\/06a9d51e172500106619287855410591983.jpg",975,540,false]},"rttpg_author":{"display_name":"V\u00fcsal Rafiqo\u011flu","author_link":"https:\/\/arantv.az\/?author=2"},"rttpg_comment":0,"rttpg_category":"<a href=\"https:\/\/arantv.az\/?cat=4\" rel=\"category\">Siyas\u0259t<\/a>","rttpg_excerpt":"Avqustun 28-d\u0259 Az\u0259rbaycan Respublikas\u0131n\u0131n Efiopiya Federativ Demokratik Respublikas\u0131nda f\u00f6vq\u0259lad\u0259 v\u0259 s\u0259lahiyy\u0259tli s\u0259firi Ruslan N\u0259sibov etimadnam\u0259sini Ruanda Respublikas\u0131n\u0131n Prezidenti c\u0259nab Pol Kaqamey\u0259 t\u0259qdim edib. S\u0259firlikd\u0259n &#8220;\u0130ki sahil&#8221;\u0259\u00a0veril\u0259n x\u0259b\u0259r\u0259 g\u00f6r\u0259, t\u0259qdimat zaman\u0131 ba\u015f tutan s\u00f6hb\u0259t zaman\u0131 d\u00f6vl\u0259t ba\u015f\u00e7\u0131s\u0131n\u0131n s\u0259mimi salamlar\u0131 c\u0259nab Pol Kaqamey\u0259 \u00e7atd\u0131r\u0131l\u0131b v\u0259 Ruanda Prezidenti d\u0259 \u00f6z s\u0259mimi salamlar\u0131n\u0131n Prezident \u0130lham \u018fliyev\u0259 \u00e7atd\u0131r\u0131lmas\u0131n\u0131 xahi\u015f edib.&hellip;","_links":{"self":[{"href":"https:\/\/arantv.az\/index.php?rest_route=\/wp\/v2\/posts\/749206"}],"collection":[{"href":"https:\/\/arantv.az\/index.php?rest_route=\/wp\/v2\/posts"}],"about":[{"href":"https:\/\/arantv.az\/index.php?rest_route=\/wp\/v2\/types\/post"}],"author":[{"embeddable":true,"href":"https:\/\/arantv.az\/index.php?rest_route=\/wp\/v2\/users\/2"}],"replies":[{"embeddable":true,"href":"https:\/\/arantv.az\/index.php?rest_route=%2Fwp%2Fv2%2Fcomments&post=749206"}],"version-history":[{"count":1,"href":"https:\/\/arantv.az\/index.php?rest_route=\/wp\/v2\/posts\/749206\/revisions"}],"predecessor-version":[{"id":749208,"href":"https:\/\/arantv.az\/index.php?rest_route=\/wp\/v2\/posts\/749206\/revisions\/749208"}],"wp:featuredmedia":[{"embeddable":true,"href":"https:\/\/arantv.az\/index.php?rest_route=\/wp\/v2\/media\/749207"}],"wp:attachment":[{"href":"https:\/\/arantv.az\/index.php?rest_route=%2Fwp%2Fv2%2Fmedia&parent=749206"}],"wp:term":[{"taxonomy":"category","embeddable":true,"href":"https:\/\/arantv.az\/index.php?rest_route=%2Fwp%2Fv2%2Fcategories&post=749206"},{"taxonomy":"post_tag","embeddable":true,"href":"https:\/\/arantv.az\/index.php?rest_route=%2Fwp%2Fv2%2Ftags&post=749206"}],"curies":[{"name":"wp","href":"https:\/\/api.w.org\/{rel}","templated":true}]}}